{"id":24802,"date":"2013-08-02T03:41:26","date_gmt":"2013-08-02T08:41:26","guid":{"rendered":"http:\/\/akunq.net\/tr\/?p=24802"},"modified":"2013-08-02T03:41:26","modified_gmt":"2013-08-02T08:41:26","slug":"sahibinden-satilik-kilise","status":"publish","type":"post","link":"https:\/\/akunq.net\/tr\/?p=24802","title":{"rendered":"Sahibinden sat\u0131l\u0131k kilise"},"content":{"rendered":"<p style=\"text-align: justify;\"><b><a href=\"http:\/\/akunq.net\/tr\/wp-content\/uploads\/2013\/08\/Hayko-Ba\u011fdat.jpg\"><img loading=\"lazy\" decoding=\"async\" class=\"alignright size-full wp-image-24803\" alt=\"Hayko Ba\u011fdat\" src=\"http:\/\/akunq.net\/tr\/wp-content\/uploads\/2013\/08\/Hayko-Ba\u011fdat.jpg\" width=\"65\" height=\"106\" \/><\/a><a title=\"Hayko Ba\u011fdat\" href=\"http:\/\/e.mail.ru\/cgi-bin\/link?check=1&amp;refresh=1&amp;cnf=670893&amp;url=http%3A%2F%2Fwww.taraf.com.tr%2Fhayko-bagdat%2F&amp;msgid=13748779240000000430;0,1&amp;x-email=anu_mel%40mail.ru&amp;js=1\" target=\"_blank\">Hayko Ba\u011fdat<\/a><\/b><\/p>\n<p style=\"text-align: justify;\"><b>Mehmet Emin Evin<\/b> diyor ki: \u201c<b><i>\u0130\u015fkence yapt\u0131lar. Kiliseyi kendilerine hibe etmem i\u00e7in tugay komutan\u0131 da beni \u00f6l\u00fcmle tehdit etti. Fakat inat ettim vermedim. Ama\u00e7lar\u0131 kilise etraf\u0131nda define aramakt\u0131. <\/i><\/b>(&#8230;)<b><i><br \/>\nKiliseyi sat\u0131l\u0131\u011fa \u00e7\u0131kard\u0131m. Alacak ki\u015fiden karde\u015fimi bek\u00e7i yapmas\u0131n\u0131 ve kilise i\u00e7in 1 milyon TL \u00f6demesini istiyorum.<\/i><\/b>\u201d (19 Temmuz 2013\/ <b><i>AGOS<\/i><\/b> \/ Emre Ertani haberi)<\/p>\n<p style=\"text-align: justify;\">Bahsedilen, <b>Siirt<\/b>\u2019te bulunan <b>Mor Yakup S\u00fcryani Kilisesi<\/b>. Bir kilise nas\u0131l bir \u015fahs\u0131n tapusunda olabilir diye soras\u0131 geliyor insan\u0131n, sormay\u0131n bo\u015funa.<\/p>\n<p style=\"text-align: justify;\">Olabilir.<\/p>\n<p style=\"text-align: justify;\">Mesela <b>Van<\/b>\u2019\u0131n <b>Yedi Kilise K\u00f6y\u00fc<\/b>\u2019nde bir tanesi \u00e7ok iyi durumda, di\u011ferleri y\u0131k\u0131nt\u0131 h\u00e2linde olan kiliselerin m\u00fclk\u00fc <b>Fatih Altayl\u0131<\/b>\u2019ya ait.<\/p>\n<p style=\"text-align: justify;\">Kendi program\u0131nda, <b><i>AGOS<\/i><\/b> Gazetesi Genel Yay\u0131n Y\u00f6netmeni <b>Rober Kopta\u015f<\/b>\u2019a \u201c<i>1915\u2019e soyk\u0131r\u0131m diyenin y\u00fcz\u00fcne t\u00fck\u00fcr\u00fcr\u00fcm<\/i>\u201d diyen bir gazetecinin, soyk\u0131r\u0131m\u0131n miras\u00e7\u0131s\u0131 oldu\u011fu ortaya \u00e7\u0131kmas\u0131 kendisini nas\u0131l etkiler bilemiyorum.<\/p>\n<p style=\"text-align: justify;\">Beni etkiliyor ama.<\/p>\n<p style=\"text-align: justify;\">\u201c<i>Kurum g\u00f6stersinler iade edeyim<\/i>\u201d diyor Altayl\u0131.<\/p>\n<p style=\"text-align: justify;\">Evini kiraya versen boya badana yapt\u0131r\u0131rs\u0131n; \u00f6nce tadilat\u0131n\u0131 yapt\u0131r, topra\u011f\u0131n belle\u011finin hakk\u0131n\u0131 \u00f6de de tapusu sende kals\u0131n.<\/p>\n<p style=\"text-align: justify;\">Sonra bakar\u0131z nereye t\u00fck\u00fcrece\u011fimize.<b><br \/>\nMu\u015f<\/b>\u2019ta <b>Kale Mahallesi<\/b> var. Mu\u015f\u2019un en eski yerle\u015fim yeri. Bu mahalle 21 Ekim 2012 Bakanlar Kurulu Karar\u0131 ile kentsel d\u00f6n\u00fc\u015f\u00fcm alan\u0131 ilan edildi. Siz bu sat\u0131rlar\u0131 okurken. TOK\u0130\u2019nin yeni binalar yapabilmesi i\u00e7in <b>tarih\u00ee<\/b> <b>Ermeni evlerinden olu\u015fan koca bir mahalle dozerler taraf\u0131ndan y\u0131k\u0131l\u0131yor<\/b>. \u00dcstelik dozerler evleri y\u0131kt\u0131ktan sonra metrelerce alt\u0131n\u0131 kaz\u0131yor. Kalabal\u0131k kitle merakl\u0131 g\u00f6zler ile define sand\u0131\u011f\u0131 \u00e7\u0131kacak m\u0131 diye bekliyor.<b><br \/>\nTrabzon<\/b>\u2019da <b>Ayasofya Kilisesi<\/b> camiye \u00e7evrildi \u00e7ok \u015f\u00fck\u00fcr. Kilisede bulunan tarih\u00ee freskler al\u00e7\u0131pan panolarla \u00f6rt\u00fclerek kilise g\u00f6r\u00fcn\u00fcm\u00fcnden \u00e7\u0131kmas\u0131 i\u00e7in muntazam bir \u00e7aba harcand\u0131. \u0130\u00e7imiz rahat ibadet edebiliriz art\u0131k.<b><br \/>\nTekirda\u011f Malkara<\/b>\u2019daki <b>Ermeni mezarl\u0131\u011f\u0131<\/b>n\u0131n \u00fcst\u00fcne ocakba\u015f\u0131 yap\u0131laca\u011f\u0131 i\u00e7in yap\u0131lan \u00e7al\u0131\u015fmalarda \u00e7ok say\u0131da kemik ortal\u0131\u011fa sa\u00e7\u0131ld\u0131 ve bir k\u0131sm\u0131 \u00e7\u00f6pe at\u0131ld\u0131. Mezarl\u0131ktan \u00e7\u0131kan baz\u0131 mermerlerin la\u011f\u0131m kapa\u011f\u0131 olarak de\u011ferlendirildi\u011fi biliniyor.<\/p>\n<p style=\"text-align: justify;\">Yine <b>Siirt Eruh<\/b>\u2019taki <b>Dih Mahallesi<\/b>\u2019nde bulunan <b>Surp Hovannes Ermeni Kilisesi<\/b>, vali ve kaymakam i\u015fbirli\u011fi ile sat\u0131ld\u0131. Hay\u0131rl\u0131 olsun.<b><br \/>\nSivas<\/b>\u2019ta yap\u0131lan yol \u00e7al\u0131\u015fmalar\u0131 m\u00fcnasebetiyle <b>Ermeni mezarl\u0131\u011f\u0131<\/b> talan edildi. Hafriyatta ortaya \u00e7\u0131kan insan kemikleri yol kenar\u0131na sa\u00e7\u0131ld\u0131. Mezar ta\u015flar\u0131n\u0131n ise ak\u0131beti bilinmiyor.<\/p>\n<p style=\"text-align: justify;\">\u201c<b>Tarihimize sahip \u00e7\u0131kmal\u0131y\u0131z<\/b>\u201d diyerek Gezi Park\u0131 ve b\u00f6lgesine yapmay\u0131 d\u00fc\u015f\u00fcnd\u00fc\u011f\u00fcm\u00fcz in\u015faat, <b>eski Ermeni mezarl\u0131\u011f\u0131<\/b>n\u0131n \u00fczerinde planlan\u0131yor. Taksim kaz\u0131lar\u0131nda \u00e7ok say\u0131da mezar ta\u015f\u0131na ula\u015f\u0131ld\u0131 bile.<\/p>\n<p style=\"text-align: justify;\">S\u0131k\u0131ld\u0131n\u0131z m\u0131?<\/p>\n<p style=\"text-align: justify;\">Ben s\u0131k\u0131ld\u0131m.<\/p>\n<p style=\"text-align: justify;\">\u00d6zellikle Gezi Park\u0131 muhalefetinde yer alan Ermenilere \u201c<b><i>hi\u00e7bir h\u00fck\u00fcmetten g\u00f6rmedi\u011finiz muameleyi g\u00f6r\u00fcyorsunuz, vak\u0131f mallar\u0131n\u0131z iade ediliyor. Nank\u00f6rs\u00fcn\u00fcz<\/i><\/b>\u201d ele\u015ftirisi yap\u0131l\u0131yor.<\/p>\n<p style=\"text-align: justify;\">Do\u011frudur, <b>Ahtamar Kilisesi<\/b> restore edildi ve <b>Akdamar M\u00fczesi<\/b> olarak hizmete a\u00e7\u0131ld\u0131.<b><br \/>\nGasp edilen vak\u0131f m\u00fclklerinden, yakla\u015f\u0131k 1500\u2019\u00fc a\u015fk\u0131n ba\u015fvuru kar\u015f\u0131l\u0131\u011f\u0131nda 250 civar\u0131nda olumlu yan\u0131t al\u0131nd\u0131. Oran\u0131 y\u00fczde 16 diyebiliriz.<\/b><\/p>\n<p style=\"text-align: justify;\">Bu l\u00fctuf kar\u015f\u0131s\u0131nda mahcubiyet ile m\u00fcte\u015fekkir olunmas\u0131n\u0131 beklemek fena fikir de\u011fil.<\/p>\n<p style=\"text-align: justify;\">Fakat 5000 kiliseden geriye kalan 80 kilise, kadim bir halktan geriye kalan 60 bin \u201c<b>az\u0131nl\u0131k<\/b>\u201d i\u00e7in hizmet \u00fcretirken tak\u0131n\u0131lacak tavr\u0131n benimkinden daha mahcup olmas\u0131n\u0131 beklemek de benim hakk\u0131m olsa gerek.<\/p>\n<p style=\"text-align: justify;\">Ulufe beklenmiyor neticede, h\u0131rs\u0131zl\u0131k kar\u015f\u0131s\u0131nda adalet talebi dillendiriliyor.<\/p>\n<p style=\"text-align: justify;\">Yukar\u0131da \u00e7ok az\u0131n\u0131 sayd\u0131\u011f\u0131m ortal\u0131\u011fa sa\u00e7\u0131lan insan kemikleri, sat\u0131l\u0131k kiliseler, y\u0131k\u0131lan tarih\u00ee evler gibi konular da kul hakk\u0131 olarak sorulaca\u011f\u0131 g\u00fcn\u00fc bekliyor.<b><br \/>\n<i>haykobagdat@yahoo.com<\/i><\/b><\/p>\n<p style=\"text-align: justify;\"><b><i>http:\/\/www.taraf.com.tr\/hayko-bagdat\/makale-sahibinden-satilik-kilise.htm<\/i><\/b><\/p>\n","protected":false},"excerpt":{"rendered":"<p>Hayko Ba\u011fdat Mehmet Emin Evin diyor ki: \u201c\u0130\u015fkence yapt\u0131lar. Kiliseyi kendilerine hibe etmem i\u00e7in tugay komutan\u0131 da beni \u00f6l\u00fcmle tehdit etti. Fakat inat ettim vermedim. Ama\u00e7lar\u0131 kilise etraf\u0131nda define aramakt\u0131. (&#8230;) Kiliseyi sat\u0131l\u0131\u011fa \u00e7\u0131kard\u0131m. Alacak ki\u015fiden karde\u015fimi bek\u00e7i yapmas\u0131n\u0131 ve kilise i\u00e7in 1 milyon TL \u00f6demesini istiyorum.\u201d (19 Temmuz 2013\/ AGOS \/ Emre Ertani haberi) [&hellip;]<\/p>\n","protected":false},"author":7,"featured_media":0,"comment_status":"open","ping_status":"open","sticky":false,"template":"","format":"standard","meta":{"footnotes":""},"categories":[1],"tags":[],"class_list":["post-24802","post","type-post","status-publish","format-standard","hentry","category-haberler"],"yoast_head":"<!-- This site is optimized with the Yoast SEO plugin v27.4 - https:\/\/yoast.com\/product\/yoast-seo-wordpress\/ -->\n<title>Sahibinden sat\u0131l\u0131k kilise - Bati Ermenistan Ve Bati Ermenileri Sorunlari Ara\u015ftirmalar Merkezi<\/title>\n<meta name=\"robots\" content=\"index, follow, max-snippet:-1, max-image-preview:large, max-video-preview:-1\" \/>\n<link rel=\"canonical\" href=\"https:\/\/akunq.net\/tr\/?p=24802\" \/>\n<meta property=\"og:locale\" content=\"en_US\" \/>\n<meta property=\"og:type\" content=\"article\" \/>\n<meta property=\"og:title\" content=\"Sahibinden sat\u0131l\u0131k kilise - Bati Ermenistan Ve Bati Ermenileri Sorunlari Ara\u015ftirmalar Merkezi\" \/>\n<meta property=\"og:description\" content=\"Hayko Ba\u011fdat Mehmet Emin Evin diyor ki: \u201c\u0130\u015fkence yapt\u0131lar. Kiliseyi kendilerine hibe etmem i\u00e7in tugay komutan\u0131 da beni \u00f6l\u00fcmle tehdit etti. Fakat inat ettim vermedim. Ama\u00e7lar\u0131 kilise etraf\u0131nda define aramakt\u0131. (&#8230;) Kiliseyi sat\u0131l\u0131\u011fa \u00e7\u0131kard\u0131m. Alacak ki\u015fiden karde\u015fimi bek\u00e7i yapmas\u0131n\u0131 ve kilise i\u00e7in 1 milyon TL \u00f6demesini istiyorum.\u201d (19 Temmuz 2013\/ AGOS \/ Emre Ertani haberi) [&hellip;]\" \/>\n<meta property=\"og:url\" content=\"https:\/\/akunq.net\/tr\/?p=24802\" \/>\n<meta property=\"og:site_name\" content=\"Bati Ermenistan Ve Bati Ermenileri Sorunlari Ara\u015ftirmalar Merkezi\" \/>\n<meta property=\"article:published_time\" content=\"2013-08-02T08:41:26+00:00\" \/>\n<meta name=\"author\" content=\"admin\" \/>\n<meta name=\"twitter:card\" content=\"summary_large_image\" \/>\n<meta name=\"twitter:label1\" content=\"Written by\" \/>\n\t<meta name=\"twitter:data1\" content=\"admin\" \/>\n\t<meta name=\"twitter:label2\" content=\"Est. reading time\" \/>\n\t<meta name=\"twitter:data2\" content=\"3 minutes\" \/>\n<script type=\"application\/ld+json\" class=\"yoast-schema-graph\">{\"@context\":\"https:\\\/\\\/schema.org\",\"@graph\":[{\"@type\":\"Article\",\"@id\":\"https:\\\/\\\/akunq.net\\\/tr\\\/?p=24802#article\",\"isPartOf\":{\"@id\":\"https:\\\/\\\/akunq.net\\\/tr\\\/?p=24802\"},\"author\":{\"name\":\"admin\",\"@id\":\"https:\\\/\\\/akunq.net\\\/tr\\\/#\\\/schema\\\/person\\\/096f1d38a12cce57fb855b485ed24c9e\"},\"headline\":\"Sahibinden sat\u0131l\u0131k kilise\",\"datePublished\":\"2013-08-02T08:41:26+00:00\",\"mainEntityOfPage\":{\"@id\":\"https:\\\/\\\/akunq.net\\\/tr\\\/?p=24802\"},\"wordCount\":665,\"commentCount\":0,\"articleSection\":[\"Haberler\"],\"inLanguage\":\"en-US\",\"potentialAction\":[{\"@type\":\"CommentAction\",\"name\":\"Comment\",\"target\":[\"https:\\\/\\\/akunq.net\\\/tr\\\/?p=24802#respond\"]}]},{\"@type\":\"WebPage\",\"@id\":\"https:\\\/\\\/akunq.net\\\/tr\\\/?p=24802\",\"url\":\"https:\\\/\\\/akunq.net\\\/tr\\\/?p=24802\",\"name\":\"Sahibinden sat\u0131l\u0131k kilise - Bati Ermenistan Ve Bati Ermenileri Sorunlari Ara\u015ftirmalar Merkezi\",\"isPartOf\":{\"@id\":\"https:\\\/\\\/akunq.net\\\/tr\\\/#website\"},\"datePublished\":\"2013-08-02T08:41:26+00:00\",\"author\":{\"@id\":\"https:\\\/\\\/akunq.net\\\/tr\\\/#\\\/schema\\\/person\\\/096f1d38a12cce57fb855b485ed24c9e\"},\"breadcrumb\":{\"@id\":\"https:\\\/\\\/akunq.net\\\/tr\\\/?p=24802#breadcrumb\"},\"inLanguage\":\"en-US\",\"potentialAction\":[{\"@type\":\"ReadAction\",\"target\":[\"https:\\\/\\\/akunq.net\\\/tr\\\/?p=24802\"]}]},{\"@type\":\"BreadcrumbList\",\"@id\":\"https:\\\/\\\/akunq.net\\\/tr\\\/?p=24802#breadcrumb\",\"itemListElement\":[{\"@type\":\"ListItem\",\"position\":1,\"name\":\"Home\",\"item\":\"https:\\\/\\\/akunq.net\\\/tr\"},{\"@type\":\"ListItem\",\"position\":2,\"name\":\"Sahibinden sat\u0131l\u0131k kilise\"}]},{\"@type\":\"WebSite\",\"@id\":\"https:\\\/\\\/akunq.net\\\/tr\\\/#website\",\"url\":\"https:\\\/\\\/akunq.net\\\/tr\\\/\",\"name\":\"Bati Ermenistan Ve Bati Ermenileri Sorunlari Ara\u015ftirmalar Merkezi\",\"description\":\"\",\"potentialAction\":[{\"@type\":\"SearchAction\",\"target\":{\"@type\":\"EntryPoint\",\"urlTemplate\":\"https:\\\/\\\/akunq.net\\\/tr\\\/?s={search_term_string}\"},\"query-input\":{\"@type\":\"PropertyValueSpecification\",\"valueRequired\":true,\"valueName\":\"search_term_string\"}}],\"inLanguage\":\"en-US\"},{\"@type\":\"Person\",\"@id\":\"https:\\\/\\\/akunq.net\\\/tr\\\/#\\\/schema\\\/person\\\/096f1d38a12cce57fb855b485ed24c9e\",\"name\":\"admin\",\"url\":\"https:\\\/\\\/akunq.net\\\/tr\\\/?author=7\"}]}<\/script>\n<!-- \/ Yoast SEO plugin. -->","yoast_head_json":{"title":"Sahibinden sat\u0131l\u0131k kilise - Bati Ermenistan Ve Bati Ermenileri Sorunlari Ara\u015ftirmalar Merkezi","robots":{"index":"index","follow":"follow","max-snippet":"max-snippet:-1","max-image-preview":"max-image-preview:large","max-video-preview":"max-video-preview:-1"},"canonical":"https:\/\/akunq.net\/tr\/?p=24802","og_locale":"en_US","og_type":"article","og_title":"Sahibinden sat\u0131l\u0131k kilise - Bati Ermenistan Ve Bati Ermenileri Sorunlari Ara\u015ftirmalar Merkezi","og_description":"Hayko Ba\u011fdat Mehmet Emin Evin diyor ki: \u201c\u0130\u015fkence yapt\u0131lar. Kiliseyi kendilerine hibe etmem i\u00e7in tugay komutan\u0131 da beni \u00f6l\u00fcmle tehdit etti. Fakat inat ettim vermedim. Ama\u00e7lar\u0131 kilise etraf\u0131nda define aramakt\u0131. (&#8230;) Kiliseyi sat\u0131l\u0131\u011fa \u00e7\u0131kard\u0131m. Alacak ki\u015fiden karde\u015fimi bek\u00e7i yapmas\u0131n\u0131 ve kilise i\u00e7in 1 milyon TL \u00f6demesini istiyorum.\u201d (19 Temmuz 2013\/ AGOS \/ Emre Ertani haberi) [&hellip;]","og_url":"https:\/\/akunq.net\/tr\/?p=24802","og_site_name":"Bati Ermenistan Ve Bati Ermenileri Sorunlari Ara\u015ftirmalar Merkezi","article_published_time":"2013-08-02T08:41:26+00:00","author":"admin","twitter_card":"summary_large_image","twitter_misc":{"Written by":"admin","Est. reading time":"3 minutes"},"schema":{"@context":"https:\/\/schema.org","@graph":[{"@type":"Article","@id":"https:\/\/akunq.net\/tr\/?p=24802#article","isPartOf":{"@id":"https:\/\/akunq.net\/tr\/?p=24802"},"author":{"name":"admin","@id":"https:\/\/akunq.net\/tr\/#\/schema\/person\/096f1d38a12cce57fb855b485ed24c9e"},"headline":"Sahibinden sat\u0131l\u0131k kilise","datePublished":"2013-08-02T08:41:26+00:00","mainEntityOfPage":{"@id":"https:\/\/akunq.net\/tr\/?p=24802"},"wordCount":665,"commentCount":0,"articleSection":["Haberler"],"inLanguage":"en-US","potentialAction":[{"@type":"CommentAction","name":"Comment","target":["https:\/\/akunq.net\/tr\/?p=24802#respond"]}]},{"@type":"WebPage","@id":"https:\/\/akunq.net\/tr\/?p=24802","url":"https:\/\/akunq.net\/tr\/?p=24802","name":"Sahibinden sat\u0131l\u0131k kilise - Bati Ermenistan Ve Bati Ermenileri Sorunlari Ara\u015ftirmalar Merkezi","isPartOf":{"@id":"https:\/\/akunq.net\/tr\/#website"},"datePublished":"2013-08-02T08:41:26+00:00","author":{"@id":"https:\/\/akunq.net\/tr\/#\/schema\/person\/096f1d38a12cce57fb855b485ed24c9e"},"breadcrumb":{"@id":"https:\/\/akunq.net\/tr\/?p=24802#breadcrumb"},"inLanguage":"en-US","potentialAction":[{"@type":"ReadAction","target":["https:\/\/akunq.net\/tr\/?p=24802"]}]},{"@type":"BreadcrumbList","@id":"https:\/\/akunq.net\/tr\/?p=24802#breadcrumb","itemListElement":[{"@type":"ListItem","position":1,"name":"Home","item":"https:\/\/akunq.net\/tr"},{"@type":"ListItem","position":2,"name":"Sahibinden sat\u0131l\u0131k kilise"}]},{"@type":"WebSite","@id":"https:\/\/akunq.net\/tr\/#website","url":"https:\/\/akunq.net\/tr\/","name":"Bati Ermenistan Ve Bati Ermenileri Sorunlari Ara\u015ftirmalar Merkezi","description":"","potentialAction":[{"@type":"SearchAction","target":{"@type":"EntryPoint","urlTemplate":"https:\/\/akunq.net\/tr\/?s={search_term_string}"},"query-input":{"@type":"PropertyValueSpecification","valueRequired":true,"valueName":"search_term_string"}}],"inLanguage":"en-US"},{"@type":"Person","@id":"https:\/\/akunq.net\/tr\/#\/schema\/person\/096f1d38a12cce57fb855b485ed24c9e","name":"admin","url":"https:\/\/akunq.net\/tr\/?author=7"}]}},"_links":{"self":[{"href":"https:\/\/akunq.net\/tr\/index.php?rest_route=\/wp\/v2\/posts\/24802","targetHints":{"allow":["GET"]}}],"collection":[{"href":"https:\/\/akunq.net\/tr\/index.php?rest_route=\/wp\/v2\/posts"}],"about":[{"href":"https:\/\/akunq.net\/tr\/index.php?rest_route=\/wp\/v2\/types\/post"}],"author":[{"embeddable":true,"href":"https:\/\/akunq.net\/tr\/index.php?rest_route=\/wp\/v2\/users\/7"}],"replies":[{"embeddable":true,"href":"https:\/\/akunq.net\/tr\/index.php?rest_route=%2Fwp%2Fv2%2Fcomments&post=24802"}],"version-history":[{"count":1,"href":"https:\/\/akunq.net\/tr\/index.php?rest_route=\/wp\/v2\/posts\/24802\/revisions"}],"predecessor-version":[{"id":24804,"href":"https:\/\/akunq.net\/tr\/index.php?rest_route=\/wp\/v2\/posts\/24802\/revisions\/24804"}],"wp:attachment":[{"href":"https:\/\/akunq.net\/tr\/index.php?rest_route=%2Fwp%2Fv2%2Fmedia&parent=24802"}],"wp:term":[{"taxonomy":"category","embeddable":true,"href":"https:\/\/akunq.net\/tr\/index.php?rest_route=%2Fwp%2Fv2%2Fcategories&post=24802"},{"taxonomy":"post_tag","embeddable":true,"href":"https:\/\/akunq.net\/tr\/index.php?rest_route=%2Fwp%2Fv2%2Ftags&post=24802"}],"curies":[{"name":"wp","href":"https:\/\/api.w.org\/{rel}","templated":true}]}}