{"id":24763,"date":"2013-07-22T03:43:36","date_gmt":"2013-07-22T08:43:36","guid":{"rendered":"http:\/\/akunq.net\/tr\/?p=24763"},"modified":"2013-07-22T03:43:36","modified_gmt":"2013-07-22T08:43:36","slug":"musta-talan-ermeniler-bitti-arkalarinda-biraktiklarini-da-yok-edelim","status":"publish","type":"post","link":"https:\/\/akunq.net\/tr\/?p=24763","title":{"rendered":"Mu\u015f&#8217;ta talan: &#8220;Ermeniler bitti, arkalar\u0131nda b\u0131rakt\u0131klar\u0131n\u0131 da yok edelim&#8221;"},"content":{"rendered":"<p style=\"text-align: justify;\"><a href=\"http:\/\/akunq.net\/tr\/wp-content\/uploads\/2013\/07\/Kale-mahallesinde-bulunan-Ermenilere-ait-tarihi-evler.jpg\"><img loading=\"lazy\" decoding=\"async\" class=\"alignright size-medium wp-image-24764\" alt=\"Kale mahallesinde bulunan Ermenilere ait tarihi evler\" src=\"http:\/\/akunq.net\/tr\/wp-content\/uploads\/2013\/07\/Kale-mahallesinde-bulunan-Ermenilere-ait-tarihi-evler-300x145.jpg\" width=\"300\" height=\"145\" srcset=\"https:\/\/akunq.net\/tr\/wp-content\/uploads\/sites\/6\/2013\/07\/Kale-mahallesinde-bulunan-Ermenilere-ait-tarihi-evler-300x145.jpg 300w, https:\/\/akunq.net\/tr\/wp-content\/uploads\/sites\/6\/2013\/07\/Kale-mahallesinde-bulunan-Ermenilere-ait-tarihi-evler-600x290.jpg 600w, https:\/\/akunq.net\/tr\/wp-content\/uploads\/sites\/6\/2013\/07\/Kale-mahallesinde-bulunan-Ermenilere-ait-tarihi-evler.jpg 660w\" sizes=\"auto, (max-width: 300px) 100vw, 300px\" \/><\/a>Mu\u015f Belediyesi, Kale mahallesinde bulunan Ermenilere ait tarihi evler hakk\u0131nda &#8220;Kentsel D\u00f6n\u00fc\u015f\u00fcm Projesi&#8221; kapmas\u0131nda y\u0131k\u0131m karar\u0131 ald\u0131. Bir grup aktivist ise &#8220;Halklar\u0131n karde\u015fli\u011fi\/e\u015fitli\u011fi ad\u0131na bu y\u0131k\u0131ma bir imzayla sen de dur de&#8221; ba\u015fl\u0131\u011f\u0131yla bir imza kampanyas\u0131 ba\u015flatt\u0131.<\/p>\n<p style=\"text-align: justify;\">Kampanyaya \u015furadan imza verilebiliyor:<\/p>\n<p style=\"text-align: justify;\"><a href=\"http:\/\/imzakampanyam.com\/MUS-ta-TARIHI-ERMENI-EVLERININ-KATLIAMINA-BIR-IMZA-ILE-DUR-DE-imza-kampanyasi\">http:\/\/imzakampanyam.com\/MUS-ta-TARIHI-ERMENI-EVLERININ-KATLIAMINA-BIR-IMZA-ILE-DUR-DE-imza-kampanyasi<\/a><\/p>\n<p style=\"text-align: justify;\">\u0130mza kampanyas\u0131n\u0131 ba\u015flatan isimlerden biri olan <b>Nadya Uygun<\/b>, Marksist.org&#8217;a Mu\u015f&#8217;taki talanla ilgili g\u00f6r\u00fc\u015flerini yazd\u0131. Uygun&#8217;un yaz\u0131s\u0131 \u015f\u00f6yle:<\/p>\n<p style=\"text-align: justify;\">Taksim Gezi Direni\u015fi ile ayn\u0131 zamana rastlayan Mu\u015f Ermeni evlerinin y\u0131k\u0131m\u0131 i\u00e7in bir \u015fey yapamaman\u0131n \u00fcz\u00fcnt\u00fcs\u00fcn\u00fc \u00e7ekiyorum h\u00e2l\u00e2. \u00c7aresizlik \u00e7ok y\u0131prat\u0131c\u0131, \u00f6fkelendirici.<\/p>\n<p style=\"text-align: justify;\">Mu\u015f&#8217;taki talan\u0131, aykiridogrular.com&#8217;dan b\u00f6lgede ara\u015ft\u0131rmac\u0131 gazetecilik yapan dostum Cevat Sinet&#8217;ten \u00f6\u011frenir \u00f6\u011frenmez, ilgili resmi dairelere dilek\u00e7e yollad\u0131m. Elbette cevap gelmedi. Hemen, aktivist yazar Zeynep Tozduman ile bir imza kampanyas\u0131 ba\u015flatt\u0131k.<\/p>\n<p style=\"text-align: justify;\">Kampanya sonras\u0131nda IMC televizyonundan Aris Nalc\u0131 bana ula\u015ft\u0131 ve Skype ile GAMURC isimli bir programa ba\u011flan\u0131p kampanyam\u0131z\u0131 anlatt\u0131m.<\/p>\n<p style=\"text-align: justify;\">48 saat s\u00fcren yo\u011fun bir \u00e7aban\u0131n sonucu olarak BDP Mu\u015f milletvekili Demir \u00c7elik, kentsel d\u00f6n\u00fc\u015f\u00fcm kapsam\u0131nda y\u0131k\u0131lan Ermeni evleri ile ilgili mecliste bir soru \u00f6nergesi verdi. Aramad\u0131\u011f\u0131m\u0131z, mektup yazmad\u0131\u011f\u0131m\u0131z BDP y\u00f6neticisi kalmad\u0131, yaln\u0131zca Diyarbak\u0131r Sur Belediye Ba\u015fkan\u0131 destek verdi.<\/p>\n<p style=\"text-align: justify;\">Mu\u015f&#8217;ta bulunan ara\u015ft\u0131rmac\u0131 bir Alman arkada\u015f\u0131m\u0131n kanal\u0131 ile an\u0131nda foto\u011fraf, g\u00f6r\u00fcnt\u00fc ve haber alabildik. Bir de yine Mu\u015f&#8217;ta ya\u015fayan bir HDK \u00fcyesi olan Robin Erdenci ile ba\u011flant\u0131 kurduk. Bize, birka\u00e7 \u0130HD \u00fcyesi ile y\u0131k\u0131lan bu mahallenin i\u00e7inde kalan bir kilisenin restore edilmesi i\u00e7in bir dernek kurma \u00e7abas\u0131 i\u00e7inde olduklar\u0131n\u0131 anlatt\u0131. \u015eu anda son durum nedir bilemiyorum, ancak bu olu\u015fumu destekledi\u011fimi s\u00f6ylemek istiyorum.<\/p>\n<p style=\"text-align: justify;\">\u0130mza kampanyam\u0131z s\u00fcrerken, dostum Dr. Sarkis Adam, y\u0131k\u0131lan mahalleye bir m\u00fcze yap\u0131lmas\u0131 ya da burada daha \u00f6nce Ermenilerin ya\u015fad\u0131\u011f\u0131na dair bir plaket, an\u0131t konulmas\u0131 hususunda bir dilek\u00e7e \u00f6nerisinde bulundu. Biz de hayata ge\u00e7irdik. Mu\u015f K\u00fclt\u00fcr M\u00fcd\u00fcrl\u00fc\u011f\u00fc ve Mu\u015f Belediyesi&#8217;ne dilek\u00e7emizi teslim ettik. Belediye&#8217;ye teslim etti\u011fimizde Ba\u015fkan Necmettin Dede, bizi ve dilek\u00e7emizi sert bir dille geri \u00e7evirdi. Hatta biraz daha ileri gidip Agos Gazetesi&#8217;ni hedef g\u00f6stermeye y\u00f6nelik s\u00f6zler sarf etti. Sonras\u0131nda gazeteci arkada\u015f\u0131m Cevat Sinet, Belediye Ba\u015fkan\u0131&#8217;n\u0131 arad\u0131\u011f\u0131nda, ink\u00e2rc\u0131 bir tutumla kar\u015f\u0131la\u015ft\u0131\u011f\u0131n\u0131 s\u00f6yledi. Necmettin Dede, bu s\u00f6ylemlerinin hafifletilmi\u015f h\u00e2lini daha sonra bas\u0131na da verdi.<\/p>\n<p style=\"text-align: justify;\">Devletin elinde \u015fu anda Mu\u015f&#8217;ta bulunan Ermeni evlerine ait 20 adet tapu var ve bu, devlet s\u0131rr\u0131 kapsam\u0131ndaym\u0131\u015f gibi saklan\u0131yor. Bu kalan evler de TOK\u0130 2. etap evlerinin yap\u0131lmas\u0131 i\u00e7in y\u0131k\u0131lacak.<\/p>\n<p style=\"text-align: justify;\">Birileri \u00fclkede olup bitene dur diyemiyor ve ne tesad\u00fcft\u00fcr ki, bu k\u00fclt\u00fcr soyk\u0131r\u0131m\u0131 hep Ermeni ve Rumlara rastl\u0131yor.<\/p>\n<p style=\"text-align: justify;\">TCK&#8217;ya g\u00f6re \u00f6rne\u011fin mezar talan\u0131 su\u00e7 iken, neden hi\u00e7bir hukuk\u00e7u \u00e7\u0131k\u0131p da bunun i\u00e7in m\u00fccadele vermiyor? Neden su\u00e7 duyurusunda bulunmuyor?<\/p>\n<p style=\"text-align: justify;\">Ermeni mallar\u0131, mezarlar\u0131, k\u0131sacas\u0131 t\u00fcm varl\u0131klar\u0131n\u0131n talan\u0131 Mu\u015f\u2019la s\u0131n\u0131rl\u0131 de\u011fil bilindi\u011fi \u00fczere. Bu rezaletleri saymakla bitmez ama biri daha var ki, bu \u00fclkede var olan\u0131n hukuk de\u011fil guguk oldu\u011funun kan\u0131t\u0131 adeta.<\/p>\n<p style=\"text-align: justify;\">\u0130stanbul Sanasaryan Han, mahkemelik iken ihale ile kiraya verdi. Patrikhane&#8217;nin elinde tapusu varken \u00fcstelik.<\/p>\n<p style=\"text-align: justify;\">Mu\u015f Belediye Ba\u015fkan\u0131 Necmettin Dede&#8217;nin \u015fu s\u00f6zleri insan\u0131 d\u00fc\u015f\u00fcnd\u00fcr\u00fcyor: &#8220;Ermeni mal\u0131ysa, tapunuz var m\u0131 tapunuz!&#8221;<\/p>\n<p style=\"text-align: justify;\">Evet, 1915 y\u0131l\u0131nda t\u00fcm Ermeniler yok edilirken, Temmuz ay\u0131nda Mu\u015f&#8217;taki Ermeniler yanlar\u0131na tapular\u0131n\u0131 almay\u0131 unutmu\u015flar, kusura bakmay\u0131n, d\u00fc\u015f\u00fcnemedik biz bunu.<\/p>\n<p style=\"text-align: justify;\">1915&#8217;te yapt\u0131klar\u0131 soyk\u0131r\u0131mla Ermenileri yok ettiler, mallar\u0131na el koydular. \u015eimdi de ya\u015fad\u0131klar\u0131 mahalleri y\u0131karak t\u00fcm izlerini silmek istiyorlar.<\/p>\n<p style=\"text-align: justify;\"><a href=\"http:\/\/www.marksist.org\/haberler\/12330-musta-talan-ermeniler-bitti-arkalarinda-biraktiklarini-da-yok-edelim\"><b><i>http:\/\/www.marksist.org\/haberler\/12330-musta-talan-ermeniler-bitti-arkalarinda-biraktiklarini-da-yok-edelim<\/i><\/b><\/a><b><i>\u00a0 <\/i><\/b><\/p>\n<p style=\"text-align: justify;\">\u00a0<\/p>\n","protected":false},"excerpt":{"rendered":"<p>Mu\u015f Belediyesi, Kale mahallesinde bulunan Ermenilere ait tarihi evler hakk\u0131nda &#8220;Kentsel D\u00f6n\u00fc\u015f\u00fcm Projesi&#8221; kapmas\u0131nda y\u0131k\u0131m karar\u0131 ald\u0131. Bir grup aktivist ise &#8220;Halklar\u0131n karde\u015fli\u011fi\/e\u015fitli\u011fi ad\u0131na bu y\u0131k\u0131ma bir imzayla sen de dur de&#8221; ba\u015fl\u0131\u011f\u0131yla bir imza kampanyas\u0131 ba\u015flatt\u0131. Kampanyaya \u015furadan imza verilebiliyor: http:\/\/imzakampanyam.com\/MUS-ta-TARIHI-ERMENI-EVLERININ-KATLIAMINA-BIR-IMZA-ILE-DUR-DE-imza-kampanyasi \u0130mza kampanyas\u0131n\u0131 ba\u015flatan isimlerden biri olan Nadya Uygun, Marksist.org&#8217;a Mu\u015f&#8217;taki talanla ilgili g\u00f6r\u00fc\u015flerini [&hellip;]<\/p>\n","protected":false},"author":7,"featured_media":0,"comment_status":"open","ping_status":"open","sticky":false,"template":"","format":"standard","meta":{"footnotes":""},"categories":[22,1],"tags":[],"class_list":["post-24763","post","type-post","status-publish","format-standard","hentry","category-gunumuzde-bati-ermenistan","category-haberler"],"yoast_head":"<!-- This site is optimized with the Yoast SEO plugin v27.4 - https:\/\/yoast.com\/product\/yoast-seo-wordpress\/ -->\n<title>Mu\u015f&#039;ta talan: &quot;Ermeniler bitti, arkalar\u0131nda b\u0131rakt\u0131klar\u0131n\u0131 da yok edelim&quot; - Bati Ermenistan Ve Bati Ermenileri Sorunlari Ara\u015ftirmalar Merkezi<\/title>\n<meta name=\"robots\" content=\"index, follow, max-snippet:-1, max-image-preview:large, max-video-preview:-1\" \/>\n<link rel=\"canonical\" href=\"https:\/\/akunq.net\/tr\/?p=24763\" \/>\n<meta property=\"og:locale\" content=\"en_US\" \/>\n<meta property=\"og:type\" content=\"article\" \/>\n<meta property=\"og:title\" content=\"Mu\u015f&#039;ta talan: &quot;Ermeniler bitti, arkalar\u0131nda b\u0131rakt\u0131klar\u0131n\u0131 da yok edelim&quot; - Bati Ermenistan Ve Bati Ermenileri Sorunlari Ara\u015ftirmalar Merkezi\" \/>\n<meta property=\"og:description\" content=\"Mu\u015f Belediyesi, Kale mahallesinde bulunan Ermenilere ait tarihi evler hakk\u0131nda &#8220;Kentsel D\u00f6n\u00fc\u015f\u00fcm Projesi&#8221; kapmas\u0131nda y\u0131k\u0131m karar\u0131 ald\u0131. Bir grup aktivist ise &#8220;Halklar\u0131n karde\u015fli\u011fi\/e\u015fitli\u011fi ad\u0131na bu y\u0131k\u0131ma bir imzayla sen de dur de&#8221; ba\u015fl\u0131\u011f\u0131yla bir imza kampanyas\u0131 ba\u015flatt\u0131. Kampanyaya \u015furadan imza verilebiliyor: http:\/\/imzakampanyam.com\/MUS-ta-TARIHI-ERMENI-EVLERININ-KATLIAMINA-BIR-IMZA-ILE-DUR-DE-imza-kampanyasi \u0130mza kampanyas\u0131n\u0131 ba\u015flatan isimlerden biri olan Nadya Uygun, Marksist.org&#8217;a Mu\u015f&#8217;taki talanla ilgili g\u00f6r\u00fc\u015flerini [&hellip;]\" \/>\n<meta property=\"og:url\" content=\"https:\/\/akunq.net\/tr\/?p=24763\" \/>\n<meta property=\"og:site_name\" content=\"Bati Ermenistan Ve Bati Ermenileri Sorunlari Ara\u015ftirmalar Merkezi\" \/>\n<meta property=\"article:published_time\" content=\"2013-07-22T08:43:36+00:00\" \/>\n<meta property=\"og:image\" content=\"http:\/\/akunq.net\/tr\/wp-content\/uploads\/2013\/07\/Kale-mahallesinde-bulunan-Ermenilere-ait-tarihi-evler-300x145.jpg\" \/>\n<meta name=\"author\" content=\"admin\" \/>\n<meta name=\"twitter:card\" content=\"summary_large_image\" \/>\n<meta name=\"twitter:label1\" content=\"Written by\" \/>\n\t<meta name=\"twitter:data1\" content=\"admin\" \/>\n\t<meta name=\"twitter:label2\" content=\"Est. reading time\" \/>\n\t<meta name=\"twitter:data2\" content=\"3 minutes\" \/>\n<script type=\"application\/ld+json\" class=\"yoast-schema-graph\">{\"@context\":\"https:\\\/\\\/schema.org\",\"@graph\":[{\"@type\":\"Article\",\"@id\":\"https:\\\/\\\/akunq.net\\\/tr\\\/?p=24763#article\",\"isPartOf\":{\"@id\":\"https:\\\/\\\/akunq.net\\\/tr\\\/?p=24763\"},\"author\":{\"name\":\"admin\",\"@id\":\"https:\\\/\\\/akunq.net\\\/tr\\\/#\\\/schema\\\/person\\\/096f1d38a12cce57fb855b485ed24c9e\"},\"headline\":\"Mu\u015f&#8217;ta talan: &#8220;Ermeniler bitti, arkalar\u0131nda b\u0131rakt\u0131klar\u0131n\u0131 da yok edelim&#8221;\",\"datePublished\":\"2013-07-22T08:43:36+00:00\",\"mainEntityOfPage\":{\"@id\":\"https:\\\/\\\/akunq.net\\\/tr\\\/?p=24763\"},\"wordCount\":692,\"commentCount\":0,\"image\":{\"@id\":\"https:\\\/\\\/akunq.net\\\/tr\\\/?p=24763#primaryimage\"},\"thumbnailUrl\":\"http:\\\/\\\/akunq.net\\\/tr\\\/wp-content\\\/uploads\\\/2013\\\/07\\\/Kale-mahallesinde-bulunan-Ermenilere-ait-tarihi-evler-300x145.jpg\",\"articleSection\":[\"G\u00fcn\u00fcm\u00fczde Bat\u0131 Ermenistan\",\"Haberler\"],\"inLanguage\":\"en-US\",\"potentialAction\":[{\"@type\":\"CommentAction\",\"name\":\"Comment\",\"target\":[\"https:\\\/\\\/akunq.net\\\/tr\\\/?p=24763#respond\"]}]},{\"@type\":\"WebPage\",\"@id\":\"https:\\\/\\\/akunq.net\\\/tr\\\/?p=24763\",\"url\":\"https:\\\/\\\/akunq.net\\\/tr\\\/?p=24763\",\"name\":\"Mu\u015f'ta talan: \\\"Ermeniler bitti, arkalar\u0131nda b\u0131rakt\u0131klar\u0131n\u0131 da yok edelim\\\" - Bati Ermenistan Ve Bati Ermenileri Sorunlari Ara\u015ftirmalar Merkezi\",\"isPartOf\":{\"@id\":\"https:\\\/\\\/akunq.net\\\/tr\\\/#website\"},\"primaryImageOfPage\":{\"@id\":\"https:\\\/\\\/akunq.net\\\/tr\\\/?p=24763#primaryimage\"},\"image\":{\"@id\":\"https:\\\/\\\/akunq.net\\\/tr\\\/?p=24763#primaryimage\"},\"thumbnailUrl\":\"http:\\\/\\\/akunq.net\\\/tr\\\/wp-content\\\/uploads\\\/2013\\\/07\\\/Kale-mahallesinde-bulunan-Ermenilere-ait-tarihi-evler-300x145.jpg\",\"datePublished\":\"2013-07-22T08:43:36+00:00\",\"author\":{\"@id\":\"https:\\\/\\\/akunq.net\\\/tr\\\/#\\\/schema\\\/person\\\/096f1d38a12cce57fb855b485ed24c9e\"},\"breadcrumb\":{\"@id\":\"https:\\\/\\\/akunq.net\\\/tr\\\/?p=24763#breadcrumb\"},\"inLanguage\":\"en-US\",\"potentialAction\":[{\"@type\":\"ReadAction\",\"target\":[\"https:\\\/\\\/akunq.net\\\/tr\\\/?p=24763\"]}]},{\"@type\":\"ImageObject\",\"inLanguage\":\"en-US\",\"@id\":\"https:\\\/\\\/akunq.net\\\/tr\\\/?p=24763#primaryimage\",\"url\":\"https:\\\/\\\/akunq.net\\\/tr\\\/wp-content\\\/uploads\\\/sites\\\/6\\\/2013\\\/07\\\/Kale-mahallesinde-bulunan-Ermenilere-ait-tarihi-evler.jpg\",\"contentUrl\":\"https:\\\/\\\/akunq.net\\\/tr\\\/wp-content\\\/uploads\\\/sites\\\/6\\\/2013\\\/07\\\/Kale-mahallesinde-bulunan-Ermenilere-ait-tarihi-evler.jpg\",\"width\":660,\"height\":320},{\"@type\":\"BreadcrumbList\",\"@id\":\"https:\\\/\\\/akunq.net\\\/tr\\\/?p=24763#breadcrumb\",\"itemListElement\":[{\"@type\":\"ListItem\",\"position\":1,\"name\":\"Home\",\"item\":\"https:\\\/\\\/akunq.net\\\/tr\"},{\"@type\":\"ListItem\",\"position\":2,\"name\":\"Mu\u015f&#8217;ta talan: &#8220;Ermeniler bitti, arkalar\u0131nda b\u0131rakt\u0131klar\u0131n\u0131 da yok edelim&#8221;\"}]},{\"@type\":\"WebSite\",\"@id\":\"https:\\\/\\\/akunq.net\\\/tr\\\/#website\",\"url\":\"https:\\\/\\\/akunq.net\\\/tr\\\/\",\"name\":\"Bati Ermenistan Ve Bati Ermenileri Sorunlari Ara\u015ftirmalar Merkezi\",\"description\":\"\",\"potentialAction\":[{\"@type\":\"SearchAction\",\"target\":{\"@type\":\"EntryPoint\",\"urlTemplate\":\"https:\\\/\\\/akunq.net\\\/tr\\\/?s={search_term_string}\"},\"query-input\":{\"@type\":\"PropertyValueSpecification\",\"valueRequired\":true,\"valueName\":\"search_term_string\"}}],\"inLanguage\":\"en-US\"},{\"@type\":\"Person\",\"@id\":\"https:\\\/\\\/akunq.net\\\/tr\\\/#\\\/schema\\\/person\\\/096f1d38a12cce57fb855b485ed24c9e\",\"name\":\"admin\",\"url\":\"https:\\\/\\\/akunq.net\\\/tr\\\/?author=7\"}]}<\/script>\n<!-- \/ Yoast SEO plugin. -->","yoast_head_json":{"title":"Mu\u015f'ta talan: \"Ermeniler bitti, arkalar\u0131nda b\u0131rakt\u0131klar\u0131n\u0131 da yok edelim\" - Bati Ermenistan Ve Bati Ermenileri Sorunlari Ara\u015ftirmalar Merkezi","robots":{"index":"index","follow":"follow","max-snippet":"max-snippet:-1","max-image-preview":"max-image-preview:large","max-video-preview":"max-video-preview:-1"},"canonical":"https:\/\/akunq.net\/tr\/?p=24763","og_locale":"en_US","og_type":"article","og_title":"Mu\u015f'ta talan: \"Ermeniler bitti, arkalar\u0131nda b\u0131rakt\u0131klar\u0131n\u0131 da yok edelim\" - Bati Ermenistan Ve Bati Ermenileri Sorunlari Ara\u015ftirmalar Merkezi","og_description":"Mu\u015f Belediyesi, Kale mahallesinde bulunan Ermenilere ait tarihi evler hakk\u0131nda &#8220;Kentsel D\u00f6n\u00fc\u015f\u00fcm Projesi&#8221; kapmas\u0131nda y\u0131k\u0131m karar\u0131 ald\u0131. Bir grup aktivist ise &#8220;Halklar\u0131n karde\u015fli\u011fi\/e\u015fitli\u011fi ad\u0131na bu y\u0131k\u0131ma bir imzayla sen de dur de&#8221; ba\u015fl\u0131\u011f\u0131yla bir imza kampanyas\u0131 ba\u015flatt\u0131. Kampanyaya \u015furadan imza verilebiliyor: http:\/\/imzakampanyam.com\/MUS-ta-TARIHI-ERMENI-EVLERININ-KATLIAMINA-BIR-IMZA-ILE-DUR-DE-imza-kampanyasi \u0130mza kampanyas\u0131n\u0131 ba\u015flatan isimlerden biri olan Nadya Uygun, Marksist.org&#8217;a Mu\u015f&#8217;taki talanla ilgili g\u00f6r\u00fc\u015flerini [&hellip;]","og_url":"https:\/\/akunq.net\/tr\/?p=24763","og_site_name":"Bati Ermenistan Ve Bati Ermenileri Sorunlari Ara\u015ftirmalar Merkezi","article_published_time":"2013-07-22T08:43:36+00:00","og_image":[{"url":"http:\/\/akunq.net\/tr\/wp-content\/uploads\/2013\/07\/Kale-mahallesinde-bulunan-Ermenilere-ait-tarihi-evler-300x145.jpg","type":"","width":"","height":""}],"author":"admin","twitter_card":"summary_large_image","twitter_misc":{"Written by":"admin","Est. reading time":"3 minutes"},"schema":{"@context":"https:\/\/schema.org","@graph":[{"@type":"Article","@id":"https:\/\/akunq.net\/tr\/?p=24763#article","isPartOf":{"@id":"https:\/\/akunq.net\/tr\/?p=24763"},"author":{"name":"admin","@id":"https:\/\/akunq.net\/tr\/#\/schema\/person\/096f1d38a12cce57fb855b485ed24c9e"},"headline":"Mu\u015f&#8217;ta talan: &#8220;Ermeniler bitti, arkalar\u0131nda b\u0131rakt\u0131klar\u0131n\u0131 da yok edelim&#8221;","datePublished":"2013-07-22T08:43:36+00:00","mainEntityOfPage":{"@id":"https:\/\/akunq.net\/tr\/?p=24763"},"wordCount":692,"commentCount":0,"image":{"@id":"https:\/\/akunq.net\/tr\/?p=24763#primaryimage"},"thumbnailUrl":"http:\/\/akunq.net\/tr\/wp-content\/uploads\/2013\/07\/Kale-mahallesinde-bulunan-Ermenilere-ait-tarihi-evler-300x145.jpg","articleSection":["G\u00fcn\u00fcm\u00fczde Bat\u0131 Ermenistan","Haberler"],"inLanguage":"en-US","potentialAction":[{"@type":"CommentAction","name":"Comment","target":["https:\/\/akunq.net\/tr\/?p=24763#respond"]}]},{"@type":"WebPage","@id":"https:\/\/akunq.net\/tr\/?p=24763","url":"https:\/\/akunq.net\/tr\/?p=24763","name":"Mu\u015f'ta talan: \"Ermeniler bitti, arkalar\u0131nda b\u0131rakt\u0131klar\u0131n\u0131 da yok edelim\" - Bati Ermenistan Ve Bati Ermenileri Sorunlari Ara\u015ftirmalar Merkezi","isPartOf":{"@id":"https:\/\/akunq.net\/tr\/#website"},"primaryImageOfPage":{"@id":"https:\/\/akunq.net\/tr\/?p=24763#primaryimage"},"image":{"@id":"https:\/\/akunq.net\/tr\/?p=24763#primaryimage"},"thumbnailUrl":"http:\/\/akunq.net\/tr\/wp-content\/uploads\/2013\/07\/Kale-mahallesinde-bulunan-Ermenilere-ait-tarihi-evler-300x145.jpg","datePublished":"2013-07-22T08:43:36+00:00","author":{"@id":"https:\/\/akunq.net\/tr\/#\/schema\/person\/096f1d38a12cce57fb855b485ed24c9e"},"breadcrumb":{"@id":"https:\/\/akunq.net\/tr\/?p=24763#breadcrumb"},"inLanguage":"en-US","potentialAction":[{"@type":"ReadAction","target":["https:\/\/akunq.net\/tr\/?p=24763"]}]},{"@type":"ImageObject","inLanguage":"en-US","@id":"https:\/\/akunq.net\/tr\/?p=24763#primaryimage","url":"https:\/\/akunq.net\/tr\/wp-content\/uploads\/sites\/6\/2013\/07\/Kale-mahallesinde-bulunan-Ermenilere-ait-tarihi-evler.jpg","contentUrl":"https:\/\/akunq.net\/tr\/wp-content\/uploads\/sites\/6\/2013\/07\/Kale-mahallesinde-bulunan-Ermenilere-ait-tarihi-evler.jpg","width":660,"height":320},{"@type":"BreadcrumbList","@id":"https:\/\/akunq.net\/tr\/?p=24763#breadcrumb","itemListElement":[{"@type":"ListItem","position":1,"name":"Home","item":"https:\/\/akunq.net\/tr"},{"@type":"ListItem","position":2,"name":"Mu\u015f&#8217;ta talan: &#8220;Ermeniler bitti, arkalar\u0131nda b\u0131rakt\u0131klar\u0131n\u0131 da yok edelim&#8221;"}]},{"@type":"WebSite","@id":"https:\/\/akunq.net\/tr\/#website","url":"https:\/\/akunq.net\/tr\/","name":"Bati Ermenistan Ve Bati Ermenileri Sorunlari Ara\u015ftirmalar Merkezi","description":"","potentialAction":[{"@type":"SearchAction","target":{"@type":"EntryPoint","urlTemplate":"https:\/\/akunq.net\/tr\/?s={search_term_string}"},"query-input":{"@type":"PropertyValueSpecification","valueRequired":true,"valueName":"search_term_string"}}],"inLanguage":"en-US"},{"@type":"Person","@id":"https:\/\/akunq.net\/tr\/#\/schema\/person\/096f1d38a12cce57fb855b485ed24c9e","name":"admin","url":"https:\/\/akunq.net\/tr\/?author=7"}]}},"_links":{"self":[{"href":"https:\/\/akunq.net\/tr\/index.php?rest_route=\/wp\/v2\/posts\/24763","targetHints":{"allow":["GET"]}}],"collection":[{"href":"https:\/\/akunq.net\/tr\/index.php?rest_route=\/wp\/v2\/posts"}],"about":[{"href":"https:\/\/akunq.net\/tr\/index.php?rest_route=\/wp\/v2\/types\/post"}],"author":[{"embeddable":true,"href":"https:\/\/akunq.net\/tr\/index.php?rest_route=\/wp\/v2\/users\/7"}],"replies":[{"embeddable":true,"href":"https:\/\/akunq.net\/tr\/index.php?rest_route=%2Fwp%2Fv2%2Fcomments&post=24763"}],"version-history":[{"count":1,"href":"https:\/\/akunq.net\/tr\/index.php?rest_route=\/wp\/v2\/posts\/24763\/revisions"}],"predecessor-version":[{"id":24765,"href":"https:\/\/akunq.net\/tr\/index.php?rest_route=\/wp\/v2\/posts\/24763\/revisions\/24765"}],"wp:attachment":[{"href":"https:\/\/akunq.net\/tr\/index.php?rest_route=%2Fwp%2Fv2%2Fmedia&parent=24763"}],"wp:term":[{"taxonomy":"category","embeddable":true,"href":"https:\/\/akunq.net\/tr\/index.php?rest_route=%2Fwp%2Fv2%2Fcategories&post=24763"},{"taxonomy":"post_tag","embeddable":true,"href":"https:\/\/akunq.net\/tr\/index.php?rest_route=%2Fwp%2Fv2%2Ftags&post=24763"}],"curies":[{"name":"wp","href":"https:\/\/api.w.org\/{rel}","templated":true}]}}