{"id":24752,"date":"2013-07-22T02:32:50","date_gmt":"2013-07-22T07:32:50","guid":{"rendered":"http:\/\/akunq.net\/tr\/?p=24752"},"modified":"2013-07-22T02:33:41","modified_gmt":"2013-07-22T07:33:41","slug":"gezi-parkinda-capulcu-dugunune-polis-engeli","status":"publish","type":"post","link":"https:\/\/akunq.net\/tr\/?p=24752","title":{"rendered":"Gezi Park\u0131&#8217;nda &#8216;\u00e7apulcu d\u00fc\u011f\u00fcn\u00fc&#8217;ne polis engeli"},"content":{"rendered":"<h5 style=\"text-align: justify;\"><em><a href=\"http:\/\/akunq.net\/tr\/wp-content\/uploads\/2013\/07\/Gezi-Park\u0131nda-\u00e7apulcu-d\u00fc\u011f\u00fcn\u00fc.jpg\"><img loading=\"lazy\" decoding=\"async\" class=\"alignright size-medium wp-image-24753\" alt=\"Gezi Park\u0131'nda '\u00e7apulcu d\u00fc\u011f\u00fcn\u00fc'\" src=\"http:\/\/akunq.net\/tr\/wp-content\/uploads\/2013\/07\/Gezi-Park\u0131nda-\u00e7apulcu-d\u00fc\u011f\u00fcn\u00fc-300x179.jpg\" width=\"300\" height=\"179\" srcset=\"https:\/\/akunq.net\/tr\/wp-content\/uploads\/sites\/6\/2013\/07\/Gezi-Park\u0131nda-\u00e7apulcu-d\u00fc\u011f\u00fcn\u00fc-300x179.jpg 300w, https:\/\/akunq.net\/tr\/wp-content\/uploads\/sites\/6\/2013\/07\/Gezi-Park\u0131nda-\u00e7apulcu-d\u00fc\u011f\u00fcn\u00fc.jpg 535w\" sizes=\"auto, (max-width: 300px) 100vw, 300px\" \/><\/a>Gezi Park\u0131 protestolar\u0131 s\u0131ras\u0131nda tan\u0131\u015fan bir \u00e7iftin bu ak\u015fam Taksim Gezi Park\u0131&#8217;nda yap\u0131lacak bir d\u00fc\u011f\u00fcnle evlenmek istemesine kar\u015f\u0131n plis park giri\u015finde \u00f6nlem alarak insanlar\u0131 Gezi Park\u0131&#8217;na sokmamaya ba\u015flad\u0131&#8230;<\/em><\/h5>\n<p style=\"text-align: justify;\"><strong>Radikal.com.tr &#8211; <\/strong><a href=\"http:\/\/www.radikal.com.tr\/index\/geziparki\">Gezi Park\u0131<\/a> protestolar\u0131 s\u0131ras\u0131nda tan\u0131\u015fan bir \u00e7iftin evlenmeye karar vermesi ve &#8216;d\u00fc\u011f\u00fcn&#8217; yeri olarak da tan\u0131\u015fmalar\u0131na vesile olan Taksim Gezi Park\u0131&#8217;n\u0131 se\u00e7meleri sosyal medyada b\u00fcy\u00fck yank\u0131 uyand\u0131rm\u0131\u015f ve d\u00fcnden itibaen\u00a0bu ak\u015fam\u00a0parkta bulu\u015farak d\u00fc\u011f\u00fcn\u00fc birlikte kutlamak i\u00e7in \u00e7a\u011fr\u0131lar\u00a0yap\u0131lm\u0131\u015ft\u0131.\u00a0<\/p>\n<p>Ancak polis saat 17.15&#8217;ten itibaren park giri\u015finde \u00f6nlem alarak i\u00e7eri giri\u015flere izin vermemeye ba\u015flad\u0131.<\/p>\n<p style=\"text-align: justify;\">Gezi Park\u0131 eylemleri s\u0131ras\u0131nda tan\u0131\u015fan ve evlenmeye karar veren Nuray \u00c7okol ile \u00d6zg\u00fcr Kaya, nikah i\u00e7in de tan\u0131\u015fmalar\u0131na vesile olan Gezi Park\u0131&#8217;n\u0131 se\u00e7mi\u015fti. Ancak gen\u00e7 \u00e7iftin d\u00fc\u011f\u00fcn\u00fcne gelmek isteyen \u00e7ok say\u0131da ki\u015fi polis taraf\u0131ndan engellendi. Gezi Park\u0131&#8217;na giri\u015flere izin vermeyen <a href=\"http:\/\/www.radikal.com.tr\/index\/cevik_kuvvet\">\u00e7evik kuvvet<\/a> , polis barikat\u0131n\u0131n \u00f6n\u00fcnde toplanarak sloganlarla durumu protesto eden bir grubu iterek meydana do\u011fru uzakla\u015ft\u0131rd\u0131. Bu s\u0131rada g\u00f6stericilerle polis aras\u0131nda arbede \u00e7\u0131kt\u0131.\u00a0<\/p>\n<p style=\"text-align: justify;\">Daha sonra Taksim Meydan\u0131&#8217;n\u0131n <a href=\"http:\/\/www.radikal.com.tr\/index\/Istiklal-Caddesi\">\u0130stiklal Caddesi<\/a> giri\u015finde toplanan kalabal\u0131k bir grup polisi protesto etmeye ba\u015flad\u0131.\u00a0<\/p>\n<p style=\"text-align: justify;\">Burada bir s\u00fcre eylemini s\u00fcrd\u00fcren gruba polis TOMA&#8217;lardan tazyikli su s\u0131karak m\u00fcdahale etmeye ba\u015flad\u0131. G\u00f6stericileri TOMA&#8217;lardan tazyikli su s\u0131karak <a href=\"http:\/\/www.radikal.com.tr\/index\/Galatasaray\">Galatasaray<\/a> y\u00f6n\u00fcne do\u011fru kovalayan \u00e7evik kuvvet polisleri bir s\u00fcre sonra Taksim Meydan\u0131&#8217;na do\u011fru geri d\u00f6nmeye ba\u015flad\u0131. Bu esnada \u0130stiklal Caddesi&#8217;ne a\u00e7\u0131lan ara sokaklara zaman zaman m\u00fcdahale eden polis daha sonra meydana geri \u00e7ekildi.<\/p>\n<p style=\"text-align: justify;\">Polisin \u00e7ekilmesinin ard\u0131ndan \u00e7ok say\u0131da g\u00f6sterici \u0130stiklal Caddesi \u00fczerinde yeniden toplanmaya ba\u015flad\u0131.<\/p>\n<p style=\"text-align: justify;\">Gelin ve damad\u0131n Gezi Park\u0131&#8217;na geldi\u011finin duyulmas\u0131n\u0131n ard\u0131ndan yeniden park \u00e7evresinde toplanan gruplar\u0131 polis \u0130stiklal Caddesi y\u00f6n\u00fcne do\u011fru kalkanlarla s\u00fcr\u00fckledi. Bir s\u00fcre sonra \u0130stiklal Caddesi \u00fczerinde yeniden bir araya gelen gruplara polis, 20.30&#8217;da yeniden\u00a0TOMA&#8217;larla m\u00fcdahale etti. Daha sonra \u0130stiklal Caddesi&#8217;ne giren &#8216;Akrep&#8217; ad\u0131 verilen iki polis arac\u0131 ara sokaklara ka\u00e7maya \u00e7al\u0131\u015fan g\u00f6stericilere biber gazlar\u0131yla m\u00fcdahale etti.<\/p>\n<p style=\"text-align: justify;\">\u0130ftar saatinde Taksim ve \u0130stikla Caddesi yeniden sakinle\u015firken, baz\u0131 gruplar bir s\u00fcre sonra ara sokaklarda ve \u0130stiklal Caddesi \u00fczerinde yeniden toplanmaya ba\u015flad\u0131. Polis Frans\u0131z Konsoloslu\u011fu \u00f6n\u00fcnde toplanan grubu TOMA&#8217;lar, Akrep tipi z\u0131rhl\u0131 ara\u00e7lar ve \u00e7ok say\u0131da \u00e7evik kuvvetle da\u011f\u0131t\u0131rken, m\u00fcdahaleler ara sokaklarda da devam etti. Polisin g\u00f6sterici gruplara m\u00fcdahaleleri gece boyunca devam etti.<\/p>\n<p style=\"text-align: justify;\"><b><i><a href=\"http:\/\/www.radikal.com.tr\/turkiye\/gezi_parkinda_capulcu_dugunune_polis_engeli-1142660\">http:\/\/www.radikal.com.tr\/turkiye\/gezi_parkinda_capulcu_dugunune_polis_engeli-1142660<\/a><\/i><\/b><\/p>\n","protected":false},"excerpt":{"rendered":"<p>Gezi Park\u0131 protestolar\u0131 s\u0131ras\u0131nda tan\u0131\u015fan bir \u00e7iftin bu ak\u015fam Taksim Gezi Park\u0131&#8217;nda yap\u0131lacak bir d\u00fc\u011f\u00fcnle evlenmek istemesine kar\u015f\u0131n plis park giri\u015finde \u00f6nlem alarak insanlar\u0131 Gezi Park\u0131&#8217;na sokmamaya ba\u015flad\u0131&#8230; Radikal.com.tr &#8211; Gezi Park\u0131 protestolar\u0131 s\u0131ras\u0131nda tan\u0131\u015fan bir \u00e7iftin evlenmeye karar vermesi ve &#8216;d\u00fc\u011f\u00fcn&#8217; yeri olarak da tan\u0131\u015fmalar\u0131na vesile olan Taksim Gezi Park\u0131&#8217;n\u0131 se\u00e7meleri sosyal medyada b\u00fcy\u00fck [&hellip;]<\/p>\n","protected":false},"author":7,"featured_media":0,"comment_status":"open","ping_status":"open","sticky":false,"template":"","format":"standard","meta":{"footnotes":""},"categories":[1],"tags":[],"class_list":["post-24752","post","type-post","status-publish","format-standard","hentry","category-haberler"],"yoast_head":"<!-- This site is optimized with the Yoast SEO plugin v27.4 - https:\/\/yoast.com\/product\/yoast-seo-wordpress\/ -->\n<title>Gezi Park\u0131&#039;nda &#039;\u00e7apulcu d\u00fc\u011f\u00fcn\u00fc&#039;ne polis engeli - Bati Ermenistan Ve Bati Ermenileri Sorunlari Ara\u015ftirmalar Merkezi<\/title>\n<meta name=\"robots\" content=\"index, follow, max-snippet:-1, max-image-preview:large, max-video-preview:-1\" \/>\n<link rel=\"canonical\" href=\"https:\/\/akunq.net\/tr\/?p=24752\" \/>\n<meta property=\"og:locale\" content=\"en_US\" \/>\n<meta property=\"og:type\" content=\"article\" \/>\n<meta property=\"og:title\" content=\"Gezi Park\u0131&#039;nda &#039;\u00e7apulcu d\u00fc\u011f\u00fcn\u00fc&#039;ne polis engeli - Bati Ermenistan Ve Bati Ermenileri Sorunlari Ara\u015ftirmalar Merkezi\" \/>\n<meta property=\"og:description\" content=\"Gezi Park\u0131 protestolar\u0131 s\u0131ras\u0131nda tan\u0131\u015fan bir \u00e7iftin bu ak\u015fam Taksim Gezi Park\u0131&#8217;nda yap\u0131lacak bir d\u00fc\u011f\u00fcnle evlenmek istemesine kar\u015f\u0131n plis park giri\u015finde \u00f6nlem alarak insanlar\u0131 Gezi Park\u0131&#8217;na sokmamaya ba\u015flad\u0131&#8230; Radikal.com.tr &#8211; Gezi Park\u0131 protestolar\u0131 s\u0131ras\u0131nda tan\u0131\u015fan bir \u00e7iftin evlenmeye karar vermesi ve &#8216;d\u00fc\u011f\u00fcn&#8217; yeri olarak da tan\u0131\u015fmalar\u0131na vesile olan Taksim Gezi Park\u0131&#8217;n\u0131 se\u00e7meleri sosyal medyada b\u00fcy\u00fck [&hellip;]\" \/>\n<meta property=\"og:url\" content=\"https:\/\/akunq.net\/tr\/?p=24752\" \/>\n<meta property=\"og:site_name\" content=\"Bati Ermenistan Ve Bati Ermenileri Sorunlari Ara\u015ftirmalar Merkezi\" \/>\n<meta property=\"article:published_time\" content=\"2013-07-22T07:32:50+00:00\" \/>\n<meta property=\"article:modified_time\" content=\"2013-07-22T07:33:41+00:00\" \/>\n<meta name=\"author\" content=\"admin\" \/>\n<meta name=\"twitter:card\" content=\"summary_large_image\" \/>\n<meta name=\"twitter:label1\" content=\"Written by\" \/>\n\t<meta name=\"twitter:data1\" content=\"admin\" \/>\n\t<meta name=\"twitter:label2\" content=\"Est. reading time\" \/>\n\t<meta name=\"twitter:data2\" content=\"2 minutes\" \/>\n<script type=\"application\/ld+json\" class=\"yoast-schema-graph\">{\"@context\":\"https:\\\/\\\/schema.org\",\"@graph\":[{\"@type\":\"Article\",\"@id\":\"https:\\\/\\\/akunq.net\\\/tr\\\/?p=24752#article\",\"isPartOf\":{\"@id\":\"https:\\\/\\\/akunq.net\\\/tr\\\/?p=24752\"},\"author\":{\"name\":\"admin\",\"@id\":\"https:\\\/\\\/akunq.net\\\/tr\\\/#\\\/schema\\\/person\\\/096f1d38a12cce57fb855b485ed24c9e\"},\"headline\":\"Gezi Park\u0131&#8217;nda &#8216;\u00e7apulcu d\u00fc\u011f\u00fcn\u00fc&#8217;ne polis engeli\",\"datePublished\":\"2013-07-22T07:32:50+00:00\",\"dateModified\":\"2013-07-22T07:33:41+00:00\",\"mainEntityOfPage\":{\"@id\":\"https:\\\/\\\/akunq.net\\\/tr\\\/?p=24752\"},\"wordCount\":480,\"commentCount\":0,\"articleSection\":[\"Haberler\"],\"inLanguage\":\"en-US\",\"potentialAction\":[{\"@type\":\"CommentAction\",\"name\":\"Comment\",\"target\":[\"https:\\\/\\\/akunq.net\\\/tr\\\/?p=24752#respond\"]}]},{\"@type\":\"WebPage\",\"@id\":\"https:\\\/\\\/akunq.net\\\/tr\\\/?p=24752\",\"url\":\"https:\\\/\\\/akunq.net\\\/tr\\\/?p=24752\",\"name\":\"Gezi Park\u0131'nda '\u00e7apulcu d\u00fc\u011f\u00fcn\u00fc'ne polis engeli - Bati Ermenistan Ve Bati Ermenileri Sorunlari Ara\u015ftirmalar Merkezi\",\"isPartOf\":{\"@id\":\"https:\\\/\\\/akunq.net\\\/tr\\\/#website\"},\"datePublished\":\"2013-07-22T07:32:50+00:00\",\"dateModified\":\"2013-07-22T07:33:41+00:00\",\"author\":{\"@id\":\"https:\\\/\\\/akunq.net\\\/tr\\\/#\\\/schema\\\/person\\\/096f1d38a12cce57fb855b485ed24c9e\"},\"breadcrumb\":{\"@id\":\"https:\\\/\\\/akunq.net\\\/tr\\\/?p=24752#breadcrumb\"},\"inLanguage\":\"en-US\",\"potentialAction\":[{\"@type\":\"ReadAction\",\"target\":[\"https:\\\/\\\/akunq.net\\\/tr\\\/?p=24752\"]}]},{\"@type\":\"BreadcrumbList\",\"@id\":\"https:\\\/\\\/akunq.net\\\/tr\\\/?p=24752#breadcrumb\",\"itemListElement\":[{\"@type\":\"ListItem\",\"position\":1,\"name\":\"Home\",\"item\":\"https:\\\/\\\/akunq.net\\\/tr\"},{\"@type\":\"ListItem\",\"position\":2,\"name\":\"Gezi Park\u0131&#8217;nda &#8216;\u00e7apulcu d\u00fc\u011f\u00fcn\u00fc&#8217;ne polis engeli\"}]},{\"@type\":\"WebSite\",\"@id\":\"https:\\\/\\\/akunq.net\\\/tr\\\/#website\",\"url\":\"https:\\\/\\\/akunq.net\\\/tr\\\/\",\"name\":\"Bati Ermenistan Ve Bati Ermenileri Sorunlari Ara\u015ftirmalar Merkezi\",\"description\":\"\",\"potentialAction\":[{\"@type\":\"SearchAction\",\"target\":{\"@type\":\"EntryPoint\",\"urlTemplate\":\"https:\\\/\\\/akunq.net\\\/tr\\\/?s={search_term_string}\"},\"query-input\":{\"@type\":\"PropertyValueSpecification\",\"valueRequired\":true,\"valueName\":\"search_term_string\"}}],\"inLanguage\":\"en-US\"},{\"@type\":\"Person\",\"@id\":\"https:\\\/\\\/akunq.net\\\/tr\\\/#\\\/schema\\\/person\\\/096f1d38a12cce57fb855b485ed24c9e\",\"name\":\"admin\",\"url\":\"https:\\\/\\\/akunq.net\\\/tr\\\/?author=7\"}]}<\/script>\n<!-- \/ Yoast SEO plugin. -->","yoast_head_json":{"title":"Gezi Park\u0131'nda '\u00e7apulcu d\u00fc\u011f\u00fcn\u00fc'ne polis engeli - Bati Ermenistan Ve Bati Ermenileri Sorunlari Ara\u015ftirmalar Merkezi","robots":{"index":"index","follow":"follow","max-snippet":"max-snippet:-1","max-image-preview":"max-image-preview:large","max-video-preview":"max-video-preview:-1"},"canonical":"https:\/\/akunq.net\/tr\/?p=24752","og_locale":"en_US","og_type":"article","og_title":"Gezi Park\u0131'nda '\u00e7apulcu d\u00fc\u011f\u00fcn\u00fc'ne polis engeli - Bati Ermenistan Ve Bati Ermenileri Sorunlari Ara\u015ftirmalar Merkezi","og_description":"Gezi Park\u0131 protestolar\u0131 s\u0131ras\u0131nda tan\u0131\u015fan bir \u00e7iftin bu ak\u015fam Taksim Gezi Park\u0131&#8217;nda yap\u0131lacak bir d\u00fc\u011f\u00fcnle evlenmek istemesine kar\u015f\u0131n plis park giri\u015finde \u00f6nlem alarak insanlar\u0131 Gezi Park\u0131&#8217;na sokmamaya ba\u015flad\u0131&#8230; Radikal.com.tr &#8211; Gezi Park\u0131 protestolar\u0131 s\u0131ras\u0131nda tan\u0131\u015fan bir \u00e7iftin evlenmeye karar vermesi ve &#8216;d\u00fc\u011f\u00fcn&#8217; yeri olarak da tan\u0131\u015fmalar\u0131na vesile olan Taksim Gezi Park\u0131&#8217;n\u0131 se\u00e7meleri sosyal medyada b\u00fcy\u00fck [&hellip;]","og_url":"https:\/\/akunq.net\/tr\/?p=24752","og_site_name":"Bati Ermenistan Ve Bati Ermenileri Sorunlari Ara\u015ftirmalar Merkezi","article_published_time":"2013-07-22T07:32:50+00:00","article_modified_time":"2013-07-22T07:33:41+00:00","author":"admin","twitter_card":"summary_large_image","twitter_misc":{"Written by":"admin","Est. reading time":"2 minutes"},"schema":{"@context":"https:\/\/schema.org","@graph":[{"@type":"Article","@id":"https:\/\/akunq.net\/tr\/?p=24752#article","isPartOf":{"@id":"https:\/\/akunq.net\/tr\/?p=24752"},"author":{"name":"admin","@id":"https:\/\/akunq.net\/tr\/#\/schema\/person\/096f1d38a12cce57fb855b485ed24c9e"},"headline":"Gezi Park\u0131&#8217;nda &#8216;\u00e7apulcu d\u00fc\u011f\u00fcn\u00fc&#8217;ne polis engeli","datePublished":"2013-07-22T07:32:50+00:00","dateModified":"2013-07-22T07:33:41+00:00","mainEntityOfPage":{"@id":"https:\/\/akunq.net\/tr\/?p=24752"},"wordCount":480,"commentCount":0,"articleSection":["Haberler"],"inLanguage":"en-US","potentialAction":[{"@type":"CommentAction","name":"Comment","target":["https:\/\/akunq.net\/tr\/?p=24752#respond"]}]},{"@type":"WebPage","@id":"https:\/\/akunq.net\/tr\/?p=24752","url":"https:\/\/akunq.net\/tr\/?p=24752","name":"Gezi Park\u0131'nda '\u00e7apulcu d\u00fc\u011f\u00fcn\u00fc'ne polis engeli - Bati Ermenistan Ve Bati Ermenileri Sorunlari Ara\u015ftirmalar Merkezi","isPartOf":{"@id":"https:\/\/akunq.net\/tr\/#website"},"datePublished":"2013-07-22T07:32:50+00:00","dateModified":"2013-07-22T07:33:41+00:00","author":{"@id":"https:\/\/akunq.net\/tr\/#\/schema\/person\/096f1d38a12cce57fb855b485ed24c9e"},"breadcrumb":{"@id":"https:\/\/akunq.net\/tr\/?p=24752#breadcrumb"},"inLanguage":"en-US","potentialAction":[{"@type":"ReadAction","target":["https:\/\/akunq.net\/tr\/?p=24752"]}]},{"@type":"BreadcrumbList","@id":"https:\/\/akunq.net\/tr\/?p=24752#breadcrumb","itemListElement":[{"@type":"ListItem","position":1,"name":"Home","item":"https:\/\/akunq.net\/tr"},{"@type":"ListItem","position":2,"name":"Gezi Park\u0131&#8217;nda &#8216;\u00e7apulcu d\u00fc\u011f\u00fcn\u00fc&#8217;ne polis engeli"}]},{"@type":"WebSite","@id":"https:\/\/akunq.net\/tr\/#website","url":"https:\/\/akunq.net\/tr\/","name":"Bati Ermenistan Ve Bati Ermenileri Sorunlari Ara\u015ftirmalar Merkezi","description":"","potentialAction":[{"@type":"SearchAction","target":{"@type":"EntryPoint","urlTemplate":"https:\/\/akunq.net\/tr\/?s={search_term_string}"},"query-input":{"@type":"PropertyValueSpecification","valueRequired":true,"valueName":"search_term_string"}}],"inLanguage":"en-US"},{"@type":"Person","@id":"https:\/\/akunq.net\/tr\/#\/schema\/person\/096f1d38a12cce57fb855b485ed24c9e","name":"admin","url":"https:\/\/akunq.net\/tr\/?author=7"}]}},"_links":{"self":[{"href":"https:\/\/akunq.net\/tr\/index.php?rest_route=\/wp\/v2\/posts\/24752","targetHints":{"allow":["GET"]}}],"collection":[{"href":"https:\/\/akunq.net\/tr\/index.php?rest_route=\/wp\/v2\/posts"}],"about":[{"href":"https:\/\/akunq.net\/tr\/index.php?rest_route=\/wp\/v2\/types\/post"}],"author":[{"embeddable":true,"href":"https:\/\/akunq.net\/tr\/index.php?rest_route=\/wp\/v2\/users\/7"}],"replies":[{"embeddable":true,"href":"https:\/\/akunq.net\/tr\/index.php?rest_route=%2Fwp%2Fv2%2Fcomments&post=24752"}],"version-history":[{"count":2,"href":"https:\/\/akunq.net\/tr\/index.php?rest_route=\/wp\/v2\/posts\/24752\/revisions"}],"predecessor-version":[{"id":24755,"href":"https:\/\/akunq.net\/tr\/index.php?rest_route=\/wp\/v2\/posts\/24752\/revisions\/24755"}],"wp:attachment":[{"href":"https:\/\/akunq.net\/tr\/index.php?rest_route=%2Fwp%2Fv2%2Fmedia&parent=24752"}],"wp:term":[{"taxonomy":"category","embeddable":true,"href":"https:\/\/akunq.net\/tr\/index.php?rest_route=%2Fwp%2Fv2%2Fcategories&post=24752"},{"taxonomy":"post_tag","embeddable":true,"href":"https:\/\/akunq.net\/tr\/index.php?rest_route=%2Fwp%2Fv2%2Ftags&post=24752"}],"curies":[{"name":"wp","href":"https:\/\/api.w.org\/{rel}","templated":true}]}}