{"id":24686,"date":"2013-07-18T01:36:16","date_gmt":"2013-07-18T06:36:16","guid":{"rendered":"http:\/\/akunq.net\/tr\/?p=24686"},"modified":"2013-07-18T01:36:16","modified_gmt":"2013-07-18T06:36:16","slug":"davutoglundan-ermenistan-bassavcisina-sert-yanit","status":"publish","type":"post","link":"https:\/\/akunq.net\/tr\/?p=24686","title":{"rendered":"Davuto\u011flu&#8217;ndan Ermenistan Ba\u015fsavc\u0131s\u0131&#8217;na sert yan\u0131t"},"content":{"rendered":"<p style=\"text-align: justify;\"><b><i><a href=\"http:\/\/akunq.net\/tr\/wp-content\/uploads\/2013\/07\/Davuto\u011flu.jpg\"><img loading=\"lazy\" decoding=\"async\" class=\"alignright size-full wp-image-24687\" alt=\"Davuto\u011flu\" src=\"http:\/\/akunq.net\/tr\/wp-content\/uploads\/2013\/07\/Davuto\u011flu.jpg\" width=\"292\" height=\"224\" \/><\/a>D\u0131\u015fi\u015fleri Bakan\u0131 Ahmet Davuto\u011flu, baz\u0131 Ermeni makamlar\u0131 taraf\u0131ndan T\u00fcrkiye&#8217;den toprak talep edilmesi y\u00f6n\u00fcndeki a\u00e7\u0131klamalar\u0131 &#8220;haddini bilmezlik&#8221; olarak niteledi.<\/i><\/b><\/p>\n<p style=\"text-align: justify;\">Davuto\u011flu, temaslarda bulunmak \u00fczere gitti\u011fi <a href=\"http:\/\/www.cnnturk.com\/guncel.konular\/azerbaycan\/319\/index.html\">Azerbaycan<\/a>&#8216;da, baz\u0131 Ermeni y\u00f6neticilerin T\u00fcrkiye&#8217;den toprak talebi iddialar\u0131n\u0131 de\u011ferlendirdi.<\/p>\n<p>&#8220;T\u00fcrkiye topraklar\u0131ndan bir \u00e7ak\u0131l ta\u015f\u0131 bile almaya kalkanlar\u0131 hadlerini bilmeye \u00e7a\u011f\u0131rd\u0131klar\u0131n\u0131&#8221; vurgulayan Davuto\u011flu, &#8220;Kimsenin b\u00f6yle bir \u015feyi teklif etmesi bir yana, zihninden ge\u00e7irmesi bile s\u00f6z konusu olamaz&#8221; dedi.<\/p>\n<p>Bu konuda dile getirilenlerin &#8220;bir hezeyandan&#8221; ibaret oldu\u011funu vurgulayan D\u0131\u015fi\u015fleri Bakan\u0131, Kafkasya&#8217;da bar\u0131\u015f\u0131n sa\u011flanmas\u0131 i\u00e7in herkesin s\u0131n\u0131r\u0131n\u0131, hududunu bilmesi gerekti\u011fini belirtti.<\/p>\n<p>Bunun bilindi\u011fi zaman herkesin kazanaca\u011f\u0131n\u0131 fakat bu t\u00fcr ifadeler kullan\u0131ld\u0131\u011f\u0131 takdirde, o ifadeyi kulllananlar\u0131n kaybedece\u011finin alt\u0131n\u0131 \u00e7izen Davuto\u011flu, &#8220;Bizden toprak talep etmek haddini bilmezliktir. Herkesi akl\u0131selime davet ediyorum. Hem T\u00fcrkiye&#8217;nin hem de <a href=\"http:\/\/www.cnnturk.com\/guncel.konular\/azerbaycan\/319\/index.html\">Azerbaycan<\/a>&#8216;\u0131n toprak b\u00fct\u00fcnl\u00fc\u011f\u00fc bizim i\u00e7in esast\u0131r&#8221; diye konu\u015ftu.<\/p>\n<p>Ermenistan Ba\u015fsavc\u0131s\u0131 Aghvan Hovsepyan, 5-6 Temmuz 2013 tarihli Pan-Ermeni Avukatlar Kongresi&#8217;ndeki konu\u015fmas\u0131nda, &#8220;T\u00fcrkiye ile Ermenistan aras\u0131ndaki s\u0131n\u0131r\u0131n yasal olarak belirlenmedi\u011fini ve kaybedilen Ermeni topraklar\u0131n\u0131n Ermenistan&#8217;a iade edilmesi gerekti\u011fini&#8221; iddia etmi\u015fti.<\/p>\n<p><b>Davuto\u011flu Aliyev&#8217;le g\u00f6r\u00fc\u015fecek<\/b><\/p>\n<p>Bu arada, Davuto\u011flu&#8217;nun Bak\u00fc ziyaretinde ikili ve b\u00f6lgesel ili\u015fkiler ele al\u0131nacak.<\/p>\n<p>D\u0131\u015fi\u015fleri Bakan\u0131, 2 g\u00fcnl\u00fck resmi ziyareti kapsam\u0131nda, Cumhurba\u015fkan\u0131 \u0130lham Aliyev, D\u0131\u015fi\u015fleri Bakan\u0131 Elmar Memmed-Yarov ve Ba\u015fbakan Artur Rasizade taraf\u0131ndan kabul edilecek.<\/p>\n<p>G\u00f6r\u00fc\u015fmelerde, T\u00fcrkiye-<a href=\"http:\/\/www.cnnturk.com\/guncel.konular\/azerbaycan\/319\/index.html\">Azerbaycan<\/a> ikili ili\u015fkileri ile b\u00f6lgesel ve uluslararas\u0131 geli\u015fmeler ele al\u0131nacak.<\/p>\n<p style=\"text-align: justify;\"><b><i>http:\/\/www.cnnturk.com\/2013\/dunya\/07\/17\/disisleri.bakani.davutoglu.bakude\/715866.0\/<\/i><\/b><\/p>\n","protected":false},"excerpt":{"rendered":"<p>D\u0131\u015fi\u015fleri Bakan\u0131 Ahmet Davuto\u011flu, baz\u0131 Ermeni makamlar\u0131 taraf\u0131ndan T\u00fcrkiye&#8217;den toprak talep edilmesi y\u00f6n\u00fcndeki a\u00e7\u0131klamalar\u0131 &#8220;haddini bilmezlik&#8221; olarak niteledi. Davuto\u011flu, temaslarda bulunmak \u00fczere gitti\u011fi Azerbaycan&#8216;da, baz\u0131 Ermeni y\u00f6neticilerin T\u00fcrkiye&#8217;den toprak talebi iddialar\u0131n\u0131 de\u011ferlendirdi. &#8220;T\u00fcrkiye topraklar\u0131ndan bir \u00e7ak\u0131l ta\u015f\u0131 bile almaya kalkanlar\u0131 hadlerini bilmeye \u00e7a\u011f\u0131rd\u0131klar\u0131n\u0131&#8221; vurgulayan Davuto\u011flu, &#8220;Kimsenin b\u00f6yle bir \u015feyi teklif etmesi bir yana, zihninden ge\u00e7irmesi [&hellip;]<\/p>\n","protected":false},"author":7,"featured_media":0,"comment_status":"open","ping_status":"open","sticky":false,"template":"","format":"standard","meta":{"footnotes":""},"categories":[1],"tags":[],"class_list":["post-24686","post","type-post","status-publish","format-standard","hentry","category-haberler"],"yoast_head":"<!-- This site is optimized with the Yoast SEO plugin v27.4 - https:\/\/yoast.com\/product\/yoast-seo-wordpress\/ -->\n<title>Davuto\u011flu&#039;ndan Ermenistan Ba\u015fsavc\u0131s\u0131&#039;na sert yan\u0131t - Bati Ermenistan Ve Bati Ermenileri Sorunlari Ara\u015ftirmalar Merkezi<\/title>\n<meta name=\"robots\" content=\"index, follow, max-snippet:-1, max-image-preview:large, max-video-preview:-1\" \/>\n<link rel=\"canonical\" href=\"https:\/\/akunq.net\/tr\/?p=24686\" \/>\n<meta property=\"og:locale\" content=\"en_US\" \/>\n<meta property=\"og:type\" content=\"article\" \/>\n<meta property=\"og:title\" content=\"Davuto\u011flu&#039;ndan Ermenistan Ba\u015fsavc\u0131s\u0131&#039;na sert yan\u0131t - Bati Ermenistan Ve Bati Ermenileri Sorunlari Ara\u015ftirmalar Merkezi\" \/>\n<meta property=\"og:description\" content=\"D\u0131\u015fi\u015fleri Bakan\u0131 Ahmet Davuto\u011flu, baz\u0131 Ermeni makamlar\u0131 taraf\u0131ndan T\u00fcrkiye&#8217;den toprak talep edilmesi y\u00f6n\u00fcndeki a\u00e7\u0131klamalar\u0131 &#8220;haddini bilmezlik&#8221; olarak niteledi. Davuto\u011flu, temaslarda bulunmak \u00fczere gitti\u011fi Azerbaycan&#8216;da, baz\u0131 Ermeni y\u00f6neticilerin T\u00fcrkiye&#8217;den toprak talebi iddialar\u0131n\u0131 de\u011ferlendirdi. &#8220;T\u00fcrkiye topraklar\u0131ndan bir \u00e7ak\u0131l ta\u015f\u0131 bile almaya kalkanlar\u0131 hadlerini bilmeye \u00e7a\u011f\u0131rd\u0131klar\u0131n\u0131&#8221; vurgulayan Davuto\u011flu, &#8220;Kimsenin b\u00f6yle bir \u015feyi teklif etmesi bir yana, zihninden ge\u00e7irmesi [&hellip;]\" \/>\n<meta property=\"og:url\" content=\"https:\/\/akunq.net\/tr\/?p=24686\" \/>\n<meta property=\"og:site_name\" content=\"Bati Ermenistan Ve Bati Ermenileri Sorunlari Ara\u015ftirmalar Merkezi\" \/>\n<meta property=\"article:published_time\" content=\"2013-07-18T06:36:16+00:00\" \/>\n<meta name=\"author\" content=\"admin\" \/>\n<meta name=\"twitter:card\" content=\"summary_large_image\" \/>\n<meta name=\"twitter:label1\" content=\"Written by\" \/>\n\t<meta name=\"twitter:data1\" content=\"admin\" \/>\n\t<meta name=\"twitter:label2\" content=\"Est. reading time\" \/>\n\t<meta name=\"twitter:data2\" content=\"1 minute\" \/>\n<script type=\"application\/ld+json\" class=\"yoast-schema-graph\">{\"@context\":\"https:\\\/\\\/schema.org\",\"@graph\":[{\"@type\":\"Article\",\"@id\":\"https:\\\/\\\/akunq.net\\\/tr\\\/?p=24686#article\",\"isPartOf\":{\"@id\":\"https:\\\/\\\/akunq.net\\\/tr\\\/?p=24686\"},\"author\":{\"name\":\"admin\",\"@id\":\"https:\\\/\\\/akunq.net\\\/tr\\\/#\\\/schema\\\/person\\\/096f1d38a12cce57fb855b485ed24c9e\"},\"headline\":\"Davuto\u011flu&#8217;ndan Ermenistan Ba\u015fsavc\u0131s\u0131&#8217;na sert yan\u0131t\",\"datePublished\":\"2013-07-18T06:36:16+00:00\",\"mainEntityOfPage\":{\"@id\":\"https:\\\/\\\/akunq.net\\\/tr\\\/?p=24686\"},\"wordCount\":302,\"commentCount\":0,\"articleSection\":[\"Haberler\"],\"inLanguage\":\"en-US\",\"potentialAction\":[{\"@type\":\"CommentAction\",\"name\":\"Comment\",\"target\":[\"https:\\\/\\\/akunq.net\\\/tr\\\/?p=24686#respond\"]}]},{\"@type\":\"WebPage\",\"@id\":\"https:\\\/\\\/akunq.net\\\/tr\\\/?p=24686\",\"url\":\"https:\\\/\\\/akunq.net\\\/tr\\\/?p=24686\",\"name\":\"Davuto\u011flu'ndan Ermenistan Ba\u015fsavc\u0131s\u0131'na sert yan\u0131t - Bati Ermenistan Ve Bati Ermenileri Sorunlari Ara\u015ftirmalar Merkezi\",\"isPartOf\":{\"@id\":\"https:\\\/\\\/akunq.net\\\/tr\\\/#website\"},\"datePublished\":\"2013-07-18T06:36:16+00:00\",\"author\":{\"@id\":\"https:\\\/\\\/akunq.net\\\/tr\\\/#\\\/schema\\\/person\\\/096f1d38a12cce57fb855b485ed24c9e\"},\"breadcrumb\":{\"@id\":\"https:\\\/\\\/akunq.net\\\/tr\\\/?p=24686#breadcrumb\"},\"inLanguage\":\"en-US\",\"potentialAction\":[{\"@type\":\"ReadAction\",\"target\":[\"https:\\\/\\\/akunq.net\\\/tr\\\/?p=24686\"]}]},{\"@type\":\"BreadcrumbList\",\"@id\":\"https:\\\/\\\/akunq.net\\\/tr\\\/?p=24686#breadcrumb\",\"itemListElement\":[{\"@type\":\"ListItem\",\"position\":1,\"name\":\"Home\",\"item\":\"https:\\\/\\\/akunq.net\\\/tr\"},{\"@type\":\"ListItem\",\"position\":2,\"name\":\"Davuto\u011flu&#8217;ndan Ermenistan Ba\u015fsavc\u0131s\u0131&#8217;na sert yan\u0131t\"}]},{\"@type\":\"WebSite\",\"@id\":\"https:\\\/\\\/akunq.net\\\/tr\\\/#website\",\"url\":\"https:\\\/\\\/akunq.net\\\/tr\\\/\",\"name\":\"Bati Ermenistan Ve Bati Ermenileri Sorunlari Ara\u015ftirmalar Merkezi\",\"description\":\"\",\"potentialAction\":[{\"@type\":\"SearchAction\",\"target\":{\"@type\":\"EntryPoint\",\"urlTemplate\":\"https:\\\/\\\/akunq.net\\\/tr\\\/?s={search_term_string}\"},\"query-input\":{\"@type\":\"PropertyValueSpecification\",\"valueRequired\":true,\"valueName\":\"search_term_string\"}}],\"inLanguage\":\"en-US\"},{\"@type\":\"Person\",\"@id\":\"https:\\\/\\\/akunq.net\\\/tr\\\/#\\\/schema\\\/person\\\/096f1d38a12cce57fb855b485ed24c9e\",\"name\":\"admin\",\"url\":\"https:\\\/\\\/akunq.net\\\/tr\\\/?author=7\"}]}<\/script>\n<!-- \/ Yoast SEO plugin. -->","yoast_head_json":{"title":"Davuto\u011flu'ndan Ermenistan Ba\u015fsavc\u0131s\u0131'na sert yan\u0131t - Bati Ermenistan Ve Bati Ermenileri Sorunlari Ara\u015ftirmalar Merkezi","robots":{"index":"index","follow":"follow","max-snippet":"max-snippet:-1","max-image-preview":"max-image-preview:large","max-video-preview":"max-video-preview:-1"},"canonical":"https:\/\/akunq.net\/tr\/?p=24686","og_locale":"en_US","og_type":"article","og_title":"Davuto\u011flu'ndan Ermenistan Ba\u015fsavc\u0131s\u0131'na sert yan\u0131t - Bati Ermenistan Ve Bati Ermenileri Sorunlari Ara\u015ftirmalar Merkezi","og_description":"D\u0131\u015fi\u015fleri Bakan\u0131 Ahmet Davuto\u011flu, baz\u0131 Ermeni makamlar\u0131 taraf\u0131ndan T\u00fcrkiye&#8217;den toprak talep edilmesi y\u00f6n\u00fcndeki a\u00e7\u0131klamalar\u0131 &#8220;haddini bilmezlik&#8221; olarak niteledi. Davuto\u011flu, temaslarda bulunmak \u00fczere gitti\u011fi Azerbaycan&#8216;da, baz\u0131 Ermeni y\u00f6neticilerin T\u00fcrkiye&#8217;den toprak talebi iddialar\u0131n\u0131 de\u011ferlendirdi. &#8220;T\u00fcrkiye topraklar\u0131ndan bir \u00e7ak\u0131l ta\u015f\u0131 bile almaya kalkanlar\u0131 hadlerini bilmeye \u00e7a\u011f\u0131rd\u0131klar\u0131n\u0131&#8221; vurgulayan Davuto\u011flu, &#8220;Kimsenin b\u00f6yle bir \u015feyi teklif etmesi bir yana, zihninden ge\u00e7irmesi [&hellip;]","og_url":"https:\/\/akunq.net\/tr\/?p=24686","og_site_name":"Bati Ermenistan Ve Bati Ermenileri Sorunlari Ara\u015ftirmalar Merkezi","article_published_time":"2013-07-18T06:36:16+00:00","author":"admin","twitter_card":"summary_large_image","twitter_misc":{"Written by":"admin","Est. reading time":"1 minute"},"schema":{"@context":"https:\/\/schema.org","@graph":[{"@type":"Article","@id":"https:\/\/akunq.net\/tr\/?p=24686#article","isPartOf":{"@id":"https:\/\/akunq.net\/tr\/?p=24686"},"author":{"name":"admin","@id":"https:\/\/akunq.net\/tr\/#\/schema\/person\/096f1d38a12cce57fb855b485ed24c9e"},"headline":"Davuto\u011flu&#8217;ndan Ermenistan Ba\u015fsavc\u0131s\u0131&#8217;na sert yan\u0131t","datePublished":"2013-07-18T06:36:16+00:00","mainEntityOfPage":{"@id":"https:\/\/akunq.net\/tr\/?p=24686"},"wordCount":302,"commentCount":0,"articleSection":["Haberler"],"inLanguage":"en-US","potentialAction":[{"@type":"CommentAction","name":"Comment","target":["https:\/\/akunq.net\/tr\/?p=24686#respond"]}]},{"@type":"WebPage","@id":"https:\/\/akunq.net\/tr\/?p=24686","url":"https:\/\/akunq.net\/tr\/?p=24686","name":"Davuto\u011flu'ndan Ermenistan Ba\u015fsavc\u0131s\u0131'na sert yan\u0131t - Bati Ermenistan Ve Bati Ermenileri Sorunlari Ara\u015ftirmalar Merkezi","isPartOf":{"@id":"https:\/\/akunq.net\/tr\/#website"},"datePublished":"2013-07-18T06:36:16+00:00","author":{"@id":"https:\/\/akunq.net\/tr\/#\/schema\/person\/096f1d38a12cce57fb855b485ed24c9e"},"breadcrumb":{"@id":"https:\/\/akunq.net\/tr\/?p=24686#breadcrumb"},"inLanguage":"en-US","potentialAction":[{"@type":"ReadAction","target":["https:\/\/akunq.net\/tr\/?p=24686"]}]},{"@type":"BreadcrumbList","@id":"https:\/\/akunq.net\/tr\/?p=24686#breadcrumb","itemListElement":[{"@type":"ListItem","position":1,"name":"Home","item":"https:\/\/akunq.net\/tr"},{"@type":"ListItem","position":2,"name":"Davuto\u011flu&#8217;ndan Ermenistan Ba\u015fsavc\u0131s\u0131&#8217;na sert yan\u0131t"}]},{"@type":"WebSite","@id":"https:\/\/akunq.net\/tr\/#website","url":"https:\/\/akunq.net\/tr\/","name":"Bati Ermenistan Ve Bati Ermenileri Sorunlari Ara\u015ftirmalar Merkezi","description":"","potentialAction":[{"@type":"SearchAction","target":{"@type":"EntryPoint","urlTemplate":"https:\/\/akunq.net\/tr\/?s={search_term_string}"},"query-input":{"@type":"PropertyValueSpecification","valueRequired":true,"valueName":"search_term_string"}}],"inLanguage":"en-US"},{"@type":"Person","@id":"https:\/\/akunq.net\/tr\/#\/schema\/person\/096f1d38a12cce57fb855b485ed24c9e","name":"admin","url":"https:\/\/akunq.net\/tr\/?author=7"}]}},"_links":{"self":[{"href":"https:\/\/akunq.net\/tr\/index.php?rest_route=\/wp\/v2\/posts\/24686","targetHints":{"allow":["GET"]}}],"collection":[{"href":"https:\/\/akunq.net\/tr\/index.php?rest_route=\/wp\/v2\/posts"}],"about":[{"href":"https:\/\/akunq.net\/tr\/index.php?rest_route=\/wp\/v2\/types\/post"}],"author":[{"embeddable":true,"href":"https:\/\/akunq.net\/tr\/index.php?rest_route=\/wp\/v2\/users\/7"}],"replies":[{"embeddable":true,"href":"https:\/\/akunq.net\/tr\/index.php?rest_route=%2Fwp%2Fv2%2Fcomments&post=24686"}],"version-history":[{"count":2,"href":"https:\/\/akunq.net\/tr\/index.php?rest_route=\/wp\/v2\/posts\/24686\/revisions"}],"predecessor-version":[{"id":24689,"href":"https:\/\/akunq.net\/tr\/index.php?rest_route=\/wp\/v2\/posts\/24686\/revisions\/24689"}],"wp:attachment":[{"href":"https:\/\/akunq.net\/tr\/index.php?rest_route=%2Fwp%2Fv2%2Fmedia&parent=24686"}],"wp:term":[{"taxonomy":"category","embeddable":true,"href":"https:\/\/akunq.net\/tr\/index.php?rest_route=%2Fwp%2Fv2%2Fcategories&post=24686"},{"taxonomy":"post_tag","embeddable":true,"href":"https:\/\/akunq.net\/tr\/index.php?rest_route=%2Fwp%2Fv2%2Ftags&post=24686"}],"curies":[{"name":"wp","href":"https:\/\/api.w.org\/{rel}","templated":true}]}}