{"id":24679,"date":"2013-07-18T01:28:45","date_gmt":"2013-07-18T06:28:45","guid":{"rendered":"http:\/\/akunq.net\/tr\/?p=24679"},"modified":"2013-07-18T01:28:45","modified_gmt":"2013-07-18T06:28:45","slug":"alman-dergiden-sok-kurdistan-kapagi","status":"publish","type":"post","link":"https:\/\/akunq.net\/tr\/?p=24679","title":{"rendered":"Alman dergiden \u015fok K\u00fcrdistan kapa\u011f\u0131"},"content":{"rendered":"<div>\n<ul>\n<li style=\"text-align: justify;\"><b><i><a href=\"http:\/\/akunq.net\/tr\/wp-content\/uploads\/2013\/07\/Zenith.jpg\"><img loading=\"lazy\" decoding=\"async\" class=\"alignright size-medium wp-image-24680\" alt=\"Zenith\" src=\"http:\/\/akunq.net\/tr\/wp-content\/uploads\/2013\/07\/Zenith-300x386.jpg\" width=\"300\" height=\"386\" srcset=\"https:\/\/akunq.net\/tr\/wp-content\/uploads\/sites\/6\/2013\/07\/Zenith-300x386.jpg 300w, https:\/\/akunq.net\/tr\/wp-content\/uploads\/sites\/6\/2013\/07\/Zenith.jpg 400w\" sizes=\"auto, (max-width: 300px) 100vw, 300px\" \/><\/a>\u00d6\u00d6nde gelen Almanca siyasi analiz dergilerinden Zenith, yeni say\u0131s\u0131nda K\u00fcrdistan kapa\u011f\u0131yla \u00e7\u0131kt\u0131. Dergideki K\u00fcrdistan haritas\u0131nda Erzurum&#8217;dan Antep&#8217;e kadar olan b\u00f6lge ayr\u0131lm\u0131\u015f.<\/i><\/b><\/li>\n<\/ul>\n<\/div>\n<p style=\"text-align: justify;\">\u0130ki ayda bir \u00e7\u0131kan derginin Temmuz\/A\u011fustos say\u0131s\u0131 &#8220;Bu \u00fclke hala \u00f6nlenebilinir mi?&#8221; ba\u015fl\u0131\u011f\u0131yla yay\u0131nland\u0131.<\/p>\n<p style=\"text-align: justify;\"><b>K\u00dcRTLER ARAP BAHARININ KAZANANI<\/b><\/p>\n<p style=\"text-align: justify;\">\u00d6zellikle \u0130slam d\u00fcnyas\u0131 ve Ortado\u011fu \u00fclkelerindeki siyasi, k\u00fclt\u00fcrel, ekonomik ve toplumsal konular\u0131 inceleyen Zenith dergisi son say\u0131s\u0131nda K\u00fcrdistan dosyas\u0131yla \u00e7\u0131kt\u0131.<\/p>\n<p>Almanca konu\u015fulan \u00fclkelerde bug\u00fcn okuyucular\u0131yla bulu\u015fan dergi &#8220;K\u00fcrtler Arap bahar\u0131n\u0131n kazananlar\u0131 m\u0131?&#8221; sorusunu y\u00f6neltiyor.<\/p>\n<p style=\"text-align: justify;\"><b>KEND\u0130 DEVLETLER\u0130NE SAH\u0130P OLACAKLAR<\/b><\/p>\n<p style=\"text-align: justify;\">Dergi, K\u00fcrtlerle ile ilgili ara\u015ft\u0131rma ve analiz yaz\u0131lar\u0131na 30 sayfa ay\u0131rd\u0131. Aralar\u0131nda Ortado\u011fu uzmanlar\u0131ndan Udo Steinbach&#8217;\u0131n da bulundu\u011fu \u00e7ok say\u0131da akademisyen taraf\u0131ndan kaleme al\u0131nan yaz\u0131larda K\u00fcrtlerin stat\u00fcs\u00fcn\u00fcn \u00f6nlemez \u015fekilde geli\u015fti\u011fine dikkat \u00e7ekildi.<\/p>\n<p>K\u00fcrtlerin Ortado\u011fu&#8217;da devleti olmayan en b\u00fcy\u00fck halk grubu oldu\u011fu ve art\u0131k kendi devletlerine sahip olma \u015fahs\u0131n\u0131n bulundu\u011fu belirtildi.<\/p>\n<p style=\"text-align: justify;\"><b>K\u00dcRD\u0130STAN DEVLET\u0130 KABUS AMA&#8230;<\/b><\/p>\n<p style=\"text-align: justify;\">T\u00fcrkiye&#8217;de &#8220;bar\u0131\u015f s\u00fcreci&#8221;, Irak&#8217;ta Ba\u011fdat h\u00fck\u00fcmetiyle sorunlar, \u015eii-Sunniler aras\u0131ndaki iktidar kavgas\u0131 ve Suriye&#8217;deki i\u00e7 sava\u015f\u0131n K\u00fcrtlerin elini g\u00fc\u00e7lendirdi\u011fi ifade edilen analiz yaz\u0131lar\u0131nda &#8220;K\u00fcrtlerin ya\u015fad\u0131\u011f\u0131 \u00fclkelerde K\u00fcrdistan devleti bir kabus. Fakat Arap Bahar\u0131 ile birlikte bu kabus ger\u00e7ek olabilir&#8221; g\u00f6r\u00fc\u015f\u00fc dile getirildi.<\/p>\n<p style=\"text-align: justify;\"><b><i>http:\/\/www.sabah.com.tr\/Dunya\/2013\/07\/17\/alman-dergiden-sok-kurdistan-kapagi<\/i><\/b><\/p>\n","protected":false},"excerpt":{"rendered":"<p>\u00d6\u00d6nde gelen Almanca siyasi analiz dergilerinden Zenith, yeni say\u0131s\u0131nda K\u00fcrdistan kapa\u011f\u0131yla \u00e7\u0131kt\u0131. Dergideki K\u00fcrdistan haritas\u0131nda Erzurum&#8217;dan Antep&#8217;e kadar olan b\u00f6lge ayr\u0131lm\u0131\u015f. \u0130ki ayda bir \u00e7\u0131kan derginin Temmuz\/A\u011fustos say\u0131s\u0131 &#8220;Bu \u00fclke hala \u00f6nlenebilinir mi?&#8221; ba\u015fl\u0131\u011f\u0131yla yay\u0131nland\u0131. K\u00dcRTLER ARAP BAHARININ KAZANANI \u00d6zellikle \u0130slam d\u00fcnyas\u0131 ve Ortado\u011fu \u00fclkelerindeki siyasi, k\u00fclt\u00fcrel, ekonomik ve toplumsal konular\u0131 inceleyen Zenith dergisi son [&hellip;]<\/p>\n","protected":false},"author":7,"featured_media":0,"comment_status":"open","ping_status":"open","sticky":false,"template":"","format":"standard","meta":{"footnotes":""},"categories":[1],"tags":[],"class_list":["post-24679","post","type-post","status-publish","format-standard","hentry","category-haberler"],"yoast_head":"<!-- This site is optimized with the Yoast SEO plugin v27.4 - https:\/\/yoast.com\/product\/yoast-seo-wordpress\/ -->\n<title>Alman dergiden \u015fok K\u00fcrdistan kapa\u011f\u0131 - Bati Ermenistan Ve Bati Ermenileri Sorunlari Ara\u015ftirmalar Merkezi<\/title>\n<meta name=\"robots\" content=\"index, follow, max-snippet:-1, max-image-preview:large, max-video-preview:-1\" \/>\n<link rel=\"canonical\" href=\"https:\/\/akunq.net\/tr\/?p=24679\" \/>\n<meta property=\"og:locale\" content=\"en_US\" \/>\n<meta property=\"og:type\" content=\"article\" \/>\n<meta property=\"og:title\" content=\"Alman dergiden \u015fok K\u00fcrdistan kapa\u011f\u0131 - Bati Ermenistan Ve Bati Ermenileri Sorunlari Ara\u015ftirmalar Merkezi\" \/>\n<meta property=\"og:description\" content=\"\u00d6\u00d6nde gelen Almanca siyasi analiz dergilerinden Zenith, yeni say\u0131s\u0131nda K\u00fcrdistan kapa\u011f\u0131yla \u00e7\u0131kt\u0131. Dergideki K\u00fcrdistan haritas\u0131nda Erzurum&#8217;dan Antep&#8217;e kadar olan b\u00f6lge ayr\u0131lm\u0131\u015f. \u0130ki ayda bir \u00e7\u0131kan derginin Temmuz\/A\u011fustos say\u0131s\u0131 &#8220;Bu \u00fclke hala \u00f6nlenebilinir mi?&#8221; ba\u015fl\u0131\u011f\u0131yla yay\u0131nland\u0131. K\u00dcRTLER ARAP BAHARININ KAZANANI \u00d6zellikle \u0130slam d\u00fcnyas\u0131 ve Ortado\u011fu \u00fclkelerindeki siyasi, k\u00fclt\u00fcrel, ekonomik ve toplumsal konular\u0131 inceleyen Zenith dergisi son [&hellip;]\" \/>\n<meta property=\"og:url\" content=\"https:\/\/akunq.net\/tr\/?p=24679\" \/>\n<meta property=\"og:site_name\" content=\"Bati Ermenistan Ve Bati Ermenileri Sorunlari Ara\u015ftirmalar Merkezi\" \/>\n<meta property=\"article:published_time\" content=\"2013-07-18T06:28:45+00:00\" \/>\n<meta property=\"og:image\" content=\"http:\/\/akunq.net\/tr\/wp-content\/uploads\/2013\/07\/Zenith-300x386.jpg\" \/>\n<meta name=\"author\" content=\"admin\" \/>\n<meta name=\"twitter:card\" content=\"summary_large_image\" \/>\n<meta name=\"twitter:label1\" content=\"Written by\" \/>\n\t<meta name=\"twitter:data1\" content=\"admin\" \/>\n\t<meta name=\"twitter:label2\" content=\"Est. reading time\" \/>\n\t<meta name=\"twitter:data2\" content=\"1 minute\" \/>\n<script type=\"application\/ld+json\" class=\"yoast-schema-graph\">{\"@context\":\"https:\\\/\\\/schema.org\",\"@graph\":[{\"@type\":\"Article\",\"@id\":\"https:\\\/\\\/akunq.net\\\/tr\\\/?p=24679#article\",\"isPartOf\":{\"@id\":\"https:\\\/\\\/akunq.net\\\/tr\\\/?p=24679\"},\"author\":{\"name\":\"admin\",\"@id\":\"https:\\\/\\\/akunq.net\\\/tr\\\/#\\\/schema\\\/person\\\/096f1d38a12cce57fb855b485ed24c9e\"},\"headline\":\"Alman dergiden \u015fok K\u00fcrdistan kapa\u011f\u0131\",\"datePublished\":\"2013-07-18T06:28:45+00:00\",\"mainEntityOfPage\":{\"@id\":\"https:\\\/\\\/akunq.net\\\/tr\\\/?p=24679\"},\"wordCount\":266,\"commentCount\":0,\"image\":{\"@id\":\"https:\\\/\\\/akunq.net\\\/tr\\\/?p=24679#primaryimage\"},\"thumbnailUrl\":\"http:\\\/\\\/akunq.net\\\/tr\\\/wp-content\\\/uploads\\\/2013\\\/07\\\/Zenith-300x386.jpg\",\"articleSection\":[\"Haberler\"],\"inLanguage\":\"en-US\",\"potentialAction\":[{\"@type\":\"CommentAction\",\"name\":\"Comment\",\"target\":[\"https:\\\/\\\/akunq.net\\\/tr\\\/?p=24679#respond\"]}]},{\"@type\":\"WebPage\",\"@id\":\"https:\\\/\\\/akunq.net\\\/tr\\\/?p=24679\",\"url\":\"https:\\\/\\\/akunq.net\\\/tr\\\/?p=24679\",\"name\":\"Alman dergiden \u015fok K\u00fcrdistan kapa\u011f\u0131 - Bati Ermenistan Ve Bati Ermenileri Sorunlari Ara\u015ftirmalar Merkezi\",\"isPartOf\":{\"@id\":\"https:\\\/\\\/akunq.net\\\/tr\\\/#website\"},\"primaryImageOfPage\":{\"@id\":\"https:\\\/\\\/akunq.net\\\/tr\\\/?p=24679#primaryimage\"},\"image\":{\"@id\":\"https:\\\/\\\/akunq.net\\\/tr\\\/?p=24679#primaryimage\"},\"thumbnailUrl\":\"http:\\\/\\\/akunq.net\\\/tr\\\/wp-content\\\/uploads\\\/2013\\\/07\\\/Zenith-300x386.jpg\",\"datePublished\":\"2013-07-18T06:28:45+00:00\",\"author\":{\"@id\":\"https:\\\/\\\/akunq.net\\\/tr\\\/#\\\/schema\\\/person\\\/096f1d38a12cce57fb855b485ed24c9e\"},\"breadcrumb\":{\"@id\":\"https:\\\/\\\/akunq.net\\\/tr\\\/?p=24679#breadcrumb\"},\"inLanguage\":\"en-US\",\"potentialAction\":[{\"@type\":\"ReadAction\",\"target\":[\"https:\\\/\\\/akunq.net\\\/tr\\\/?p=24679\"]}]},{\"@type\":\"ImageObject\",\"inLanguage\":\"en-US\",\"@id\":\"https:\\\/\\\/akunq.net\\\/tr\\\/?p=24679#primaryimage\",\"url\":\"https:\\\/\\\/akunq.net\\\/tr\\\/wp-content\\\/uploads\\\/sites\\\/6\\\/2013\\\/07\\\/Zenith.jpg\",\"contentUrl\":\"https:\\\/\\\/akunq.net\\\/tr\\\/wp-content\\\/uploads\\\/sites\\\/6\\\/2013\\\/07\\\/Zenith.jpg\",\"width\":400,\"height\":515},{\"@type\":\"BreadcrumbList\",\"@id\":\"https:\\\/\\\/akunq.net\\\/tr\\\/?p=24679#breadcrumb\",\"itemListElement\":[{\"@type\":\"ListItem\",\"position\":1,\"name\":\"Home\",\"item\":\"https:\\\/\\\/akunq.net\\\/tr\"},{\"@type\":\"ListItem\",\"position\":2,\"name\":\"Alman dergiden \u015fok K\u00fcrdistan kapa\u011f\u0131\"}]},{\"@type\":\"WebSite\",\"@id\":\"https:\\\/\\\/akunq.net\\\/tr\\\/#website\",\"url\":\"https:\\\/\\\/akunq.net\\\/tr\\\/\",\"name\":\"Bati Ermenistan Ve Bati Ermenileri Sorunlari Ara\u015ftirmalar Merkezi\",\"description\":\"\",\"potentialAction\":[{\"@type\":\"SearchAction\",\"target\":{\"@type\":\"EntryPoint\",\"urlTemplate\":\"https:\\\/\\\/akunq.net\\\/tr\\\/?s={search_term_string}\"},\"query-input\":{\"@type\":\"PropertyValueSpecification\",\"valueRequired\":true,\"valueName\":\"search_term_string\"}}],\"inLanguage\":\"en-US\"},{\"@type\":\"Person\",\"@id\":\"https:\\\/\\\/akunq.net\\\/tr\\\/#\\\/schema\\\/person\\\/096f1d38a12cce57fb855b485ed24c9e\",\"name\":\"admin\",\"url\":\"https:\\\/\\\/akunq.net\\\/tr\\\/?author=7\"}]}<\/script>\n<!-- \/ Yoast SEO plugin. -->","yoast_head_json":{"title":"Alman dergiden \u015fok K\u00fcrdistan kapa\u011f\u0131 - Bati Ermenistan Ve Bati Ermenileri Sorunlari Ara\u015ftirmalar Merkezi","robots":{"index":"index","follow":"follow","max-snippet":"max-snippet:-1","max-image-preview":"max-image-preview:large","max-video-preview":"max-video-preview:-1"},"canonical":"https:\/\/akunq.net\/tr\/?p=24679","og_locale":"en_US","og_type":"article","og_title":"Alman dergiden \u015fok K\u00fcrdistan kapa\u011f\u0131 - Bati Ermenistan Ve Bati Ermenileri Sorunlari Ara\u015ftirmalar Merkezi","og_description":"\u00d6\u00d6nde gelen Almanca siyasi analiz dergilerinden Zenith, yeni say\u0131s\u0131nda K\u00fcrdistan kapa\u011f\u0131yla \u00e7\u0131kt\u0131. Dergideki K\u00fcrdistan haritas\u0131nda Erzurum&#8217;dan Antep&#8217;e kadar olan b\u00f6lge ayr\u0131lm\u0131\u015f. \u0130ki ayda bir \u00e7\u0131kan derginin Temmuz\/A\u011fustos say\u0131s\u0131 &#8220;Bu \u00fclke hala \u00f6nlenebilinir mi?&#8221; ba\u015fl\u0131\u011f\u0131yla yay\u0131nland\u0131. K\u00dcRTLER ARAP BAHARININ KAZANANI \u00d6zellikle \u0130slam d\u00fcnyas\u0131 ve Ortado\u011fu \u00fclkelerindeki siyasi, k\u00fclt\u00fcrel, ekonomik ve toplumsal konular\u0131 inceleyen Zenith dergisi son [&hellip;]","og_url":"https:\/\/akunq.net\/tr\/?p=24679","og_site_name":"Bati Ermenistan Ve Bati Ermenileri Sorunlari Ara\u015ftirmalar Merkezi","article_published_time":"2013-07-18T06:28:45+00:00","og_image":[{"url":"http:\/\/akunq.net\/tr\/wp-content\/uploads\/2013\/07\/Zenith-300x386.jpg","type":"","width":"","height":""}],"author":"admin","twitter_card":"summary_large_image","twitter_misc":{"Written by":"admin","Est. reading time":"1 minute"},"schema":{"@context":"https:\/\/schema.org","@graph":[{"@type":"Article","@id":"https:\/\/akunq.net\/tr\/?p=24679#article","isPartOf":{"@id":"https:\/\/akunq.net\/tr\/?p=24679"},"author":{"name":"admin","@id":"https:\/\/akunq.net\/tr\/#\/schema\/person\/096f1d38a12cce57fb855b485ed24c9e"},"headline":"Alman dergiden \u015fok K\u00fcrdistan kapa\u011f\u0131","datePublished":"2013-07-18T06:28:45+00:00","mainEntityOfPage":{"@id":"https:\/\/akunq.net\/tr\/?p=24679"},"wordCount":266,"commentCount":0,"image":{"@id":"https:\/\/akunq.net\/tr\/?p=24679#primaryimage"},"thumbnailUrl":"http:\/\/akunq.net\/tr\/wp-content\/uploads\/2013\/07\/Zenith-300x386.jpg","articleSection":["Haberler"],"inLanguage":"en-US","potentialAction":[{"@type":"CommentAction","name":"Comment","target":["https:\/\/akunq.net\/tr\/?p=24679#respond"]}]},{"@type":"WebPage","@id":"https:\/\/akunq.net\/tr\/?p=24679","url":"https:\/\/akunq.net\/tr\/?p=24679","name":"Alman dergiden \u015fok K\u00fcrdistan kapa\u011f\u0131 - Bati Ermenistan Ve Bati Ermenileri Sorunlari Ara\u015ftirmalar Merkezi","isPartOf":{"@id":"https:\/\/akunq.net\/tr\/#website"},"primaryImageOfPage":{"@id":"https:\/\/akunq.net\/tr\/?p=24679#primaryimage"},"image":{"@id":"https:\/\/akunq.net\/tr\/?p=24679#primaryimage"},"thumbnailUrl":"http:\/\/akunq.net\/tr\/wp-content\/uploads\/2013\/07\/Zenith-300x386.jpg","datePublished":"2013-07-18T06:28:45+00:00","author":{"@id":"https:\/\/akunq.net\/tr\/#\/schema\/person\/096f1d38a12cce57fb855b485ed24c9e"},"breadcrumb":{"@id":"https:\/\/akunq.net\/tr\/?p=24679#breadcrumb"},"inLanguage":"en-US","potentialAction":[{"@type":"ReadAction","target":["https:\/\/akunq.net\/tr\/?p=24679"]}]},{"@type":"ImageObject","inLanguage":"en-US","@id":"https:\/\/akunq.net\/tr\/?p=24679#primaryimage","url":"https:\/\/akunq.net\/tr\/wp-content\/uploads\/sites\/6\/2013\/07\/Zenith.jpg","contentUrl":"https:\/\/akunq.net\/tr\/wp-content\/uploads\/sites\/6\/2013\/07\/Zenith.jpg","width":400,"height":515},{"@type":"BreadcrumbList","@id":"https:\/\/akunq.net\/tr\/?p=24679#breadcrumb","itemListElement":[{"@type":"ListItem","position":1,"name":"Home","item":"https:\/\/akunq.net\/tr"},{"@type":"ListItem","position":2,"name":"Alman dergiden \u015fok K\u00fcrdistan kapa\u011f\u0131"}]},{"@type":"WebSite","@id":"https:\/\/akunq.net\/tr\/#website","url":"https:\/\/akunq.net\/tr\/","name":"Bati Ermenistan Ve Bati Ermenileri Sorunlari Ara\u015ftirmalar Merkezi","description":"","potentialAction":[{"@type":"SearchAction","target":{"@type":"EntryPoint","urlTemplate":"https:\/\/akunq.net\/tr\/?s={search_term_string}"},"query-input":{"@type":"PropertyValueSpecification","valueRequired":true,"valueName":"search_term_string"}}],"inLanguage":"en-US"},{"@type":"Person","@id":"https:\/\/akunq.net\/tr\/#\/schema\/person\/096f1d38a12cce57fb855b485ed24c9e","name":"admin","url":"https:\/\/akunq.net\/tr\/?author=7"}]}},"_links":{"self":[{"href":"https:\/\/akunq.net\/tr\/index.php?rest_route=\/wp\/v2\/posts\/24679","targetHints":{"allow":["GET"]}}],"collection":[{"href":"https:\/\/akunq.net\/tr\/index.php?rest_route=\/wp\/v2\/posts"}],"about":[{"href":"https:\/\/akunq.net\/tr\/index.php?rest_route=\/wp\/v2\/types\/post"}],"author":[{"embeddable":true,"href":"https:\/\/akunq.net\/tr\/index.php?rest_route=\/wp\/v2\/users\/7"}],"replies":[{"embeddable":true,"href":"https:\/\/akunq.net\/tr\/index.php?rest_route=%2Fwp%2Fv2%2Fcomments&post=24679"}],"version-history":[{"count":1,"href":"https:\/\/akunq.net\/tr\/index.php?rest_route=\/wp\/v2\/posts\/24679\/revisions"}],"predecessor-version":[{"id":24681,"href":"https:\/\/akunq.net\/tr\/index.php?rest_route=\/wp\/v2\/posts\/24679\/revisions\/24681"}],"wp:attachment":[{"href":"https:\/\/akunq.net\/tr\/index.php?rest_route=%2Fwp%2Fv2%2Fmedia&parent=24679"}],"wp:term":[{"taxonomy":"category","embeddable":true,"href":"https:\/\/akunq.net\/tr\/index.php?rest_route=%2Fwp%2Fv2%2Fcategories&post=24679"},{"taxonomy":"post_tag","embeddable":true,"href":"https:\/\/akunq.net\/tr\/index.php?rest_route=%2Fwp%2Fv2%2Ftags&post=24679"}],"curies":[{"name":"wp","href":"https:\/\/api.w.org\/{rel}","templated":true}]}}