{"id":24527,"date":"2013-07-10T03:30:02","date_gmt":"2013-07-10T08:30:02","guid":{"rendered":"http:\/\/akunq.net\/tr\/?p=24527"},"modified":"2013-07-10T03:30:02","modified_gmt":"2013-07-10T08:30:02","slug":"tarihi-koske-tescil-de-restorasyon-da-yok","status":"publish","type":"post","link":"https:\/\/akunq.net\/tr\/?p=24527","title":{"rendered":"Tarihi k\u00f6\u015fke tescil de restorasyon da yok"},"content":{"rendered":"<p style=\"text-align: justify;\"><b><a href=\"http:\/\/akunq.net\/tr\/wp-content\/uploads\/2013\/07\/\u0533\u0575\u0578\u0566\u0565\u0580\u0569\u0565\u0583\u0565-\u0531\u057e\u0576\u0565\u0584-\u0563\u0575\u0578\u0582\u0572\u056b-\u057a\u0561\u057f\u0574\u0561\u056f\u0561\u0576-\u056f\u0561\u057c\u0578\u0582\u0575\u0581\u0568.jpg\"><img loading=\"lazy\" decoding=\"async\" class=\"alignright size-full wp-image-24528\" alt=\"\u0533\u0575\u0578\u0566\u0565\u0580\u0569\u0565\u0583\u0565 (\u0531\u057e\u0576\u0565\u0584) \u0563\u0575\u0578\u0582\u0572\u056b \u057a\u0561\u057f\u0574\u0561\u056f\u0561\u0576 \u056f\u0561\u057c\u0578\u0582\u0575\u0581\u0568\" src=\"http:\/\/akunq.net\/tr\/wp-content\/uploads\/2013\/07\/\u0533\u0575\u0578\u0566\u0565\u0580\u0569\u0565\u0583\u0565-\u0531\u057e\u0576\u0565\u0584-\u0563\u0575\u0578\u0582\u0572\u056b-\u057a\u0561\u057f\u0574\u0561\u056f\u0561\u0576-\u056f\u0561\u057c\u0578\u0582\u0575\u0581\u0568.jpg\" width=\"200\" height=\"150\" \/><\/a>Edip Kaynar <\/b><\/p>\n<p style=\"text-align: justify;\">Bing\u00f6l\u2019\u00fcn Gen\u00e7 il\u00e7esine ba\u011fl\u0131 G\u00f6zertepe (Avn\u00eak) k\u00f6y\u00fcndeki tarihi k\u00f6\u015fk, Bing\u00f6l \u0130l K\u00fclt\u00fcr M\u00fcd\u00fcrl\u00fc\u011f\u00fc\u2019ne bildirilmesine ra\u011fmen ne tescil \u00e7al\u0131\u015fmalar\u0131 ne de restorasyonu yap\u0131l\u0131yor. K\u00f6yl\u00fclerin anlatt\u0131klar\u0131 g\u00f6re, Ermeni as\u0131ll\u0131 Avn\u00eak ad\u0131nda biri, \u201c\u00d6yle bir kule yapaca\u011f\u0131m ki Diyarbak\u0131r surlar\u0131n\u0131 g\u00f6rebileyim\u201d demi\u015f ve \u00f6nce k\u00f6\u015fk\u00fc in\u015fa etmi\u015f sonra da kule \u00e7al\u0131\u015fmalar\u0131na ba\u015flam\u0131\u015f. Kule \u00e7al\u0131\u015fmalar\u0131 devam ederken, 1915\u2019te Ermeni tehciri <i>(Ermeni Soyk\u0131r\u0131m\u0131-\u2018Akunq\u2019 web sayfas\u0131 y\u00f6neticileri) <\/i>ger\u00e7ekle\u015fmi\u015f. Kuleye y\u00f6nelik sald\u0131r\u0131lar s\u0131ras\u0131nda kulenin mimar\u0131n\u0131n da d\u00fc\u015f\u00fcp ya\u015fam\u0131n\u0131 yitirdi\u011fi iddia ediliyor. Bodrum Kat\u0131 Maden Oca\u011f\u0131 olan yap\u0131n\u0131n \u00fcst\u00fc k\u00f6\u015fk ve da\u011fa do\u011fru k\u00f6pr\u00fc \u015feklinde uzanan bir kule konumunda. Tamamlanamayan kulenin kal\u0131nt\u0131lar\u0131ndan bir eser bulunmazken, tarihi k\u00f6\u015fk ise, y\u0131k\u0131k-d\u00f6k\u00fck haliyle yerinde duruyor.<\/p>\n<p style=\"text-align: justify;\">K\u00f6y muhtar\u0131 Mehmet Do\u011fan, kulenin bulundu\u011fu b\u00f6lgede daha sonra evlerin yap\u0131ld\u0131\u011f\u0131n\u0131 belirterek, \u201cErmeni tehciri zaman\u0131nda buradaki k\u00f6yl\u00fclerin bask\u0131lar\u0131yla Ermeniler buralar\u0131 terk etmek zorunda kald\u0131. K\u00f6\u015fk\u00fcn i\u00e7 taraf\u0131ndaki aral\u0131kta bir kap\u0131 vard\u0131. Buradan alt tarafa inen 12 basamakl\u0131 bir merdiven vard\u0131, hayvanlar o kap\u0131dan girdi\u011finde geri \u00e7\u0131kam\u0131yordu. Y\u00f6re halk\u0131 hayvanlar i\u00e7eri girip kalmas\u0131n diye bu giri\u015f yerini ta\u015f doldurarak kapatm\u0131\u015f. Benim hat\u0131rlad\u0131\u011f\u0131m d\u00f6nemde kule k\u00f6pr\u00fcs\u00fc yukar\u0131 do\u011fru \u00e7ay\u0131n yar\u0131s\u0131na kadar geliyordu, ancak zamanla bak\u0131ms\u0131zl\u0131ktan dolay\u0131 y\u0131k\u0131ld\u0131. Odalar\u0131 komple sa\u011flamd\u0131, millet y\u0131k\u0131p ta\u015flar\u0131n\u0131 g\u00f6t\u00fcrd\u00fc, kimi duvarlar\u0131 da defineciler y\u0131kt\u0131\u201d dedi. Muhtar Do\u011fan, kulenin restorasyonunun yap\u0131l\u0131p turizme a\u00e7\u0131lmas\u0131 i\u00e7in en son 1999\u2019a kadar birka\u00e7 kez Bing\u00f6l \u0130l K\u00fclt\u00fcr M\u00fcd\u00fcrl\u00fc\u011f\u00fc ve Bing\u00f6l Valili\u011fi\u2019ne dilek\u00e7e verdi\u011fini belirterek, dilek\u00e7elerine kar\u015f\u0131 hi\u00e7bir cevap alamad\u0131\u011f\u0131n\u0131 s\u00f6yledi. K\u00f6\u015fk\u00fcn yeri serin olmas\u0131ndan dolay\u0131 \u00e7ocuklar\u0131n duvarlar\u0131n etraf\u0131nda oyun oynad\u0131\u011f\u0131n\u0131 kaydeden Do\u011fan, \u201cDuvar\u0131n y\u0131k\u0131l\u0131p \u00e7ocuklar\u0131n alt\u0131nda kalmas\u0131ndan endi\u015fe ediyoruz. Bu yap\u0131 i\u00e7in bir \u00e7are bulunmas\u0131n\u0131 istiyoruz\u201d diye konu\u015ftu.<\/p>\n<p style=\"text-align: justify;\"><b>\u2018TAR\u0130H\u0130 YAPI KAYDI B\u0130ZDE YOK\u2019<\/b><\/p>\n<p style=\"text-align: justify;\">Konuya bilgi ald\u0131\u011f\u0131m\u0131z Bing\u00f6l \u0130l K\u00fclt\u00fcr Turizm M\u00fcd\u00fcr\u00fc \u015eevket Bo\u011fatekin, \u201cBahsedilen k\u00f6yde resmi olarak tescillenmi\u015f herhangi bir tarihi yap\u0131 konusunda bizde kay\u0131t yok. 1999 ve \u00f6ncesi ba\u015fvurulardan haberim yok, \u00e7\u00fcnk\u00fc ben bu tarihten \u00e7ok sonra g\u00f6reve ba\u015flad\u0131m\u201d dedi. Bo\u011fatekin, yap\u0131y\u0131 yerinde incelemek i\u00e7in Erzurum B\u00f6lge M\u00fcd\u00fcrl\u00fc\u011f\u00fc ile yaz\u0131\u015farak heyet g\u00f6ndereceklerini ifade etti.<\/p>\n<p style=\"text-align: justify;\"><b><i>(Bing\u00f6l\/D\u0130HA)<\/i><\/b><\/p>\n<p style=\"text-align: justify;\"><b><i>http:\/\/evrensel.net\/news.php?id=61686<\/i><\/b><\/p>\n","protected":false},"excerpt":{"rendered":"<p>Edip Kaynar Bing\u00f6l\u2019\u00fcn Gen\u00e7 il\u00e7esine ba\u011fl\u0131 G\u00f6zertepe (Avn\u00eak) k\u00f6y\u00fcndeki tarihi k\u00f6\u015fk, Bing\u00f6l \u0130l K\u00fclt\u00fcr M\u00fcd\u00fcrl\u00fc\u011f\u00fc\u2019ne bildirilmesine ra\u011fmen ne tescil \u00e7al\u0131\u015fmalar\u0131 ne de restorasyonu yap\u0131l\u0131yor. K\u00f6yl\u00fclerin anlatt\u0131klar\u0131 g\u00f6re, Ermeni as\u0131ll\u0131 Avn\u00eak ad\u0131nda biri, \u201c\u00d6yle bir kule yapaca\u011f\u0131m ki Diyarbak\u0131r surlar\u0131n\u0131 g\u00f6rebileyim\u201d demi\u015f ve \u00f6nce k\u00f6\u015fk\u00fc in\u015fa etmi\u015f sonra da kule \u00e7al\u0131\u015fmalar\u0131na ba\u015flam\u0131\u015f. Kule \u00e7al\u0131\u015fmalar\u0131 devam ederken, [&hellip;]<\/p>\n","protected":false},"author":7,"featured_media":0,"comment_status":"open","ping_status":"open","sticky":false,"template":"","format":"standard","meta":{"footnotes":""},"categories":[22,1],"tags":[],"class_list":["post-24527","post","type-post","status-publish","format-standard","hentry","category-gunumuzde-bati-ermenistan","category-haberler"],"yoast_head":"<!-- This site is optimized with the Yoast SEO plugin v27.4 - https:\/\/yoast.com\/product\/yoast-seo-wordpress\/ -->\n<title>Tarihi k\u00f6\u015fke tescil de restorasyon da yok - Bati Ermenistan Ve Bati Ermenileri Sorunlari Ara\u015ftirmalar Merkezi<\/title>\n<meta name=\"robots\" content=\"index, follow, max-snippet:-1, max-image-preview:large, max-video-preview:-1\" \/>\n<link rel=\"canonical\" href=\"https:\/\/akunq.net\/tr\/?p=24527\" \/>\n<meta property=\"og:locale\" content=\"en_US\" \/>\n<meta property=\"og:type\" content=\"article\" \/>\n<meta property=\"og:title\" content=\"Tarihi k\u00f6\u015fke tescil de restorasyon da yok - Bati Ermenistan Ve Bati Ermenileri Sorunlari Ara\u015ftirmalar Merkezi\" \/>\n<meta property=\"og:description\" content=\"Edip Kaynar Bing\u00f6l\u2019\u00fcn Gen\u00e7 il\u00e7esine ba\u011fl\u0131 G\u00f6zertepe (Avn\u00eak) k\u00f6y\u00fcndeki tarihi k\u00f6\u015fk, Bing\u00f6l \u0130l K\u00fclt\u00fcr M\u00fcd\u00fcrl\u00fc\u011f\u00fc\u2019ne bildirilmesine ra\u011fmen ne tescil \u00e7al\u0131\u015fmalar\u0131 ne de restorasyonu yap\u0131l\u0131yor. K\u00f6yl\u00fclerin anlatt\u0131klar\u0131 g\u00f6re, Ermeni as\u0131ll\u0131 Avn\u00eak ad\u0131nda biri, \u201c\u00d6yle bir kule yapaca\u011f\u0131m ki Diyarbak\u0131r surlar\u0131n\u0131 g\u00f6rebileyim\u201d demi\u015f ve \u00f6nce k\u00f6\u015fk\u00fc in\u015fa etmi\u015f sonra da kule \u00e7al\u0131\u015fmalar\u0131na ba\u015flam\u0131\u015f. Kule \u00e7al\u0131\u015fmalar\u0131 devam ederken, [&hellip;]\" \/>\n<meta property=\"og:url\" content=\"https:\/\/akunq.net\/tr\/?p=24527\" \/>\n<meta property=\"og:site_name\" content=\"Bati Ermenistan Ve Bati Ermenileri Sorunlari Ara\u015ftirmalar Merkezi\" \/>\n<meta property=\"article:published_time\" content=\"2013-07-10T08:30:02+00:00\" \/>\n<meta name=\"author\" content=\"admin\" \/>\n<meta name=\"twitter:card\" content=\"summary_large_image\" \/>\n<meta name=\"twitter:label1\" content=\"Written by\" \/>\n\t<meta name=\"twitter:data1\" content=\"admin\" \/>\n\t<meta name=\"twitter:label2\" content=\"Est. reading time\" \/>\n\t<meta name=\"twitter:data2\" content=\"2 minutes\" \/>\n<script type=\"application\/ld+json\" class=\"yoast-schema-graph\">{\"@context\":\"https:\\\/\\\/schema.org\",\"@graph\":[{\"@type\":\"Article\",\"@id\":\"https:\\\/\\\/akunq.net\\\/tr\\\/?p=24527#article\",\"isPartOf\":{\"@id\":\"https:\\\/\\\/akunq.net\\\/tr\\\/?p=24527\"},\"author\":{\"name\":\"admin\",\"@id\":\"https:\\\/\\\/akunq.net\\\/tr\\\/#\\\/schema\\\/person\\\/096f1d38a12cce57fb855b485ed24c9e\"},\"headline\":\"Tarihi k\u00f6\u015fke tescil de restorasyon da yok\",\"datePublished\":\"2013-07-10T08:30:02+00:00\",\"mainEntityOfPage\":{\"@id\":\"https:\\\/\\\/akunq.net\\\/tr\\\/?p=24527\"},\"wordCount\":498,\"commentCount\":0,\"articleSection\":[\"G\u00fcn\u00fcm\u00fczde Bat\u0131 Ermenistan\",\"Haberler\"],\"inLanguage\":\"en-US\",\"potentialAction\":[{\"@type\":\"CommentAction\",\"name\":\"Comment\",\"target\":[\"https:\\\/\\\/akunq.net\\\/tr\\\/?p=24527#respond\"]}]},{\"@type\":\"WebPage\",\"@id\":\"https:\\\/\\\/akunq.net\\\/tr\\\/?p=24527\",\"url\":\"https:\\\/\\\/akunq.net\\\/tr\\\/?p=24527\",\"name\":\"Tarihi k\u00f6\u015fke tescil de restorasyon da yok - Bati Ermenistan Ve Bati Ermenileri Sorunlari Ara\u015ftirmalar Merkezi\",\"isPartOf\":{\"@id\":\"https:\\\/\\\/akunq.net\\\/tr\\\/#website\"},\"datePublished\":\"2013-07-10T08:30:02+00:00\",\"author\":{\"@id\":\"https:\\\/\\\/akunq.net\\\/tr\\\/#\\\/schema\\\/person\\\/096f1d38a12cce57fb855b485ed24c9e\"},\"breadcrumb\":{\"@id\":\"https:\\\/\\\/akunq.net\\\/tr\\\/?p=24527#breadcrumb\"},\"inLanguage\":\"en-US\",\"potentialAction\":[{\"@type\":\"ReadAction\",\"target\":[\"https:\\\/\\\/akunq.net\\\/tr\\\/?p=24527\"]}]},{\"@type\":\"BreadcrumbList\",\"@id\":\"https:\\\/\\\/akunq.net\\\/tr\\\/?p=24527#breadcrumb\",\"itemListElement\":[{\"@type\":\"ListItem\",\"position\":1,\"name\":\"Home\",\"item\":\"https:\\\/\\\/akunq.net\\\/tr\"},{\"@type\":\"ListItem\",\"position\":2,\"name\":\"Tarihi k\u00f6\u015fke tescil de restorasyon da yok\"}]},{\"@type\":\"WebSite\",\"@id\":\"https:\\\/\\\/akunq.net\\\/tr\\\/#website\",\"url\":\"https:\\\/\\\/akunq.net\\\/tr\\\/\",\"name\":\"Bati Ermenistan Ve Bati Ermenileri Sorunlari Ara\u015ftirmalar Merkezi\",\"description\":\"\",\"potentialAction\":[{\"@type\":\"SearchAction\",\"target\":{\"@type\":\"EntryPoint\",\"urlTemplate\":\"https:\\\/\\\/akunq.net\\\/tr\\\/?s={search_term_string}\"},\"query-input\":{\"@type\":\"PropertyValueSpecification\",\"valueRequired\":true,\"valueName\":\"search_term_string\"}}],\"inLanguage\":\"en-US\"},{\"@type\":\"Person\",\"@id\":\"https:\\\/\\\/akunq.net\\\/tr\\\/#\\\/schema\\\/person\\\/096f1d38a12cce57fb855b485ed24c9e\",\"name\":\"admin\",\"url\":\"https:\\\/\\\/akunq.net\\\/tr\\\/?author=7\"}]}<\/script>\n<!-- \/ Yoast SEO plugin. -->","yoast_head_json":{"title":"Tarihi k\u00f6\u015fke tescil de restorasyon da yok - Bati Ermenistan Ve Bati Ermenileri Sorunlari Ara\u015ftirmalar Merkezi","robots":{"index":"index","follow":"follow","max-snippet":"max-snippet:-1","max-image-preview":"max-image-preview:large","max-video-preview":"max-video-preview:-1"},"canonical":"https:\/\/akunq.net\/tr\/?p=24527","og_locale":"en_US","og_type":"article","og_title":"Tarihi k\u00f6\u015fke tescil de restorasyon da yok - Bati Ermenistan Ve Bati Ermenileri Sorunlari Ara\u015ftirmalar Merkezi","og_description":"Edip Kaynar Bing\u00f6l\u2019\u00fcn Gen\u00e7 il\u00e7esine ba\u011fl\u0131 G\u00f6zertepe (Avn\u00eak) k\u00f6y\u00fcndeki tarihi k\u00f6\u015fk, Bing\u00f6l \u0130l K\u00fclt\u00fcr M\u00fcd\u00fcrl\u00fc\u011f\u00fc\u2019ne bildirilmesine ra\u011fmen ne tescil \u00e7al\u0131\u015fmalar\u0131 ne de restorasyonu yap\u0131l\u0131yor. K\u00f6yl\u00fclerin anlatt\u0131klar\u0131 g\u00f6re, Ermeni as\u0131ll\u0131 Avn\u00eak ad\u0131nda biri, \u201c\u00d6yle bir kule yapaca\u011f\u0131m ki Diyarbak\u0131r surlar\u0131n\u0131 g\u00f6rebileyim\u201d demi\u015f ve \u00f6nce k\u00f6\u015fk\u00fc in\u015fa etmi\u015f sonra da kule \u00e7al\u0131\u015fmalar\u0131na ba\u015flam\u0131\u015f. Kule \u00e7al\u0131\u015fmalar\u0131 devam ederken, [&hellip;]","og_url":"https:\/\/akunq.net\/tr\/?p=24527","og_site_name":"Bati Ermenistan Ve Bati Ermenileri Sorunlari Ara\u015ftirmalar Merkezi","article_published_time":"2013-07-10T08:30:02+00:00","author":"admin","twitter_card":"summary_large_image","twitter_misc":{"Written by":"admin","Est. reading time":"2 minutes"},"schema":{"@context":"https:\/\/schema.org","@graph":[{"@type":"Article","@id":"https:\/\/akunq.net\/tr\/?p=24527#article","isPartOf":{"@id":"https:\/\/akunq.net\/tr\/?p=24527"},"author":{"name":"admin","@id":"https:\/\/akunq.net\/tr\/#\/schema\/person\/096f1d38a12cce57fb855b485ed24c9e"},"headline":"Tarihi k\u00f6\u015fke tescil de restorasyon da yok","datePublished":"2013-07-10T08:30:02+00:00","mainEntityOfPage":{"@id":"https:\/\/akunq.net\/tr\/?p=24527"},"wordCount":498,"commentCount":0,"articleSection":["G\u00fcn\u00fcm\u00fczde Bat\u0131 Ermenistan","Haberler"],"inLanguage":"en-US","potentialAction":[{"@type":"CommentAction","name":"Comment","target":["https:\/\/akunq.net\/tr\/?p=24527#respond"]}]},{"@type":"WebPage","@id":"https:\/\/akunq.net\/tr\/?p=24527","url":"https:\/\/akunq.net\/tr\/?p=24527","name":"Tarihi k\u00f6\u015fke tescil de restorasyon da yok - Bati Ermenistan Ve Bati Ermenileri Sorunlari Ara\u015ftirmalar Merkezi","isPartOf":{"@id":"https:\/\/akunq.net\/tr\/#website"},"datePublished":"2013-07-10T08:30:02+00:00","author":{"@id":"https:\/\/akunq.net\/tr\/#\/schema\/person\/096f1d38a12cce57fb855b485ed24c9e"},"breadcrumb":{"@id":"https:\/\/akunq.net\/tr\/?p=24527#breadcrumb"},"inLanguage":"en-US","potentialAction":[{"@type":"ReadAction","target":["https:\/\/akunq.net\/tr\/?p=24527"]}]},{"@type":"BreadcrumbList","@id":"https:\/\/akunq.net\/tr\/?p=24527#breadcrumb","itemListElement":[{"@type":"ListItem","position":1,"name":"Home","item":"https:\/\/akunq.net\/tr"},{"@type":"ListItem","position":2,"name":"Tarihi k\u00f6\u015fke tescil de restorasyon da yok"}]},{"@type":"WebSite","@id":"https:\/\/akunq.net\/tr\/#website","url":"https:\/\/akunq.net\/tr\/","name":"Bati Ermenistan Ve Bati Ermenileri Sorunlari Ara\u015ftirmalar Merkezi","description":"","potentialAction":[{"@type":"SearchAction","target":{"@type":"EntryPoint","urlTemplate":"https:\/\/akunq.net\/tr\/?s={search_term_string}"},"query-input":{"@type":"PropertyValueSpecification","valueRequired":true,"valueName":"search_term_string"}}],"inLanguage":"en-US"},{"@type":"Person","@id":"https:\/\/akunq.net\/tr\/#\/schema\/person\/096f1d38a12cce57fb855b485ed24c9e","name":"admin","url":"https:\/\/akunq.net\/tr\/?author=7"}]}},"_links":{"self":[{"href":"https:\/\/akunq.net\/tr\/index.php?rest_route=\/wp\/v2\/posts\/24527","targetHints":{"allow":["GET"]}}],"collection":[{"href":"https:\/\/akunq.net\/tr\/index.php?rest_route=\/wp\/v2\/posts"}],"about":[{"href":"https:\/\/akunq.net\/tr\/index.php?rest_route=\/wp\/v2\/types\/post"}],"author":[{"embeddable":true,"href":"https:\/\/akunq.net\/tr\/index.php?rest_route=\/wp\/v2\/users\/7"}],"replies":[{"embeddable":true,"href":"https:\/\/akunq.net\/tr\/index.php?rest_route=%2Fwp%2Fv2%2Fcomments&post=24527"}],"version-history":[{"count":1,"href":"https:\/\/akunq.net\/tr\/index.php?rest_route=\/wp\/v2\/posts\/24527\/revisions"}],"predecessor-version":[{"id":24529,"href":"https:\/\/akunq.net\/tr\/index.php?rest_route=\/wp\/v2\/posts\/24527\/revisions\/24529"}],"wp:attachment":[{"href":"https:\/\/akunq.net\/tr\/index.php?rest_route=%2Fwp%2Fv2%2Fmedia&parent=24527"}],"wp:term":[{"taxonomy":"category","embeddable":true,"href":"https:\/\/akunq.net\/tr\/index.php?rest_route=%2Fwp%2Fv2%2Fcategories&post=24527"},{"taxonomy":"post_tag","embeddable":true,"href":"https:\/\/akunq.net\/tr\/index.php?rest_route=%2Fwp%2Fv2%2Ftags&post=24527"}],"curies":[{"name":"wp","href":"https:\/\/api.w.org\/{rel}","templated":true}]}}