{"id":24523,"date":"2013-07-10T03:16:02","date_gmt":"2013-07-10T08:16:02","guid":{"rendered":"http:\/\/akunq.net\/tr\/?p=24523"},"modified":"2013-07-10T03:16:22","modified_gmt":"2013-07-10T08:16:22","slug":"arastirmaya-gore-en-dindar-turkler-cikti","status":"publish","type":"post","link":"https:\/\/akunq.net\/tr\/?p=24523","title":{"rendered":"Ara\u015ft\u0131rmaya g\u00f6re &#8216;En dindar T\u00fcrkler&#8217; \u00e7\u0131kt\u0131"},"content":{"rendered":"<p style=\"text-align: justify;\"><b><i><a href=\"http:\/\/akunq.net\/tr\/wp-content\/uploads\/2013\/07\/\u0539\u0578\u0582\u0580\u0584\u0565\u0580.jpg\"><img loading=\"lazy\" decoding=\"async\" class=\"alignright size-medium wp-image-24524\" alt=\"\u0539\u0578\u0582\u0580\u0584\u0565\u0580\" src=\"http:\/\/akunq.net\/tr\/wp-content\/uploads\/2013\/07\/\u0539\u0578\u0582\u0580\u0584\u0565\u0580-300x201.jpg\" width=\"300\" height=\"201\" srcset=\"https:\/\/akunq.net\/tr\/wp-content\/uploads\/sites\/6\/2013\/07\/\u0539\u0578\u0582\u0580\u0584\u0565\u0580-300x201.jpg 300w, https:\/\/akunq.net\/tr\/wp-content\/uploads\/sites\/6\/2013\/07\/\u0539\u0578\u0582\u0580\u0584\u0565\u0580.jpg 400w\" sizes=\"auto, (max-width: 300px) 100vw, 300px\" \/><\/a>ALMANYA&#8217;n\u0131n en b\u00fcy\u00fck ve sayg\u0131n vak\u0131flar\u0131ndan olan Bertelsmann Vakf\u0131&#8217;n\u0131n 13 \u00fclkede 14 bin ki\u015finin fikri sorularak yapt\u0131\u011f\u0131 ara\u015ft\u0131rmada kendini &#8216;\u00e7ok ya da olduk\u00e7a dindar&#8217; olarak tan\u0131mlayanlar\u0131n ba\u015f\u0131nda T\u00fcrkler&#8217;in geldi\u011fi belirtildi.<\/i><\/b><\/p>\n<p style=\"text-align: justify;\">Bertelsmann Vakf\u0131&#8217;n\u0131n &#8216;Din monit\u00f6r\u00fc 2013&#8217; isimli 5 y\u0131lda bir, 13 \u00fclkede 14 bin ki\u015finin fikri sorularak yap\u0131lan ara\u015ft\u0131rman\u0131n detaylar\u0131 Amerika&#8217;n\u0131n Sesi Radyosu&#8217;nda yay\u0131nland\u0131. .Deneklere y\u00f6neltilen &#8216;Hangi \u00f6l\u00e7\u00fcde dindars\u0131n\u0131z?&#8217; sorusuna T\u00fcrkler&#8217;in y\u00fczde 82&#8217;si &#8216;\u00e7ok&#8217; ya da &#8216;olduk\u00e7a dindar&#8217; yan\u0131t\u0131 verdi\u011fi g\u00f6r\u00fcld\u00fc. T\u00fcrkler&#8217;den sonra en dindar ikinci toplum; y\u00fczde 74 oranla Brezilya, \u00fc\u00e7\u00fcnc\u00fc s\u0131rada ise y\u00fczde 70&#8217;le Hindistan yer ald\u0131. Amerikal\u0131lar&#8217;\u0131n y\u00fczde 67&#8217;si ve Almanlar\u0131n y\u00fczde 57&#8217;si kendini dindar olarak tan\u0131mlad\u0131.<\/p>\n<p style=\"text-align: justify;\">Ara\u015ft\u0131rmada &#8216;En az dindar&#8217;lar\u0131n y\u00fczde 31&#8217;le \u0130srail ve y\u00fczde 28&#8217;le \u0130sve\u00e7&#8217;te oldu\u011fu belirtildi. \u2018Din temsilcileri siyaseti belirlemeli mi?&#8217; sorusuna en \u00e7ok &#8216;Evet&#8217; denilen \u00fclke ise y\u00fczde 28 oran\u0131 ile ABD oldu. Almanya&#8217;da ve T\u00fcrkiye&#8217;de bu oran y\u00fczde 21 \u00e7\u0131kt\u0131. &#8216;\u00dclke y\u00f6netimindeki siyaset\u00e7iler tanr\u0131ya inanmal\u0131 m\u0131?&#8217; sorusuna Amerikal\u0131 ve T\u00fcrkler&#8217;in y\u00fczde 25&#8217;i &#8216;Evet&#8217; kar\u015f\u0131l\u0131\u011f\u0131n\u0131 verdi.<\/p>\n<p style=\"text-align: justify;\">Bertelsmann Vakf\u0131 yetkilileri, ara\u015ft\u0131rman\u0131n yap\u0131ld\u0131\u011f\u0131 t\u00fcm \u00fclkelerde h\u00fck\u00fcmet sistemi olarak demokrasinin tart\u0131\u015fmas\u0131z kabul edildi\u011fini, demokrasiyi en iyi sistem olarak tan\u0131mlayan toplumlar\u0131n ba\u015f\u0131nda y\u00fczde 95&#8217;le \u0130sve\u00e7&#8217;in geldi\u011fini, T\u00fcrkiye&#8217;de bu oran\u0131n y\u00fczde 82 oldu\u011funu bildirdi.<\/p>\n<p style=\"text-align: justify;\">Ara\u015ft\u0131rma, \u2018\u0130slamafobi&#8217; olarak bilinen \u0130slam d\u00fc\u015fmanl\u0131\u011f\u0131n\u0131 da kapsad\u0131. \u0130slamiyeti &#8216;tehdit&#8217; olarak alg\u0131layanlar\u0131n ba\u015f\u0131nda \u0130srail geliyor. \u0130srail&#8217;de oran y\u00fczde 76&#8217;ya ula\u015f\u0131rken, \u0130spanya&#8217;da y\u00fczde 60, \u0130svi\u00e7re&#8217;de y\u00fczde 50, ABD&#8217;de y\u00fczde 42 bu g\u00f6r\u00fc\u015fte \u00e7\u0131kt\u0131. Yakla\u015f\u0131k 3.5 milyon M\u00fcsl\u00fcman&#8217;\u0131n ya\u015fad\u0131\u011f\u0131 Almanya&#8217;da halk\u0131n yar\u0131s\u0131 \u0130slam&#8217;\u0131 tehdit olarak g\u00f6rd\u00fcklerini bildirdi. H\u0131ristiyanl\u0131\u011f\u0131 &#8216;tehdit&#8217; olarak g\u00f6renlerin oran\u0131 T\u00fcrkiye y\u00fczde 32 \u00e7\u0131karken bu bak\u0131mdan ile ilk s\u0131rada yer ald\u0131. \u0130srail&#8217;de toplumun y\u00fczde 27\u2032si H\u0131ristiyanl\u0131\u011f\u0131 \u2018tehdit&#8217; olarak g\u00f6rd\u00fcklerini bildirdi.<\/p>\n<p style=\"text-align: justify;\">Ara\u015ft\u0131rma kapsam\u0131nda y\u00f6neltilen &#8216;Kendi dininizi di\u011fer dinlerden daha \u00fcst\u00fcn m\u00fc g\u00f6r\u00fcyorsunuz?&#8217; sorusunda da T\u00fcrkiye yine listenin ba\u015f\u0131nda yer ald\u0131. Buna g\u00f6re T\u00fcrklerin y\u00fczde 59&#8217;u \u0130slam&#8217;\u0131n di\u011fer dinlerden daha \u00fcst\u00fcn oldu\u011funu d\u00fc\u015f\u00fcn\u00fcyor. S\u0131ralamada sonda yer alan \u0130svi\u00e7re&#8217;de bu oran y\u00fczde 12. Ara\u015ft\u0131rma kapsam\u0131ndaki di\u011fer \u00fclkelere k\u0131yasla ortalamada daha az yabanc\u0131n\u0131n ya\u015fad\u0131\u011f\u0131 T\u00fcrkiye&#8217;de kendilerini dindar olarak tan\u0131mlayanlar\u0131n y\u00fczde 72&#8217;si \u00fclkedeki g\u00f6\u00e7men oran\u0131n\u0131n kendilerini rahats\u0131z edecek boyuta oldu\u011funu s\u00f6yledi. \u0130kinci s\u0131rada y\u00fczde 60&#8217;la \u0130spanya, \u00fc\u00e7\u00fcnc\u00fc s\u0131rada da y\u00fczde 58&#8217;le \u0130svi\u00e7re var. Uyum ve g\u00f6\u00e7menlerle ilgili konular\u0131n g\u00fcndemden d\u00fc\u015fmedi\u011fi Almanya&#8217;da ise dindarlar\u0131n y\u00fczde 46&#8217;s\u0131 \u00fclkedeki g\u00f6\u00e7men oran\u0131ndan \u015fikayet\u00e7i \u00e7\u0131kt\u0131.<\/p>\n<p style=\"text-align: justify;\"><b><i>\u0130hsan D\u00d6RTKARDE\u015e\/\u0130STANBUL, (DHA)<\/i><\/b><\/p>\n<p style=\"text-align: justify;\"><b><i>http:\/\/haber.stargazete.com\/dunya\/arastirmaya-gore-en-dindar-turkler-cikti\/haber-770032<\/i><\/b><\/p>\n","protected":false},"excerpt":{"rendered":"<p>ALMANYA&#8217;n\u0131n en b\u00fcy\u00fck ve sayg\u0131n vak\u0131flar\u0131ndan olan Bertelsmann Vakf\u0131&#8217;n\u0131n 13 \u00fclkede 14 bin ki\u015finin fikri sorularak yapt\u0131\u011f\u0131 ara\u015ft\u0131rmada kendini &#8216;\u00e7ok ya da olduk\u00e7a dindar&#8217; olarak tan\u0131mlayanlar\u0131n ba\u015f\u0131nda T\u00fcrkler&#8217;in geldi\u011fi belirtildi. Bertelsmann Vakf\u0131&#8217;n\u0131n &#8216;Din monit\u00f6r\u00fc 2013&#8217; isimli 5 y\u0131lda bir, 13 \u00fclkede 14 bin ki\u015finin fikri sorularak yap\u0131lan ara\u015ft\u0131rman\u0131n detaylar\u0131 Amerika&#8217;n\u0131n Sesi Radyosu&#8217;nda yay\u0131nland\u0131. .Deneklere y\u00f6neltilen [&hellip;]<\/p>\n","protected":false},"author":7,"featured_media":0,"comment_status":"open","ping_status":"open","sticky":false,"template":"","format":"standard","meta":{"footnotes":""},"categories":[1],"tags":[],"class_list":["post-24523","post","type-post","status-publish","format-standard","hentry","category-haberler"],"yoast_head":"<!-- This site is optimized with the Yoast SEO plugin v27.4 - https:\/\/yoast.com\/product\/yoast-seo-wordpress\/ -->\n<title>Ara\u015ft\u0131rmaya g\u00f6re &#039;En dindar T\u00fcrkler&#039; \u00e7\u0131kt\u0131 - Bati Ermenistan Ve Bati Ermenileri Sorunlari Ara\u015ftirmalar Merkezi<\/title>\n<meta name=\"robots\" content=\"index, follow, max-snippet:-1, max-image-preview:large, max-video-preview:-1\" \/>\n<link rel=\"canonical\" href=\"https:\/\/akunq.net\/tr\/?p=24523\" \/>\n<meta property=\"og:locale\" content=\"en_US\" \/>\n<meta property=\"og:type\" content=\"article\" \/>\n<meta property=\"og:title\" content=\"Ara\u015ft\u0131rmaya g\u00f6re &#039;En dindar T\u00fcrkler&#039; \u00e7\u0131kt\u0131 - Bati Ermenistan Ve Bati Ermenileri Sorunlari Ara\u015ftirmalar Merkezi\" \/>\n<meta property=\"og:description\" content=\"ALMANYA&#8217;n\u0131n en b\u00fcy\u00fck ve sayg\u0131n vak\u0131flar\u0131ndan olan Bertelsmann Vakf\u0131&#8217;n\u0131n 13 \u00fclkede 14 bin ki\u015finin fikri sorularak yapt\u0131\u011f\u0131 ara\u015ft\u0131rmada kendini &#8216;\u00e7ok ya da olduk\u00e7a dindar&#8217; olarak tan\u0131mlayanlar\u0131n ba\u015f\u0131nda T\u00fcrkler&#8217;in geldi\u011fi belirtildi. Bertelsmann Vakf\u0131&#8217;n\u0131n &#8216;Din monit\u00f6r\u00fc 2013&#8217; isimli 5 y\u0131lda bir, 13 \u00fclkede 14 bin ki\u015finin fikri sorularak yap\u0131lan ara\u015ft\u0131rman\u0131n detaylar\u0131 Amerika&#8217;n\u0131n Sesi Radyosu&#8217;nda yay\u0131nland\u0131. .Deneklere y\u00f6neltilen [&hellip;]\" \/>\n<meta property=\"og:url\" content=\"https:\/\/akunq.net\/tr\/?p=24523\" \/>\n<meta property=\"og:site_name\" content=\"Bati Ermenistan Ve Bati Ermenileri Sorunlari Ara\u015ftirmalar Merkezi\" \/>\n<meta property=\"article:published_time\" content=\"2013-07-10T08:16:02+00:00\" \/>\n<meta property=\"article:modified_time\" content=\"2013-07-10T08:16:22+00:00\" \/>\n<meta name=\"author\" content=\"admin\" \/>\n<meta name=\"twitter:card\" content=\"summary_large_image\" \/>\n<meta name=\"twitter:label1\" content=\"Written by\" \/>\n\t<meta name=\"twitter:data1\" content=\"admin\" \/>\n\t<meta name=\"twitter:label2\" content=\"Est. reading time\" \/>\n\t<meta name=\"twitter:data2\" content=\"3 minutes\" \/>\n<script type=\"application\/ld+json\" class=\"yoast-schema-graph\">{\"@context\":\"https:\\\/\\\/schema.org\",\"@graph\":[{\"@type\":\"Article\",\"@id\":\"https:\\\/\\\/akunq.net\\\/tr\\\/?p=24523#article\",\"isPartOf\":{\"@id\":\"https:\\\/\\\/akunq.net\\\/tr\\\/?p=24523\"},\"author\":{\"name\":\"admin\",\"@id\":\"https:\\\/\\\/akunq.net\\\/tr\\\/#\\\/schema\\\/person\\\/096f1d38a12cce57fb855b485ed24c9e\"},\"headline\":\"Ara\u015ft\u0131rmaya g\u00f6re &#8216;En dindar T\u00fcrkler&#8217; \u00e7\u0131kt\u0131\",\"datePublished\":\"2013-07-10T08:16:02+00:00\",\"dateModified\":\"2013-07-10T08:16:22+00:00\",\"mainEntityOfPage\":{\"@id\":\"https:\\\/\\\/akunq.net\\\/tr\\\/?p=24523\"},\"wordCount\":540,\"commentCount\":0,\"articleSection\":[\"Haberler\"],\"inLanguage\":\"en-US\",\"potentialAction\":[{\"@type\":\"CommentAction\",\"name\":\"Comment\",\"target\":[\"https:\\\/\\\/akunq.net\\\/tr\\\/?p=24523#respond\"]}]},{\"@type\":\"WebPage\",\"@id\":\"https:\\\/\\\/akunq.net\\\/tr\\\/?p=24523\",\"url\":\"https:\\\/\\\/akunq.net\\\/tr\\\/?p=24523\",\"name\":\"Ara\u015ft\u0131rmaya g\u00f6re 'En dindar T\u00fcrkler' \u00e7\u0131kt\u0131 - Bati Ermenistan Ve Bati Ermenileri Sorunlari Ara\u015ftirmalar Merkezi\",\"isPartOf\":{\"@id\":\"https:\\\/\\\/akunq.net\\\/tr\\\/#website\"},\"datePublished\":\"2013-07-10T08:16:02+00:00\",\"dateModified\":\"2013-07-10T08:16:22+00:00\",\"author\":{\"@id\":\"https:\\\/\\\/akunq.net\\\/tr\\\/#\\\/schema\\\/person\\\/096f1d38a12cce57fb855b485ed24c9e\"},\"breadcrumb\":{\"@id\":\"https:\\\/\\\/akunq.net\\\/tr\\\/?p=24523#breadcrumb\"},\"inLanguage\":\"en-US\",\"potentialAction\":[{\"@type\":\"ReadAction\",\"target\":[\"https:\\\/\\\/akunq.net\\\/tr\\\/?p=24523\"]}]},{\"@type\":\"BreadcrumbList\",\"@id\":\"https:\\\/\\\/akunq.net\\\/tr\\\/?p=24523#breadcrumb\",\"itemListElement\":[{\"@type\":\"ListItem\",\"position\":1,\"name\":\"Home\",\"item\":\"https:\\\/\\\/akunq.net\\\/tr\"},{\"@type\":\"ListItem\",\"position\":2,\"name\":\"Ara\u015ft\u0131rmaya g\u00f6re &#8216;En dindar T\u00fcrkler&#8217; \u00e7\u0131kt\u0131\"}]},{\"@type\":\"WebSite\",\"@id\":\"https:\\\/\\\/akunq.net\\\/tr\\\/#website\",\"url\":\"https:\\\/\\\/akunq.net\\\/tr\\\/\",\"name\":\"Bati Ermenistan Ve Bati Ermenileri Sorunlari Ara\u015ftirmalar Merkezi\",\"description\":\"\",\"potentialAction\":[{\"@type\":\"SearchAction\",\"target\":{\"@type\":\"EntryPoint\",\"urlTemplate\":\"https:\\\/\\\/akunq.net\\\/tr\\\/?s={search_term_string}\"},\"query-input\":{\"@type\":\"PropertyValueSpecification\",\"valueRequired\":true,\"valueName\":\"search_term_string\"}}],\"inLanguage\":\"en-US\"},{\"@type\":\"Person\",\"@id\":\"https:\\\/\\\/akunq.net\\\/tr\\\/#\\\/schema\\\/person\\\/096f1d38a12cce57fb855b485ed24c9e\",\"name\":\"admin\",\"url\":\"https:\\\/\\\/akunq.net\\\/tr\\\/?author=7\"}]}<\/script>\n<!-- \/ Yoast SEO plugin. -->","yoast_head_json":{"title":"Ara\u015ft\u0131rmaya g\u00f6re 'En dindar T\u00fcrkler' \u00e7\u0131kt\u0131 - Bati Ermenistan Ve Bati Ermenileri Sorunlari Ara\u015ftirmalar Merkezi","robots":{"index":"index","follow":"follow","max-snippet":"max-snippet:-1","max-image-preview":"max-image-preview:large","max-video-preview":"max-video-preview:-1"},"canonical":"https:\/\/akunq.net\/tr\/?p=24523","og_locale":"en_US","og_type":"article","og_title":"Ara\u015ft\u0131rmaya g\u00f6re 'En dindar T\u00fcrkler' \u00e7\u0131kt\u0131 - Bati Ermenistan Ve Bati Ermenileri Sorunlari Ara\u015ftirmalar Merkezi","og_description":"ALMANYA&#8217;n\u0131n en b\u00fcy\u00fck ve sayg\u0131n vak\u0131flar\u0131ndan olan Bertelsmann Vakf\u0131&#8217;n\u0131n 13 \u00fclkede 14 bin ki\u015finin fikri sorularak yapt\u0131\u011f\u0131 ara\u015ft\u0131rmada kendini &#8216;\u00e7ok ya da olduk\u00e7a dindar&#8217; olarak tan\u0131mlayanlar\u0131n ba\u015f\u0131nda T\u00fcrkler&#8217;in geldi\u011fi belirtildi. Bertelsmann Vakf\u0131&#8217;n\u0131n &#8216;Din monit\u00f6r\u00fc 2013&#8217; isimli 5 y\u0131lda bir, 13 \u00fclkede 14 bin ki\u015finin fikri sorularak yap\u0131lan ara\u015ft\u0131rman\u0131n detaylar\u0131 Amerika&#8217;n\u0131n Sesi Radyosu&#8217;nda yay\u0131nland\u0131. .Deneklere y\u00f6neltilen [&hellip;]","og_url":"https:\/\/akunq.net\/tr\/?p=24523","og_site_name":"Bati Ermenistan Ve Bati Ermenileri Sorunlari Ara\u015ftirmalar Merkezi","article_published_time":"2013-07-10T08:16:02+00:00","article_modified_time":"2013-07-10T08:16:22+00:00","author":"admin","twitter_card":"summary_large_image","twitter_misc":{"Written by":"admin","Est. reading time":"3 minutes"},"schema":{"@context":"https:\/\/schema.org","@graph":[{"@type":"Article","@id":"https:\/\/akunq.net\/tr\/?p=24523#article","isPartOf":{"@id":"https:\/\/akunq.net\/tr\/?p=24523"},"author":{"name":"admin","@id":"https:\/\/akunq.net\/tr\/#\/schema\/person\/096f1d38a12cce57fb855b485ed24c9e"},"headline":"Ara\u015ft\u0131rmaya g\u00f6re &#8216;En dindar T\u00fcrkler&#8217; \u00e7\u0131kt\u0131","datePublished":"2013-07-10T08:16:02+00:00","dateModified":"2013-07-10T08:16:22+00:00","mainEntityOfPage":{"@id":"https:\/\/akunq.net\/tr\/?p=24523"},"wordCount":540,"commentCount":0,"articleSection":["Haberler"],"inLanguage":"en-US","potentialAction":[{"@type":"CommentAction","name":"Comment","target":["https:\/\/akunq.net\/tr\/?p=24523#respond"]}]},{"@type":"WebPage","@id":"https:\/\/akunq.net\/tr\/?p=24523","url":"https:\/\/akunq.net\/tr\/?p=24523","name":"Ara\u015ft\u0131rmaya g\u00f6re 'En dindar T\u00fcrkler' \u00e7\u0131kt\u0131 - Bati Ermenistan Ve Bati Ermenileri Sorunlari Ara\u015ftirmalar Merkezi","isPartOf":{"@id":"https:\/\/akunq.net\/tr\/#website"},"datePublished":"2013-07-10T08:16:02+00:00","dateModified":"2013-07-10T08:16:22+00:00","author":{"@id":"https:\/\/akunq.net\/tr\/#\/schema\/person\/096f1d38a12cce57fb855b485ed24c9e"},"breadcrumb":{"@id":"https:\/\/akunq.net\/tr\/?p=24523#breadcrumb"},"inLanguage":"en-US","potentialAction":[{"@type":"ReadAction","target":["https:\/\/akunq.net\/tr\/?p=24523"]}]},{"@type":"BreadcrumbList","@id":"https:\/\/akunq.net\/tr\/?p=24523#breadcrumb","itemListElement":[{"@type":"ListItem","position":1,"name":"Home","item":"https:\/\/akunq.net\/tr"},{"@type":"ListItem","position":2,"name":"Ara\u015ft\u0131rmaya g\u00f6re &#8216;En dindar T\u00fcrkler&#8217; \u00e7\u0131kt\u0131"}]},{"@type":"WebSite","@id":"https:\/\/akunq.net\/tr\/#website","url":"https:\/\/akunq.net\/tr\/","name":"Bati Ermenistan Ve Bati Ermenileri Sorunlari Ara\u015ftirmalar Merkezi","description":"","potentialAction":[{"@type":"SearchAction","target":{"@type":"EntryPoint","urlTemplate":"https:\/\/akunq.net\/tr\/?s={search_term_string}"},"query-input":{"@type":"PropertyValueSpecification","valueRequired":true,"valueName":"search_term_string"}}],"inLanguage":"en-US"},{"@type":"Person","@id":"https:\/\/akunq.net\/tr\/#\/schema\/person\/096f1d38a12cce57fb855b485ed24c9e","name":"admin","url":"https:\/\/akunq.net\/tr\/?author=7"}]}},"_links":{"self":[{"href":"https:\/\/akunq.net\/tr\/index.php?rest_route=\/wp\/v2\/posts\/24523","targetHints":{"allow":["GET"]}}],"collection":[{"href":"https:\/\/akunq.net\/tr\/index.php?rest_route=\/wp\/v2\/posts"}],"about":[{"href":"https:\/\/akunq.net\/tr\/index.php?rest_route=\/wp\/v2\/types\/post"}],"author":[{"embeddable":true,"href":"https:\/\/akunq.net\/tr\/index.php?rest_route=\/wp\/v2\/users\/7"}],"replies":[{"embeddable":true,"href":"https:\/\/akunq.net\/tr\/index.php?rest_route=%2Fwp%2Fv2%2Fcomments&post=24523"}],"version-history":[{"count":2,"href":"https:\/\/akunq.net\/tr\/index.php?rest_route=\/wp\/v2\/posts\/24523\/revisions"}],"predecessor-version":[{"id":24526,"href":"https:\/\/akunq.net\/tr\/index.php?rest_route=\/wp\/v2\/posts\/24523\/revisions\/24526"}],"wp:attachment":[{"href":"https:\/\/akunq.net\/tr\/index.php?rest_route=%2Fwp%2Fv2%2Fmedia&parent=24523"}],"wp:term":[{"taxonomy":"category","embeddable":true,"href":"https:\/\/akunq.net\/tr\/index.php?rest_route=%2Fwp%2Fv2%2Fcategories&post=24523"},{"taxonomy":"post_tag","embeddable":true,"href":"https:\/\/akunq.net\/tr\/index.php?rest_route=%2Fwp%2Fv2%2Ftags&post=24523"}],"curies":[{"name":"wp","href":"https:\/\/api.w.org\/{rel}","templated":true}]}}