{"id":24429,"date":"2013-07-03T03:28:53","date_gmt":"2013-07-03T08:28:53","guid":{"rendered":"http:\/\/akunq.net\/tr\/?p=24429"},"modified":"2013-07-03T03:28:53","modified_gmt":"2013-07-03T08:28:53","slug":"musta-ermeni-evlerinin-yerine-toki-konutlari-yapiliyor","status":"publish","type":"post","link":"https:\/\/akunq.net\/tr\/?p=24429","title":{"rendered":"Mu\u015f\u2019ta Ermeni evlerinin yerine TOK\u0130 konutlar\u0131 yap\u0131l\u0131yor"},"content":{"rendered":"<p style=\"text-align: justify;\"><b><a href=\"http:\/\/akunq.net\/tr\/wp-content\/uploads\/2013\/07\/Mu\u015f-1.jpg\"><img loading=\"lazy\" decoding=\"async\" class=\"alignright size-medium wp-image-24430\" alt=\"Mu\u015f 1\" src=\"http:\/\/akunq.net\/tr\/wp-content\/uploads\/2013\/07\/Mu\u015f-1-300x218.jpg\" width=\"300\" height=\"218\" srcset=\"https:\/\/akunq.net\/tr\/wp-content\/uploads\/sites\/6\/2013\/07\/Mu\u015f-1-300x218.jpg 300w, https:\/\/akunq.net\/tr\/wp-content\/uploads\/sites\/6\/2013\/07\/Mu\u015f-1.jpg 550w\" sizes=\"auto, (max-width: 300px) 100vw, 300px\" \/><\/a>EMRE ERTAN\u0130<\/b><\/p>\n<p style=\"text-align: justify;\"><b><i>Mu\u015f\u2019ta Ermenilere ait tarihi yap\u0131lar, TOK\u0130 (Toplu Konut \u0130daresi) taraf\u0131ndan y\u0131k\u0131l\u0131yor. Merkez Kale Mahallesi\u2019nde bulunan 500\u2019e yak\u0131n evin b\u00fcy\u00fck \u00e7o\u011funlu\u011fu Belediye taraf\u0131ndan y\u0131k\u0131ld\u0131. Kentsel d\u00f6n\u00fc\u015f\u00fcm karar\u0131n\u0131n ard\u0131ndan, y\u0131k\u0131ma ba\u015flanmadan \u00f6nce, bir\u00e7ok ki\u015finin define aramak i\u00e7in evlerinin alt\u0131n\u0131 kazd\u0131\u011f\u0131 belirtiliyor.<\/i><\/b><\/p>\n<p style=\"text-align: justify;\">Van depreminden sonra, h\u00fck\u00fcmetin T\u00fcrkiye genelinde h\u0131z verdi\u011fi kentsel d\u00f6n\u00fc\u015f\u00fcm \u00e7al\u0131\u015fmalar\u0131 kapsam\u0131nda y\u00fcr\u00fct\u00fclen projelerde rant amac\u0131n\u0131n \u00f6ne \u00e7\u0131kt\u0131\u011f\u0131 s\u0131k s\u0131k g\u00fcndeme geliyor. Mu\u015f Belediye Meclisi\u2019nce bir y\u0131l \u00f6nce onaylanan TOK\u0130 plan\u0131 \u00e7er\u00e7evesinde, Kale Mahallesi\u2019ndeki Ermeni evlerinin y\u0131k\u0131m\u0131na ba\u015fland\u0131. Projeye g\u00f6re, bu evlerin sahiplerine TOK\u0130\u2019den daire verilecek. Eski ad\u0131\u2018Mu\u015fe\u011fin Kalesi\u2019 olan Kale Mahallesi sakinlerinden baz\u0131lar\u0131 projeye kar\u015f\u0131 \u00e7\u0131karken, tarihi eser de\u011feri ta\u015f\u0131yan evlerin y\u0131k\u0131m\u0131na Belediye\u2019den \u00f6nce ba\u015flayanlar da oldu. Anadolu\u2019daki kiliselerin harap olmas\u0131n\u0131n en \u00f6nemli nedenlerinden biri olan \u2018define arama\u2019 \u00e7al\u0131\u015fmalar\u0131, mahalle sakinlerinin bir k\u0131sm\u0131n\u0131 da etkiledi. Y\u0131k\u0131m karar\u0131n\u0131n ard\u0131ndan, bir\u00e7ok ev sahibinin, alt\u0131n aramak i\u00e7in evinin temelini ve bah\u00e7esini kazd\u0131\u011f\u0131 dile getiriliyor.<\/p>\n<p style=\"text-align: justify;\"><b>\u2018Tapunuzu vermeseniz de evinizi y\u0131kar\u0131z\u2019<\/b><\/p>\n<p style=\"text-align: justify;\">Proje \u00e7er\u00e7evesinde 500\u2019e yak\u0131n ev y\u0131k\u0131lacak, 770 daire in\u015fa edilecek. Kale Mahallesi sakinleri, projeye, yaln\u0131zca evlerin y\u0131k\u0131lmas\u0131 nedeniyle de\u011fil, konutlar\u0131n in\u015fas\u0131 s\u00fcresince kira yard\u0131m\u0131 alamayacak ve TOK\u0130\u2019ye 50 bin lira bor\u00e7lanacak olduklar\u0131 i\u00e7in de kar\u015f\u0131\u00e7\u0131k\u0131yorlar. Evinden \u00e7\u0131kmak istemeyen ailelerin, TOK\u0130 memurlar\u0131 ve polisler taraf\u0131ndan \u201cSiz tapunuzu vermeseniz bile biz gelip evleri y\u0131kaca\u011f\u0131z. Bizi dinlemezseniz e\u015fyalar\u0131n\u0131z da y\u0131k\u0131nt\u0131lar\u0131n i\u00e7inde kal\u0131r\u201d s\u00f6zleriyle tehdit edildi\u011fi \u00f6ne s\u00fcr\u00fcld\u00fc.<\/p>\n<p style=\"text-align: justify;\">1950\u2019den bu yana Kale Mahallesi\u2019nde ikamet etti\u011fini belirten Ercan \u00c7ete, evini y\u0131kt\u0131rmak istemeyen 20 ki\u015fiden biri. \u201c148 y\u0131ll\u0131k bir ev bu. Osmanl\u0131 d\u00f6neminden tapusu var. Mahalledeki 500 evden 300\u2019\u00fcn\u00fcn y\u0131k\u0131m\u0131 Belediye taraf\u0131ndan yap\u0131ld\u0131\u201d diyen \u00c7ete, y\u00fcr\u00fctmenin durdurulmas\u0131 i\u00e7in bir\u00e7ok merciye ba\u015fvurdu\u011funu fakat sonu\u00e7 alamad\u0131\u011f\u0131n\u0131 s\u00f6yl\u00fcyor: \u201cEvimin tarihi eser oldu\u011funu anlatt\u0131m ve y\u0131k\u0131lmamas\u0131n\u0131 istedim. TOK\u0130 ve Belediye su\u00e7u birbirine at\u0131yor. Valili\u011fe de ba\u015fvurdum fakat karardan geri d\u00f6n\u00fc\u015f olmad\u0131\u011f\u0131n\u0131 s\u00f6ylediler. Benim g\u00f6z\u00fcmde evim 500 milyarl\u0131k ama y\u0131k\u0131l\u0131nca, kar\u015f\u0131l\u0131\u011f\u0131nda, TOK\u0130\u2019ye bor\u00e7lanarak sadece bir daire alaca\u011f\u0131m. 14 Haziran evlerin bo\u015fat\u0131lmas\u0131 i\u00e7in son g\u00fcnd\u00fc. Belediye g\u00f6revlileri \u00e7\u0131kmam i\u00e7in beni tehdit etti ama evden \u00e7\u0131kmayaca\u011f\u0131m. Her an evimi y\u0131kabilirler.\u201d<\/p>\n<p style=\"text-align: justify;\"><b>BDP\u2019den soru \u00f6nergesi<\/b><\/p>\n<p style=\"text-align: justify;\">BDP Mu\u015f Milletvekili Demir \u00c7elik, konuyu TBMM\u2019ye ta\u015f\u0131d\u0131. \u00c7evre ve \u015eehircilik Bakan\u0131 Erdo\u011fan Bayraktar\u2019\u0131n yan\u0131tlamas\u0131 istemiyle verilen soru \u00f6nergesinde \u015fu ifadeler yer al\u0131yor: \u201cSe\u00e7im b\u00f6lgem olan Mu\u015f Merkez Kale mahallesinde yer alan, Ermenilerden kalma hamamlar, kiliseler ve tarihi evlerin y\u0131k\u0131larak yerlerine TOK\u0130 binalar\u0131 yap\u0131lmaktad\u0131r. Bu uygulama b\u00f6lgenin \u00e7okk\u00fclt\u00fcrl\u00fc yap\u0131s\u0131na ve tarihi dokusuna zarar vermektedir. TOK\u0130\u2019nin Mu\u015f ilinde yapt\u0131\u011f\u0131 proje ne zaman ihale edilmi\u015ftir? Projedeki konut say\u0131s\u0131 nedir? Projedeki dairelerin net metrekare \u00fczerinden fiyatlar\u0131 nedir? \u0130haleyi hangi firma ya da firmalar alm\u0131\u015ft\u0131r? Resmi olarak dairelerin hak sahiplerine teslim tarihi nedir? Teslim tarihinin ge\u00e7mesi halinde m\u00fceyyideler nedir? Hak sahiplerinin ma\u011fduriyetleri nas\u0131l kar\u015f\u0131lanacakt\u0131r?\u201d<\/p>\n<p style=\"text-align: justify;\"><b>\u0130nternette imza kampanyas\u0131<\/b><\/p>\n<p style=\"text-align: justify;\">Mu\u015f\u2019taki Ermeni evlerinin y\u0131k\u0131m\u0131n\u0131n durdurulmas\u0131 i\u00e7in, internet \u00fczerinden bir imza kampanyas\u0131 ba\u015flat\u0131ld\u0131. imzakampanyam.com adresinde yer alan kampanya metninde \u015fu ifadeler yer al\u0131yor: \u201cMu\u015f\u2019ta AKP\u2019li belediye, tarihi Ermeni evlerini y\u0131karak TOK\u0130\u2019ye pe\u015fke\u015f \u00e7ekiyor. Hepimizin bildi\u011fi \u00fczere sermayenin bir amac\u0131 k\u00e2r\u0131n\u0131 maksime etmek, di\u011fer bir ama\u00e7 da toplumsal bellekleri yok etmek. Bug\u00fcn anayurtlar\u0131 olan bu b\u00f6lgede Ermeni halk\u0131n\u0131n b\u00fct\u00fcn izlerini silmek isteyen Kemalizm, Mu\u015f\u2019ta AKP ile bunu yapmaya \u00e7al\u0131\u015fmaktad\u0131r.\u201d<\/p>\n<p style=\"text-align: justify;\"><b>1915 \u00f6ncesinde Mu\u015f kazas\u0131<\/b><\/p>\n<p style=\"text-align: justify;\">299 kilise, 94 manast\u0131r, 53 hac yeri ve 5,669 \u00f6\u011frencili 135 okulun bulundu\u011fu 339 k\u00f6yde,\u00a0 140,555 Ermeni\u2019yi bar\u0131nd\u0131ran (16.927 hane) Mu\u015f sanca\u011f\u0131, Ermenilerin ya\u015fad\u0131\u011f\u0131 en kalabal\u0131k ve etnik a\u00e7\u0131dan en homojen yap\u0131ya sahip b\u00f6lgeydi. Daronlu antik Mamigonyan Prensli\u011fi\u2019nin bulundu\u011fu b\u00f6lgede yer akan sancak, be\u015f kazaya b\u00f6l\u00fcnm\u00fc\u015ft\u00fc: Mu\u015f, Sasun, Manazgerd, Pulane\u011f\/Bulan\u0131k ve Varto\/Gumgum.<\/p>\n<p style=\"text-align: justify;\">Kuzeydo\u011fu-g\u00fcneybat\u0131 y\u00f6n\u00fcnde akan Do\u011fu F\u0131rat\u2019\u0131n (Murat Suyu) sulad\u0131\u011f\u0131, da\u011flar\u0131n aras\u0131na s\u0131k\u0131\u015fm\u0131\u015f olan Mu\u015f Ovas\u0131, tarihi ve co\u011frafi a\u00e7\u0131dan b\u00f6lgenin merkezi konumundayd\u0131. Do\u011fuda Nemrut Da\u011f\u0131, kuzeyde Bing\u00f6l\/P\u00fcragn Da\u011f\u0131, g\u00fcneyinde ise Sasun\u2019u da kapsayan Toros S\u0131rada\u011flar\u0131 uzan\u0131yordu.<\/p>\n<p style=\"text-align: justify;\">Mu\u015f; g\u00fcneye, do\u011fuya ve bat\u0131ya a\u00e7\u0131lan ayn\u0131 adl\u0131 b\u00fcy\u00fck ovan\u0131n s\u0131n\u0131r\u0131ndaki bir tepenin \u00fcst\u00fcnde a\u015fa\u011f\u0131dan yukar\u0131ya do\u011fru basamaklar halinde yay\u0131lm\u0131\u015ft\u0131. 20. y\u00fczy\u0131l\u0131n ba\u015flar\u0131nda, Mu\u015f evleri genellikle moloz ta\u015f\u0131 ve kerpi\u00e7ten in\u015fa edilmi\u015fti; hatta ta\u015f duvarlar \u00f6r\u00fclerek yap\u0131lm\u0131\u015f olanlar\u0131 vard\u0131, \u00e7o\u011funlukla ah\u015fap oymal\u0131 balkonlar\u0131 bulunan bu evler iki ya da \u00fc\u00e7 katl\u0131yd\u0131. Mu\u015f, Sasun\u2019un hemen yak\u0131n\u0131ndaki da\u011fl\u0131k b\u00f6lgenin habercisi olan Dzirnagadar Da\u011f\u0131 ve Gortuk Da\u011flar\u0131\u2019yla ku\u015fat\u0131lm\u0131\u015ft\u0131. Tara\u00e7a \u015feklince ve bostanlarla kapal\u0131 olan, sa\u011fda-solda kavak a\u011fa\u00e7lar\u0131n\u0131n sal\u0131nd\u0131\u011f\u0131 civardaki b\u00fct\u00fcn tepecikler; bu\u011fday, arpa, \u00e7avdar, pamuk ve t\u00fct\u00fcn tarlalar\u0131n\u0131n uzand\u0131\u011f\u0131 vadiye kadar ula\u015f\u0131yordu. (EE)<\/p>\n<p style=\"text-align: justify;\"><b><i>(1915 \u00d6ncesinde Ermeniler, \u0130stanbul, Aras Yay. 2012)<\/i><\/b><\/p>\n<p style=\"text-align: justify;\"><b><i>emreertani@agos.com.tr<\/i><\/b><\/p>\n<p style=\"text-align: justify;\"><b><i>http:\/\/www.agos.com.tr\/haber.php?seo=musta-ermeni-evlerinin-yerine-toki-konutlari-yapiliyor&amp;haberid=5302<\/i><\/b><\/p>\n","protected":false},"excerpt":{"rendered":"<p>EMRE ERTAN\u0130 Mu\u015f\u2019ta Ermenilere ait tarihi yap\u0131lar, TOK\u0130 (Toplu Konut \u0130daresi) taraf\u0131ndan y\u0131k\u0131l\u0131yor. Merkez Kale Mahallesi\u2019nde bulunan 500\u2019e yak\u0131n evin b\u00fcy\u00fck \u00e7o\u011funlu\u011fu Belediye taraf\u0131ndan y\u0131k\u0131ld\u0131. Kentsel d\u00f6n\u00fc\u015f\u00fcm karar\u0131n\u0131n ard\u0131ndan, y\u0131k\u0131ma ba\u015flanmadan \u00f6nce, bir\u00e7ok ki\u015finin define aramak i\u00e7in evlerinin alt\u0131n\u0131 kazd\u0131\u011f\u0131 belirtiliyor. Van depreminden sonra, h\u00fck\u00fcmetin T\u00fcrkiye genelinde h\u0131z verdi\u011fi kentsel d\u00f6n\u00fc\u015f\u00fcm \u00e7al\u0131\u015fmalar\u0131 kapsam\u0131nda y\u00fcr\u00fct\u00fclen projelerde [&hellip;]<\/p>\n","protected":false},"author":7,"featured_media":0,"comment_status":"open","ping_status":"open","sticky":false,"template":"","format":"standard","meta":{"footnotes":""},"categories":[22,1],"tags":[],"class_list":["post-24429","post","type-post","status-publish","format-standard","hentry","category-gunumuzde-bati-ermenistan","category-haberler"],"yoast_head":"<!-- This site is optimized with the Yoast SEO plugin v27.4 - https:\/\/yoast.com\/product\/yoast-seo-wordpress\/ -->\n<title>Mu\u015f\u2019ta Ermeni evlerinin yerine TOK\u0130 konutlar\u0131 yap\u0131l\u0131yor - Bati Ermenistan Ve Bati Ermenileri Sorunlari Ara\u015ftirmalar Merkezi<\/title>\n<meta name=\"robots\" content=\"index, follow, max-snippet:-1, max-image-preview:large, max-video-preview:-1\" \/>\n<link rel=\"canonical\" href=\"https:\/\/akunq.net\/tr\/?p=24429\" \/>\n<meta property=\"og:locale\" content=\"en_US\" \/>\n<meta property=\"og:type\" content=\"article\" \/>\n<meta property=\"og:title\" content=\"Mu\u015f\u2019ta Ermeni evlerinin yerine TOK\u0130 konutlar\u0131 yap\u0131l\u0131yor - Bati Ermenistan Ve Bati Ermenileri Sorunlari Ara\u015ftirmalar Merkezi\" \/>\n<meta property=\"og:description\" content=\"EMRE ERTAN\u0130 Mu\u015f\u2019ta Ermenilere ait tarihi yap\u0131lar, TOK\u0130 (Toplu Konut \u0130daresi) taraf\u0131ndan y\u0131k\u0131l\u0131yor. Merkez Kale Mahallesi\u2019nde bulunan 500\u2019e yak\u0131n evin b\u00fcy\u00fck \u00e7o\u011funlu\u011fu Belediye taraf\u0131ndan y\u0131k\u0131ld\u0131. Kentsel d\u00f6n\u00fc\u015f\u00fcm karar\u0131n\u0131n ard\u0131ndan, y\u0131k\u0131ma ba\u015flanmadan \u00f6nce, bir\u00e7ok ki\u015finin define aramak i\u00e7in evlerinin alt\u0131n\u0131 kazd\u0131\u011f\u0131 belirtiliyor. Van depreminden sonra, h\u00fck\u00fcmetin T\u00fcrkiye genelinde h\u0131z verdi\u011fi kentsel d\u00f6n\u00fc\u015f\u00fcm \u00e7al\u0131\u015fmalar\u0131 kapsam\u0131nda y\u00fcr\u00fct\u00fclen projelerde [&hellip;]\" \/>\n<meta property=\"og:url\" content=\"https:\/\/akunq.net\/tr\/?p=24429\" \/>\n<meta property=\"og:site_name\" content=\"Bati Ermenistan Ve Bati Ermenileri Sorunlari Ara\u015ftirmalar Merkezi\" \/>\n<meta property=\"article:published_time\" content=\"2013-07-03T08:28:53+00:00\" \/>\n<meta name=\"author\" content=\"admin\" \/>\n<meta name=\"twitter:card\" content=\"summary_large_image\" \/>\n<meta name=\"twitter:label1\" content=\"Written by\" \/>\n\t<meta name=\"twitter:data1\" content=\"admin\" \/>\n\t<meta name=\"twitter:label2\" content=\"Est. reading time\" \/>\n\t<meta name=\"twitter:data2\" content=\"5 minutes\" \/>\n<script type=\"application\/ld+json\" class=\"yoast-schema-graph\">{\"@context\":\"https:\\\/\\\/schema.org\",\"@graph\":[{\"@type\":\"Article\",\"@id\":\"https:\\\/\\\/akunq.net\\\/tr\\\/?p=24429#article\",\"isPartOf\":{\"@id\":\"https:\\\/\\\/akunq.net\\\/tr\\\/?p=24429\"},\"author\":{\"name\":\"admin\",\"@id\":\"https:\\\/\\\/akunq.net\\\/tr\\\/#\\\/schema\\\/person\\\/096f1d38a12cce57fb855b485ed24c9e\"},\"headline\":\"Mu\u015f\u2019ta Ermeni evlerinin yerine TOK\u0130 konutlar\u0131 yap\u0131l\u0131yor\",\"datePublished\":\"2013-07-03T08:28:53+00:00\",\"mainEntityOfPage\":{\"@id\":\"https:\\\/\\\/akunq.net\\\/tr\\\/?p=24429\"},\"wordCount\":1008,\"commentCount\":0,\"articleSection\":[\"G\u00fcn\u00fcm\u00fczde Bat\u0131 Ermenistan\",\"Haberler\"],\"inLanguage\":\"en-US\",\"potentialAction\":[{\"@type\":\"CommentAction\",\"name\":\"Comment\",\"target\":[\"https:\\\/\\\/akunq.net\\\/tr\\\/?p=24429#respond\"]}]},{\"@type\":\"WebPage\",\"@id\":\"https:\\\/\\\/akunq.net\\\/tr\\\/?p=24429\",\"url\":\"https:\\\/\\\/akunq.net\\\/tr\\\/?p=24429\",\"name\":\"Mu\u015f\u2019ta Ermeni evlerinin yerine TOK\u0130 konutlar\u0131 yap\u0131l\u0131yor - Bati Ermenistan Ve Bati Ermenileri Sorunlari Ara\u015ftirmalar Merkezi\",\"isPartOf\":{\"@id\":\"https:\\\/\\\/akunq.net\\\/tr\\\/#website\"},\"datePublished\":\"2013-07-03T08:28:53+00:00\",\"author\":{\"@id\":\"https:\\\/\\\/akunq.net\\\/tr\\\/#\\\/schema\\\/person\\\/096f1d38a12cce57fb855b485ed24c9e\"},\"breadcrumb\":{\"@id\":\"https:\\\/\\\/akunq.net\\\/tr\\\/?p=24429#breadcrumb\"},\"inLanguage\":\"en-US\",\"potentialAction\":[{\"@type\":\"ReadAction\",\"target\":[\"https:\\\/\\\/akunq.net\\\/tr\\\/?p=24429\"]}]},{\"@type\":\"BreadcrumbList\",\"@id\":\"https:\\\/\\\/akunq.net\\\/tr\\\/?p=24429#breadcrumb\",\"itemListElement\":[{\"@type\":\"ListItem\",\"position\":1,\"name\":\"Home\",\"item\":\"https:\\\/\\\/akunq.net\\\/tr\"},{\"@type\":\"ListItem\",\"position\":2,\"name\":\"Mu\u015f\u2019ta Ermeni evlerinin yerine TOK\u0130 konutlar\u0131 yap\u0131l\u0131yor\"}]},{\"@type\":\"WebSite\",\"@id\":\"https:\\\/\\\/akunq.net\\\/tr\\\/#website\",\"url\":\"https:\\\/\\\/akunq.net\\\/tr\\\/\",\"name\":\"Bati Ermenistan Ve Bati Ermenileri Sorunlari Ara\u015ftirmalar Merkezi\",\"description\":\"\",\"potentialAction\":[{\"@type\":\"SearchAction\",\"target\":{\"@type\":\"EntryPoint\",\"urlTemplate\":\"https:\\\/\\\/akunq.net\\\/tr\\\/?s={search_term_string}\"},\"query-input\":{\"@type\":\"PropertyValueSpecification\",\"valueRequired\":true,\"valueName\":\"search_term_string\"}}],\"inLanguage\":\"en-US\"},{\"@type\":\"Person\",\"@id\":\"https:\\\/\\\/akunq.net\\\/tr\\\/#\\\/schema\\\/person\\\/096f1d38a12cce57fb855b485ed24c9e\",\"name\":\"admin\",\"url\":\"https:\\\/\\\/akunq.net\\\/tr\\\/?author=7\"}]}<\/script>\n<!-- \/ Yoast SEO plugin. -->","yoast_head_json":{"title":"Mu\u015f\u2019ta Ermeni evlerinin yerine TOK\u0130 konutlar\u0131 yap\u0131l\u0131yor - Bati Ermenistan Ve Bati Ermenileri Sorunlari Ara\u015ftirmalar Merkezi","robots":{"index":"index","follow":"follow","max-snippet":"max-snippet:-1","max-image-preview":"max-image-preview:large","max-video-preview":"max-video-preview:-1"},"canonical":"https:\/\/akunq.net\/tr\/?p=24429","og_locale":"en_US","og_type":"article","og_title":"Mu\u015f\u2019ta Ermeni evlerinin yerine TOK\u0130 konutlar\u0131 yap\u0131l\u0131yor - Bati Ermenistan Ve Bati Ermenileri Sorunlari Ara\u015ftirmalar Merkezi","og_description":"EMRE ERTAN\u0130 Mu\u015f\u2019ta Ermenilere ait tarihi yap\u0131lar, TOK\u0130 (Toplu Konut \u0130daresi) taraf\u0131ndan y\u0131k\u0131l\u0131yor. Merkez Kale Mahallesi\u2019nde bulunan 500\u2019e yak\u0131n evin b\u00fcy\u00fck \u00e7o\u011funlu\u011fu Belediye taraf\u0131ndan y\u0131k\u0131ld\u0131. Kentsel d\u00f6n\u00fc\u015f\u00fcm karar\u0131n\u0131n ard\u0131ndan, y\u0131k\u0131ma ba\u015flanmadan \u00f6nce, bir\u00e7ok ki\u015finin define aramak i\u00e7in evlerinin alt\u0131n\u0131 kazd\u0131\u011f\u0131 belirtiliyor. Van depreminden sonra, h\u00fck\u00fcmetin T\u00fcrkiye genelinde h\u0131z verdi\u011fi kentsel d\u00f6n\u00fc\u015f\u00fcm \u00e7al\u0131\u015fmalar\u0131 kapsam\u0131nda y\u00fcr\u00fct\u00fclen projelerde [&hellip;]","og_url":"https:\/\/akunq.net\/tr\/?p=24429","og_site_name":"Bati Ermenistan Ve Bati Ermenileri Sorunlari Ara\u015ftirmalar Merkezi","article_published_time":"2013-07-03T08:28:53+00:00","author":"admin","twitter_card":"summary_large_image","twitter_misc":{"Written by":"admin","Est. reading time":"5 minutes"},"schema":{"@context":"https:\/\/schema.org","@graph":[{"@type":"Article","@id":"https:\/\/akunq.net\/tr\/?p=24429#article","isPartOf":{"@id":"https:\/\/akunq.net\/tr\/?p=24429"},"author":{"name":"admin","@id":"https:\/\/akunq.net\/tr\/#\/schema\/person\/096f1d38a12cce57fb855b485ed24c9e"},"headline":"Mu\u015f\u2019ta Ermeni evlerinin yerine TOK\u0130 konutlar\u0131 yap\u0131l\u0131yor","datePublished":"2013-07-03T08:28:53+00:00","mainEntityOfPage":{"@id":"https:\/\/akunq.net\/tr\/?p=24429"},"wordCount":1008,"commentCount":0,"articleSection":["G\u00fcn\u00fcm\u00fczde Bat\u0131 Ermenistan","Haberler"],"inLanguage":"en-US","potentialAction":[{"@type":"CommentAction","name":"Comment","target":["https:\/\/akunq.net\/tr\/?p=24429#respond"]}]},{"@type":"WebPage","@id":"https:\/\/akunq.net\/tr\/?p=24429","url":"https:\/\/akunq.net\/tr\/?p=24429","name":"Mu\u015f\u2019ta Ermeni evlerinin yerine TOK\u0130 konutlar\u0131 yap\u0131l\u0131yor - Bati Ermenistan Ve Bati Ermenileri Sorunlari Ara\u015ftirmalar Merkezi","isPartOf":{"@id":"https:\/\/akunq.net\/tr\/#website"},"datePublished":"2013-07-03T08:28:53+00:00","author":{"@id":"https:\/\/akunq.net\/tr\/#\/schema\/person\/096f1d38a12cce57fb855b485ed24c9e"},"breadcrumb":{"@id":"https:\/\/akunq.net\/tr\/?p=24429#breadcrumb"},"inLanguage":"en-US","potentialAction":[{"@type":"ReadAction","target":["https:\/\/akunq.net\/tr\/?p=24429"]}]},{"@type":"BreadcrumbList","@id":"https:\/\/akunq.net\/tr\/?p=24429#breadcrumb","itemListElement":[{"@type":"ListItem","position":1,"name":"Home","item":"https:\/\/akunq.net\/tr"},{"@type":"ListItem","position":2,"name":"Mu\u015f\u2019ta Ermeni evlerinin yerine TOK\u0130 konutlar\u0131 yap\u0131l\u0131yor"}]},{"@type":"WebSite","@id":"https:\/\/akunq.net\/tr\/#website","url":"https:\/\/akunq.net\/tr\/","name":"Bati Ermenistan Ve Bati Ermenileri Sorunlari Ara\u015ftirmalar Merkezi","description":"","potentialAction":[{"@type":"SearchAction","target":{"@type":"EntryPoint","urlTemplate":"https:\/\/akunq.net\/tr\/?s={search_term_string}"},"query-input":{"@type":"PropertyValueSpecification","valueRequired":true,"valueName":"search_term_string"}}],"inLanguage":"en-US"},{"@type":"Person","@id":"https:\/\/akunq.net\/tr\/#\/schema\/person\/096f1d38a12cce57fb855b485ed24c9e","name":"admin","url":"https:\/\/akunq.net\/tr\/?author=7"}]}},"_links":{"self":[{"href":"https:\/\/akunq.net\/tr\/index.php?rest_route=\/wp\/v2\/posts\/24429","targetHints":{"allow":["GET"]}}],"collection":[{"href":"https:\/\/akunq.net\/tr\/index.php?rest_route=\/wp\/v2\/posts"}],"about":[{"href":"https:\/\/akunq.net\/tr\/index.php?rest_route=\/wp\/v2\/types\/post"}],"author":[{"embeddable":true,"href":"https:\/\/akunq.net\/tr\/index.php?rest_route=\/wp\/v2\/users\/7"}],"replies":[{"embeddable":true,"href":"https:\/\/akunq.net\/tr\/index.php?rest_route=%2Fwp%2Fv2%2Fcomments&post=24429"}],"version-history":[{"count":1,"href":"https:\/\/akunq.net\/tr\/index.php?rest_route=\/wp\/v2\/posts\/24429\/revisions"}],"predecessor-version":[{"id":24431,"href":"https:\/\/akunq.net\/tr\/index.php?rest_route=\/wp\/v2\/posts\/24429\/revisions\/24431"}],"wp:attachment":[{"href":"https:\/\/akunq.net\/tr\/index.php?rest_route=%2Fwp%2Fv2%2Fmedia&parent=24429"}],"wp:term":[{"taxonomy":"category","embeddable":true,"href":"https:\/\/akunq.net\/tr\/index.php?rest_route=%2Fwp%2Fv2%2Fcategories&post=24429"},{"taxonomy":"post_tag","embeddable":true,"href":"https:\/\/akunq.net\/tr\/index.php?rest_route=%2Fwp%2Fv2%2Ftags&post=24429"}],"curies":[{"name":"wp","href":"https:\/\/api.w.org\/{rel}","templated":true}]}}