{"id":24408,"date":"2013-07-02T02:24:17","date_gmt":"2013-07-02T07:24:17","guid":{"rendered":"http:\/\/akunq.net\/tr\/?p=24408"},"modified":"2013-07-02T02:25:37","modified_gmt":"2013-07-02T07:25:37","slug":"yerevanda-yuzyilin-soygunu-osmanli-imparatorlugunda-1914-1923-yillari-arasinda-ermenilerin-kendi-varligindan-mahrum-edilmesi-baslikli-kitap-yayimlandi","status":"publish","type":"post","link":"https:\/\/akunq.net\/tr\/?p=24408","title":{"rendered":"Yerevan\u2019da \u201cY\u00fczy\u0131l\u0131n soygunu. Osmanl\u0131 \u0130mparatorlu\u011fu\u2019nda 1914-1923 y\u0131llar\u0131 aras\u0131nda Ermenilerin kendi varl\u0131\u011f\u0131ndan mahrum edilmesi\u201d ba\u015fl\u0131kl\u0131 kitap yay\u0131mland\u0131"},"content":{"rendered":"<p style=\"text-align: justify;\"><a href=\"http:\/\/akunq.net\/tr\/?attachment_id=24410\" rel=\"attachment wp-att-24410\"><img loading=\"lazy\" decoding=\"async\" class=\"alignright size-full wp-image-24410\" alt=\"Y\u00fczy\u0131l\u0131n soygunu\" src=\"http:\/\/akunq.net\/tr\/wp-content\/uploads\/2013\/07\/Y\u00fczy\u0131l\u0131n-soygunu.jpg\" width=\"200\" height=\"150\" \/><\/a>Mesrop Ma\u015ftots adl\u0131 Eski Elyazmalar\u0131 Ara\u015ft\u0131rmalar\u0131 Enstit\u00fcs\u00fc (Matenadaran), \u201cHayastan\u201d Panarmenian Fonu\u2019nun deste\u011fiyle Matenadaran Ar\u015fivi bilim \u00e7al\u0131\u015fan\u0131 Anahit Astoyan\u2019\u0131n \u201cY\u00fczy\u0131l\u0131n soygunu. Osmanl\u0131 \u0130mparatorlu\u011fu\u2019nda 1914-1923 y\u0131llar\u0131 aras\u0131nda Ermenilerin kendi varl\u0131\u011f\u0131ndan mahrum edilmesi\u201d kitab\u0131n\u0131 yay\u0131mlad\u0131.<\/p>\n<p style=\"text-align: justify;\">\u201cARMSCOOP\u201d web sayfas\u0131ndan edinilen habere g\u00f6re, kitapta ar\u015fiv belgeleri, Ermeni, T\u00fcrk ve yabanc\u0131 di\u011fer kaynaklara dayan\u0131larak Osmanl\u0131 \u0130mparatorlu\u011fu\u2019nda 1914-1923 y\u0131llar\u0131 aras\u0131nda Ittihat\u00e7\u0131 ve Kemalist h\u00fck\u00fcmetler taraf\u0131ndan Ermenilerin kendi varl\u0131\u011f\u0131ndan mahrum edilmesinin ger\u00e7ek tarihi sunulmaktad\u0131r.<\/p>\n<p style=\"text-align: justify;\"><b><i>Haber, \u2018Akunq\u2019 web sayfas\u0131 taraf\u0131ndan k\u0131sat\u0131lm\u0131\u015f ve redakte edilmi\u015f olarak sunulmaktad\u0131r.<\/i><\/b><\/p>\n<p style=\"text-align: justify;\"><b><i>http:\/\/www.ermenihaber.am\/?lang_id=1&amp;menyu_id=9&amp;news_=5&amp;cur_news=214<\/i><\/b><\/p>\n","protected":false},"excerpt":{"rendered":"<p>Mesrop Ma\u015ftots adl\u0131 Eski Elyazmalar\u0131 Ara\u015ft\u0131rmalar\u0131 Enstit\u00fcs\u00fc (Matenadaran), \u201cHayastan\u201d Panarmenian Fonu\u2019nun deste\u011fiyle Matenadaran Ar\u015fivi bilim \u00e7al\u0131\u015fan\u0131 Anahit Astoyan\u2019\u0131n \u201cY\u00fczy\u0131l\u0131n soygunu. Osmanl\u0131 \u0130mparatorlu\u011fu\u2019nda 1914-1923 y\u0131llar\u0131 aras\u0131nda Ermenilerin kendi varl\u0131\u011f\u0131ndan mahrum edilmesi\u201d kitab\u0131n\u0131 yay\u0131mlad\u0131. \u201cARMSCOOP\u201d web sayfas\u0131ndan edinilen habere g\u00f6re, kitapta ar\u015fiv belgeleri, Ermeni, T\u00fcrk ve yabanc\u0131 di\u011fer kaynaklara dayan\u0131larak Osmanl\u0131 \u0130mparatorlu\u011fu\u2019nda 1914-1923 y\u0131llar\u0131 aras\u0131nda Ittihat\u00e7\u0131 ve [&hellip;]<\/p>\n","protected":false},"author":7,"featured_media":0,"comment_status":"open","ping_status":"open","sticky":false,"template":"","format":"standard","meta":{"footnotes":""},"categories":[1,54],"tags":[],"class_list":["post-24408","post","type-post","status-publish","format-standard","hentry","category-haberler","category-kitaplar-elestiriler"],"yoast_head":"<!-- This site is optimized with the Yoast SEO plugin v27.4 - https:\/\/yoast.com\/product\/yoast-seo-wordpress\/ -->\n<title>Yerevan\u2019da \u201cY\u00fczy\u0131l\u0131n soygunu. Osmanl\u0131 \u0130mparatorlu\u011fu\u2019nda 1914-1923 y\u0131llar\u0131 aras\u0131nda Ermenilerin kendi varl\u0131\u011f\u0131ndan mahrum edilmesi\u201d ba\u015fl\u0131kl\u0131 kitap yay\u0131mland\u0131 - Bati Ermenistan Ve Bati Ermenileri Sorunlari Ara\u015ftirmalar Merkezi<\/title>\n<meta name=\"robots\" content=\"index, follow, max-snippet:-1, max-image-preview:large, max-video-preview:-1\" \/>\n<link rel=\"canonical\" href=\"https:\/\/akunq.net\/tr\/?p=24408\" \/>\n<meta property=\"og:locale\" content=\"en_US\" \/>\n<meta property=\"og:type\" content=\"article\" \/>\n<meta property=\"og:title\" content=\"Yerevan\u2019da \u201cY\u00fczy\u0131l\u0131n soygunu. Osmanl\u0131 \u0130mparatorlu\u011fu\u2019nda 1914-1923 y\u0131llar\u0131 aras\u0131nda Ermenilerin kendi varl\u0131\u011f\u0131ndan mahrum edilmesi\u201d ba\u015fl\u0131kl\u0131 kitap yay\u0131mland\u0131 - Bati Ermenistan Ve Bati Ermenileri Sorunlari Ara\u015ftirmalar Merkezi\" \/>\n<meta property=\"og:description\" content=\"Mesrop Ma\u015ftots adl\u0131 Eski Elyazmalar\u0131 Ara\u015ft\u0131rmalar\u0131 Enstit\u00fcs\u00fc (Matenadaran), \u201cHayastan\u201d Panarmenian Fonu\u2019nun deste\u011fiyle Matenadaran Ar\u015fivi bilim \u00e7al\u0131\u015fan\u0131 Anahit Astoyan\u2019\u0131n \u201cY\u00fczy\u0131l\u0131n soygunu. Osmanl\u0131 \u0130mparatorlu\u011fu\u2019nda 1914-1923 y\u0131llar\u0131 aras\u0131nda Ermenilerin kendi varl\u0131\u011f\u0131ndan mahrum edilmesi\u201d kitab\u0131n\u0131 yay\u0131mlad\u0131. \u201cARMSCOOP\u201d web sayfas\u0131ndan edinilen habere g\u00f6re, kitapta ar\u015fiv belgeleri, Ermeni, T\u00fcrk ve yabanc\u0131 di\u011fer kaynaklara dayan\u0131larak Osmanl\u0131 \u0130mparatorlu\u011fu\u2019nda 1914-1923 y\u0131llar\u0131 aras\u0131nda Ittihat\u00e7\u0131 ve [&hellip;]\" \/>\n<meta property=\"og:url\" content=\"https:\/\/akunq.net\/tr\/?p=24408\" \/>\n<meta property=\"og:site_name\" content=\"Bati Ermenistan Ve Bati Ermenileri Sorunlari Ara\u015ftirmalar Merkezi\" \/>\n<meta property=\"article:published_time\" content=\"2013-07-02T07:24:17+00:00\" \/>\n<meta property=\"article:modified_time\" content=\"2013-07-02T07:25:37+00:00\" \/>\n<meta name=\"author\" content=\"admin\" \/>\n<meta name=\"twitter:card\" content=\"summary_large_image\" \/>\n<meta name=\"twitter:label1\" content=\"Written by\" \/>\n\t<meta name=\"twitter:data1\" content=\"admin\" \/>\n\t<meta name=\"twitter:label2\" content=\"Est. reading time\" \/>\n\t<meta name=\"twitter:data2\" content=\"1 minute\" \/>\n<script type=\"application\/ld+json\" class=\"yoast-schema-graph\">{\"@context\":\"https:\\\/\\\/schema.org\",\"@graph\":[{\"@type\":\"Article\",\"@id\":\"https:\\\/\\\/akunq.net\\\/tr\\\/?p=24408#article\",\"isPartOf\":{\"@id\":\"https:\\\/\\\/akunq.net\\\/tr\\\/?p=24408\"},\"author\":{\"name\":\"admin\",\"@id\":\"https:\\\/\\\/akunq.net\\\/tr\\\/#\\\/schema\\\/person\\\/096f1d38a12cce57fb855b485ed24c9e\"},\"headline\":\"Yerevan\u2019da \u201cY\u00fczy\u0131l\u0131n soygunu. Osmanl\u0131 \u0130mparatorlu\u011fu\u2019nda 1914-1923 y\u0131llar\u0131 aras\u0131nda Ermenilerin kendi varl\u0131\u011f\u0131ndan mahrum edilmesi\u201d ba\u015fl\u0131kl\u0131 kitap yay\u0131mland\u0131\",\"datePublished\":\"2013-07-02T07:24:17+00:00\",\"dateModified\":\"2013-07-02T07:25:37+00:00\",\"mainEntityOfPage\":{\"@id\":\"https:\\\/\\\/akunq.net\\\/tr\\\/?p=24408\"},\"wordCount\":158,\"commentCount\":0,\"articleSection\":[\"Haberler\",\"Kitaplar-Ele\u015ftiriler\"],\"inLanguage\":\"en-US\",\"potentialAction\":[{\"@type\":\"CommentAction\",\"name\":\"Comment\",\"target\":[\"https:\\\/\\\/akunq.net\\\/tr\\\/?p=24408#respond\"]}]},{\"@type\":\"WebPage\",\"@id\":\"https:\\\/\\\/akunq.net\\\/tr\\\/?p=24408\",\"url\":\"https:\\\/\\\/akunq.net\\\/tr\\\/?p=24408\",\"name\":\"Yerevan\u2019da \u201cY\u00fczy\u0131l\u0131n soygunu. Osmanl\u0131 \u0130mparatorlu\u011fu\u2019nda 1914-1923 y\u0131llar\u0131 aras\u0131nda Ermenilerin kendi varl\u0131\u011f\u0131ndan mahrum edilmesi\u201d ba\u015fl\u0131kl\u0131 kitap yay\u0131mland\u0131 - Bati Ermenistan Ve Bati Ermenileri Sorunlari Ara\u015ftirmalar Merkezi\",\"isPartOf\":{\"@id\":\"https:\\\/\\\/akunq.net\\\/tr\\\/#website\"},\"datePublished\":\"2013-07-02T07:24:17+00:00\",\"dateModified\":\"2013-07-02T07:25:37+00:00\",\"author\":{\"@id\":\"https:\\\/\\\/akunq.net\\\/tr\\\/#\\\/schema\\\/person\\\/096f1d38a12cce57fb855b485ed24c9e\"},\"breadcrumb\":{\"@id\":\"https:\\\/\\\/akunq.net\\\/tr\\\/?p=24408#breadcrumb\"},\"inLanguage\":\"en-US\",\"potentialAction\":[{\"@type\":\"ReadAction\",\"target\":[\"https:\\\/\\\/akunq.net\\\/tr\\\/?p=24408\"]}]},{\"@type\":\"BreadcrumbList\",\"@id\":\"https:\\\/\\\/akunq.net\\\/tr\\\/?p=24408#breadcrumb\",\"itemListElement\":[{\"@type\":\"ListItem\",\"position\":1,\"name\":\"Home\",\"item\":\"https:\\\/\\\/akunq.net\\\/tr\"},{\"@type\":\"ListItem\",\"position\":2,\"name\":\"Yerevan\u2019da \u201cY\u00fczy\u0131l\u0131n soygunu. Osmanl\u0131 \u0130mparatorlu\u011fu\u2019nda 1914-1923 y\u0131llar\u0131 aras\u0131nda Ermenilerin kendi varl\u0131\u011f\u0131ndan mahrum edilmesi\u201d ba\u015fl\u0131kl\u0131 kitap yay\u0131mland\u0131\"}]},{\"@type\":\"WebSite\",\"@id\":\"https:\\\/\\\/akunq.net\\\/tr\\\/#website\",\"url\":\"https:\\\/\\\/akunq.net\\\/tr\\\/\",\"name\":\"Bati Ermenistan Ve Bati Ermenileri Sorunlari Ara\u015ftirmalar Merkezi\",\"description\":\"\",\"potentialAction\":[{\"@type\":\"SearchAction\",\"target\":{\"@type\":\"EntryPoint\",\"urlTemplate\":\"https:\\\/\\\/akunq.net\\\/tr\\\/?s={search_term_string}\"},\"query-input\":{\"@type\":\"PropertyValueSpecification\",\"valueRequired\":true,\"valueName\":\"search_term_string\"}}],\"inLanguage\":\"en-US\"},{\"@type\":\"Person\",\"@id\":\"https:\\\/\\\/akunq.net\\\/tr\\\/#\\\/schema\\\/person\\\/096f1d38a12cce57fb855b485ed24c9e\",\"name\":\"admin\",\"url\":\"https:\\\/\\\/akunq.net\\\/tr\\\/?author=7\"}]}<\/script>\n<!-- \/ Yoast SEO plugin. -->","yoast_head_json":{"title":"Yerevan\u2019da \u201cY\u00fczy\u0131l\u0131n soygunu. Osmanl\u0131 \u0130mparatorlu\u011fu\u2019nda 1914-1923 y\u0131llar\u0131 aras\u0131nda Ermenilerin kendi varl\u0131\u011f\u0131ndan mahrum edilmesi\u201d ba\u015fl\u0131kl\u0131 kitap yay\u0131mland\u0131 - Bati Ermenistan Ve Bati Ermenileri Sorunlari Ara\u015ftirmalar Merkezi","robots":{"index":"index","follow":"follow","max-snippet":"max-snippet:-1","max-image-preview":"max-image-preview:large","max-video-preview":"max-video-preview:-1"},"canonical":"https:\/\/akunq.net\/tr\/?p=24408","og_locale":"en_US","og_type":"article","og_title":"Yerevan\u2019da \u201cY\u00fczy\u0131l\u0131n soygunu. Osmanl\u0131 \u0130mparatorlu\u011fu\u2019nda 1914-1923 y\u0131llar\u0131 aras\u0131nda Ermenilerin kendi varl\u0131\u011f\u0131ndan mahrum edilmesi\u201d ba\u015fl\u0131kl\u0131 kitap yay\u0131mland\u0131 - Bati Ermenistan Ve Bati Ermenileri Sorunlari Ara\u015ftirmalar Merkezi","og_description":"Mesrop Ma\u015ftots adl\u0131 Eski Elyazmalar\u0131 Ara\u015ft\u0131rmalar\u0131 Enstit\u00fcs\u00fc (Matenadaran), \u201cHayastan\u201d Panarmenian Fonu\u2019nun deste\u011fiyle Matenadaran Ar\u015fivi bilim \u00e7al\u0131\u015fan\u0131 Anahit Astoyan\u2019\u0131n \u201cY\u00fczy\u0131l\u0131n soygunu. Osmanl\u0131 \u0130mparatorlu\u011fu\u2019nda 1914-1923 y\u0131llar\u0131 aras\u0131nda Ermenilerin kendi varl\u0131\u011f\u0131ndan mahrum edilmesi\u201d kitab\u0131n\u0131 yay\u0131mlad\u0131. \u201cARMSCOOP\u201d web sayfas\u0131ndan edinilen habere g\u00f6re, kitapta ar\u015fiv belgeleri, Ermeni, T\u00fcrk ve yabanc\u0131 di\u011fer kaynaklara dayan\u0131larak Osmanl\u0131 \u0130mparatorlu\u011fu\u2019nda 1914-1923 y\u0131llar\u0131 aras\u0131nda Ittihat\u00e7\u0131 ve [&hellip;]","og_url":"https:\/\/akunq.net\/tr\/?p=24408","og_site_name":"Bati Ermenistan Ve Bati Ermenileri Sorunlari Ara\u015ftirmalar Merkezi","article_published_time":"2013-07-02T07:24:17+00:00","article_modified_time":"2013-07-02T07:25:37+00:00","author":"admin","twitter_card":"summary_large_image","twitter_misc":{"Written by":"admin","Est. reading time":"1 minute"},"schema":{"@context":"https:\/\/schema.org","@graph":[{"@type":"Article","@id":"https:\/\/akunq.net\/tr\/?p=24408#article","isPartOf":{"@id":"https:\/\/akunq.net\/tr\/?p=24408"},"author":{"name":"admin","@id":"https:\/\/akunq.net\/tr\/#\/schema\/person\/096f1d38a12cce57fb855b485ed24c9e"},"headline":"Yerevan\u2019da \u201cY\u00fczy\u0131l\u0131n soygunu. Osmanl\u0131 \u0130mparatorlu\u011fu\u2019nda 1914-1923 y\u0131llar\u0131 aras\u0131nda Ermenilerin kendi varl\u0131\u011f\u0131ndan mahrum edilmesi\u201d ba\u015fl\u0131kl\u0131 kitap yay\u0131mland\u0131","datePublished":"2013-07-02T07:24:17+00:00","dateModified":"2013-07-02T07:25:37+00:00","mainEntityOfPage":{"@id":"https:\/\/akunq.net\/tr\/?p=24408"},"wordCount":158,"commentCount":0,"articleSection":["Haberler","Kitaplar-Ele\u015ftiriler"],"inLanguage":"en-US","potentialAction":[{"@type":"CommentAction","name":"Comment","target":["https:\/\/akunq.net\/tr\/?p=24408#respond"]}]},{"@type":"WebPage","@id":"https:\/\/akunq.net\/tr\/?p=24408","url":"https:\/\/akunq.net\/tr\/?p=24408","name":"Yerevan\u2019da \u201cY\u00fczy\u0131l\u0131n soygunu. Osmanl\u0131 \u0130mparatorlu\u011fu\u2019nda 1914-1923 y\u0131llar\u0131 aras\u0131nda Ermenilerin kendi varl\u0131\u011f\u0131ndan mahrum edilmesi\u201d ba\u015fl\u0131kl\u0131 kitap yay\u0131mland\u0131 - Bati Ermenistan Ve Bati Ermenileri Sorunlari Ara\u015ftirmalar Merkezi","isPartOf":{"@id":"https:\/\/akunq.net\/tr\/#website"},"datePublished":"2013-07-02T07:24:17+00:00","dateModified":"2013-07-02T07:25:37+00:00","author":{"@id":"https:\/\/akunq.net\/tr\/#\/schema\/person\/096f1d38a12cce57fb855b485ed24c9e"},"breadcrumb":{"@id":"https:\/\/akunq.net\/tr\/?p=24408#breadcrumb"},"inLanguage":"en-US","potentialAction":[{"@type":"ReadAction","target":["https:\/\/akunq.net\/tr\/?p=24408"]}]},{"@type":"BreadcrumbList","@id":"https:\/\/akunq.net\/tr\/?p=24408#breadcrumb","itemListElement":[{"@type":"ListItem","position":1,"name":"Home","item":"https:\/\/akunq.net\/tr"},{"@type":"ListItem","position":2,"name":"Yerevan\u2019da \u201cY\u00fczy\u0131l\u0131n soygunu. Osmanl\u0131 \u0130mparatorlu\u011fu\u2019nda 1914-1923 y\u0131llar\u0131 aras\u0131nda Ermenilerin kendi varl\u0131\u011f\u0131ndan mahrum edilmesi\u201d ba\u015fl\u0131kl\u0131 kitap yay\u0131mland\u0131"}]},{"@type":"WebSite","@id":"https:\/\/akunq.net\/tr\/#website","url":"https:\/\/akunq.net\/tr\/","name":"Bati Ermenistan Ve Bati Ermenileri Sorunlari Ara\u015ftirmalar Merkezi","description":"","potentialAction":[{"@type":"SearchAction","target":{"@type":"EntryPoint","urlTemplate":"https:\/\/akunq.net\/tr\/?s={search_term_string}"},"query-input":{"@type":"PropertyValueSpecification","valueRequired":true,"valueName":"search_term_string"}}],"inLanguage":"en-US"},{"@type":"Person","@id":"https:\/\/akunq.net\/tr\/#\/schema\/person\/096f1d38a12cce57fb855b485ed24c9e","name":"admin","url":"https:\/\/akunq.net\/tr\/?author=7"}]}},"_links":{"self":[{"href":"https:\/\/akunq.net\/tr\/index.php?rest_route=\/wp\/v2\/posts\/24408","targetHints":{"allow":["GET"]}}],"collection":[{"href":"https:\/\/akunq.net\/tr\/index.php?rest_route=\/wp\/v2\/posts"}],"about":[{"href":"https:\/\/akunq.net\/tr\/index.php?rest_route=\/wp\/v2\/types\/post"}],"author":[{"embeddable":true,"href":"https:\/\/akunq.net\/tr\/index.php?rest_route=\/wp\/v2\/users\/7"}],"replies":[{"embeddable":true,"href":"https:\/\/akunq.net\/tr\/index.php?rest_route=%2Fwp%2Fv2%2Fcomments&post=24408"}],"version-history":[{"count":3,"href":"https:\/\/akunq.net\/tr\/index.php?rest_route=\/wp\/v2\/posts\/24408\/revisions"}],"predecessor-version":[{"id":24412,"href":"https:\/\/akunq.net\/tr\/index.php?rest_route=\/wp\/v2\/posts\/24408\/revisions\/24412"}],"wp:attachment":[{"href":"https:\/\/akunq.net\/tr\/index.php?rest_route=%2Fwp%2Fv2%2Fmedia&parent=24408"}],"wp:term":[{"taxonomy":"category","embeddable":true,"href":"https:\/\/akunq.net\/tr\/index.php?rest_route=%2Fwp%2Fv2%2Fcategories&post=24408"},{"taxonomy":"post_tag","embeddable":true,"href":"https:\/\/akunq.net\/tr\/index.php?rest_route=%2Fwp%2Fv2%2Ftags&post=24408"}],"curies":[{"name":"wp","href":"https:\/\/api.w.org\/{rel}","templated":true}]}}