{"id":24401,"date":"2013-07-02T01:47:10","date_gmt":"2013-07-02T06:47:10","guid":{"rendered":"http:\/\/akunq.net\/tr\/?p=24401"},"modified":"2013-07-02T01:47:10","modified_gmt":"2013-07-02T06:47:10","slug":"ermenilerin-son-dua-yeri-acildi","status":"publish","type":"post","link":"https:\/\/akunq.net\/tr\/?p=24401","title":{"rendered":"Ermenilerin son dua yeri a\u00e7\u0131ld\u0131"},"content":{"rendered":"<p style=\"text-align: justify;\"><b><i><a href=\"http:\/\/akunq.net\/tr\/?attachment_id=24402\" rel=\"attachment wp-att-24402\"><img loading=\"lazy\" decoding=\"async\" class=\"alignright size-medium wp-image-24402\" alt=\"Ermenilerin son dua yeri\" src=\"http:\/\/akunq.net\/tr\/wp-content\/uploads\/2013\/07\/Ermenilerin-son-dua-yeri1-300x183.jpg\" width=\"300\" height=\"183\" srcset=\"https:\/\/akunq.net\/tr\/wp-content\/uploads\/sites\/6\/2013\/07\/Ermenilerin-son-dua-yeri1-300x183.jpg 300w, https:\/\/akunq.net\/tr\/wp-content\/uploads\/sites\/6\/2013\/07\/Ermenilerin-son-dua-yeri1.jpg 540w\" sizes=\"auto, (max-width: 300px) 100vw, 300px\" \/><\/a>MALATYA Belediyesi ekiplerince ge\u00e7ti\u011fimiz y\u0131l yanl\u0131\u015fl\u0131kla y\u0131k\u0131lan Ermeni Mezarl\u0131\u011f\u0131&#8217;nda bulunan son dua yerinin a\u00e7\u0131l\u0131\u015f\u0131 yap\u0131ld\u0131. A\u00e7\u0131l\u0131\u015fta bir araya gelen m\u00fcft\u00fc, Cem Vakf\u0131 Ba\u015fkan\u0131 ve Hay\u0131rsever Ermeniler Derne\u011fi birlik ve beraberlik mesajlar\u0131 verdi. <\/i><\/b><\/p>\n<p style=\"text-align: justify;\">2012 y\u0131l\u0131n\u0131n \u015eubat ay\u0131nda Malatya&#8217;da Kiltepe Mahallesinde bulunan Ermeni Mezarl\u0131\u011f\u0131&#8217;nda, merkezi \u0130stanbul&#8217;da bulunan Malatyal\u0131 Hay\u0131rsever Ermeniler Derne\u011fi taraf\u0131ndan yapt\u0131r\u0131lan son dua yeri, gasilhane ve bek\u00e7i evi Malatya Belediyesi ekiplerince yanl\u0131\u015fl\u0131kla y\u0131k\u0131lm\u0131\u015ft\u0131. Olay\u0131n duyulmas\u0131n\u0131n ard\u0131ndan bir \u00e7ok kesim bu y\u0131k\u0131ma tepki g\u00f6sterirken, devreye giren Ba\u015fbakan Erdo\u011fan&#8217;da Malatya Belediye Ba\u015fkan\u0131 Ahmet \u00c7ak\u0131r&#8217;\u0131 arayarak bu yanl\u0131\u015f\u0131n biran \u00f6nce d\u00fczeltilmesini istemi\u015fti. Bunun \u00fczerine belediye taraf\u0131ndan ayn\u0131 alana Son Dua yeri, Gasilhane ve Bek\u00e7i evinin yap\u0131lmas\u0131 i\u00e7in in\u015faata ba\u015flanm\u0131\u015ft\u0131.<br \/>\nK\u0131sa s\u00fcre \u00f6nce tamamlanan in\u015faat, Malatya Hay\u0131rsever Ermeniler Derne\u011fi&#8217;ne teslim edildi. Derne\u011fin organizasyonuyla tamamlanan Son Dua yeri ile Gasilhane \u00e7ok say\u0131da Ermeni vatanda\u015f\u0131n kat\u0131l\u0131m\u0131 ile hizmete girdi. \u0130stanbul ba\u015fta olmak \u00fczere yurt d\u0131\u015f\u0131 ve i\u00e7inden \u00e7ok say\u0131da Ermeni vatanda\u015f\u0131n\u0131n geldi\u011fi a\u00e7\u0131l\u0131\u015f t\u00f6renine \u0130l M\u00fcft\u00fcs\u00fc Hac\u0131 Yusuf G\u00fcl, \u0130l Genel Meclis Ba\u015fkan\u0131 Naci \u015eavata, Ye\u015filyurt Belediye Ba\u015fkan\u0131 Mehmet Kavuk, Cem Vakf\u0131 Ba\u015fkan\u0131 E\u015fref Do\u011fan, Hac\u0131 Bekta\u015f Veli Vakf\u0131 Genel Ba\u015fkan\u0131 Hasan Me\u015feli ile Hay\u0131rsever Ermeniler Derne\u011fi y\u00f6netimi kat\u0131ld\u0131.<\/p>\n<p>Geni\u015f g\u00fcvenlik \u00f6nlemlerinin al\u0131nd\u0131\u011f\u0131 a\u00e7\u0131l\u0131\u015f t\u00f6reninde Ermeni vatanda\u015flar ilk olarak mezarl\u0131kta bulunan yak\u0131nlar\u0131n\u0131n mezarlar\u0131n\u0131 ziyaret ederek mumlar yak\u0131p dualar ettiler. Mezarl\u0131k ziyaretinin ard\u0131ndan Son Dua yeri a\u00e7\u0131l\u0131\u015f\u0131na ge\u00e7ildi. T\u00f6rende ilk konu\u015fmay\u0131 yapan HAYDER ba\u015fkan\u0131 Hosrof K\u00f6letavito\u011flu, &#8220;Bug\u00fcn burada bu topraklar i\u00e7in \u00e7ok \u015feyler yapm\u0131\u015f, ancak b\u00fcy\u00fck bir \u00e7o\u011funlu\u011fu bir mezar sahibi olamam\u0131\u015f atalar\u0131m\u0131z\u0131n ruhlar\u0131n\u0131 rahat ettirecek bir cennet k\u00f6\u015fesi yaratm\u0131\u015f olman\u0131n gururuyla bunuyoruz&#8221; dedi.<\/p>\n<p>Farkl\u0131 din ve farkl\u0131 k\u00fclt\u00fcrlerin bir arada ya\u015famas\u0131n\u0131n m\u00fcthi\u015f bir zenginlik oldu\u011funu belirten K\u00f6letavito\u011flu, Anadolu&#8217;nun topraklar\u0131nda \u00e7ok say\u0131da din, dil, \u0131rk ve zengin k\u00fclt\u00fcr\u00fcn miras\u00e7\u0131lar\u0131 oldu\u011funu s\u00f6yledi. Dernek Ba\u015fkan\u0131 K\u00f6letavito\u011flu Son dua yerinin y\u0131k\u0131ld\u0131\u011f\u0131 g\u00fcn sorumlu ve etkin davran\u0131\u015f\u0131 nedeniyle Ba\u015fbakan Erdo\u011fan ile di\u011fer yetkililere te\u015fekk\u00fcr etti.<\/p>\n<p>Malatya \u0130l M\u00fcft\u00fcs\u00fc Hac\u0131 Yusuf G\u00fcl ise yapt\u0131\u011f\u0131 konu\u015fmada, birlik ve beraberli\u011fin \u00f6nemine de\u011finerek, &#8220;Anadolu topraklar\u0131nda bin y\u0131ld\u0131r beraber ya\u015fad\u0131k. Alevisiyle, sunisiyle, K\u00fcrd\u00fcyle, Laz\u0131yla, Ermenisiyle&#8230; Biz yarad\u0131lan\u0131 yaradandan \u00f6t\u00fcr\u00fc severiz. Bu inanc\u0131n m\u00fcsamilleriyiz&#8221; dedi. M\u00fcft\u00fc G\u00fcl, bin y\u0131l birlik ve beraberlik i\u00e7erisinde nas\u0131l ya\u015fanm\u0131\u015fsa bundan sonrada k\u0131yamete kadar birlik i\u00e7erisinde ya\u015faman\u0131n m\u00fcmk\u00fcn oldu\u011funu s\u00f6yledi. Yap\u0131lan di\u011fer konu\u015fmalar\u0131n ard\u0131ndan Son Dua yeri, Ermeni din adamlar\u0131n\u0131n dualar\u0131 ile a\u00e7\u0131ld\u0131.<\/p>\n<p style=\"text-align: justify;\"><b><i>http:\/\/haber.stargazete.com\/yasam\/ermenilerin-son-dua-yeri-acildi\/haber-767482<\/i><\/b><\/p>\n","protected":false},"excerpt":{"rendered":"<p>MALATYA Belediyesi ekiplerince ge\u00e7ti\u011fimiz y\u0131l yanl\u0131\u015fl\u0131kla y\u0131k\u0131lan Ermeni Mezarl\u0131\u011f\u0131&#8217;nda bulunan son dua yerinin a\u00e7\u0131l\u0131\u015f\u0131 yap\u0131ld\u0131. A\u00e7\u0131l\u0131\u015fta bir araya gelen m\u00fcft\u00fc, Cem Vakf\u0131 Ba\u015fkan\u0131 ve Hay\u0131rsever Ermeniler Derne\u011fi birlik ve beraberlik mesajlar\u0131 verdi. 2012 y\u0131l\u0131n\u0131n \u015eubat ay\u0131nda Malatya&#8217;da Kiltepe Mahallesinde bulunan Ermeni Mezarl\u0131\u011f\u0131&#8217;nda, merkezi \u0130stanbul&#8217;da bulunan Malatyal\u0131 Hay\u0131rsever Ermeniler Derne\u011fi taraf\u0131ndan yapt\u0131r\u0131lan son dua yeri, gasilhane [&hellip;]<\/p>\n","protected":false},"author":7,"featured_media":0,"comment_status":"open","ping_status":"open","sticky":false,"template":"","format":"standard","meta":{"footnotes":""},"categories":[22,1],"tags":[],"class_list":["post-24401","post","type-post","status-publish","format-standard","hentry","category-gunumuzde-bati-ermenistan","category-haberler"],"yoast_head":"<!-- This site is optimized with the Yoast SEO plugin v27.4 - https:\/\/yoast.com\/product\/yoast-seo-wordpress\/ -->\n<title>Ermenilerin son dua yeri a\u00e7\u0131ld\u0131 - Bati Ermenistan Ve Bati Ermenileri Sorunlari Ara\u015ftirmalar Merkezi<\/title>\n<meta name=\"robots\" content=\"index, follow, max-snippet:-1, max-image-preview:large, max-video-preview:-1\" \/>\n<link rel=\"canonical\" href=\"https:\/\/akunq.net\/tr\/?p=24401\" \/>\n<meta property=\"og:locale\" content=\"en_US\" \/>\n<meta property=\"og:type\" content=\"article\" \/>\n<meta property=\"og:title\" content=\"Ermenilerin son dua yeri a\u00e7\u0131ld\u0131 - Bati Ermenistan Ve Bati Ermenileri Sorunlari Ara\u015ftirmalar Merkezi\" \/>\n<meta property=\"og:description\" content=\"MALATYA Belediyesi ekiplerince ge\u00e7ti\u011fimiz y\u0131l yanl\u0131\u015fl\u0131kla y\u0131k\u0131lan Ermeni Mezarl\u0131\u011f\u0131&#8217;nda bulunan son dua yerinin a\u00e7\u0131l\u0131\u015f\u0131 yap\u0131ld\u0131. A\u00e7\u0131l\u0131\u015fta bir araya gelen m\u00fcft\u00fc, Cem Vakf\u0131 Ba\u015fkan\u0131 ve Hay\u0131rsever Ermeniler Derne\u011fi birlik ve beraberlik mesajlar\u0131 verdi. 2012 y\u0131l\u0131n\u0131n \u015eubat ay\u0131nda Malatya&#8217;da Kiltepe Mahallesinde bulunan Ermeni Mezarl\u0131\u011f\u0131&#8217;nda, merkezi \u0130stanbul&#8217;da bulunan Malatyal\u0131 Hay\u0131rsever Ermeniler Derne\u011fi taraf\u0131ndan yapt\u0131r\u0131lan son dua yeri, gasilhane [&hellip;]\" \/>\n<meta property=\"og:url\" content=\"https:\/\/akunq.net\/tr\/?p=24401\" \/>\n<meta property=\"og:site_name\" content=\"Bati Ermenistan Ve Bati Ermenileri Sorunlari Ara\u015ftirmalar Merkezi\" \/>\n<meta property=\"article:published_time\" content=\"2013-07-02T06:47:10+00:00\" \/>\n<meta property=\"og:image\" content=\"http:\/\/akunq.net\/tr\/wp-content\/uploads\/2013\/07\/Ermenilerin-son-dua-yeri1-300x183.jpg\" \/>\n<meta name=\"author\" content=\"admin\" \/>\n<meta name=\"twitter:card\" content=\"summary_large_image\" \/>\n<meta name=\"twitter:label1\" content=\"Written by\" \/>\n\t<meta name=\"twitter:data1\" content=\"admin\" \/>\n\t<meta name=\"twitter:label2\" content=\"Est. reading time\" \/>\n\t<meta name=\"twitter:data2\" content=\"3 minutes\" \/>\n<script type=\"application\/ld+json\" class=\"yoast-schema-graph\">{\"@context\":\"https:\\\/\\\/schema.org\",\"@graph\":[{\"@type\":\"Article\",\"@id\":\"https:\\\/\\\/akunq.net\\\/tr\\\/?p=24401#article\",\"isPartOf\":{\"@id\":\"https:\\\/\\\/akunq.net\\\/tr\\\/?p=24401\"},\"author\":{\"name\":\"admin\",\"@id\":\"https:\\\/\\\/akunq.net\\\/tr\\\/#\\\/schema\\\/person\\\/096f1d38a12cce57fb855b485ed24c9e\"},\"headline\":\"Ermenilerin son dua yeri a\u00e7\u0131ld\u0131\",\"datePublished\":\"2013-07-02T06:47:10+00:00\",\"mainEntityOfPage\":{\"@id\":\"https:\\\/\\\/akunq.net\\\/tr\\\/?p=24401\"},\"wordCount\":561,\"commentCount\":0,\"image\":{\"@id\":\"https:\\\/\\\/akunq.net\\\/tr\\\/?p=24401#primaryimage\"},\"thumbnailUrl\":\"http:\\\/\\\/akunq.net\\\/tr\\\/wp-content\\\/uploads\\\/2013\\\/07\\\/Ermenilerin-son-dua-yeri1-300x183.jpg\",\"articleSection\":[\"G\u00fcn\u00fcm\u00fczde Bat\u0131 Ermenistan\",\"Haberler\"],\"inLanguage\":\"en-US\",\"potentialAction\":[{\"@type\":\"CommentAction\",\"name\":\"Comment\",\"target\":[\"https:\\\/\\\/akunq.net\\\/tr\\\/?p=24401#respond\"]}]},{\"@type\":\"WebPage\",\"@id\":\"https:\\\/\\\/akunq.net\\\/tr\\\/?p=24401\",\"url\":\"https:\\\/\\\/akunq.net\\\/tr\\\/?p=24401\",\"name\":\"Ermenilerin son dua yeri a\u00e7\u0131ld\u0131 - Bati Ermenistan Ve Bati Ermenileri Sorunlari Ara\u015ftirmalar Merkezi\",\"isPartOf\":{\"@id\":\"https:\\\/\\\/akunq.net\\\/tr\\\/#website\"},\"primaryImageOfPage\":{\"@id\":\"https:\\\/\\\/akunq.net\\\/tr\\\/?p=24401#primaryimage\"},\"image\":{\"@id\":\"https:\\\/\\\/akunq.net\\\/tr\\\/?p=24401#primaryimage\"},\"thumbnailUrl\":\"http:\\\/\\\/akunq.net\\\/tr\\\/wp-content\\\/uploads\\\/2013\\\/07\\\/Ermenilerin-son-dua-yeri1-300x183.jpg\",\"datePublished\":\"2013-07-02T06:47:10+00:00\",\"author\":{\"@id\":\"https:\\\/\\\/akunq.net\\\/tr\\\/#\\\/schema\\\/person\\\/096f1d38a12cce57fb855b485ed24c9e\"},\"breadcrumb\":{\"@id\":\"https:\\\/\\\/akunq.net\\\/tr\\\/?p=24401#breadcrumb\"},\"inLanguage\":\"en-US\",\"potentialAction\":[{\"@type\":\"ReadAction\",\"target\":[\"https:\\\/\\\/akunq.net\\\/tr\\\/?p=24401\"]}]},{\"@type\":\"ImageObject\",\"inLanguage\":\"en-US\",\"@id\":\"https:\\\/\\\/akunq.net\\\/tr\\\/?p=24401#primaryimage\",\"url\":\"https:\\\/\\\/akunq.net\\\/tr\\\/wp-content\\\/uploads\\\/sites\\\/6\\\/2013\\\/07\\\/Ermenilerin-son-dua-yeri1.jpg\",\"contentUrl\":\"https:\\\/\\\/akunq.net\\\/tr\\\/wp-content\\\/uploads\\\/sites\\\/6\\\/2013\\\/07\\\/Ermenilerin-son-dua-yeri1.jpg\",\"width\":540,\"height\":330},{\"@type\":\"BreadcrumbList\",\"@id\":\"https:\\\/\\\/akunq.net\\\/tr\\\/?p=24401#breadcrumb\",\"itemListElement\":[{\"@type\":\"ListItem\",\"position\":1,\"name\":\"Home\",\"item\":\"https:\\\/\\\/akunq.net\\\/tr\"},{\"@type\":\"ListItem\",\"position\":2,\"name\":\"Ermenilerin son dua yeri a\u00e7\u0131ld\u0131\"}]},{\"@type\":\"WebSite\",\"@id\":\"https:\\\/\\\/akunq.net\\\/tr\\\/#website\",\"url\":\"https:\\\/\\\/akunq.net\\\/tr\\\/\",\"name\":\"Bati Ermenistan Ve Bati Ermenileri Sorunlari Ara\u015ftirmalar Merkezi\",\"description\":\"\",\"potentialAction\":[{\"@type\":\"SearchAction\",\"target\":{\"@type\":\"EntryPoint\",\"urlTemplate\":\"https:\\\/\\\/akunq.net\\\/tr\\\/?s={search_term_string}\"},\"query-input\":{\"@type\":\"PropertyValueSpecification\",\"valueRequired\":true,\"valueName\":\"search_term_string\"}}],\"inLanguage\":\"en-US\"},{\"@type\":\"Person\",\"@id\":\"https:\\\/\\\/akunq.net\\\/tr\\\/#\\\/schema\\\/person\\\/096f1d38a12cce57fb855b485ed24c9e\",\"name\":\"admin\",\"url\":\"https:\\\/\\\/akunq.net\\\/tr\\\/?author=7\"}]}<\/script>\n<!-- \/ Yoast SEO plugin. -->","yoast_head_json":{"title":"Ermenilerin son dua yeri a\u00e7\u0131ld\u0131 - Bati Ermenistan Ve Bati Ermenileri Sorunlari Ara\u015ftirmalar Merkezi","robots":{"index":"index","follow":"follow","max-snippet":"max-snippet:-1","max-image-preview":"max-image-preview:large","max-video-preview":"max-video-preview:-1"},"canonical":"https:\/\/akunq.net\/tr\/?p=24401","og_locale":"en_US","og_type":"article","og_title":"Ermenilerin son dua yeri a\u00e7\u0131ld\u0131 - Bati Ermenistan Ve Bati Ermenileri Sorunlari Ara\u015ftirmalar Merkezi","og_description":"MALATYA Belediyesi ekiplerince ge\u00e7ti\u011fimiz y\u0131l yanl\u0131\u015fl\u0131kla y\u0131k\u0131lan Ermeni Mezarl\u0131\u011f\u0131&#8217;nda bulunan son dua yerinin a\u00e7\u0131l\u0131\u015f\u0131 yap\u0131ld\u0131. A\u00e7\u0131l\u0131\u015fta bir araya gelen m\u00fcft\u00fc, Cem Vakf\u0131 Ba\u015fkan\u0131 ve Hay\u0131rsever Ermeniler Derne\u011fi birlik ve beraberlik mesajlar\u0131 verdi. 2012 y\u0131l\u0131n\u0131n \u015eubat ay\u0131nda Malatya&#8217;da Kiltepe Mahallesinde bulunan Ermeni Mezarl\u0131\u011f\u0131&#8217;nda, merkezi \u0130stanbul&#8217;da bulunan Malatyal\u0131 Hay\u0131rsever Ermeniler Derne\u011fi taraf\u0131ndan yapt\u0131r\u0131lan son dua yeri, gasilhane [&hellip;]","og_url":"https:\/\/akunq.net\/tr\/?p=24401","og_site_name":"Bati Ermenistan Ve Bati Ermenileri Sorunlari Ara\u015ftirmalar Merkezi","article_published_time":"2013-07-02T06:47:10+00:00","og_image":[{"url":"http:\/\/akunq.net\/tr\/wp-content\/uploads\/2013\/07\/Ermenilerin-son-dua-yeri1-300x183.jpg","type":"","width":"","height":""}],"author":"admin","twitter_card":"summary_large_image","twitter_misc":{"Written by":"admin","Est. reading time":"3 minutes"},"schema":{"@context":"https:\/\/schema.org","@graph":[{"@type":"Article","@id":"https:\/\/akunq.net\/tr\/?p=24401#article","isPartOf":{"@id":"https:\/\/akunq.net\/tr\/?p=24401"},"author":{"name":"admin","@id":"https:\/\/akunq.net\/tr\/#\/schema\/person\/096f1d38a12cce57fb855b485ed24c9e"},"headline":"Ermenilerin son dua yeri a\u00e7\u0131ld\u0131","datePublished":"2013-07-02T06:47:10+00:00","mainEntityOfPage":{"@id":"https:\/\/akunq.net\/tr\/?p=24401"},"wordCount":561,"commentCount":0,"image":{"@id":"https:\/\/akunq.net\/tr\/?p=24401#primaryimage"},"thumbnailUrl":"http:\/\/akunq.net\/tr\/wp-content\/uploads\/2013\/07\/Ermenilerin-son-dua-yeri1-300x183.jpg","articleSection":["G\u00fcn\u00fcm\u00fczde Bat\u0131 Ermenistan","Haberler"],"inLanguage":"en-US","potentialAction":[{"@type":"CommentAction","name":"Comment","target":["https:\/\/akunq.net\/tr\/?p=24401#respond"]}]},{"@type":"WebPage","@id":"https:\/\/akunq.net\/tr\/?p=24401","url":"https:\/\/akunq.net\/tr\/?p=24401","name":"Ermenilerin son dua yeri a\u00e7\u0131ld\u0131 - Bati Ermenistan Ve Bati Ermenileri Sorunlari Ara\u015ftirmalar Merkezi","isPartOf":{"@id":"https:\/\/akunq.net\/tr\/#website"},"primaryImageOfPage":{"@id":"https:\/\/akunq.net\/tr\/?p=24401#primaryimage"},"image":{"@id":"https:\/\/akunq.net\/tr\/?p=24401#primaryimage"},"thumbnailUrl":"http:\/\/akunq.net\/tr\/wp-content\/uploads\/2013\/07\/Ermenilerin-son-dua-yeri1-300x183.jpg","datePublished":"2013-07-02T06:47:10+00:00","author":{"@id":"https:\/\/akunq.net\/tr\/#\/schema\/person\/096f1d38a12cce57fb855b485ed24c9e"},"breadcrumb":{"@id":"https:\/\/akunq.net\/tr\/?p=24401#breadcrumb"},"inLanguage":"en-US","potentialAction":[{"@type":"ReadAction","target":["https:\/\/akunq.net\/tr\/?p=24401"]}]},{"@type":"ImageObject","inLanguage":"en-US","@id":"https:\/\/akunq.net\/tr\/?p=24401#primaryimage","url":"https:\/\/akunq.net\/tr\/wp-content\/uploads\/sites\/6\/2013\/07\/Ermenilerin-son-dua-yeri1.jpg","contentUrl":"https:\/\/akunq.net\/tr\/wp-content\/uploads\/sites\/6\/2013\/07\/Ermenilerin-son-dua-yeri1.jpg","width":540,"height":330},{"@type":"BreadcrumbList","@id":"https:\/\/akunq.net\/tr\/?p=24401#breadcrumb","itemListElement":[{"@type":"ListItem","position":1,"name":"Home","item":"https:\/\/akunq.net\/tr"},{"@type":"ListItem","position":2,"name":"Ermenilerin son dua yeri a\u00e7\u0131ld\u0131"}]},{"@type":"WebSite","@id":"https:\/\/akunq.net\/tr\/#website","url":"https:\/\/akunq.net\/tr\/","name":"Bati Ermenistan Ve Bati Ermenileri Sorunlari Ara\u015ftirmalar Merkezi","description":"","potentialAction":[{"@type":"SearchAction","target":{"@type":"EntryPoint","urlTemplate":"https:\/\/akunq.net\/tr\/?s={search_term_string}"},"query-input":{"@type":"PropertyValueSpecification","valueRequired":true,"valueName":"search_term_string"}}],"inLanguage":"en-US"},{"@type":"Person","@id":"https:\/\/akunq.net\/tr\/#\/schema\/person\/096f1d38a12cce57fb855b485ed24c9e","name":"admin","url":"https:\/\/akunq.net\/tr\/?author=7"}]}},"_links":{"self":[{"href":"https:\/\/akunq.net\/tr\/index.php?rest_route=\/wp\/v2\/posts\/24401","targetHints":{"allow":["GET"]}}],"collection":[{"href":"https:\/\/akunq.net\/tr\/index.php?rest_route=\/wp\/v2\/posts"}],"about":[{"href":"https:\/\/akunq.net\/tr\/index.php?rest_route=\/wp\/v2\/types\/post"}],"author":[{"embeddable":true,"href":"https:\/\/akunq.net\/tr\/index.php?rest_route=\/wp\/v2\/users\/7"}],"replies":[{"embeddable":true,"href":"https:\/\/akunq.net\/tr\/index.php?rest_route=%2Fwp%2Fv2%2Fcomments&post=24401"}],"version-history":[{"count":1,"href":"https:\/\/akunq.net\/tr\/index.php?rest_route=\/wp\/v2\/posts\/24401\/revisions"}],"predecessor-version":[{"id":24403,"href":"https:\/\/akunq.net\/tr\/index.php?rest_route=\/wp\/v2\/posts\/24401\/revisions\/24403"}],"wp:attachment":[{"href":"https:\/\/akunq.net\/tr\/index.php?rest_route=%2Fwp%2Fv2%2Fmedia&parent=24401"}],"wp:term":[{"taxonomy":"category","embeddable":true,"href":"https:\/\/akunq.net\/tr\/index.php?rest_route=%2Fwp%2Fv2%2Fcategories&post=24401"},{"taxonomy":"post_tag","embeddable":true,"href":"https:\/\/akunq.net\/tr\/index.php?rest_route=%2Fwp%2Fv2%2Ftags&post=24401"}],"curies":[{"name":"wp","href":"https:\/\/api.w.org\/{rel}","templated":true}]}}