{"id":24369,"date":"2013-06-29T03:17:30","date_gmt":"2013-06-29T08:17:30","guid":{"rendered":"http:\/\/akunq.net\/tr\/?p=24369"},"modified":"2013-06-29T03:31:03","modified_gmt":"2013-06-29T08:31:03","slug":"ermeni-gavurlari-dedigi-icin-turkiyede-ilk-kez-bir-kisi-yargilanacak-2","status":"publish","type":"post","link":"https:\/\/akunq.net\/tr\/?p=24369","title":{"rendered":"\u201cErmeni g\u00e2vurlar\u0131\u201d dedi\u011fi i\u00e7in T\u00fcrkiye\u2019de ilk kez bir ki\u015fi yarg\u0131lanacak"},"content":{"rendered":"<p style=\"text-align: justify;\"><a href=\"http:\/\/akunq.net\/tr\/?attachment_id=24370\" rel=\"attachment wp-att-24370\"><img loading=\"lazy\" decoding=\"async\" class=\"alignright size-full wp-image-24370\" alt=\"Mahkeme\" src=\"http:\/\/akunq.net\/tr\/wp-content\/uploads\/2013\/06\/Mahkeme.jpg\" width=\"290\" height=\"174\" \/><\/a>\u0130stanbul Cumhuriyet Savc\u0131l\u0131\u011f\u0131\u2019nda \u201ca\u015fa\u011f\u0131lama, hakaret ve tehdit\u201d su\u00e7lar\u0131ndan dava a\u00e7\u0131ld\u0131. Su\u00e7 olarak &#8220;Ermeni&#8221; kelimesinin Ermeni uyruklu birine kar\u015f\u0131 a\u015fa\u011f\u0131lay\u0131c\u0131 maksatla kullan\u0131lmas\u0131 oldu. B\u00f6ylesi bir dava, T\u00fcrkiye&#8217;de ilk kez g\u00f6r\u00fcl\u00fcyor. Yusuf Polat, T\u00fcrkiye vatanda\u015f\u0131 Levon Balc\u0131o\u011flu ve o\u011flu Artun Balc\u0131o\u011flu&#8217;na &#8220;Ermeni gavurlar\u0131&#8221; dedi\u011fi i\u00e7in, \u0130stanbul Sulh Ceza Mahkemesi&#8217;nde, iki y\u0131l hapis istemiyle yarg\u0131\u00e7 kar\u015f\u0131s\u0131na \u00e7\u0131kacak.<\/p>\n<p style=\"text-align: justify;\">Daval\u0131, yarg\u0131lama sonucunda herhangi bir cezaya \u00e7arpt\u0131r\u0131l\u0131rsa, T\u00fcrkiye\u2019de &#8220;Ermenili\u011fe hakaret&#8221; olarak nitelendirilebilecek su\u00e7tan mahk\u00fbm olan ilk ki\u015fi olacak.<\/p>\n<p style=\"text-align: justify;\"><b><i>Haber, Akunq\u2019 web sayfas\u0131 taraf\u0131ndan redakte edilmi\u015f olarak sunulmaktad\u0131r.<\/i><\/b><\/p>\n<p style=\"text-align: justify;\"><b><i>http:\/\/ermenihaber.am\/?lang_id=1&amp;news_=9&amp;cur_news=283<\/i><\/b><\/p>\n","protected":false},"excerpt":{"rendered":"<p>\u0130stanbul Cumhuriyet Savc\u0131l\u0131\u011f\u0131\u2019nda \u201ca\u015fa\u011f\u0131lama, hakaret ve tehdit\u201d su\u00e7lar\u0131ndan dava a\u00e7\u0131ld\u0131. Su\u00e7 olarak &#8220;Ermeni&#8221; kelimesinin Ermeni uyruklu birine kar\u015f\u0131 a\u015fa\u011f\u0131lay\u0131c\u0131 maksatla kullan\u0131lmas\u0131 oldu. B\u00f6ylesi bir dava, T\u00fcrkiye&#8217;de ilk kez g\u00f6r\u00fcl\u00fcyor. Yusuf Polat, T\u00fcrkiye vatanda\u015f\u0131 Levon Balc\u0131o\u011flu ve o\u011flu Artun Balc\u0131o\u011flu&#8217;na &#8220;Ermeni gavurlar\u0131&#8221; dedi\u011fi i\u00e7in, \u0130stanbul Sulh Ceza Mahkemesi&#8217;nde, iki y\u0131l hapis istemiyle yarg\u0131\u00e7 kar\u015f\u0131s\u0131na \u00e7\u0131kacak. Daval\u0131, [&hellip;]<\/p>\n","protected":false},"author":7,"featured_media":0,"comment_status":"open","ping_status":"open","sticky":false,"template":"","format":"standard","meta":{"footnotes":""},"categories":[1],"tags":[],"class_list":["post-24369","post","type-post","status-publish","format-standard","hentry","category-haberler"],"yoast_head":"<!-- This site is optimized with the Yoast SEO plugin v27.4 - https:\/\/yoast.com\/product\/yoast-seo-wordpress\/ -->\n<title>\u201cErmeni g\u00e2vurlar\u0131\u201d dedi\u011fi i\u00e7in T\u00fcrkiye\u2019de ilk kez bir ki\u015fi yarg\u0131lanacak - Bati Ermenistan Ve Bati Ermenileri Sorunlari Ara\u015ftirmalar Merkezi<\/title>\n<meta name=\"robots\" content=\"index, follow, max-snippet:-1, max-image-preview:large, max-video-preview:-1\" \/>\n<link rel=\"canonical\" href=\"https:\/\/akunq.net\/tr\/?p=24369\" \/>\n<meta property=\"og:locale\" content=\"en_US\" \/>\n<meta property=\"og:type\" content=\"article\" \/>\n<meta property=\"og:title\" content=\"\u201cErmeni g\u00e2vurlar\u0131\u201d dedi\u011fi i\u00e7in T\u00fcrkiye\u2019de ilk kez bir ki\u015fi yarg\u0131lanacak - Bati Ermenistan Ve Bati Ermenileri Sorunlari Ara\u015ftirmalar Merkezi\" \/>\n<meta property=\"og:description\" content=\"\u0130stanbul Cumhuriyet Savc\u0131l\u0131\u011f\u0131\u2019nda \u201ca\u015fa\u011f\u0131lama, hakaret ve tehdit\u201d su\u00e7lar\u0131ndan dava a\u00e7\u0131ld\u0131. Su\u00e7 olarak &#8220;Ermeni&#8221; kelimesinin Ermeni uyruklu birine kar\u015f\u0131 a\u015fa\u011f\u0131lay\u0131c\u0131 maksatla kullan\u0131lmas\u0131 oldu. B\u00f6ylesi bir dava, T\u00fcrkiye&#8217;de ilk kez g\u00f6r\u00fcl\u00fcyor. Yusuf Polat, T\u00fcrkiye vatanda\u015f\u0131 Levon Balc\u0131o\u011flu ve o\u011flu Artun Balc\u0131o\u011flu&#8217;na &#8220;Ermeni gavurlar\u0131&#8221; dedi\u011fi i\u00e7in, \u0130stanbul Sulh Ceza Mahkemesi&#8217;nde, iki y\u0131l hapis istemiyle yarg\u0131\u00e7 kar\u015f\u0131s\u0131na \u00e7\u0131kacak. Daval\u0131, [&hellip;]\" \/>\n<meta property=\"og:url\" content=\"https:\/\/akunq.net\/tr\/?p=24369\" \/>\n<meta property=\"og:site_name\" content=\"Bati Ermenistan Ve Bati Ermenileri Sorunlari Ara\u015ftirmalar Merkezi\" \/>\n<meta property=\"article:published_time\" content=\"2013-06-29T08:17:30+00:00\" \/>\n<meta property=\"article:modified_time\" content=\"2013-06-29T08:31:03+00:00\" \/>\n<meta property=\"og:image\" content=\"http:\/\/akunq.net\/tr\/wp-content\/uploads\/2013\/06\/Mahkeme.jpg\" \/>\n<meta name=\"author\" content=\"admin\" \/>\n<meta name=\"twitter:card\" content=\"summary_large_image\" \/>\n<meta name=\"twitter:label1\" content=\"Written by\" \/>\n\t<meta name=\"twitter:data1\" content=\"admin\" \/>\n\t<meta name=\"twitter:label2\" content=\"Est. reading time\" \/>\n\t<meta name=\"twitter:data2\" content=\"1 minute\" \/>\n<script type=\"application\/ld+json\" class=\"yoast-schema-graph\">{\"@context\":\"https:\\\/\\\/schema.org\",\"@graph\":[{\"@type\":\"Article\",\"@id\":\"https:\\\/\\\/akunq.net\\\/tr\\\/?p=24369#article\",\"isPartOf\":{\"@id\":\"https:\\\/\\\/akunq.net\\\/tr\\\/?p=24369\"},\"author\":{\"name\":\"admin\",\"@id\":\"https:\\\/\\\/akunq.net\\\/tr\\\/#\\\/schema\\\/person\\\/096f1d38a12cce57fb855b485ed24c9e\"},\"headline\":\"\u201cErmeni g\u00e2vurlar\u0131\u201d dedi\u011fi i\u00e7in T\u00fcrkiye\u2019de ilk kez bir ki\u015fi yarg\u0131lanacak\",\"datePublished\":\"2013-06-29T08:17:30+00:00\",\"dateModified\":\"2013-06-29T08:31:03+00:00\",\"mainEntityOfPage\":{\"@id\":\"https:\\\/\\\/akunq.net\\\/tr\\\/?p=24369\"},\"wordCount\":147,\"commentCount\":0,\"image\":{\"@id\":\"https:\\\/\\\/akunq.net\\\/tr\\\/?p=24369#primaryimage\"},\"thumbnailUrl\":\"http:\\\/\\\/akunq.net\\\/tr\\\/wp-content\\\/uploads\\\/2013\\\/06\\\/Mahkeme.jpg\",\"articleSection\":[\"Haberler\"],\"inLanguage\":\"en-US\",\"potentialAction\":[{\"@type\":\"CommentAction\",\"name\":\"Comment\",\"target\":[\"https:\\\/\\\/akunq.net\\\/tr\\\/?p=24369#respond\"]}]},{\"@type\":\"WebPage\",\"@id\":\"https:\\\/\\\/akunq.net\\\/tr\\\/?p=24369\",\"url\":\"https:\\\/\\\/akunq.net\\\/tr\\\/?p=24369\",\"name\":\"\u201cErmeni g\u00e2vurlar\u0131\u201d dedi\u011fi i\u00e7in T\u00fcrkiye\u2019de ilk kez bir ki\u015fi yarg\u0131lanacak - Bati Ermenistan Ve Bati Ermenileri Sorunlari Ara\u015ftirmalar Merkezi\",\"isPartOf\":{\"@id\":\"https:\\\/\\\/akunq.net\\\/tr\\\/#website\"},\"primaryImageOfPage\":{\"@id\":\"https:\\\/\\\/akunq.net\\\/tr\\\/?p=24369#primaryimage\"},\"image\":{\"@id\":\"https:\\\/\\\/akunq.net\\\/tr\\\/?p=24369#primaryimage\"},\"thumbnailUrl\":\"http:\\\/\\\/akunq.net\\\/tr\\\/wp-content\\\/uploads\\\/2013\\\/06\\\/Mahkeme.jpg\",\"datePublished\":\"2013-06-29T08:17:30+00:00\",\"dateModified\":\"2013-06-29T08:31:03+00:00\",\"author\":{\"@id\":\"https:\\\/\\\/akunq.net\\\/tr\\\/#\\\/schema\\\/person\\\/096f1d38a12cce57fb855b485ed24c9e\"},\"breadcrumb\":{\"@id\":\"https:\\\/\\\/akunq.net\\\/tr\\\/?p=24369#breadcrumb\"},\"inLanguage\":\"en-US\",\"potentialAction\":[{\"@type\":\"ReadAction\",\"target\":[\"https:\\\/\\\/akunq.net\\\/tr\\\/?p=24369\"]}]},{\"@type\":\"ImageObject\",\"inLanguage\":\"en-US\",\"@id\":\"https:\\\/\\\/akunq.net\\\/tr\\\/?p=24369#primaryimage\",\"url\":\"https:\\\/\\\/akunq.net\\\/tr\\\/wp-content\\\/uploads\\\/sites\\\/6\\\/2013\\\/06\\\/Mahkeme.jpg\",\"contentUrl\":\"https:\\\/\\\/akunq.net\\\/tr\\\/wp-content\\\/uploads\\\/sites\\\/6\\\/2013\\\/06\\\/Mahkeme.jpg\",\"width\":290,\"height\":174},{\"@type\":\"BreadcrumbList\",\"@id\":\"https:\\\/\\\/akunq.net\\\/tr\\\/?p=24369#breadcrumb\",\"itemListElement\":[{\"@type\":\"ListItem\",\"position\":1,\"name\":\"Home\",\"item\":\"https:\\\/\\\/akunq.net\\\/tr\"},{\"@type\":\"ListItem\",\"position\":2,\"name\":\"\u201cErmeni g\u00e2vurlar\u0131\u201d dedi\u011fi i\u00e7in T\u00fcrkiye\u2019de ilk kez bir ki\u015fi yarg\u0131lanacak\"}]},{\"@type\":\"WebSite\",\"@id\":\"https:\\\/\\\/akunq.net\\\/tr\\\/#website\",\"url\":\"https:\\\/\\\/akunq.net\\\/tr\\\/\",\"name\":\"Bati Ermenistan Ve Bati Ermenileri Sorunlari Ara\u015ftirmalar Merkezi\",\"description\":\"\",\"potentialAction\":[{\"@type\":\"SearchAction\",\"target\":{\"@type\":\"EntryPoint\",\"urlTemplate\":\"https:\\\/\\\/akunq.net\\\/tr\\\/?s={search_term_string}\"},\"query-input\":{\"@type\":\"PropertyValueSpecification\",\"valueRequired\":true,\"valueName\":\"search_term_string\"}}],\"inLanguage\":\"en-US\"},{\"@type\":\"Person\",\"@id\":\"https:\\\/\\\/akunq.net\\\/tr\\\/#\\\/schema\\\/person\\\/096f1d38a12cce57fb855b485ed24c9e\",\"name\":\"admin\",\"url\":\"https:\\\/\\\/akunq.net\\\/tr\\\/?author=7\"}]}<\/script>\n<!-- \/ Yoast SEO plugin. -->","yoast_head_json":{"title":"\u201cErmeni g\u00e2vurlar\u0131\u201d dedi\u011fi i\u00e7in T\u00fcrkiye\u2019de ilk kez bir ki\u015fi yarg\u0131lanacak - Bati Ermenistan Ve Bati Ermenileri Sorunlari Ara\u015ftirmalar Merkezi","robots":{"index":"index","follow":"follow","max-snippet":"max-snippet:-1","max-image-preview":"max-image-preview:large","max-video-preview":"max-video-preview:-1"},"canonical":"https:\/\/akunq.net\/tr\/?p=24369","og_locale":"en_US","og_type":"article","og_title":"\u201cErmeni g\u00e2vurlar\u0131\u201d dedi\u011fi i\u00e7in T\u00fcrkiye\u2019de ilk kez bir ki\u015fi yarg\u0131lanacak - Bati Ermenistan Ve Bati Ermenileri Sorunlari Ara\u015ftirmalar Merkezi","og_description":"\u0130stanbul Cumhuriyet Savc\u0131l\u0131\u011f\u0131\u2019nda \u201ca\u015fa\u011f\u0131lama, hakaret ve tehdit\u201d su\u00e7lar\u0131ndan dava a\u00e7\u0131ld\u0131. Su\u00e7 olarak &#8220;Ermeni&#8221; kelimesinin Ermeni uyruklu birine kar\u015f\u0131 a\u015fa\u011f\u0131lay\u0131c\u0131 maksatla kullan\u0131lmas\u0131 oldu. B\u00f6ylesi bir dava, T\u00fcrkiye&#8217;de ilk kez g\u00f6r\u00fcl\u00fcyor. Yusuf Polat, T\u00fcrkiye vatanda\u015f\u0131 Levon Balc\u0131o\u011flu ve o\u011flu Artun Balc\u0131o\u011flu&#8217;na &#8220;Ermeni gavurlar\u0131&#8221; dedi\u011fi i\u00e7in, \u0130stanbul Sulh Ceza Mahkemesi&#8217;nde, iki y\u0131l hapis istemiyle yarg\u0131\u00e7 kar\u015f\u0131s\u0131na \u00e7\u0131kacak. Daval\u0131, [&hellip;]","og_url":"https:\/\/akunq.net\/tr\/?p=24369","og_site_name":"Bati Ermenistan Ve Bati Ermenileri Sorunlari Ara\u015ftirmalar Merkezi","article_published_time":"2013-06-29T08:17:30+00:00","article_modified_time":"2013-06-29T08:31:03+00:00","og_image":[{"url":"http:\/\/akunq.net\/tr\/wp-content\/uploads\/2013\/06\/Mahkeme.jpg","type":"","width":"","height":""}],"author":"admin","twitter_card":"summary_large_image","twitter_misc":{"Written by":"admin","Est. reading time":"1 minute"},"schema":{"@context":"https:\/\/schema.org","@graph":[{"@type":"Article","@id":"https:\/\/akunq.net\/tr\/?p=24369#article","isPartOf":{"@id":"https:\/\/akunq.net\/tr\/?p=24369"},"author":{"name":"admin","@id":"https:\/\/akunq.net\/tr\/#\/schema\/person\/096f1d38a12cce57fb855b485ed24c9e"},"headline":"\u201cErmeni g\u00e2vurlar\u0131\u201d dedi\u011fi i\u00e7in T\u00fcrkiye\u2019de ilk kez bir ki\u015fi yarg\u0131lanacak","datePublished":"2013-06-29T08:17:30+00:00","dateModified":"2013-06-29T08:31:03+00:00","mainEntityOfPage":{"@id":"https:\/\/akunq.net\/tr\/?p=24369"},"wordCount":147,"commentCount":0,"image":{"@id":"https:\/\/akunq.net\/tr\/?p=24369#primaryimage"},"thumbnailUrl":"http:\/\/akunq.net\/tr\/wp-content\/uploads\/2013\/06\/Mahkeme.jpg","articleSection":["Haberler"],"inLanguage":"en-US","potentialAction":[{"@type":"CommentAction","name":"Comment","target":["https:\/\/akunq.net\/tr\/?p=24369#respond"]}]},{"@type":"WebPage","@id":"https:\/\/akunq.net\/tr\/?p=24369","url":"https:\/\/akunq.net\/tr\/?p=24369","name":"\u201cErmeni g\u00e2vurlar\u0131\u201d dedi\u011fi i\u00e7in T\u00fcrkiye\u2019de ilk kez bir ki\u015fi yarg\u0131lanacak - Bati Ermenistan Ve Bati Ermenileri Sorunlari Ara\u015ftirmalar Merkezi","isPartOf":{"@id":"https:\/\/akunq.net\/tr\/#website"},"primaryImageOfPage":{"@id":"https:\/\/akunq.net\/tr\/?p=24369#primaryimage"},"image":{"@id":"https:\/\/akunq.net\/tr\/?p=24369#primaryimage"},"thumbnailUrl":"http:\/\/akunq.net\/tr\/wp-content\/uploads\/2013\/06\/Mahkeme.jpg","datePublished":"2013-06-29T08:17:30+00:00","dateModified":"2013-06-29T08:31:03+00:00","author":{"@id":"https:\/\/akunq.net\/tr\/#\/schema\/person\/096f1d38a12cce57fb855b485ed24c9e"},"breadcrumb":{"@id":"https:\/\/akunq.net\/tr\/?p=24369#breadcrumb"},"inLanguage":"en-US","potentialAction":[{"@type":"ReadAction","target":["https:\/\/akunq.net\/tr\/?p=24369"]}]},{"@type":"ImageObject","inLanguage":"en-US","@id":"https:\/\/akunq.net\/tr\/?p=24369#primaryimage","url":"https:\/\/akunq.net\/tr\/wp-content\/uploads\/sites\/6\/2013\/06\/Mahkeme.jpg","contentUrl":"https:\/\/akunq.net\/tr\/wp-content\/uploads\/sites\/6\/2013\/06\/Mahkeme.jpg","width":290,"height":174},{"@type":"BreadcrumbList","@id":"https:\/\/akunq.net\/tr\/?p=24369#breadcrumb","itemListElement":[{"@type":"ListItem","position":1,"name":"Home","item":"https:\/\/akunq.net\/tr"},{"@type":"ListItem","position":2,"name":"\u201cErmeni g\u00e2vurlar\u0131\u201d dedi\u011fi i\u00e7in T\u00fcrkiye\u2019de ilk kez bir ki\u015fi yarg\u0131lanacak"}]},{"@type":"WebSite","@id":"https:\/\/akunq.net\/tr\/#website","url":"https:\/\/akunq.net\/tr\/","name":"Bati Ermenistan Ve Bati Ermenileri Sorunlari Ara\u015ftirmalar Merkezi","description":"","potentialAction":[{"@type":"SearchAction","target":{"@type":"EntryPoint","urlTemplate":"https:\/\/akunq.net\/tr\/?s={search_term_string}"},"query-input":{"@type":"PropertyValueSpecification","valueRequired":true,"valueName":"search_term_string"}}],"inLanguage":"en-US"},{"@type":"Person","@id":"https:\/\/akunq.net\/tr\/#\/schema\/person\/096f1d38a12cce57fb855b485ed24c9e","name":"admin","url":"https:\/\/akunq.net\/tr\/?author=7"}]}},"_links":{"self":[{"href":"https:\/\/akunq.net\/tr\/index.php?rest_route=\/wp\/v2\/posts\/24369","targetHints":{"allow":["GET"]}}],"collection":[{"href":"https:\/\/akunq.net\/tr\/index.php?rest_route=\/wp\/v2\/posts"}],"about":[{"href":"https:\/\/akunq.net\/tr\/index.php?rest_route=\/wp\/v2\/types\/post"}],"author":[{"embeddable":true,"href":"https:\/\/akunq.net\/tr\/index.php?rest_route=\/wp\/v2\/users\/7"}],"replies":[{"embeddable":true,"href":"https:\/\/akunq.net\/tr\/index.php?rest_route=%2Fwp%2Fv2%2Fcomments&post=24369"}],"version-history":[{"count":4,"href":"https:\/\/akunq.net\/tr\/index.php?rest_route=\/wp\/v2\/posts\/24369\/revisions"}],"predecessor-version":[{"id":24374,"href":"https:\/\/akunq.net\/tr\/index.php?rest_route=\/wp\/v2\/posts\/24369\/revisions\/24374"}],"wp:attachment":[{"href":"https:\/\/akunq.net\/tr\/index.php?rest_route=%2Fwp%2Fv2%2Fmedia&parent=24369"}],"wp:term":[{"taxonomy":"category","embeddable":true,"href":"https:\/\/akunq.net\/tr\/index.php?rest_route=%2Fwp%2Fv2%2Fcategories&post=24369"},{"taxonomy":"post_tag","embeddable":true,"href":"https:\/\/akunq.net\/tr\/index.php?rest_route=%2Fwp%2Fv2%2Ftags&post=24369"}],"curies":[{"name":"wp","href":"https:\/\/api.w.org\/{rel}","templated":true}]}}