{"id":24282,"date":"2013-06-25T03:20:06","date_gmt":"2013-06-25T08:20:06","guid":{"rendered":"http:\/\/akunq.net\/tr\/?p=24282"},"modified":"2013-06-25T03:20:06","modified_gmt":"2013-06-25T08:20:06","slug":"ermeniler-yok-diye-mus-ili-vekilsiz-kaldi","status":"publish","type":"post","link":"https:\/\/akunq.net\/tr\/?p=24282","title":{"rendered":"Ermeniler Yok Diye Mu\u015f \u0130li Vekilsiz Kald\u0131"},"content":{"rendered":"<p style=\"text-align: justify;\"><b><i><a href=\"http:\/\/akunq.net\/tr\/?attachment_id=24283\" rel=\"attachment wp-att-24283\"><img loading=\"lazy\" decoding=\"async\" class=\"alignright size-medium wp-image-24283\" alt=\"Mu\u015f\" src=\"http:\/\/akunq.net\/tr\/wp-content\/uploads\/2013\/06\/Mu\u015f-300x225.jpg\" width=\"300\" height=\"225\" srcset=\"https:\/\/akunq.net\/tr\/wp-content\/uploads\/sites\/6\/2013\/06\/Mu\u015f-300x225.jpg 300w, https:\/\/akunq.net\/tr\/wp-content\/uploads\/sites\/6\/2013\/06\/Mu\u015f.jpg 600w\" sizes=\"auto, (max-width: 300px) 100vw, 300px\" \/><\/a>Mu\u015f\u2019ta tarihi Ermeni evlerinin y\u0131k\u0131lmas\u0131, bu konunun bas\u0131n ve kamuoyunun g\u00fcndemine gelmesi ve Mu\u015f\u2019ta hala ya\u015fayan vicdan sahibi halk taraf\u0131ndan sahiplenilmesi, Mu\u015f Milletvekillerinin hi\u00e7birinin ahlak\u0131n\u0131 dahi yerinden oynatmad\u0131.<\/i><\/b><\/p>\n<p style=\"text-align: justify;\">Mu\u015f\u2019ta tarihi Ermeni evlerinin y\u0131k\u0131lmas\u0131, bu konunun bas\u0131n ve kamuoyunun g\u00fcndemine gelmesi ve Mu\u015f\u2019ta hala ya\u015fayan vicdan sahibi halk taraf\u0131ndan sahiplenilmesi, Mu\u015f Milletvekillerinin hi\u00e7birinin ahlak\u0131n\u0131 dahi yerinden oynatmad\u0131.<\/p>\n<p style=\"text-align: justify;\"><a href=\"http:\/\/www.aykiridogrular.com\/haber-2328-AKP-Belediyesi-Tarihi-Ermeni-Evlerini-Yikip-Yerine-TOKI-Binalari-Yapiyor.html\">http:\/\/www.aykiridogrular.com\/haber-2328-AKP-Belediyesi-Tarihi-Ermeni-Evlerini-Yikip-Yerine-TOKI-Binalari-Yapiyor.html<\/a><\/p>\n<p style=\"text-align: justify;\">AKP Milletvekillerinin ahlak\u0131n\u0131n ne oldu\u011fu kamuoyu ve halk taraf\u0131ndan \u00e7ok iyi bilinmektedir. BDP Milletvekili S\u0131rr\u0131 Sak\u0131k\u2019\u0131n K\u00fcrt olu\u015fu ve y\u0131llard\u0131r K\u00fcrt politikas\u0131 ve siyasetinin en \u00f6nde yer almas\u0131 ve nara atmas\u0131 ama Ermeni meselesinde kamuoyunda suskun kalmas\u0131, hi\u00e7bir tepki vermemesi b\u00fct\u00fcn Ermeni camias\u0131nda derin \u00fcz\u00fcnt\u00fc ile kar\u015f\u0131lanmaktad\u0131r. Demir \u00c7elik\u2019in ise Alevi olmas\u0131 yani Ermeni halk\u0131n\u0131n tabiriyle \u00f6teki olmas\u0131 yine de Demir \u00c7elik\u2019in vicdan\u0131n\u0131 harekete ge\u00e7irememi\u015ftir.<\/p>\n<p style=\"text-align: justify;\"><a href=\"http:\/\/www.aykiridogrular.com\/haber-2339-Ermeniler-Suryaniler-Rumlar-Kurtler-Sistematik-Bir-Sekilde-Katliam-Yasiyor.html\">http:\/\/www.aykiridogrular.com\/haber-2339-Ermeniler-Suryaniler-Rumlar-Kurtler-Sistematik-Bir-Sekilde-Katliam-Yasiyor.html<\/a><\/p>\n<p style=\"text-align: justify;\">Her seferinde BDP ve genel ba\u015fkanlar\u0131 insan haklar\u0131, e\u015fitlik, demokrasi ve bar\u0131\u015f kavramlar\u0131n\u0131 kullan\u0131rken, ne yaz\u0131k ki Mu\u015f\u2019ta y\u0131k\u0131lan ve y\u0131k\u0131lmay\u0131 bekleyen tarihi Ermeni evleri konusunda karanl\u0131kta ka\u00e7an h\u0131rs\u0131z gibi izini dahi belli ettirmiyor.<\/p>\n<p style=\"text-align: justify;\"><span style=\"text-decoration: underline;\">http:\/\/www.aykiridogrular.com\/haber-2340-Ragip-Zarakolu&#8212;Gezi-Parki-ve-AKMden-Sonra-Mustaki-Yikima-da-Dur-De.html<\/span><\/p>\n<p style=\"text-align: justify;\">\u00c7ok ge\u00e7 olmadan en az\u0131ndan geride kalan tarihi Ermeni evlerinin korunmas\u0131 i\u00e7in vicdan ve ahlak sahibi olan her bireyin bu tarihe sahip \u00e7\u0131kmas\u0131n\u0131 Ermeni halk\u0131 bekliyor.<\/p>\n<p style=\"text-align: justify;\">Tehcire ve soyk\u0131r\u0131ma u\u011frayan Ermeniler&#8217;in Mu\u015f\u2019ta soyu t\u00fckenince mallar\u0131 M\u00fcsl\u00fcmanlar ve geriye kalan T\u00fcrkler ve K\u00fcrtler aras\u0131nda ve orada ya\u015fayan her kesim taraf\u0131ndan payla\u015f\u0131ld\u0131. Bug\u00fcn ise geriye kalan tarihi Ermeni evlerinin izlerini yok etmek i\u00e7in hazine ar\u0131yoruz, mevcut AKP iktidar\u0131 TOK\u0130 yap\u0131yor diye Ermeni evlerini y\u0131k\u0131yorlar.<\/p>\n<p style=\"text-align: justify;\">Ermeniler Mu\u015f&#8217;ta ya\u015fasayd\u0131 bu evler sahipsiz kal\u0131r m\u0131yd\u0131? Esas m\u00fclk sahipleri y\u0131k\u0131lmas\u0131na sessiz kal\u0131r m\u0131yd\u0131?<\/p>\n<p style=\"text-align: justify;\"><b><i>http:\/\/www.aykiridogrular.com\/haber-2349-Ermeniler-Yok-Diye-Mus-Ili-Vekilsiz-Kaldi.html<\/i><\/b><\/p>\n","protected":false},"excerpt":{"rendered":"<p>Mu\u015f\u2019ta tarihi Ermeni evlerinin y\u0131k\u0131lmas\u0131, bu konunun bas\u0131n ve kamuoyunun g\u00fcndemine gelmesi ve Mu\u015f\u2019ta hala ya\u015fayan vicdan sahibi halk taraf\u0131ndan sahiplenilmesi, Mu\u015f Milletvekillerinin hi\u00e7birinin ahlak\u0131n\u0131 dahi yerinden oynatmad\u0131. Mu\u015f\u2019ta tarihi Ermeni evlerinin y\u0131k\u0131lmas\u0131, bu konunun bas\u0131n ve kamuoyunun g\u00fcndemine gelmesi ve Mu\u015f\u2019ta hala ya\u015fayan vicdan sahibi halk taraf\u0131ndan sahiplenilmesi, Mu\u015f Milletvekillerinin hi\u00e7birinin ahlak\u0131n\u0131 dahi yerinden [&hellip;]<\/p>\n","protected":false},"author":7,"featured_media":0,"comment_status":"open","ping_status":"open","sticky":false,"template":"","format":"standard","meta":{"footnotes":""},"categories":[22,1],"tags":[],"class_list":["post-24282","post","type-post","status-publish","format-standard","hentry","category-gunumuzde-bati-ermenistan","category-haberler"],"yoast_head":"<!-- This site is optimized with the Yoast SEO plugin v27.4 - https:\/\/yoast.com\/product\/yoast-seo-wordpress\/ -->\n<title>Ermeniler Yok Diye Mu\u015f \u0130li Vekilsiz Kald\u0131 - Bati Ermenistan Ve Bati Ermenileri Sorunlari Ara\u015ftirmalar Merkezi<\/title>\n<meta name=\"robots\" content=\"index, follow, max-snippet:-1, max-image-preview:large, max-video-preview:-1\" \/>\n<link rel=\"canonical\" href=\"https:\/\/akunq.net\/tr\/?p=24282\" \/>\n<meta property=\"og:locale\" content=\"en_US\" \/>\n<meta property=\"og:type\" content=\"article\" \/>\n<meta property=\"og:title\" content=\"Ermeniler Yok Diye Mu\u015f \u0130li Vekilsiz Kald\u0131 - Bati Ermenistan Ve Bati Ermenileri Sorunlari Ara\u015ftirmalar Merkezi\" \/>\n<meta property=\"og:description\" content=\"Mu\u015f\u2019ta tarihi Ermeni evlerinin y\u0131k\u0131lmas\u0131, bu konunun bas\u0131n ve kamuoyunun g\u00fcndemine gelmesi ve Mu\u015f\u2019ta hala ya\u015fayan vicdan sahibi halk taraf\u0131ndan sahiplenilmesi, Mu\u015f Milletvekillerinin hi\u00e7birinin ahlak\u0131n\u0131 dahi yerinden oynatmad\u0131. Mu\u015f\u2019ta tarihi Ermeni evlerinin y\u0131k\u0131lmas\u0131, bu konunun bas\u0131n ve kamuoyunun g\u00fcndemine gelmesi ve Mu\u015f\u2019ta hala ya\u015fayan vicdan sahibi halk taraf\u0131ndan sahiplenilmesi, Mu\u015f Milletvekillerinin hi\u00e7birinin ahlak\u0131n\u0131 dahi yerinden [&hellip;]\" \/>\n<meta property=\"og:url\" content=\"https:\/\/akunq.net\/tr\/?p=24282\" \/>\n<meta property=\"og:site_name\" content=\"Bati Ermenistan Ve Bati Ermenileri Sorunlari Ara\u015ftirmalar Merkezi\" \/>\n<meta property=\"article:published_time\" content=\"2013-06-25T08:20:06+00:00\" \/>\n<meta name=\"author\" content=\"admin\" \/>\n<meta name=\"twitter:card\" content=\"summary_large_image\" \/>\n<meta name=\"twitter:label1\" content=\"Written by\" \/>\n\t<meta name=\"twitter:data1\" content=\"admin\" \/>\n\t<meta name=\"twitter:label2\" content=\"Est. reading time\" \/>\n\t<meta name=\"twitter:data2\" content=\"2 minutes\" \/>\n<script type=\"application\/ld+json\" class=\"yoast-schema-graph\">{\"@context\":\"https:\\\/\\\/schema.org\",\"@graph\":[{\"@type\":\"Article\",\"@id\":\"https:\\\/\\\/akunq.net\\\/tr\\\/?p=24282#article\",\"isPartOf\":{\"@id\":\"https:\\\/\\\/akunq.net\\\/tr\\\/?p=24282\"},\"author\":{\"name\":\"admin\",\"@id\":\"https:\\\/\\\/akunq.net\\\/tr\\\/#\\\/schema\\\/person\\\/096f1d38a12cce57fb855b485ed24c9e\"},\"headline\":\"Ermeniler Yok Diye Mu\u015f \u0130li Vekilsiz Kald\u0131\",\"datePublished\":\"2013-06-25T08:20:06+00:00\",\"mainEntityOfPage\":{\"@id\":\"https:\\\/\\\/akunq.net\\\/tr\\\/?p=24282\"},\"wordCount\":369,\"commentCount\":0,\"articleSection\":[\"G\u00fcn\u00fcm\u00fczde Bat\u0131 Ermenistan\",\"Haberler\"],\"inLanguage\":\"en-US\",\"potentialAction\":[{\"@type\":\"CommentAction\",\"name\":\"Comment\",\"target\":[\"https:\\\/\\\/akunq.net\\\/tr\\\/?p=24282#respond\"]}]},{\"@type\":\"WebPage\",\"@id\":\"https:\\\/\\\/akunq.net\\\/tr\\\/?p=24282\",\"url\":\"https:\\\/\\\/akunq.net\\\/tr\\\/?p=24282\",\"name\":\"Ermeniler Yok Diye Mu\u015f \u0130li Vekilsiz Kald\u0131 - Bati Ermenistan Ve Bati Ermenileri Sorunlari Ara\u015ftirmalar Merkezi\",\"isPartOf\":{\"@id\":\"https:\\\/\\\/akunq.net\\\/tr\\\/#website\"},\"datePublished\":\"2013-06-25T08:20:06+00:00\",\"author\":{\"@id\":\"https:\\\/\\\/akunq.net\\\/tr\\\/#\\\/schema\\\/person\\\/096f1d38a12cce57fb855b485ed24c9e\"},\"breadcrumb\":{\"@id\":\"https:\\\/\\\/akunq.net\\\/tr\\\/?p=24282#breadcrumb\"},\"inLanguage\":\"en-US\",\"potentialAction\":[{\"@type\":\"ReadAction\",\"target\":[\"https:\\\/\\\/akunq.net\\\/tr\\\/?p=24282\"]}]},{\"@type\":\"BreadcrumbList\",\"@id\":\"https:\\\/\\\/akunq.net\\\/tr\\\/?p=24282#breadcrumb\",\"itemListElement\":[{\"@type\":\"ListItem\",\"position\":1,\"name\":\"Home\",\"item\":\"https:\\\/\\\/akunq.net\\\/tr\"},{\"@type\":\"ListItem\",\"position\":2,\"name\":\"Ermeniler Yok Diye Mu\u015f \u0130li Vekilsiz Kald\u0131\"}]},{\"@type\":\"WebSite\",\"@id\":\"https:\\\/\\\/akunq.net\\\/tr\\\/#website\",\"url\":\"https:\\\/\\\/akunq.net\\\/tr\\\/\",\"name\":\"Bati Ermenistan Ve Bati Ermenileri Sorunlari Ara\u015ftirmalar Merkezi\",\"description\":\"\",\"potentialAction\":[{\"@type\":\"SearchAction\",\"target\":{\"@type\":\"EntryPoint\",\"urlTemplate\":\"https:\\\/\\\/akunq.net\\\/tr\\\/?s={search_term_string}\"},\"query-input\":{\"@type\":\"PropertyValueSpecification\",\"valueRequired\":true,\"valueName\":\"search_term_string\"}}],\"inLanguage\":\"en-US\"},{\"@type\":\"Person\",\"@id\":\"https:\\\/\\\/akunq.net\\\/tr\\\/#\\\/schema\\\/person\\\/096f1d38a12cce57fb855b485ed24c9e\",\"name\":\"admin\",\"url\":\"https:\\\/\\\/akunq.net\\\/tr\\\/?author=7\"}]}<\/script>\n<!-- \/ Yoast SEO plugin. -->","yoast_head_json":{"title":"Ermeniler Yok Diye Mu\u015f \u0130li Vekilsiz Kald\u0131 - Bati Ermenistan Ve Bati Ermenileri Sorunlari Ara\u015ftirmalar Merkezi","robots":{"index":"index","follow":"follow","max-snippet":"max-snippet:-1","max-image-preview":"max-image-preview:large","max-video-preview":"max-video-preview:-1"},"canonical":"https:\/\/akunq.net\/tr\/?p=24282","og_locale":"en_US","og_type":"article","og_title":"Ermeniler Yok Diye Mu\u015f \u0130li Vekilsiz Kald\u0131 - Bati Ermenistan Ve Bati Ermenileri Sorunlari Ara\u015ftirmalar Merkezi","og_description":"Mu\u015f\u2019ta tarihi Ermeni evlerinin y\u0131k\u0131lmas\u0131, bu konunun bas\u0131n ve kamuoyunun g\u00fcndemine gelmesi ve Mu\u015f\u2019ta hala ya\u015fayan vicdan sahibi halk taraf\u0131ndan sahiplenilmesi, Mu\u015f Milletvekillerinin hi\u00e7birinin ahlak\u0131n\u0131 dahi yerinden oynatmad\u0131. Mu\u015f\u2019ta tarihi Ermeni evlerinin y\u0131k\u0131lmas\u0131, bu konunun bas\u0131n ve kamuoyunun g\u00fcndemine gelmesi ve Mu\u015f\u2019ta hala ya\u015fayan vicdan sahibi halk taraf\u0131ndan sahiplenilmesi, Mu\u015f Milletvekillerinin hi\u00e7birinin ahlak\u0131n\u0131 dahi yerinden [&hellip;]","og_url":"https:\/\/akunq.net\/tr\/?p=24282","og_site_name":"Bati Ermenistan Ve Bati Ermenileri Sorunlari Ara\u015ftirmalar Merkezi","article_published_time":"2013-06-25T08:20:06+00:00","author":"admin","twitter_card":"summary_large_image","twitter_misc":{"Written by":"admin","Est. reading time":"2 minutes"},"schema":{"@context":"https:\/\/schema.org","@graph":[{"@type":"Article","@id":"https:\/\/akunq.net\/tr\/?p=24282#article","isPartOf":{"@id":"https:\/\/akunq.net\/tr\/?p=24282"},"author":{"name":"admin","@id":"https:\/\/akunq.net\/tr\/#\/schema\/person\/096f1d38a12cce57fb855b485ed24c9e"},"headline":"Ermeniler Yok Diye Mu\u015f \u0130li Vekilsiz Kald\u0131","datePublished":"2013-06-25T08:20:06+00:00","mainEntityOfPage":{"@id":"https:\/\/akunq.net\/tr\/?p=24282"},"wordCount":369,"commentCount":0,"articleSection":["G\u00fcn\u00fcm\u00fczde Bat\u0131 Ermenistan","Haberler"],"inLanguage":"en-US","potentialAction":[{"@type":"CommentAction","name":"Comment","target":["https:\/\/akunq.net\/tr\/?p=24282#respond"]}]},{"@type":"WebPage","@id":"https:\/\/akunq.net\/tr\/?p=24282","url":"https:\/\/akunq.net\/tr\/?p=24282","name":"Ermeniler Yok Diye Mu\u015f \u0130li Vekilsiz Kald\u0131 - Bati Ermenistan Ve Bati Ermenileri Sorunlari Ara\u015ftirmalar Merkezi","isPartOf":{"@id":"https:\/\/akunq.net\/tr\/#website"},"datePublished":"2013-06-25T08:20:06+00:00","author":{"@id":"https:\/\/akunq.net\/tr\/#\/schema\/person\/096f1d38a12cce57fb855b485ed24c9e"},"breadcrumb":{"@id":"https:\/\/akunq.net\/tr\/?p=24282#breadcrumb"},"inLanguage":"en-US","potentialAction":[{"@type":"ReadAction","target":["https:\/\/akunq.net\/tr\/?p=24282"]}]},{"@type":"BreadcrumbList","@id":"https:\/\/akunq.net\/tr\/?p=24282#breadcrumb","itemListElement":[{"@type":"ListItem","position":1,"name":"Home","item":"https:\/\/akunq.net\/tr"},{"@type":"ListItem","position":2,"name":"Ermeniler Yok Diye Mu\u015f \u0130li Vekilsiz Kald\u0131"}]},{"@type":"WebSite","@id":"https:\/\/akunq.net\/tr\/#website","url":"https:\/\/akunq.net\/tr\/","name":"Bati Ermenistan Ve Bati Ermenileri Sorunlari Ara\u015ftirmalar Merkezi","description":"","potentialAction":[{"@type":"SearchAction","target":{"@type":"EntryPoint","urlTemplate":"https:\/\/akunq.net\/tr\/?s={search_term_string}"},"query-input":{"@type":"PropertyValueSpecification","valueRequired":true,"valueName":"search_term_string"}}],"inLanguage":"en-US"},{"@type":"Person","@id":"https:\/\/akunq.net\/tr\/#\/schema\/person\/096f1d38a12cce57fb855b485ed24c9e","name":"admin","url":"https:\/\/akunq.net\/tr\/?author=7"}]}},"_links":{"self":[{"href":"https:\/\/akunq.net\/tr\/index.php?rest_route=\/wp\/v2\/posts\/24282","targetHints":{"allow":["GET"]}}],"collection":[{"href":"https:\/\/akunq.net\/tr\/index.php?rest_route=\/wp\/v2\/posts"}],"about":[{"href":"https:\/\/akunq.net\/tr\/index.php?rest_route=\/wp\/v2\/types\/post"}],"author":[{"embeddable":true,"href":"https:\/\/akunq.net\/tr\/index.php?rest_route=\/wp\/v2\/users\/7"}],"replies":[{"embeddable":true,"href":"https:\/\/akunq.net\/tr\/index.php?rest_route=%2Fwp%2Fv2%2Fcomments&post=24282"}],"version-history":[{"count":1,"href":"https:\/\/akunq.net\/tr\/index.php?rest_route=\/wp\/v2\/posts\/24282\/revisions"}],"predecessor-version":[{"id":24284,"href":"https:\/\/akunq.net\/tr\/index.php?rest_route=\/wp\/v2\/posts\/24282\/revisions\/24284"}],"wp:attachment":[{"href":"https:\/\/akunq.net\/tr\/index.php?rest_route=%2Fwp%2Fv2%2Fmedia&parent=24282"}],"wp:term":[{"taxonomy":"category","embeddable":true,"href":"https:\/\/akunq.net\/tr\/index.php?rest_route=%2Fwp%2Fv2%2Fcategories&post=24282"},{"taxonomy":"post_tag","embeddable":true,"href":"https:\/\/akunq.net\/tr\/index.php?rest_route=%2Fwp%2Fv2%2Ftags&post=24282"}],"curies":[{"name":"wp","href":"https:\/\/api.w.org\/{rel}","templated":true}]}}