{"id":24272,"date":"2013-06-25T02:57:28","date_gmt":"2013-06-25T07:57:28","guid":{"rendered":"http:\/\/akunq.net\/tr\/?p=24272"},"modified":"2013-06-25T02:57:28","modified_gmt":"2013-06-25T07:57:28","slug":"basbakan-erdogan-abd-baskani-obama-ile-telefonda-gorustu","status":"publish","type":"post","link":"https:\/\/akunq.net\/tr\/?p=24272","title":{"rendered":"Ba\u015fbakan Erdo\u011fan ABD Ba\u015fkan\u0131 Obama ile Telefonda G\u00f6r\u00fc\u015ft\u00fc"},"content":{"rendered":"<p style=\"text-align: justify;\"><a href=\"http:\/\/akunq.net\/tr\/?attachment_id=24273\" rel=\"attachment wp-att-24273\"><img loading=\"lazy\" decoding=\"async\" class=\"alignright size-medium wp-image-24273\" alt=\"\u0539\u0578\u0582\u0580\u0584\u056b\u0561\u0575\u056b \u057e\u0561\u0580\u0579\u0561\u057a\u0565\u057f\u0568 \u0587 \u0531\u0544\u0546 \u0576\u0561\u056d\u0561\u0563\u0561\u0570\u0568\" src=\"http:\/\/akunq.net\/tr\/wp-content\/uploads\/2013\/06\/\u0539\u0578\u0582\u0580\u0584\u056b\u0561\u0575\u056b-\u057e\u0561\u0580\u0579\u0561\u057a\u0565\u057f\u0568-\u0587-\u0531\u0544\u0546-\u0576\u0561\u056d\u0561\u0563\u0561\u0570\u0568-300x199.jpg\" width=\"300\" height=\"199\" srcset=\"https:\/\/akunq.net\/tr\/wp-content\/uploads\/sites\/6\/2013\/06\/\u0539\u0578\u0582\u0580\u0584\u056b\u0561\u0575\u056b-\u057e\u0561\u0580\u0579\u0561\u057a\u0565\u057f\u0568-\u0587-\u0531\u0544\u0546-\u0576\u0561\u056d\u0561\u0563\u0561\u0570\u0568-300x199.jpg 300w, https:\/\/akunq.net\/tr\/wp-content\/uploads\/sites\/6\/2013\/06\/\u0539\u0578\u0582\u0580\u0584\u056b\u0561\u0575\u056b-\u057e\u0561\u0580\u0579\u0561\u057a\u0565\u057f\u0568-\u0587-\u0531\u0544\u0546-\u0576\u0561\u056d\u0561\u0563\u0561\u0570\u0568.jpg 424w\" sizes=\"auto, (max-width: 300px) 100vw, 300px\" \/><\/a>Ba\u015fbakanl\u0131ktan yap\u0131lan a\u00e7\u0131klama: &#8220;\u0130ki lider, Esed rejiminin kendi halk\u0131na kar\u015f\u0131 kimyasal silah kulland\u0131\u011f\u0131na i\u015faretle, siyasi \u00e7\u00f6z\u00fcm i\u00e7in T\u00fcrkiye ve ABD&#8217;nin birlikte \u00e7al\u0131\u015fmaya, Suriye Koalisyonunu ve Y\u00fcksek Askeri Konseyini desteklemeye devam edeceklerini belirtmi\u015fler; ter\u00f6rizmle m\u00fccadele konusunda da ortak \u00e7al\u0131\u015fma ve koordinasyonun s\u00fcrece\u011fini ifade etmi\u015flerdir&#8221;<\/p>\n<p style=\"text-align: justify;\">Ba\u015fbakan Recep Tayyip Erdo\u011fan ve\u00a0ABD Ba\u015fkan\u0131 Barack Obama, yapt\u0131klar\u0131 telefon\u00a0g\u00f6r\u00fc\u015fmesinde, Suriye&#8217;de Esed rejiminin kendi halk\u0131na kar\u015f\u0131 kimyasal silah kulland\u0131\u011f\u0131na i\u015faret ederek, siyasi \u00e7\u00f6z\u00fcm i\u00e7in T\u00fcrkiye ve ABD&#8217;nin birlikte \u00e7al\u0131\u015fmaya, Suriye Koalisyonunu ve Y\u00fcksek Askeri Konseyini desteklemeye devam edeceklerini belirttiler.\u00a0<\/p>\n<p>Ba\u015fbakanl\u0131k Bas\u0131n Merkezi&#8217;nin internet sitesinde yay\u0131mlanan bas\u0131n a\u00e7\u0131klamas\u0131na g\u00f6re, Erdo\u011fan, ak\u015fam saatlerinde ABD Ba\u015fkan\u0131 Barack Obama ile bir telefon g\u00f6r\u00fc\u015fmesi ger\u00e7ekle\u015ftirdi.\u00a0<\/p>\n<p>A\u011f\u0131rl\u0131kl\u0131 olarak Suriye meselesinin ele al\u0131nd\u0131\u011f\u0131 g\u00f6r\u00fc\u015fmede, b\u00f6lgesel konular hakk\u0131nda g\u00f6r\u00fc\u015f teatisinde bulunuldu\u011funa yer verilen a\u00e7\u0131klamada,\u00a0G8 Zirvesi&#8217;ndeki Suriye g\u00fcndemi ve 2. Cenevre Toplant\u0131s\u0131&#8217;n\u0131n haz\u0131rl\u0131klar\u0131n\u0131n da de\u011ferlendirildi\u011fi bildirildi.\u00a0<\/p>\n<p>A\u00e7\u0131klamada, \u015funlar kaydedildi:<\/p>\n<p>&#8220;\u0130ki lider, Esed rejiminin kendi halk\u0131na kar\u015f\u0131 kimyasal silah kulland\u0131\u011f\u0131na i\u015faretle, siyasi \u00e7\u00f6z\u00fcm i\u00e7in T\u00fcrkiye ve ABD&#8217;nin birlikte \u00e7al\u0131\u015fmaya, Suriye Koalisyonunu ve Y\u00fcksek Askeri Konseyini desteklemeye devam edeceklerini belirtmi\u015fler; ter\u00f6rizmle m\u00fccadele konusunda da ortak \u00e7al\u0131\u015fma ve koordinasyonun s\u00fcrece\u011fini ifade etmi\u015flerdir.<\/p>\n<p>Ba\u015fbakan\u0131m\u0131z Say\u0131n Erdo\u011fan, g\u00f6r\u00fc\u015fme vesilesiyle\u00a0Gezi Park\u0131&#8217;yla ilgili olaylar hakk\u0131nda da ABD Ba\u015fkan\u0131 Say\u0131n Obama&#8217;ya bilgi vermi\u015ftir.<\/p>\n<p>\u0130ki lider, g\u00f6r\u00fc\u015fme s\u0131ras\u0131nda, bas\u0131n ve ifade \u00f6zg\u00fcrl\u00fc\u011f\u00fcn\u00fcn yan\u0131 s\u0131ra\u00a0\u015fiddet i\u00e7ermeyen toplant\u0131 ve g\u00f6steri \u00f6zg\u00fcrl\u00fc\u011f\u00fcn\u00fcn de her iki \u00fclkenin ortak de\u011ferleri aras\u0131nda oldu\u011funu vurgulam\u0131\u015flard\u0131r.&#8221;<\/p>\n<p style=\"text-align: justify;\"><b><i>http:\/\/www.sondakika.com\/haber\/haber-basbakan-erdogan-abd-baskani-obama-ile-telefonda-4764275\/<\/i><\/b><\/p>\n","protected":false},"excerpt":{"rendered":"<p>Ba\u015fbakanl\u0131ktan yap\u0131lan a\u00e7\u0131klama: &#8220;\u0130ki lider, Esed rejiminin kendi halk\u0131na kar\u015f\u0131 kimyasal silah kulland\u0131\u011f\u0131na i\u015faretle, siyasi \u00e7\u00f6z\u00fcm i\u00e7in T\u00fcrkiye ve ABD&#8217;nin birlikte \u00e7al\u0131\u015fmaya, Suriye Koalisyonunu ve Y\u00fcksek Askeri Konseyini desteklemeye devam edeceklerini belirtmi\u015fler; ter\u00f6rizmle m\u00fccadele konusunda da ortak \u00e7al\u0131\u015fma ve koordinasyonun s\u00fcrece\u011fini ifade etmi\u015flerdir&#8221; Ba\u015fbakan Recep Tayyip Erdo\u011fan ve\u00a0ABD Ba\u015fkan\u0131 Barack Obama, yapt\u0131klar\u0131 telefon\u00a0g\u00f6r\u00fc\u015fmesinde, Suriye&#8217;de Esed [&hellip;]<\/p>\n","protected":false},"author":7,"featured_media":0,"comment_status":"open","ping_status":"open","sticky":false,"template":"","format":"standard","meta":{"footnotes":""},"categories":[1],"tags":[],"class_list":["post-24272","post","type-post","status-publish","format-standard","hentry","category-haberler"],"yoast_head":"<!-- This site is optimized with the Yoast SEO plugin v27.4 - https:\/\/yoast.com\/product\/yoast-seo-wordpress\/ -->\n<title>Ba\u015fbakan Erdo\u011fan ABD Ba\u015fkan\u0131 Obama ile Telefonda G\u00f6r\u00fc\u015ft\u00fc - Bati Ermenistan Ve Bati Ermenileri Sorunlari Ara\u015ftirmalar Merkezi<\/title>\n<meta name=\"robots\" content=\"index, follow, max-snippet:-1, max-image-preview:large, max-video-preview:-1\" \/>\n<link rel=\"canonical\" href=\"https:\/\/akunq.net\/tr\/?p=24272\" \/>\n<meta property=\"og:locale\" content=\"en_US\" \/>\n<meta property=\"og:type\" content=\"article\" \/>\n<meta property=\"og:title\" content=\"Ba\u015fbakan Erdo\u011fan ABD Ba\u015fkan\u0131 Obama ile Telefonda G\u00f6r\u00fc\u015ft\u00fc - Bati Ermenistan Ve Bati Ermenileri Sorunlari Ara\u015ftirmalar Merkezi\" \/>\n<meta property=\"og:description\" content=\"Ba\u015fbakanl\u0131ktan yap\u0131lan a\u00e7\u0131klama: &#8220;\u0130ki lider, Esed rejiminin kendi halk\u0131na kar\u015f\u0131 kimyasal silah kulland\u0131\u011f\u0131na i\u015faretle, siyasi \u00e7\u00f6z\u00fcm i\u00e7in T\u00fcrkiye ve ABD&#8217;nin birlikte \u00e7al\u0131\u015fmaya, Suriye Koalisyonunu ve Y\u00fcksek Askeri Konseyini desteklemeye devam edeceklerini belirtmi\u015fler; ter\u00f6rizmle m\u00fccadele konusunda da ortak \u00e7al\u0131\u015fma ve koordinasyonun s\u00fcrece\u011fini ifade etmi\u015flerdir&#8221; Ba\u015fbakan Recep Tayyip Erdo\u011fan ve\u00a0ABD Ba\u015fkan\u0131 Barack Obama, yapt\u0131klar\u0131 telefon\u00a0g\u00f6r\u00fc\u015fmesinde, Suriye&#8217;de Esed [&hellip;]\" \/>\n<meta property=\"og:url\" content=\"https:\/\/akunq.net\/tr\/?p=24272\" \/>\n<meta property=\"og:site_name\" content=\"Bati Ermenistan Ve Bati Ermenileri Sorunlari Ara\u015ftirmalar Merkezi\" \/>\n<meta property=\"article:published_time\" content=\"2013-06-25T07:57:28+00:00\" \/>\n<meta name=\"author\" content=\"admin\" \/>\n<meta name=\"twitter:card\" content=\"summary_large_image\" \/>\n<meta name=\"twitter:label1\" content=\"Written by\" \/>\n\t<meta name=\"twitter:data1\" content=\"admin\" \/>\n\t<meta name=\"twitter:label2\" content=\"Est. reading time\" \/>\n\t<meta name=\"twitter:data2\" content=\"2 minutes\" \/>\n<script type=\"application\/ld+json\" class=\"yoast-schema-graph\">{\"@context\":\"https:\\\/\\\/schema.org\",\"@graph\":[{\"@type\":\"Article\",\"@id\":\"https:\\\/\\\/akunq.net\\\/tr\\\/?p=24272#article\",\"isPartOf\":{\"@id\":\"https:\\\/\\\/akunq.net\\\/tr\\\/?p=24272\"},\"author\":{\"name\":\"admin\",\"@id\":\"https:\\\/\\\/akunq.net\\\/tr\\\/#\\\/schema\\\/person\\\/096f1d38a12cce57fb855b485ed24c9e\"},\"headline\":\"Ba\u015fbakan Erdo\u011fan ABD Ba\u015fkan\u0131 Obama ile Telefonda G\u00f6r\u00fc\u015ft\u00fc\",\"datePublished\":\"2013-06-25T07:57:28+00:00\",\"mainEntityOfPage\":{\"@id\":\"https:\\\/\\\/akunq.net\\\/tr\\\/?p=24272\"},\"wordCount\":351,\"commentCount\":0,\"articleSection\":[\"Haberler\"],\"inLanguage\":\"en-US\",\"potentialAction\":[{\"@type\":\"CommentAction\",\"name\":\"Comment\",\"target\":[\"https:\\\/\\\/akunq.net\\\/tr\\\/?p=24272#respond\"]}]},{\"@type\":\"WebPage\",\"@id\":\"https:\\\/\\\/akunq.net\\\/tr\\\/?p=24272\",\"url\":\"https:\\\/\\\/akunq.net\\\/tr\\\/?p=24272\",\"name\":\"Ba\u015fbakan Erdo\u011fan ABD Ba\u015fkan\u0131 Obama ile Telefonda G\u00f6r\u00fc\u015ft\u00fc - Bati Ermenistan Ve Bati Ermenileri Sorunlari Ara\u015ftirmalar Merkezi\",\"isPartOf\":{\"@id\":\"https:\\\/\\\/akunq.net\\\/tr\\\/#website\"},\"datePublished\":\"2013-06-25T07:57:28+00:00\",\"author\":{\"@id\":\"https:\\\/\\\/akunq.net\\\/tr\\\/#\\\/schema\\\/person\\\/096f1d38a12cce57fb855b485ed24c9e\"},\"breadcrumb\":{\"@id\":\"https:\\\/\\\/akunq.net\\\/tr\\\/?p=24272#breadcrumb\"},\"inLanguage\":\"en-US\",\"potentialAction\":[{\"@type\":\"ReadAction\",\"target\":[\"https:\\\/\\\/akunq.net\\\/tr\\\/?p=24272\"]}]},{\"@type\":\"BreadcrumbList\",\"@id\":\"https:\\\/\\\/akunq.net\\\/tr\\\/?p=24272#breadcrumb\",\"itemListElement\":[{\"@type\":\"ListItem\",\"position\":1,\"name\":\"Home\",\"item\":\"https:\\\/\\\/akunq.net\\\/tr\"},{\"@type\":\"ListItem\",\"position\":2,\"name\":\"Ba\u015fbakan Erdo\u011fan ABD Ba\u015fkan\u0131 Obama ile Telefonda G\u00f6r\u00fc\u015ft\u00fc\"}]},{\"@type\":\"WebSite\",\"@id\":\"https:\\\/\\\/akunq.net\\\/tr\\\/#website\",\"url\":\"https:\\\/\\\/akunq.net\\\/tr\\\/\",\"name\":\"Bati Ermenistan Ve Bati Ermenileri Sorunlari Ara\u015ftirmalar Merkezi\",\"description\":\"\",\"potentialAction\":[{\"@type\":\"SearchAction\",\"target\":{\"@type\":\"EntryPoint\",\"urlTemplate\":\"https:\\\/\\\/akunq.net\\\/tr\\\/?s={search_term_string}\"},\"query-input\":{\"@type\":\"PropertyValueSpecification\",\"valueRequired\":true,\"valueName\":\"search_term_string\"}}],\"inLanguage\":\"en-US\"},{\"@type\":\"Person\",\"@id\":\"https:\\\/\\\/akunq.net\\\/tr\\\/#\\\/schema\\\/person\\\/096f1d38a12cce57fb855b485ed24c9e\",\"name\":\"admin\",\"url\":\"https:\\\/\\\/akunq.net\\\/tr\\\/?author=7\"}]}<\/script>\n<!-- \/ Yoast SEO plugin. -->","yoast_head_json":{"title":"Ba\u015fbakan Erdo\u011fan ABD Ba\u015fkan\u0131 Obama ile Telefonda G\u00f6r\u00fc\u015ft\u00fc - Bati Ermenistan Ve Bati Ermenileri Sorunlari Ara\u015ftirmalar Merkezi","robots":{"index":"index","follow":"follow","max-snippet":"max-snippet:-1","max-image-preview":"max-image-preview:large","max-video-preview":"max-video-preview:-1"},"canonical":"https:\/\/akunq.net\/tr\/?p=24272","og_locale":"en_US","og_type":"article","og_title":"Ba\u015fbakan Erdo\u011fan ABD Ba\u015fkan\u0131 Obama ile Telefonda G\u00f6r\u00fc\u015ft\u00fc - Bati Ermenistan Ve Bati Ermenileri Sorunlari Ara\u015ftirmalar Merkezi","og_description":"Ba\u015fbakanl\u0131ktan yap\u0131lan a\u00e7\u0131klama: &#8220;\u0130ki lider, Esed rejiminin kendi halk\u0131na kar\u015f\u0131 kimyasal silah kulland\u0131\u011f\u0131na i\u015faretle, siyasi \u00e7\u00f6z\u00fcm i\u00e7in T\u00fcrkiye ve ABD&#8217;nin birlikte \u00e7al\u0131\u015fmaya, Suriye Koalisyonunu ve Y\u00fcksek Askeri Konseyini desteklemeye devam edeceklerini belirtmi\u015fler; ter\u00f6rizmle m\u00fccadele konusunda da ortak \u00e7al\u0131\u015fma ve koordinasyonun s\u00fcrece\u011fini ifade etmi\u015flerdir&#8221; Ba\u015fbakan Recep Tayyip Erdo\u011fan ve\u00a0ABD Ba\u015fkan\u0131 Barack Obama, yapt\u0131klar\u0131 telefon\u00a0g\u00f6r\u00fc\u015fmesinde, Suriye&#8217;de Esed [&hellip;]","og_url":"https:\/\/akunq.net\/tr\/?p=24272","og_site_name":"Bati Ermenistan Ve Bati Ermenileri Sorunlari Ara\u015ftirmalar Merkezi","article_published_time":"2013-06-25T07:57:28+00:00","author":"admin","twitter_card":"summary_large_image","twitter_misc":{"Written by":"admin","Est. reading time":"2 minutes"},"schema":{"@context":"https:\/\/schema.org","@graph":[{"@type":"Article","@id":"https:\/\/akunq.net\/tr\/?p=24272#article","isPartOf":{"@id":"https:\/\/akunq.net\/tr\/?p=24272"},"author":{"name":"admin","@id":"https:\/\/akunq.net\/tr\/#\/schema\/person\/096f1d38a12cce57fb855b485ed24c9e"},"headline":"Ba\u015fbakan Erdo\u011fan ABD Ba\u015fkan\u0131 Obama ile Telefonda G\u00f6r\u00fc\u015ft\u00fc","datePublished":"2013-06-25T07:57:28+00:00","mainEntityOfPage":{"@id":"https:\/\/akunq.net\/tr\/?p=24272"},"wordCount":351,"commentCount":0,"articleSection":["Haberler"],"inLanguage":"en-US","potentialAction":[{"@type":"CommentAction","name":"Comment","target":["https:\/\/akunq.net\/tr\/?p=24272#respond"]}]},{"@type":"WebPage","@id":"https:\/\/akunq.net\/tr\/?p=24272","url":"https:\/\/akunq.net\/tr\/?p=24272","name":"Ba\u015fbakan Erdo\u011fan ABD Ba\u015fkan\u0131 Obama ile Telefonda G\u00f6r\u00fc\u015ft\u00fc - Bati Ermenistan Ve Bati Ermenileri Sorunlari Ara\u015ftirmalar Merkezi","isPartOf":{"@id":"https:\/\/akunq.net\/tr\/#website"},"datePublished":"2013-06-25T07:57:28+00:00","author":{"@id":"https:\/\/akunq.net\/tr\/#\/schema\/person\/096f1d38a12cce57fb855b485ed24c9e"},"breadcrumb":{"@id":"https:\/\/akunq.net\/tr\/?p=24272#breadcrumb"},"inLanguage":"en-US","potentialAction":[{"@type":"ReadAction","target":["https:\/\/akunq.net\/tr\/?p=24272"]}]},{"@type":"BreadcrumbList","@id":"https:\/\/akunq.net\/tr\/?p=24272#breadcrumb","itemListElement":[{"@type":"ListItem","position":1,"name":"Home","item":"https:\/\/akunq.net\/tr"},{"@type":"ListItem","position":2,"name":"Ba\u015fbakan Erdo\u011fan ABD Ba\u015fkan\u0131 Obama ile Telefonda G\u00f6r\u00fc\u015ft\u00fc"}]},{"@type":"WebSite","@id":"https:\/\/akunq.net\/tr\/#website","url":"https:\/\/akunq.net\/tr\/","name":"Bati Ermenistan Ve Bati Ermenileri Sorunlari Ara\u015ftirmalar Merkezi","description":"","potentialAction":[{"@type":"SearchAction","target":{"@type":"EntryPoint","urlTemplate":"https:\/\/akunq.net\/tr\/?s={search_term_string}"},"query-input":{"@type":"PropertyValueSpecification","valueRequired":true,"valueName":"search_term_string"}}],"inLanguage":"en-US"},{"@type":"Person","@id":"https:\/\/akunq.net\/tr\/#\/schema\/person\/096f1d38a12cce57fb855b485ed24c9e","name":"admin","url":"https:\/\/akunq.net\/tr\/?author=7"}]}},"_links":{"self":[{"href":"https:\/\/akunq.net\/tr\/index.php?rest_route=\/wp\/v2\/posts\/24272","targetHints":{"allow":["GET"]}}],"collection":[{"href":"https:\/\/akunq.net\/tr\/index.php?rest_route=\/wp\/v2\/posts"}],"about":[{"href":"https:\/\/akunq.net\/tr\/index.php?rest_route=\/wp\/v2\/types\/post"}],"author":[{"embeddable":true,"href":"https:\/\/akunq.net\/tr\/index.php?rest_route=\/wp\/v2\/users\/7"}],"replies":[{"embeddable":true,"href":"https:\/\/akunq.net\/tr\/index.php?rest_route=%2Fwp%2Fv2%2Fcomments&post=24272"}],"version-history":[{"count":2,"href":"https:\/\/akunq.net\/tr\/index.php?rest_route=\/wp\/v2\/posts\/24272\/revisions"}],"predecessor-version":[{"id":24275,"href":"https:\/\/akunq.net\/tr\/index.php?rest_route=\/wp\/v2\/posts\/24272\/revisions\/24275"}],"wp:attachment":[{"href":"https:\/\/akunq.net\/tr\/index.php?rest_route=%2Fwp%2Fv2%2Fmedia&parent=24272"}],"wp:term":[{"taxonomy":"category","embeddable":true,"href":"https:\/\/akunq.net\/tr\/index.php?rest_route=%2Fwp%2Fv2%2Fcategories&post=24272"},{"taxonomy":"post_tag","embeddable":true,"href":"https:\/\/akunq.net\/tr\/index.php?rest_route=%2Fwp%2Fv2%2Ftags&post=24272"}],"curies":[{"name":"wp","href":"https:\/\/api.w.org\/{rel}","templated":true}]}}