{"id":24228,"date":"2013-06-24T02:47:24","date_gmt":"2013-06-24T07:47:24","guid":{"rendered":"http:\/\/akunq.net\/tr\/?p=24228"},"modified":"2013-06-24T02:47:24","modified_gmt":"2013-06-24T07:47:24","slug":"musta-tarihi-ermeni-evlerinin-katliamina-bir-imza-ile-dur-de-imza-kampanyasi","status":"publish","type":"post","link":"https:\/\/akunq.net\/tr\/?p=24228","title":{"rendered":"Mu\u015f\u2019ta tarihi Ermeni evlerinin katliam\u0131na bir imza ile dur de imza kampanyas\u0131"},"content":{"rendered":"<h5 style=\"text-align: justify;\"><b><a href=\"http:\/\/akunq.net\/tr\/?attachment_id=24233\" rel=\"attachment wp-att-24233\"><img loading=\"lazy\" decoding=\"async\" class=\"alignright size-full wp-image-24233\" alt=\"MU\u015e\" src=\"http:\/\/akunq.net\/tr\/wp-content\/uploads\/2013\/06\/MU\u015e.jpg\" width=\"160\" height=\"160\" srcset=\"https:\/\/akunq.net\/tr\/wp-content\/uploads\/sites\/6\/2013\/06\/MU\u015e.jpg 160w, https:\/\/akunq.net\/tr\/wp-content\/uploads\/sites\/6\/2013\/06\/MU\u015e-150x150.jpg 150w\" sizes=\"auto, (max-width: 160px) 100vw, 160px\" \/><\/a>\u0130mza kampanyas\u0131n\u0131n dilek\u00e7esi<\/b><\/h5>\n<p style=\"text-align: justify;\">Bu \u00fclkede 1915 &#8216;in hesab\u0131n\u0131 soramad\u0131\u011f\u0131m\u0131z i\u00e7in bu g\u00fcn b\u00fct\u00fcn kadim halklar ( Ermeniler, S\u00fcryaniler, Rumlar, K\u00fcrtler ) sistematik bir \u015fekilde katliam ya\u015f\u0131yor. 1915 Soyk\u0131r\u0131m\u0131 ile ba\u015flayan s\u00fcre\u00e7 g\u00fcn\u00fcm\u00fcze de\u011fin k\u00fclt\u00fcrel ve ekonomik soyk\u0131r\u0131mla devam etmi\u015ftir. Mu\u015f\u2019ta AKP\u2019li Belediye, Tarihi Ermeni evlerini y\u0131karak TOK\u0130\u2019 ye pe\u015fke\u015f \u00e7ekiliyor. Hepimizin bildi\u011fi \u00fczere Sermayenin bir amac\u0131 kar\u0131n\u0131 maxime etmesi di\u011fer bir ama\u00e7 da Toplumsal bellekleri yok etmek ama\u00e7l\u0131d\u0131r. Bu g\u00fcn anayurtlar\u0131 olan bu b\u00f6lgede Ermeni halk\u0131n\u0131n b\u00fct\u00fcn izlerini silmek isteyen Kemalizm, Mu\u015f\u2019ta AKP Kemalizm ile bunu yapmaya \u00e7al\u0131\u015fmaktad\u0131r. MU\u015e B\u00d6LGES\u0130NDE \u00f6zellikle Halklar\u0131n karde\u015fli\u011fini savunan BDP&#8217; ye, \u0130HD\u2019ye, HDK&#8217; ye ve de \u00c7evre \u00f6rg\u00fctlerine bu anlamda \u00e7ok i\u015f d\u00fc\u015f\u00fcyor. Bu g\u00fcn ERMEN\u0130 EVLER\u0130 talan edilirse, Kemalist Cumhuriyet g\u00fcn gelir K\u00fcrt halk\u0131n\u0131n da evlerini ba\u015f\u0131na y\u0131kar. Bir k\u00fclt\u00fcr\u00fc yok etmek, insanl\u0131\u011f\u0131 yok etmektir. Bu bir tarih katliam\u0131d\u0131r. MU\u015e\u2019 ta TAR\u0130H\u0130 ERMEN\u0130 EVLER\u0130N\u0130N KATL\u0130AMINA B\u0130R \u0130MZA \u0130LE DUR DE Halklar\u0131n karde\u015fli\u011fi\/E\u015fitli\u011fi ad\u0131na bu YIKIMA bir imzayla sende dur de.<\/p>\n<p style=\"text-align: justify;\"><i>Nadya Uygun<br \/>\nR\u00fcstem Ayral<br \/>\nZeynep Tozduman<br \/>\nDr.Sarkis Adam<\/i><b><i><\/p>\n<p><\/i><\/b><\/p>\n<p style=\"text-align: justify;\"><a href=\"http:\/\/imzakampanyam.com\/MUS-ta-TARIHI-ERMENI-EVLERININ-KATLIAMINA-BIR-IMZA-ILE-DUR-DE-imza-kampanyasi#.UccVGTjO1xk.facebook\" target=\"_blank\"><b><i>http:\/\/imzakampanyam.com\/MUS-ta-TARIHI-ERMENI-EVLERININ-KATLIAMINA-BIR-IMZA-ILE-DUR-DE-imza-kampanyasi#.UccVGTjO1xk.facebook<\/i><\/b><\/a><\/p>\n","protected":false},"excerpt":{"rendered":"<p>\u0130mza kampanyas\u0131n\u0131n dilek\u00e7esi Bu \u00fclkede 1915 &#8216;in hesab\u0131n\u0131 soramad\u0131\u011f\u0131m\u0131z i\u00e7in bu g\u00fcn b\u00fct\u00fcn kadim halklar ( Ermeniler, S\u00fcryaniler, Rumlar, K\u00fcrtler ) sistematik bir \u015fekilde katliam ya\u015f\u0131yor. 1915 Soyk\u0131r\u0131m\u0131 ile ba\u015flayan s\u00fcre\u00e7 g\u00fcn\u00fcm\u00fcze de\u011fin k\u00fclt\u00fcrel ve ekonomik soyk\u0131r\u0131mla devam etmi\u015ftir. Mu\u015f\u2019ta AKP\u2019li Belediye, Tarihi Ermeni evlerini y\u0131karak TOK\u0130\u2019 ye pe\u015fke\u015f \u00e7ekiliyor. Hepimizin bildi\u011fi \u00fczere Sermayenin bir [&hellip;]<\/p>\n","protected":false},"author":7,"featured_media":0,"comment_status":"open","ping_status":"open","sticky":false,"template":"","format":"standard","meta":{"footnotes":""},"categories":[22,1],"tags":[],"class_list":["post-24228","post","type-post","status-publish","format-standard","hentry","category-gunumuzde-bati-ermenistan","category-haberler"],"yoast_head":"<!-- This site is optimized with the Yoast SEO plugin v27.4 - https:\/\/yoast.com\/product\/yoast-seo-wordpress\/ -->\n<title>Mu\u015f\u2019ta tarihi Ermeni evlerinin katliam\u0131na bir imza ile dur de imza kampanyas\u0131 - Bati Ermenistan Ve Bati Ermenileri Sorunlari Ara\u015ftirmalar Merkezi<\/title>\n<meta name=\"robots\" content=\"index, follow, max-snippet:-1, max-image-preview:large, max-video-preview:-1\" \/>\n<link rel=\"canonical\" href=\"https:\/\/akunq.net\/tr\/?p=24228\" \/>\n<meta property=\"og:locale\" content=\"en_US\" \/>\n<meta property=\"og:type\" content=\"article\" \/>\n<meta property=\"og:title\" content=\"Mu\u015f\u2019ta tarihi Ermeni evlerinin katliam\u0131na bir imza ile dur de imza kampanyas\u0131 - Bati Ermenistan Ve Bati Ermenileri Sorunlari Ara\u015ftirmalar Merkezi\" \/>\n<meta property=\"og:description\" content=\"\u0130mza kampanyas\u0131n\u0131n dilek\u00e7esi Bu \u00fclkede 1915 &#8216;in hesab\u0131n\u0131 soramad\u0131\u011f\u0131m\u0131z i\u00e7in bu g\u00fcn b\u00fct\u00fcn kadim halklar ( Ermeniler, S\u00fcryaniler, Rumlar, K\u00fcrtler ) sistematik bir \u015fekilde katliam ya\u015f\u0131yor. 1915 Soyk\u0131r\u0131m\u0131 ile ba\u015flayan s\u00fcre\u00e7 g\u00fcn\u00fcm\u00fcze de\u011fin k\u00fclt\u00fcrel ve ekonomik soyk\u0131r\u0131mla devam etmi\u015ftir. Mu\u015f\u2019ta AKP\u2019li Belediye, Tarihi Ermeni evlerini y\u0131karak TOK\u0130\u2019 ye pe\u015fke\u015f \u00e7ekiliyor. Hepimizin bildi\u011fi \u00fczere Sermayenin bir [&hellip;]\" \/>\n<meta property=\"og:url\" content=\"https:\/\/akunq.net\/tr\/?p=24228\" \/>\n<meta property=\"og:site_name\" content=\"Bati Ermenistan Ve Bati Ermenileri Sorunlari Ara\u015ftirmalar Merkezi\" \/>\n<meta property=\"article:published_time\" content=\"2013-06-24T07:47:24+00:00\" \/>\n<meta name=\"author\" content=\"admin\" \/>\n<meta name=\"twitter:card\" content=\"summary_large_image\" \/>\n<meta name=\"twitter:label1\" content=\"Written by\" \/>\n\t<meta name=\"twitter:data1\" content=\"admin\" \/>\n\t<meta name=\"twitter:label2\" content=\"Est. reading time\" \/>\n\t<meta name=\"twitter:data2\" content=\"1 minute\" \/>\n<script type=\"application\/ld+json\" class=\"yoast-schema-graph\">{\"@context\":\"https:\\\/\\\/schema.org\",\"@graph\":[{\"@type\":\"Article\",\"@id\":\"https:\\\/\\\/akunq.net\\\/tr\\\/?p=24228#article\",\"isPartOf\":{\"@id\":\"https:\\\/\\\/akunq.net\\\/tr\\\/?p=24228\"},\"author\":{\"name\":\"admin\",\"@id\":\"https:\\\/\\\/akunq.net\\\/tr\\\/#\\\/schema\\\/person\\\/096f1d38a12cce57fb855b485ed24c9e\"},\"headline\":\"Mu\u015f\u2019ta tarihi Ermeni evlerinin katliam\u0131na bir imza ile dur de imza kampanyas\u0131\",\"datePublished\":\"2013-06-24T07:47:24+00:00\",\"mainEntityOfPage\":{\"@id\":\"https:\\\/\\\/akunq.net\\\/tr\\\/?p=24228\"},\"wordCount\":259,\"commentCount\":0,\"articleSection\":[\"G\u00fcn\u00fcm\u00fczde Bat\u0131 Ermenistan\",\"Haberler\"],\"inLanguage\":\"en-US\",\"potentialAction\":[{\"@type\":\"CommentAction\",\"name\":\"Comment\",\"target\":[\"https:\\\/\\\/akunq.net\\\/tr\\\/?p=24228#respond\"]}]},{\"@type\":\"WebPage\",\"@id\":\"https:\\\/\\\/akunq.net\\\/tr\\\/?p=24228\",\"url\":\"https:\\\/\\\/akunq.net\\\/tr\\\/?p=24228\",\"name\":\"Mu\u015f\u2019ta tarihi Ermeni evlerinin katliam\u0131na bir imza ile dur de imza kampanyas\u0131 - Bati Ermenistan Ve Bati Ermenileri Sorunlari Ara\u015ftirmalar Merkezi\",\"isPartOf\":{\"@id\":\"https:\\\/\\\/akunq.net\\\/tr\\\/#website\"},\"datePublished\":\"2013-06-24T07:47:24+00:00\",\"author\":{\"@id\":\"https:\\\/\\\/akunq.net\\\/tr\\\/#\\\/schema\\\/person\\\/096f1d38a12cce57fb855b485ed24c9e\"},\"breadcrumb\":{\"@id\":\"https:\\\/\\\/akunq.net\\\/tr\\\/?p=24228#breadcrumb\"},\"inLanguage\":\"en-US\",\"potentialAction\":[{\"@type\":\"ReadAction\",\"target\":[\"https:\\\/\\\/akunq.net\\\/tr\\\/?p=24228\"]}]},{\"@type\":\"BreadcrumbList\",\"@id\":\"https:\\\/\\\/akunq.net\\\/tr\\\/?p=24228#breadcrumb\",\"itemListElement\":[{\"@type\":\"ListItem\",\"position\":1,\"name\":\"Home\",\"item\":\"https:\\\/\\\/akunq.net\\\/tr\"},{\"@type\":\"ListItem\",\"position\":2,\"name\":\"Mu\u015f\u2019ta tarihi Ermeni evlerinin katliam\u0131na bir imza ile dur de imza kampanyas\u0131\"}]},{\"@type\":\"WebSite\",\"@id\":\"https:\\\/\\\/akunq.net\\\/tr\\\/#website\",\"url\":\"https:\\\/\\\/akunq.net\\\/tr\\\/\",\"name\":\"Bati Ermenistan Ve Bati Ermenileri Sorunlari Ara\u015ftirmalar Merkezi\",\"description\":\"\",\"potentialAction\":[{\"@type\":\"SearchAction\",\"target\":{\"@type\":\"EntryPoint\",\"urlTemplate\":\"https:\\\/\\\/akunq.net\\\/tr\\\/?s={search_term_string}\"},\"query-input\":{\"@type\":\"PropertyValueSpecification\",\"valueRequired\":true,\"valueName\":\"search_term_string\"}}],\"inLanguage\":\"en-US\"},{\"@type\":\"Person\",\"@id\":\"https:\\\/\\\/akunq.net\\\/tr\\\/#\\\/schema\\\/person\\\/096f1d38a12cce57fb855b485ed24c9e\",\"name\":\"admin\",\"url\":\"https:\\\/\\\/akunq.net\\\/tr\\\/?author=7\"}]}<\/script>\n<!-- \/ Yoast SEO plugin. -->","yoast_head_json":{"title":"Mu\u015f\u2019ta tarihi Ermeni evlerinin katliam\u0131na bir imza ile dur de imza kampanyas\u0131 - Bati Ermenistan Ve Bati Ermenileri Sorunlari Ara\u015ftirmalar Merkezi","robots":{"index":"index","follow":"follow","max-snippet":"max-snippet:-1","max-image-preview":"max-image-preview:large","max-video-preview":"max-video-preview:-1"},"canonical":"https:\/\/akunq.net\/tr\/?p=24228","og_locale":"en_US","og_type":"article","og_title":"Mu\u015f\u2019ta tarihi Ermeni evlerinin katliam\u0131na bir imza ile dur de imza kampanyas\u0131 - Bati Ermenistan Ve Bati Ermenileri Sorunlari Ara\u015ftirmalar Merkezi","og_description":"\u0130mza kampanyas\u0131n\u0131n dilek\u00e7esi Bu \u00fclkede 1915 &#8216;in hesab\u0131n\u0131 soramad\u0131\u011f\u0131m\u0131z i\u00e7in bu g\u00fcn b\u00fct\u00fcn kadim halklar ( Ermeniler, S\u00fcryaniler, Rumlar, K\u00fcrtler ) sistematik bir \u015fekilde katliam ya\u015f\u0131yor. 1915 Soyk\u0131r\u0131m\u0131 ile ba\u015flayan s\u00fcre\u00e7 g\u00fcn\u00fcm\u00fcze de\u011fin k\u00fclt\u00fcrel ve ekonomik soyk\u0131r\u0131mla devam etmi\u015ftir. Mu\u015f\u2019ta AKP\u2019li Belediye, Tarihi Ermeni evlerini y\u0131karak TOK\u0130\u2019 ye pe\u015fke\u015f \u00e7ekiliyor. Hepimizin bildi\u011fi \u00fczere Sermayenin bir [&hellip;]","og_url":"https:\/\/akunq.net\/tr\/?p=24228","og_site_name":"Bati Ermenistan Ve Bati Ermenileri Sorunlari Ara\u015ftirmalar Merkezi","article_published_time":"2013-06-24T07:47:24+00:00","author":"admin","twitter_card":"summary_large_image","twitter_misc":{"Written by":"admin","Est. reading time":"1 minute"},"schema":{"@context":"https:\/\/schema.org","@graph":[{"@type":"Article","@id":"https:\/\/akunq.net\/tr\/?p=24228#article","isPartOf":{"@id":"https:\/\/akunq.net\/tr\/?p=24228"},"author":{"name":"admin","@id":"https:\/\/akunq.net\/tr\/#\/schema\/person\/096f1d38a12cce57fb855b485ed24c9e"},"headline":"Mu\u015f\u2019ta tarihi Ermeni evlerinin katliam\u0131na bir imza ile dur de imza kampanyas\u0131","datePublished":"2013-06-24T07:47:24+00:00","mainEntityOfPage":{"@id":"https:\/\/akunq.net\/tr\/?p=24228"},"wordCount":259,"commentCount":0,"articleSection":["G\u00fcn\u00fcm\u00fczde Bat\u0131 Ermenistan","Haberler"],"inLanguage":"en-US","potentialAction":[{"@type":"CommentAction","name":"Comment","target":["https:\/\/akunq.net\/tr\/?p=24228#respond"]}]},{"@type":"WebPage","@id":"https:\/\/akunq.net\/tr\/?p=24228","url":"https:\/\/akunq.net\/tr\/?p=24228","name":"Mu\u015f\u2019ta tarihi Ermeni evlerinin katliam\u0131na bir imza ile dur de imza kampanyas\u0131 - Bati Ermenistan Ve Bati Ermenileri Sorunlari Ara\u015ftirmalar Merkezi","isPartOf":{"@id":"https:\/\/akunq.net\/tr\/#website"},"datePublished":"2013-06-24T07:47:24+00:00","author":{"@id":"https:\/\/akunq.net\/tr\/#\/schema\/person\/096f1d38a12cce57fb855b485ed24c9e"},"breadcrumb":{"@id":"https:\/\/akunq.net\/tr\/?p=24228#breadcrumb"},"inLanguage":"en-US","potentialAction":[{"@type":"ReadAction","target":["https:\/\/akunq.net\/tr\/?p=24228"]}]},{"@type":"BreadcrumbList","@id":"https:\/\/akunq.net\/tr\/?p=24228#breadcrumb","itemListElement":[{"@type":"ListItem","position":1,"name":"Home","item":"https:\/\/akunq.net\/tr"},{"@type":"ListItem","position":2,"name":"Mu\u015f\u2019ta tarihi Ermeni evlerinin katliam\u0131na bir imza ile dur de imza kampanyas\u0131"}]},{"@type":"WebSite","@id":"https:\/\/akunq.net\/tr\/#website","url":"https:\/\/akunq.net\/tr\/","name":"Bati Ermenistan Ve Bati Ermenileri Sorunlari Ara\u015ftirmalar Merkezi","description":"","potentialAction":[{"@type":"SearchAction","target":{"@type":"EntryPoint","urlTemplate":"https:\/\/akunq.net\/tr\/?s={search_term_string}"},"query-input":{"@type":"PropertyValueSpecification","valueRequired":true,"valueName":"search_term_string"}}],"inLanguage":"en-US"},{"@type":"Person","@id":"https:\/\/akunq.net\/tr\/#\/schema\/person\/096f1d38a12cce57fb855b485ed24c9e","name":"admin","url":"https:\/\/akunq.net\/tr\/?author=7"}]}},"_links":{"self":[{"href":"https:\/\/akunq.net\/tr\/index.php?rest_route=\/wp\/v2\/posts\/24228","targetHints":{"allow":["GET"]}}],"collection":[{"href":"https:\/\/akunq.net\/tr\/index.php?rest_route=\/wp\/v2\/posts"}],"about":[{"href":"https:\/\/akunq.net\/tr\/index.php?rest_route=\/wp\/v2\/types\/post"}],"author":[{"embeddable":true,"href":"https:\/\/akunq.net\/tr\/index.php?rest_route=\/wp\/v2\/users\/7"}],"replies":[{"embeddable":true,"href":"https:\/\/akunq.net\/tr\/index.php?rest_route=%2Fwp%2Fv2%2Fcomments&post=24228"}],"version-history":[{"count":2,"href":"https:\/\/akunq.net\/tr\/index.php?rest_route=\/wp\/v2\/posts\/24228\/revisions"}],"predecessor-version":[{"id":24235,"href":"https:\/\/akunq.net\/tr\/index.php?rest_route=\/wp\/v2\/posts\/24228\/revisions\/24235"}],"wp:attachment":[{"href":"https:\/\/akunq.net\/tr\/index.php?rest_route=%2Fwp%2Fv2%2Fmedia&parent=24228"}],"wp:term":[{"taxonomy":"category","embeddable":true,"href":"https:\/\/akunq.net\/tr\/index.php?rest_route=%2Fwp%2Fv2%2Fcategories&post=24228"},{"taxonomy":"post_tag","embeddable":true,"href":"https:\/\/akunq.net\/tr\/index.php?rest_route=%2Fwp%2Fv2%2Ftags&post=24228"}],"curies":[{"name":"wp","href":"https:\/\/api.w.org\/{rel}","templated":true}]}}