{"id":24134,"date":"2013-06-20T02:30:34","date_gmt":"2013-06-20T07:30:34","guid":{"rendered":"http:\/\/akunq.net\/tr\/?p=24134"},"modified":"2013-06-20T02:30:34","modified_gmt":"2013-06-20T07:30:34","slug":"devrimci-20-ermeni-anildi","status":"publish","type":"post","link":"https:\/\/akunq.net\/tr\/?p=24134","title":{"rendered":"Devrimci 20 Ermeni An\u0131ld\u0131"},"content":{"rendered":"<p style=\"text-align: justify;\" align=\"center\"><a href=\"http:\/\/akunq.net\/tr\/?attachment_id=24135\" rel=\"attachment wp-att-24135\"><img loading=\"lazy\" decoding=\"async\" class=\"alignright size-full wp-image-24135\" alt=\"Devrimci 20 Ermeni An\u0131ld\u0131\" src=\"http:\/\/akunq.net\/tr\/wp-content\/uploads\/2013\/06\/Devrimci-20-Ermeni-An\u0131ld\u0131.jpg\" width=\"300\" height=\"224\" \/><\/a>De\u011ferli dostlar, \u0130stanbul\u2019da bir grup ayd\u0131n insan\u0131n, 15 haziran 1915\u2019te Konstantinopolis Sultan Beyaz\u0131t meydan\u0131nda idam edilen Sosyal Demokrat H\u0131n\u00e7ak Partisi\u2019nin 20 yi\u011fidini anma giri\u015fiminde bulunmas\u0131yla ilgili haberi ilk duydu\u011fumuzda pek ho\u015f bir sars\u0131nt\u0131 ya\u015fad\u0131k. T\u00fcrkiye toplumunun temsilcileri taraf\u0131ndan d\u00fc\u015f\u00fcn\u00fclen, planlanan ve \u00f6rg\u00fctlenen bu giri\u015fim do\u011fal olarak bizi heyecanland\u0131r\u0131p, sevindirdi tabii\u2026<\/p>\n<p style=\"text-align: justify;\">Fakat, bizler i\u00e7in herg\u00fcn rastlanan s\u0131radan bir olay olmayan bu giri\u015fimin sevindirici heyecan\u0131n\u0131n yerini sorumlu bir duru\u015fa b\u0131rakmas\u0131 pek gecikmedi.<\/p>\n<p style=\"text-align: justify;\">\u00d6zelde H\u0131n\u00e7ak\u2019lar, genelde d\u00fcnyan\u0131n d\u00f6rt bir yan\u0131na da\u011f\u0131lm\u0131\u015f olan Ermeni halk\u0131n\u0131n duyarl\u0131 evl\u00e2tlar\u0131n\u0131n \u00f6l\u00fcms\u00fcz Yirmileri kesintisiz olarak her y\u0131l de\u011fi\u015fik anma toplant\u0131lar\u0131 (1921 y\u0131l\u0131na kadar Konstantinopolis-\u0130stanbul\u2019da da an\u0131lmaktayd\u0131lar) d\u00fczenleyerek sayg\u0131yla and\u0131\u011f\u0131 bilinir. Fakat onlar\u0131n T\u00fcrkiye\u2019de toplumun ilerici kesimini temsil eden insanlar taraf\u0131ndan an\u0131lmas\u0131 bir \u0130LK\u2019tir. E\u011fer b\u00f6yle bir\u015feyi bundan birka\u00e7 y\u0131l \u00f6nce birisine s\u00f6ylemeye kalksayd\u0131n\u0131z hayal g\u00f6rd\u00fc\u011f\u00fcn\u00fcz varsay\u0131l\u0131rd\u0131 ku\u015fkusuz\u2026 Ama bu, bug\u00fcn tarihsel bir ger\u00e7ekliktir art\u0131k !<\/p>\n<p style=\"text-align: justify;\">Bug\u00fcne kadar, T\u00fcrkiye\u2019de ilerici ayd\u0131nlar\u0131n olas\u0131 t\u00fcm bask\u0131lar\u0131 g\u00f6ze alarak Ermeni soyk\u0131r\u0131m\u0131 hakk\u0131nda tarihsel ger\u00e7ekleri y\u00fckselterek tart\u0131\u015fmaya a\u00e7mas\u0131n\u0131n \u015fahidi olmu\u015f ve gelece\u011fe y\u00f6nelik geni\u015f olanaklar sunan \u00f6nemli buldu\u011fumuz bu ad\u0131mlar\u0131n k\u00f6\u015fe ta\u015f\u0131 de\u011ferinde oldu\u011funu farketmi\u015ftik.<\/p>\n<p style=\"text-align: justify;\">T\u00fcrkiye\u2019de bu denli cesur bir giri\u015fimde bulunan \u00f6zg\u00fcr d\u00fc\u015f\u00fcnceye sahip demokrat insanlar\u0131n, Osmanl\u0131 \u0130mparatorlu\u011fu\u2019nda sosyal ve ulusal kurtulu\u015f m\u00fccadelesi vermi\u015f H\u0131n\u00e7ak Partisi ve onun \u00f6l\u00fcms\u00fcz 20 neferi hakk\u0131nda ne kadar bilgi sahibi oldu\u011funu bilmemekten kaynaklanan bir kayg\u0131 ta\u015f\u0131d\u0131\u011f\u0131m\u0131z halde, onlar\u0131n bu bilgilere ula\u015fmada ya\u015fayabilinecek objektif sorunlar\u0131 g\u00f6z\u00f6n\u00fcnde bulundurarak bir su\u00e7lar\u0131 olmad\u0131\u011f\u0131n\u0131 d\u00fc\u015f\u00fcn\u00fcyoruz.<\/p>\n<p style=\"text-align: justify;\">Sosyal Demokrat H\u0131n\u00e7ak Partisi\u2019nin sosyal m\u00fccadele y\u0131llar\u0131n\u0131 burada saymak bile \u00e7ok uzun olur, ama SDHP\u2019nin bundan 125 y\u0131l \u00f6nce Osmanl\u0131 \u0130mparatorlu\u011fu\u2019nda bu kavgay\u0131 veren ilk ve tek parti oldu\u011funun bilinmesi gerekti\u011fini belirtmeden edemeyiz. Sultan Abd\u00fcl Hamid rejimine kar\u015f\u0131 m\u00fccadele etmek amac\u0131yla kurulan Sosyal Demokrat H\u0131n\u00e7ak Partisi\u2019nin kurulu\u015f bildirgesinde \u00abDevletinin kurban\u0131 durumunda bulunan T\u00fcrk k\u00f6yl\u00fcs\u00fcyle hi\u00e7bir al\u0131p-veremedi\u011fimiz yok, bizim sorunumuz iktidarlad\u0131r\u00bb diye yaz\u0131l\u0131 oldu\u011funu hat\u0131rlatmak isteriz.<\/p>\n<p style=\"text-align: justify;\">\u0130dam edilen 20 devrimcinin \u00f6nderi Paramaz\u2019\u0131n daha \u00f6nceleri, 1897\u2019de Van\u2019da tutukland\u0131\u011f\u0131 zaman \u00e7\u0131kar\u0131ld\u0131\u011f\u0131 mahkemede yapt\u0131\u011f\u0131 savunma konu\u015fmas\u0131nda \u00abBiz, kat\u0131 milliyet\u00e7ilerden de\u011filiz, y\u00fcre\u011fimiz kat\u0131ks\u0131z halk sevgisiyle dolu oldu\u011fundan ulusalc\u0131l\u0131\u011f\u0131n kral\u0131 Beylerin yabanc\u0131n\u0131n yapt\u0131\u011f\u0131 bask\u0131lar\u0131n ayn\u0131s\u0131n\u0131 kendi halk\u0131na da yapt\u0131\u011f\u0131n\u0131 \u00e7ok iyi biliyoruz\u00bb dedi\u011fini de tarihe not d\u00fc\u015fmek isteriz.<\/p>\n<p style=\"text-align: justify;\">1908 anayasas\u0131ndan sonra, Sosyal Demokrat H\u0131n\u00e7ak\u2019lar, m\u00fccadelelerini art\u0131k sosyal alanda, kanunlara uygun ve bar\u0131\u015f\u00e7\u0131l metodlarla verme yanl\u0131s\u0131 olduklar\u0131 hakk\u0131nda Parti\u2019nin 6.\u0131nc\u0131 Kongresi\u2019nde reforme ve kabul edilmi\u015f yeni programlar\u0131n\u0131 yay\u0131nlaman\u0131n yan\u0131nda, resmi bir\u00e7ok a\u00e7\u0131klamalar\u0131yla da duyururlar. Bu b\u00f6yle oldu\u011fu halde, \u0130ttihad ve Terakki Partisi\u2019nin \u00f6tekileri reddeden, ulusalc\u0131-fanatik ve halklar\u0131 T\u00fcrkle\u015ftirme y\u00f6nl\u00fc politikas\u0131 arzulanan her\u015feyi suya d\u00fc\u015f\u00fcr\u00fcr. Birinci D\u00fcnya Sava\u015f\u0131 esnas\u0131nda Ermeni halk\u0131na kar\u015f\u0131 planlanm\u0131\u015f bir soyk\u0131r\u0131m uygulan\u0131r. Osmanl\u0131 \u0130mparatorlu\u011fu\u2019nda \u0130ttihad ve Terakki Partisi\u2019nin uygulamakta oldu\u011fu \u0131rk\u00e7\u0131 politikalara kar\u015f\u0131 y\u0131lmadan, kararl\u0131 bir m\u00fccadele veren H\u0131n\u00e7ak Partisi\u2019nin y\u00fczlerce sorumlusu sava\u015f \u00f6ncesi tutuklan\u0131r, bunlardan Yirmi devrimci dara\u011fac\u0131na \u00e7\u0131kar\u0131l\u0131rlar. Bir o kadar H\u0131n\u00e7ak Partili insan da ba\u015fka \u015fehirlerde \u00f6l\u00fcme mahkum edilirler.<\/p>\n<p style=\"text-align: justify;\">Bu k\u0131sa, pek k\u0131sa \u00f6zetiyle, zulme kar\u015f\u0131 verilen amans\u0131z m\u00fccadele y\u0131llar\u0131nda Y\u0130RM\u0130LER\u0130N yapt\u0131\u011f\u0131 b\u00fcy\u00fck i\u015fleri hat\u0131rlayarak, devrimci emek ve \u00e7abalar\u0131n\u0131 \u00f6l\u00fcms\u00fczl\u00fc\u011fe ula\u015ft\u0131ran bu yi\u011fit insanlar\u0131n \u00f6l\u00fcms\u00fcz an\u0131lar\u0131 \u00f6n\u00fcnde sayg\u0131yla e\u011filme g\u00f6revimizi bug\u00fcn de yerine getirmekteyiz.<\/p>\n<p style=\"text-align: justify;\">Bug\u00fcn, Ermeni-T\u00fcrk ili\u015fkileri yeni ufuklar \u00f6n\u00fcndeler, bunun varolmas\u0131nda T\u00fcrkiye\u2019de \u00f6zg\u00fcr d\u00fc\u015f\u00fcnceye sahip, ilerici, demokrat, insan haklar\u0131 i\u00e7in uzun y\u0131llardan beri m\u00fccadele veren d\u00fcr\u00fcst ayd\u0131nlar\u0131n oynad\u0131\u011f\u0131 olumlu rol ink\u00e2r edilemez. Onlar, herhangi bir \u00f6nyarg\u0131n\u0131n esiri olmadan, tarihsel ger\u00e7eklere varolan \u00e7\u0131plakl\u0131\u011f\u0131yla bakabilen, e\u015fyalara kendi isimlerini vermekten ve adaletin yerini bulmas\u0131ndan korkmayan cesaret sahibi insanlard\u0131r.<\/p>\n<p style=\"text-align: justify;\">G\u00fcn\u00fcm\u00fczde kaydedilen en ufak bir ilerlemenin dahi, Y\u0130RM\u0130LERE ve onlar\u0131n canlar\u0131 pahas\u0131na verdikleri m\u00fccadeleye de mutlaka bir borcu oldu\u011fu gibi, gelece\u011fin de bu ayd\u0131n insanlara, sizlere borcu oldu\u011fu yads\u0131nmaz bir ger\u00e7ektir.<\/p>\n<p style=\"text-align: justify;\">Bug\u00fcnk\u00fc cesur giri\u015fimin ger\u00e7ekle\u015fmesinde eme\u011fi olan t\u00fcm insanlar\u0131, sizleri, i\u015fte bu bak\u0131\u015f a\u00e7\u0131s\u0131ndan de\u011ferlendiriyor ve hepinizi y\u00fcrekten selaml\u0131yoruz.<\/p>\n<p style=\"text-align: justify;\">Y\u0130RM\u0130LER\u0130N an\u0131lmas\u0131 vesilesiyle ilk defaya mahsus olmak \u00fczere aram\u0131zda kurulan bu ili\u015fkinin, do\u011fru, hakl\u0131, adil, b\u00fcy\u00fck bir yolun ortak y\u00fcr\u00fcy\u00fc\u015f\u00e7\u00fcleri olan iyilerin zaferini sa\u011flamas\u0131n\u0131 umut etti\u011fimiz, samimi bir dostluk ve i\u015fbirli\u011fine d\u00f6n\u00fc\u015fmesini diliyoruz.<\/p>\n<p style=\"text-align: justify;\">Sosyal Demokrat H\u0131n\u00e7ak Partisi Merkez Komitesi<\/p>\n<p style=\"text-align: justify;\"><b><i>G\u00f6nderen: szarakolu@yahoo.com\u00a0<\/i><\/b><\/p>\n<p style=\"text-align: justify;\"><b><i>http:\/\/hyetert.blogspot.com\/2013\/06\/devrimci-20-ermeni-anld.html<\/i><\/b><\/p>\n","protected":false},"excerpt":{"rendered":"<p>De\u011ferli dostlar, \u0130stanbul\u2019da bir grup ayd\u0131n insan\u0131n, 15 haziran 1915\u2019te Konstantinopolis Sultan Beyaz\u0131t meydan\u0131nda idam edilen Sosyal Demokrat H\u0131n\u00e7ak Partisi\u2019nin 20 yi\u011fidini anma giri\u015fiminde bulunmas\u0131yla ilgili haberi ilk duydu\u011fumuzda pek ho\u015f bir sars\u0131nt\u0131 ya\u015fad\u0131k. T\u00fcrkiye toplumunun temsilcileri taraf\u0131ndan d\u00fc\u015f\u00fcn\u00fclen, planlanan ve \u00f6rg\u00fctlenen bu giri\u015fim do\u011fal olarak bizi heyecanland\u0131r\u0131p, sevindirdi tabii\u2026 Fakat, bizler i\u00e7in herg\u00fcn rastlanan [&hellip;]<\/p>\n","protected":false},"author":7,"featured_media":0,"comment_status":"open","ping_status":"open","sticky":false,"template":"","format":"standard","meta":{"footnotes":""},"categories":[1,56],"tags":[],"class_list":["post-24134","post","type-post","status-publish","format-standard","hentry","category-haberler","category-tartismalar"],"yoast_head":"<!-- This site is optimized with the Yoast SEO plugin v27.4 - https:\/\/yoast.com\/product\/yoast-seo-wordpress\/ -->\n<title>Devrimci 20 Ermeni An\u0131ld\u0131 - Bati Ermenistan Ve Bati Ermenileri Sorunlari Ara\u015ftirmalar Merkezi<\/title>\n<meta name=\"robots\" content=\"index, follow, max-snippet:-1, max-image-preview:large, max-video-preview:-1\" \/>\n<link rel=\"canonical\" href=\"https:\/\/akunq.net\/tr\/?p=24134\" \/>\n<meta property=\"og:locale\" content=\"en_US\" \/>\n<meta property=\"og:type\" content=\"article\" \/>\n<meta property=\"og:title\" content=\"Devrimci 20 Ermeni An\u0131ld\u0131 - Bati Ermenistan Ve Bati Ermenileri Sorunlari Ara\u015ftirmalar Merkezi\" \/>\n<meta property=\"og:description\" content=\"De\u011ferli dostlar, \u0130stanbul\u2019da bir grup ayd\u0131n insan\u0131n, 15 haziran 1915\u2019te Konstantinopolis Sultan Beyaz\u0131t meydan\u0131nda idam edilen Sosyal Demokrat H\u0131n\u00e7ak Partisi\u2019nin 20 yi\u011fidini anma giri\u015fiminde bulunmas\u0131yla ilgili haberi ilk duydu\u011fumuzda pek ho\u015f bir sars\u0131nt\u0131 ya\u015fad\u0131k. T\u00fcrkiye toplumunun temsilcileri taraf\u0131ndan d\u00fc\u015f\u00fcn\u00fclen, planlanan ve \u00f6rg\u00fctlenen bu giri\u015fim do\u011fal olarak bizi heyecanland\u0131r\u0131p, sevindirdi tabii\u2026 Fakat, bizler i\u00e7in herg\u00fcn rastlanan [&hellip;]\" \/>\n<meta property=\"og:url\" content=\"https:\/\/akunq.net\/tr\/?p=24134\" \/>\n<meta property=\"og:site_name\" content=\"Bati Ermenistan Ve Bati Ermenileri Sorunlari Ara\u015ftirmalar Merkezi\" \/>\n<meta property=\"article:published_time\" content=\"2013-06-20T07:30:34+00:00\" \/>\n<meta name=\"author\" content=\"admin\" \/>\n<meta name=\"twitter:card\" content=\"summary_large_image\" \/>\n<meta name=\"twitter:label1\" content=\"Written by\" \/>\n\t<meta name=\"twitter:data1\" content=\"admin\" \/>\n\t<meta name=\"twitter:label2\" content=\"Est. reading time\" \/>\n\t<meta name=\"twitter:data2\" content=\"5 minutes\" \/>\n<script type=\"application\/ld+json\" class=\"yoast-schema-graph\">{\"@context\":\"https:\\\/\\\/schema.org\",\"@graph\":[{\"@type\":\"Article\",\"@id\":\"https:\\\/\\\/akunq.net\\\/tr\\\/?p=24134#article\",\"isPartOf\":{\"@id\":\"https:\\\/\\\/akunq.net\\\/tr\\\/?p=24134\"},\"author\":{\"name\":\"admin\",\"@id\":\"https:\\\/\\\/akunq.net\\\/tr\\\/#\\\/schema\\\/person\\\/096f1d38a12cce57fb855b485ed24c9e\"},\"headline\":\"Devrimci 20 Ermeni An\u0131ld\u0131\",\"datePublished\":\"2013-06-20T07:30:34+00:00\",\"mainEntityOfPage\":{\"@id\":\"https:\\\/\\\/akunq.net\\\/tr\\\/?p=24134\"},\"wordCount\":967,\"commentCount\":0,\"articleSection\":[\"Haberler\",\"Tart\u0131\u015fmalar\"],\"inLanguage\":\"en-US\",\"potentialAction\":[{\"@type\":\"CommentAction\",\"name\":\"Comment\",\"target\":[\"https:\\\/\\\/akunq.net\\\/tr\\\/?p=24134#respond\"]}]},{\"@type\":\"WebPage\",\"@id\":\"https:\\\/\\\/akunq.net\\\/tr\\\/?p=24134\",\"url\":\"https:\\\/\\\/akunq.net\\\/tr\\\/?p=24134\",\"name\":\"Devrimci 20 Ermeni An\u0131ld\u0131 - Bati Ermenistan Ve Bati Ermenileri Sorunlari Ara\u015ftirmalar Merkezi\",\"isPartOf\":{\"@id\":\"https:\\\/\\\/akunq.net\\\/tr\\\/#website\"},\"datePublished\":\"2013-06-20T07:30:34+00:00\",\"author\":{\"@id\":\"https:\\\/\\\/akunq.net\\\/tr\\\/#\\\/schema\\\/person\\\/096f1d38a12cce57fb855b485ed24c9e\"},\"breadcrumb\":{\"@id\":\"https:\\\/\\\/akunq.net\\\/tr\\\/?p=24134#breadcrumb\"},\"inLanguage\":\"en-US\",\"potentialAction\":[{\"@type\":\"ReadAction\",\"target\":[\"https:\\\/\\\/akunq.net\\\/tr\\\/?p=24134\"]}]},{\"@type\":\"BreadcrumbList\",\"@id\":\"https:\\\/\\\/akunq.net\\\/tr\\\/?p=24134#breadcrumb\",\"itemListElement\":[{\"@type\":\"ListItem\",\"position\":1,\"name\":\"Home\",\"item\":\"https:\\\/\\\/akunq.net\\\/tr\"},{\"@type\":\"ListItem\",\"position\":2,\"name\":\"Devrimci 20 Ermeni An\u0131ld\u0131\"}]},{\"@type\":\"WebSite\",\"@id\":\"https:\\\/\\\/akunq.net\\\/tr\\\/#website\",\"url\":\"https:\\\/\\\/akunq.net\\\/tr\\\/\",\"name\":\"Bati Ermenistan Ve Bati Ermenileri Sorunlari Ara\u015ftirmalar Merkezi\",\"description\":\"\",\"potentialAction\":[{\"@type\":\"SearchAction\",\"target\":{\"@type\":\"EntryPoint\",\"urlTemplate\":\"https:\\\/\\\/akunq.net\\\/tr\\\/?s={search_term_string}\"},\"query-input\":{\"@type\":\"PropertyValueSpecification\",\"valueRequired\":true,\"valueName\":\"search_term_string\"}}],\"inLanguage\":\"en-US\"},{\"@type\":\"Person\",\"@id\":\"https:\\\/\\\/akunq.net\\\/tr\\\/#\\\/schema\\\/person\\\/096f1d38a12cce57fb855b485ed24c9e\",\"name\":\"admin\",\"url\":\"https:\\\/\\\/akunq.net\\\/tr\\\/?author=7\"}]}<\/script>\n<!-- \/ Yoast SEO plugin. -->","yoast_head_json":{"title":"Devrimci 20 Ermeni An\u0131ld\u0131 - Bati Ermenistan Ve Bati Ermenileri Sorunlari Ara\u015ftirmalar Merkezi","robots":{"index":"index","follow":"follow","max-snippet":"max-snippet:-1","max-image-preview":"max-image-preview:large","max-video-preview":"max-video-preview:-1"},"canonical":"https:\/\/akunq.net\/tr\/?p=24134","og_locale":"en_US","og_type":"article","og_title":"Devrimci 20 Ermeni An\u0131ld\u0131 - Bati Ermenistan Ve Bati Ermenileri Sorunlari Ara\u015ftirmalar Merkezi","og_description":"De\u011ferli dostlar, \u0130stanbul\u2019da bir grup ayd\u0131n insan\u0131n, 15 haziran 1915\u2019te Konstantinopolis Sultan Beyaz\u0131t meydan\u0131nda idam edilen Sosyal Demokrat H\u0131n\u00e7ak Partisi\u2019nin 20 yi\u011fidini anma giri\u015fiminde bulunmas\u0131yla ilgili haberi ilk duydu\u011fumuzda pek ho\u015f bir sars\u0131nt\u0131 ya\u015fad\u0131k. T\u00fcrkiye toplumunun temsilcileri taraf\u0131ndan d\u00fc\u015f\u00fcn\u00fclen, planlanan ve \u00f6rg\u00fctlenen bu giri\u015fim do\u011fal olarak bizi heyecanland\u0131r\u0131p, sevindirdi tabii\u2026 Fakat, bizler i\u00e7in herg\u00fcn rastlanan [&hellip;]","og_url":"https:\/\/akunq.net\/tr\/?p=24134","og_site_name":"Bati Ermenistan Ve Bati Ermenileri Sorunlari Ara\u015ftirmalar Merkezi","article_published_time":"2013-06-20T07:30:34+00:00","author":"admin","twitter_card":"summary_large_image","twitter_misc":{"Written by":"admin","Est. reading time":"5 minutes"},"schema":{"@context":"https:\/\/schema.org","@graph":[{"@type":"Article","@id":"https:\/\/akunq.net\/tr\/?p=24134#article","isPartOf":{"@id":"https:\/\/akunq.net\/tr\/?p=24134"},"author":{"name":"admin","@id":"https:\/\/akunq.net\/tr\/#\/schema\/person\/096f1d38a12cce57fb855b485ed24c9e"},"headline":"Devrimci 20 Ermeni An\u0131ld\u0131","datePublished":"2013-06-20T07:30:34+00:00","mainEntityOfPage":{"@id":"https:\/\/akunq.net\/tr\/?p=24134"},"wordCount":967,"commentCount":0,"articleSection":["Haberler","Tart\u0131\u015fmalar"],"inLanguage":"en-US","potentialAction":[{"@type":"CommentAction","name":"Comment","target":["https:\/\/akunq.net\/tr\/?p=24134#respond"]}]},{"@type":"WebPage","@id":"https:\/\/akunq.net\/tr\/?p=24134","url":"https:\/\/akunq.net\/tr\/?p=24134","name":"Devrimci 20 Ermeni An\u0131ld\u0131 - Bati Ermenistan Ve Bati Ermenileri Sorunlari Ara\u015ftirmalar Merkezi","isPartOf":{"@id":"https:\/\/akunq.net\/tr\/#website"},"datePublished":"2013-06-20T07:30:34+00:00","author":{"@id":"https:\/\/akunq.net\/tr\/#\/schema\/person\/096f1d38a12cce57fb855b485ed24c9e"},"breadcrumb":{"@id":"https:\/\/akunq.net\/tr\/?p=24134#breadcrumb"},"inLanguage":"en-US","potentialAction":[{"@type":"ReadAction","target":["https:\/\/akunq.net\/tr\/?p=24134"]}]},{"@type":"BreadcrumbList","@id":"https:\/\/akunq.net\/tr\/?p=24134#breadcrumb","itemListElement":[{"@type":"ListItem","position":1,"name":"Home","item":"https:\/\/akunq.net\/tr"},{"@type":"ListItem","position":2,"name":"Devrimci 20 Ermeni An\u0131ld\u0131"}]},{"@type":"WebSite","@id":"https:\/\/akunq.net\/tr\/#website","url":"https:\/\/akunq.net\/tr\/","name":"Bati Ermenistan Ve Bati Ermenileri Sorunlari Ara\u015ftirmalar Merkezi","description":"","potentialAction":[{"@type":"SearchAction","target":{"@type":"EntryPoint","urlTemplate":"https:\/\/akunq.net\/tr\/?s={search_term_string}"},"query-input":{"@type":"PropertyValueSpecification","valueRequired":true,"valueName":"search_term_string"}}],"inLanguage":"en-US"},{"@type":"Person","@id":"https:\/\/akunq.net\/tr\/#\/schema\/person\/096f1d38a12cce57fb855b485ed24c9e","name":"admin","url":"https:\/\/akunq.net\/tr\/?author=7"}]}},"_links":{"self":[{"href":"https:\/\/akunq.net\/tr\/index.php?rest_route=\/wp\/v2\/posts\/24134","targetHints":{"allow":["GET"]}}],"collection":[{"href":"https:\/\/akunq.net\/tr\/index.php?rest_route=\/wp\/v2\/posts"}],"about":[{"href":"https:\/\/akunq.net\/tr\/index.php?rest_route=\/wp\/v2\/types\/post"}],"author":[{"embeddable":true,"href":"https:\/\/akunq.net\/tr\/index.php?rest_route=\/wp\/v2\/users\/7"}],"replies":[{"embeddable":true,"href":"https:\/\/akunq.net\/tr\/index.php?rest_route=%2Fwp%2Fv2%2Fcomments&post=24134"}],"version-history":[{"count":2,"href":"https:\/\/akunq.net\/tr\/index.php?rest_route=\/wp\/v2\/posts\/24134\/revisions"}],"predecessor-version":[{"id":24137,"href":"https:\/\/akunq.net\/tr\/index.php?rest_route=\/wp\/v2\/posts\/24134\/revisions\/24137"}],"wp:attachment":[{"href":"https:\/\/akunq.net\/tr\/index.php?rest_route=%2Fwp%2Fv2%2Fmedia&parent=24134"}],"wp:term":[{"taxonomy":"category","embeddable":true,"href":"https:\/\/akunq.net\/tr\/index.php?rest_route=%2Fwp%2Fv2%2Fcategories&post=24134"},{"taxonomy":"post_tag","embeddable":true,"href":"https:\/\/akunq.net\/tr\/index.php?rest_route=%2Fwp%2Fv2%2Ftags&post=24134"}],"curies":[{"name":"wp","href":"https:\/\/api.w.org\/{rel}","templated":true}]}}