{"id":24112,"date":"2013-06-19T03:40:43","date_gmt":"2013-06-19T08:40:43","guid":{"rendered":"http:\/\/akunq.net\/tr\/?p=24112"},"modified":"2013-06-19T03:40:43","modified_gmt":"2013-06-19T08:40:43","slug":"hrant-dink-davasinda-yeni-gelisme","status":"publish","type":"post","link":"https:\/\/akunq.net\/tr\/?p=24112","title":{"rendered":"Hrant Dink davas\u0131nda yeni geli\u015fme"},"content":{"rendered":"<p style=\"text-align: justify;\"><b><i><a href=\"http:\/\/akunq.net\/tr\/?attachment_id=24113\" rel=\"attachment wp-att-24113\"><img loading=\"lazy\" decoding=\"async\" class=\"alignright size-full wp-image-24113\" alt=\"\u0534\u056b\u0576\u0584\" src=\"http:\/\/akunq.net\/tr\/wp-content\/uploads\/2013\/06\/\u0534\u056b\u0576\u0584.jpg\" width=\"268\" height=\"219\" \/><\/a><a href=\"http:\/\/www.cnnturk.com\/guncel.konular\/hrant.dink\/113\/index.html\">Hrant Dink<\/a><\/i><\/b><b><i>&#8216;in \u00f6ld\u00fcr\u00fclmesine ili\u015fkin davada 12 y\u0131l 6 <\/i><\/b><a href=\"http:\/\/www.cnnturk.com\/guncel.konular\/ay\/362\/index.html\"><b><i>ay<\/i><\/b><\/a><b><i> hapis cezas\u0131na \u00e7arpt\u0131r\u0131lan Ersin Yolcu, Trabzon&#8217;da yakalanarak cezaevine konuldu.<\/i><\/b><\/p>\n<p style=\"text-align: justify;\">Trabzon Asayi\u015f \u015eube M\u00fcd\u00fcrl\u00fc\u011f\u00fc&#8217;ne ba\u011fl\u0131 \u0130nfaz B\u00fcro Amirli\u011fi ekipleri, gazeteci <a href=\"http:\/\/www.cnnturk.com\/guncel.konular\/hrant.dink\/113\/index.html\">Hrant Dink<\/a>&#8216;in \u00f6ld\u00fcr\u00fclmesine ili\u015fkin \u0130stanbul 14. A\u011f\u0131r Ceza Mahkemesi&#8217;nde g\u00f6r\u00fclen davada 12 y\u0131l 6 <a href=\"http:\/\/www.cnnturk.com\/guncel.konular\/ay\/362\/index.html\">ay<\/a> hapis cezas\u0131na \u00e7arpt\u0131r\u0131lan san\u0131k Ersin Yolcu hakk\u0131ndaki h\u00fckm\u00fcn Yarg\u0131tay taraf\u0131ndan onanmas\u0131n\u0131n ard\u0131ndan, bu ki\u015fiyi yakalamak i\u00e7in \u00e7al\u0131\u015fma ba\u015flatt\u0131.<\/p>\n<p>\u00c7al\u0131\u015fmalar \u00e7er\u00e7evesinde S\u00f6\u011f\u00fctl\u00fc beldesinde d\u00fczenlenen operasyonda yakalanan Yolcu, g\u00f6zalt\u0131na al\u0131nd\u0131.<\/p>\n<p>Yolcu, adliyedeki i\u015flemlerinin ard\u0131ndan Bah\u00e7ecik Cezaevi&#8217;ne g\u00f6nderildi<\/p>\n<p style=\"text-align: justify;\"><b><i>http:\/\/www.cnnturk.com\/2013\/turkiye\/06\/18\/hrant.dink.davasinda.yeni.gelisme\/712111.0\/index.html<\/i><\/b><\/p>\n","protected":false},"excerpt":{"rendered":"<p>Hrant Dink&#8216;in \u00f6ld\u00fcr\u00fclmesine ili\u015fkin davada 12 y\u0131l 6 ay hapis cezas\u0131na \u00e7arpt\u0131r\u0131lan Ersin Yolcu, Trabzon&#8217;da yakalanarak cezaevine konuldu. Trabzon Asayi\u015f \u015eube M\u00fcd\u00fcrl\u00fc\u011f\u00fc&#8217;ne ba\u011fl\u0131 \u0130nfaz B\u00fcro Amirli\u011fi ekipleri, gazeteci Hrant Dink&#8216;in \u00f6ld\u00fcr\u00fclmesine ili\u015fkin \u0130stanbul 14. A\u011f\u0131r Ceza Mahkemesi&#8217;nde g\u00f6r\u00fclen davada 12 y\u0131l 6 ay hapis cezas\u0131na \u00e7arpt\u0131r\u0131lan san\u0131k Ersin Yolcu hakk\u0131ndaki h\u00fckm\u00fcn Yarg\u0131tay taraf\u0131ndan onanmas\u0131n\u0131n ard\u0131ndan, [&hellip;]<\/p>\n","protected":false},"author":7,"featured_media":0,"comment_status":"open","ping_status":"open","sticky":false,"template":"","format":"standard","meta":{"footnotes":""},"categories":[1],"tags":[],"class_list":["post-24112","post","type-post","status-publish","format-standard","hentry","category-haberler"],"yoast_head":"<!-- This site is optimized with the Yoast SEO plugin v27.4 - https:\/\/yoast.com\/product\/yoast-seo-wordpress\/ -->\n<title>Hrant Dink davas\u0131nda yeni geli\u015fme - Bati Ermenistan Ve Bati Ermenileri Sorunlari Ara\u015ftirmalar Merkezi<\/title>\n<meta name=\"robots\" content=\"index, follow, max-snippet:-1, max-image-preview:large, max-video-preview:-1\" \/>\n<link rel=\"canonical\" href=\"https:\/\/akunq.net\/tr\/?p=24112\" \/>\n<meta property=\"og:locale\" content=\"en_US\" \/>\n<meta property=\"og:type\" content=\"article\" \/>\n<meta property=\"og:title\" content=\"Hrant Dink davas\u0131nda yeni geli\u015fme - Bati Ermenistan Ve Bati Ermenileri Sorunlari Ara\u015ftirmalar Merkezi\" \/>\n<meta property=\"og:description\" content=\"Hrant Dink&#8216;in \u00f6ld\u00fcr\u00fclmesine ili\u015fkin davada 12 y\u0131l 6 ay hapis cezas\u0131na \u00e7arpt\u0131r\u0131lan Ersin Yolcu, Trabzon&#8217;da yakalanarak cezaevine konuldu. Trabzon Asayi\u015f \u015eube M\u00fcd\u00fcrl\u00fc\u011f\u00fc&#8217;ne ba\u011fl\u0131 \u0130nfaz B\u00fcro Amirli\u011fi ekipleri, gazeteci Hrant Dink&#8216;in \u00f6ld\u00fcr\u00fclmesine ili\u015fkin \u0130stanbul 14. A\u011f\u0131r Ceza Mahkemesi&#8217;nde g\u00f6r\u00fclen davada 12 y\u0131l 6 ay hapis cezas\u0131na \u00e7arpt\u0131r\u0131lan san\u0131k Ersin Yolcu hakk\u0131ndaki h\u00fckm\u00fcn Yarg\u0131tay taraf\u0131ndan onanmas\u0131n\u0131n ard\u0131ndan, [&hellip;]\" \/>\n<meta property=\"og:url\" content=\"https:\/\/akunq.net\/tr\/?p=24112\" \/>\n<meta property=\"og:site_name\" content=\"Bati Ermenistan Ve Bati Ermenileri Sorunlari Ara\u015ftirmalar Merkezi\" \/>\n<meta property=\"article:published_time\" content=\"2013-06-19T08:40:43+00:00\" \/>\n<meta name=\"author\" content=\"admin\" \/>\n<meta name=\"twitter:card\" content=\"summary_large_image\" \/>\n<meta name=\"twitter:label1\" content=\"Written by\" \/>\n\t<meta name=\"twitter:data1\" content=\"admin\" \/>\n\t<meta name=\"twitter:label2\" content=\"Est. reading time\" \/>\n\t<meta name=\"twitter:data2\" content=\"1 minute\" \/>\n<script type=\"application\/ld+json\" class=\"yoast-schema-graph\">{\"@context\":\"https:\\\/\\\/schema.org\",\"@graph\":[{\"@type\":\"Article\",\"@id\":\"https:\\\/\\\/akunq.net\\\/tr\\\/?p=24112#article\",\"isPartOf\":{\"@id\":\"https:\\\/\\\/akunq.net\\\/tr\\\/?p=24112\"},\"author\":{\"name\":\"admin\",\"@id\":\"https:\\\/\\\/akunq.net\\\/tr\\\/#\\\/schema\\\/person\\\/096f1d38a12cce57fb855b485ed24c9e\"},\"headline\":\"Hrant Dink davas\u0131nda yeni geli\u015fme\",\"datePublished\":\"2013-06-19T08:40:43+00:00\",\"mainEntityOfPage\":{\"@id\":\"https:\\\/\\\/akunq.net\\\/tr\\\/?p=24112\"},\"wordCount\":140,\"commentCount\":0,\"articleSection\":[\"Haberler\"],\"inLanguage\":\"en-US\",\"potentialAction\":[{\"@type\":\"CommentAction\",\"name\":\"Comment\",\"target\":[\"https:\\\/\\\/akunq.net\\\/tr\\\/?p=24112#respond\"]}]},{\"@type\":\"WebPage\",\"@id\":\"https:\\\/\\\/akunq.net\\\/tr\\\/?p=24112\",\"url\":\"https:\\\/\\\/akunq.net\\\/tr\\\/?p=24112\",\"name\":\"Hrant Dink davas\u0131nda yeni geli\u015fme - Bati Ermenistan Ve Bati Ermenileri Sorunlari Ara\u015ftirmalar Merkezi\",\"isPartOf\":{\"@id\":\"https:\\\/\\\/akunq.net\\\/tr\\\/#website\"},\"datePublished\":\"2013-06-19T08:40:43+00:00\",\"author\":{\"@id\":\"https:\\\/\\\/akunq.net\\\/tr\\\/#\\\/schema\\\/person\\\/096f1d38a12cce57fb855b485ed24c9e\"},\"breadcrumb\":{\"@id\":\"https:\\\/\\\/akunq.net\\\/tr\\\/?p=24112#breadcrumb\"},\"inLanguage\":\"en-US\",\"potentialAction\":[{\"@type\":\"ReadAction\",\"target\":[\"https:\\\/\\\/akunq.net\\\/tr\\\/?p=24112\"]}]},{\"@type\":\"BreadcrumbList\",\"@id\":\"https:\\\/\\\/akunq.net\\\/tr\\\/?p=24112#breadcrumb\",\"itemListElement\":[{\"@type\":\"ListItem\",\"position\":1,\"name\":\"Home\",\"item\":\"https:\\\/\\\/akunq.net\\\/tr\"},{\"@type\":\"ListItem\",\"position\":2,\"name\":\"Hrant Dink davas\u0131nda yeni geli\u015fme\"}]},{\"@type\":\"WebSite\",\"@id\":\"https:\\\/\\\/akunq.net\\\/tr\\\/#website\",\"url\":\"https:\\\/\\\/akunq.net\\\/tr\\\/\",\"name\":\"Bati Ermenistan Ve Bati Ermenileri Sorunlari Ara\u015ftirmalar Merkezi\",\"description\":\"\",\"potentialAction\":[{\"@type\":\"SearchAction\",\"target\":{\"@type\":\"EntryPoint\",\"urlTemplate\":\"https:\\\/\\\/akunq.net\\\/tr\\\/?s={search_term_string}\"},\"query-input\":{\"@type\":\"PropertyValueSpecification\",\"valueRequired\":true,\"valueName\":\"search_term_string\"}}],\"inLanguage\":\"en-US\"},{\"@type\":\"Person\",\"@id\":\"https:\\\/\\\/akunq.net\\\/tr\\\/#\\\/schema\\\/person\\\/096f1d38a12cce57fb855b485ed24c9e\",\"name\":\"admin\",\"url\":\"https:\\\/\\\/akunq.net\\\/tr\\\/?author=7\"}]}<\/script>\n<!-- \/ Yoast SEO plugin. -->","yoast_head_json":{"title":"Hrant Dink davas\u0131nda yeni geli\u015fme - Bati Ermenistan Ve Bati Ermenileri Sorunlari Ara\u015ftirmalar Merkezi","robots":{"index":"index","follow":"follow","max-snippet":"max-snippet:-1","max-image-preview":"max-image-preview:large","max-video-preview":"max-video-preview:-1"},"canonical":"https:\/\/akunq.net\/tr\/?p=24112","og_locale":"en_US","og_type":"article","og_title":"Hrant Dink davas\u0131nda yeni geli\u015fme - Bati Ermenistan Ve Bati Ermenileri Sorunlari Ara\u015ftirmalar Merkezi","og_description":"Hrant Dink&#8216;in \u00f6ld\u00fcr\u00fclmesine ili\u015fkin davada 12 y\u0131l 6 ay hapis cezas\u0131na \u00e7arpt\u0131r\u0131lan Ersin Yolcu, Trabzon&#8217;da yakalanarak cezaevine konuldu. Trabzon Asayi\u015f \u015eube M\u00fcd\u00fcrl\u00fc\u011f\u00fc&#8217;ne ba\u011fl\u0131 \u0130nfaz B\u00fcro Amirli\u011fi ekipleri, gazeteci Hrant Dink&#8216;in \u00f6ld\u00fcr\u00fclmesine ili\u015fkin \u0130stanbul 14. A\u011f\u0131r Ceza Mahkemesi&#8217;nde g\u00f6r\u00fclen davada 12 y\u0131l 6 ay hapis cezas\u0131na \u00e7arpt\u0131r\u0131lan san\u0131k Ersin Yolcu hakk\u0131ndaki h\u00fckm\u00fcn Yarg\u0131tay taraf\u0131ndan onanmas\u0131n\u0131n ard\u0131ndan, [&hellip;]","og_url":"https:\/\/akunq.net\/tr\/?p=24112","og_site_name":"Bati Ermenistan Ve Bati Ermenileri Sorunlari Ara\u015ftirmalar Merkezi","article_published_time":"2013-06-19T08:40:43+00:00","author":"admin","twitter_card":"summary_large_image","twitter_misc":{"Written by":"admin","Est. reading time":"1 minute"},"schema":{"@context":"https:\/\/schema.org","@graph":[{"@type":"Article","@id":"https:\/\/akunq.net\/tr\/?p=24112#article","isPartOf":{"@id":"https:\/\/akunq.net\/tr\/?p=24112"},"author":{"name":"admin","@id":"https:\/\/akunq.net\/tr\/#\/schema\/person\/096f1d38a12cce57fb855b485ed24c9e"},"headline":"Hrant Dink davas\u0131nda yeni geli\u015fme","datePublished":"2013-06-19T08:40:43+00:00","mainEntityOfPage":{"@id":"https:\/\/akunq.net\/tr\/?p=24112"},"wordCount":140,"commentCount":0,"articleSection":["Haberler"],"inLanguage":"en-US","potentialAction":[{"@type":"CommentAction","name":"Comment","target":["https:\/\/akunq.net\/tr\/?p=24112#respond"]}]},{"@type":"WebPage","@id":"https:\/\/akunq.net\/tr\/?p=24112","url":"https:\/\/akunq.net\/tr\/?p=24112","name":"Hrant Dink davas\u0131nda yeni geli\u015fme - Bati Ermenistan Ve Bati Ermenileri Sorunlari Ara\u015ftirmalar Merkezi","isPartOf":{"@id":"https:\/\/akunq.net\/tr\/#website"},"datePublished":"2013-06-19T08:40:43+00:00","author":{"@id":"https:\/\/akunq.net\/tr\/#\/schema\/person\/096f1d38a12cce57fb855b485ed24c9e"},"breadcrumb":{"@id":"https:\/\/akunq.net\/tr\/?p=24112#breadcrumb"},"inLanguage":"en-US","potentialAction":[{"@type":"ReadAction","target":["https:\/\/akunq.net\/tr\/?p=24112"]}]},{"@type":"BreadcrumbList","@id":"https:\/\/akunq.net\/tr\/?p=24112#breadcrumb","itemListElement":[{"@type":"ListItem","position":1,"name":"Home","item":"https:\/\/akunq.net\/tr"},{"@type":"ListItem","position":2,"name":"Hrant Dink davas\u0131nda yeni geli\u015fme"}]},{"@type":"WebSite","@id":"https:\/\/akunq.net\/tr\/#website","url":"https:\/\/akunq.net\/tr\/","name":"Bati Ermenistan Ve Bati Ermenileri Sorunlari Ara\u015ftirmalar Merkezi","description":"","potentialAction":[{"@type":"SearchAction","target":{"@type":"EntryPoint","urlTemplate":"https:\/\/akunq.net\/tr\/?s={search_term_string}"},"query-input":{"@type":"PropertyValueSpecification","valueRequired":true,"valueName":"search_term_string"}}],"inLanguage":"en-US"},{"@type":"Person","@id":"https:\/\/akunq.net\/tr\/#\/schema\/person\/096f1d38a12cce57fb855b485ed24c9e","name":"admin","url":"https:\/\/akunq.net\/tr\/?author=7"}]}},"_links":{"self":[{"href":"https:\/\/akunq.net\/tr\/index.php?rest_route=\/wp\/v2\/posts\/24112","targetHints":{"allow":["GET"]}}],"collection":[{"href":"https:\/\/akunq.net\/tr\/index.php?rest_route=\/wp\/v2\/posts"}],"about":[{"href":"https:\/\/akunq.net\/tr\/index.php?rest_route=\/wp\/v2\/types\/post"}],"author":[{"embeddable":true,"href":"https:\/\/akunq.net\/tr\/index.php?rest_route=\/wp\/v2\/users\/7"}],"replies":[{"embeddable":true,"href":"https:\/\/akunq.net\/tr\/index.php?rest_route=%2Fwp%2Fv2%2Fcomments&post=24112"}],"version-history":[{"count":1,"href":"https:\/\/akunq.net\/tr\/index.php?rest_route=\/wp\/v2\/posts\/24112\/revisions"}],"predecessor-version":[{"id":24114,"href":"https:\/\/akunq.net\/tr\/index.php?rest_route=\/wp\/v2\/posts\/24112\/revisions\/24114"}],"wp:attachment":[{"href":"https:\/\/akunq.net\/tr\/index.php?rest_route=%2Fwp%2Fv2%2Fmedia&parent=24112"}],"wp:term":[{"taxonomy":"category","embeddable":true,"href":"https:\/\/akunq.net\/tr\/index.php?rest_route=%2Fwp%2Fv2%2Fcategories&post=24112"},{"taxonomy":"post_tag","embeddable":true,"href":"https:\/\/akunq.net\/tr\/index.php?rest_route=%2Fwp%2Fv2%2Ftags&post=24112"}],"curies":[{"name":"wp","href":"https:\/\/api.w.org\/{rel}","templated":true}]}}