{"id":24066,"date":"2013-06-18T02:19:26","date_gmt":"2013-06-18T07:19:26","guid":{"rendered":"http:\/\/akunq.net\/tr\/?p=24066"},"modified":"2013-06-18T02:19:26","modified_gmt":"2013-06-18T07:19:26","slug":"basbakan-erdogan-hakkinda-suc-duyurusu","status":"publish","type":"post","link":"https:\/\/akunq.net\/tr\/?p=24066","title":{"rendered":"Ba\u015fbakan Erdo\u011fan hakk\u0131nda su\u00e7 duyurusu"},"content":{"rendered":"<p style=\"text-align: justify;\"><strong><i><a href=\"http:\/\/akunq.net\/tr\/?attachment_id=24067\" rel=\"attachment wp-att-24067\"><img loading=\"lazy\" decoding=\"async\" class=\"alignright size-medium wp-image-24067\" alt=\"\u0537\u0580\u0564\u0578\u0572\u0561\u0576\" src=\"http:\/\/akunq.net\/tr\/wp-content\/uploads\/2013\/06\/\u0537\u0580\u0564\u0578\u0572\u0561\u05761-300x224.jpg\" width=\"300\" height=\"224\" srcset=\"https:\/\/akunq.net\/tr\/wp-content\/uploads\/sites\/6\/2013\/06\/\u0537\u0580\u0564\u0578\u0572\u0561\u05761-300x224.jpg 300w, https:\/\/akunq.net\/tr\/wp-content\/uploads\/sites\/6\/2013\/06\/\u0537\u0580\u0564\u0578\u0572\u0561\u05761.jpg 314w\" sizes=\"auto, (max-width: 300px) 100vw, 300px\" \/><\/a>\u0130zmir Barosu ve Avrupa Avukatlar Birli\u011fi \u00fcyesi Avukat H\u00fcseyin Durdu, Ba\u015fbakan Recep Tayyip Erdo\u011fan hakk\u0131nda su\u00e7 duyurusunda bulundu.<\/i><\/strong><\/p>\n<p style=\"text-align: justify;\">\u0130stanbul Cumhuriyet Ba\u015fsavc\u0131l\u0131\u011f\u0131&#8217;na iletilmek \u00fczere \u0130zmir Cumhuriyet Ba\u015fsavc\u0131l\u0131\u011f\u0131&#8217;na su\u00e7 duyurusu dilek\u00e7esini veren \u0130zmir Barosu ve Avrupa Avukatlar Birli\u011fi \u00fcyesi Avukat H\u00fcseyin Durdu, Ba\u015fbakan Erdo\u011fan&#8217;\u0131n cezaland\u0131r\u0131lmas\u0131n\u0131 istedi. Durdu, Ba\u015fbakan Erdo\u011fan&#8217;\u0131n, Osmanl\u0131 Ar\u015fivleri binas\u0131n\u0131n a\u00e7\u0131l\u0131\u015f\u0131nda yapt\u0131\u011f\u0131 konu\u015fmada, &#8220;Taksim&#8217;de \u00fc\u00e7 proje var. Do\u011fa, tarih ve trafi\u011fin tamamen yerin alt\u0131na indirilmesi. Taksim&#8217;e cami de yapaca\u011f\u0131z. Bunun iznini CHP Genel Ba\u015fkan\u0131&#8217;ndan ya da bu birka\u00e7 \u00e7apulcudan alacak de\u011filim&#8221; diyerek halk\u0131 a\u015fa\u011f\u0131lad\u0131\u011f\u0131n\u0131, kin ve d\u00fc\u015fmanl\u0131\u011f\u0131 tahrik etti\u011fini \u00f6ne s\u00fcrd\u00fc. Ba\u015fbakan Erdo\u011fan&#8217;\u0131n, Fas ziyareti \u00f6ncesinde havaliman\u0131nda yapt\u0131\u011f\u0131 bas\u0131n toplant\u0131s\u0131 s\u0131ras\u0131nda, &#8220;\u015eu anda evlerinde bizim zorla tuttu\u011fumuz, bu \u00fclkenin en az y\u00fczde 50&#8217;si var. Biz onlara &#8216;aman sab\u0131rl\u0131 olun sak\u0131n bu oyuna gelmeyin&#8217; diyoruz&#8221; s\u00f6zleriyle halk\u0131 b\u00f6ld\u00fc\u011f\u00fcn\u00fc, kin, d\u00fc\u015fmanl\u0131k, korku ve panik yaratt\u0131\u011f\u0131n\u0131 ileri s\u00fcrd\u00fc.<\/p>\n<p style=\"text-align: justify;\">Ba\u015fbakan&#8217;\u0131n s\u00f6zlerinden g\u00fc\u00e7 alan g\u00fcvenlik g\u00fc\u00e7lerinin, partinin eleman\u0131 gibi davrand\u0131\u011f\u0131n\u0131 \u00f6ne s\u00fcren H\u00fcseyin Durdu, halka kar\u015f\u0131 orant\u0131s\u0131z g\u00fc\u00e7 kullan\u0131ld\u0131\u011f\u0131n\u0131, \u00f6lenlerin, g\u00f6zlerini kaybedenlerin, v\u00fccutlar\u0131n\u0131n \u00e7e\u015fitli yerlerinden yaralananlar\u0131n oldu\u011funu dile getirdi.<\/p>\n<p style=\"text-align: justify;\">On sayfadan olu\u015fan gazete haberlerini, konuya ili\u015fkin temin edilebilen konu\u015fmalara ili\u015fkin CD&#8217;leri de delil olarak sunan Avukat Durdu, Ba\u015fbakan Erdo\u011fan&#8217;\u0131n &#8216;halk\u0131 kin ve d\u00fc\u015fmanl\u0131\u011f\u0131 tahrik ve a\u015fa\u011f\u0131lama&#8217;, &#8216;halk aras\u0131nda korku ve panik yaratmak amac\u0131yla tehdit&#8217;, &#8216;kasten adam \u00f6ld\u00fcrmeyi azmettirmek&#8217; ve &#8216;kasten yaralamaya azmettirmek&#8217;ten cezaland\u0131r\u0131lmas\u0131n\u0131 talep etti. Hakk\u0131nda soru\u015fturma a\u00e7\u0131labilmesi i\u00e7in, fezleke haz\u0131rlanarak TBMM&#8217;den izin talep edilmesini istedi.<\/p>\n<p style=\"text-align: justify;\">Su\u00e7 duyurusunda bulunmas\u0131yla ilgili a\u00e7\u0131klama yapan Avukat H\u00fcseyin Durdu, &#8220;Umar\u0131m \u0130stanbul Cumhuriyet Ba\u015fsavc\u0131l\u0131\u011f\u0131 t\u00fcm bu savlar\u0131, belgelerini ve kan\u0131tlar\u0131n\u0131 toplar ve sa\u011fl\u0131kl\u0131 bir de\u011ferlendirme yaparak, Recep Tayyip Erdo\u011fan&#8217;\u0131n ba\u015fbakan olmas\u0131 nedeniyle fezleke haz\u0131rlayarak, TBMM&#8217;den soru\u015fturma a\u00e7\u0131lmas\u0131 i\u00e7in izin ister&#8221; diye konu\u015ftu.<\/p>\n<p style=\"text-align: justify;\"><b><i>(Kaynak: DHA)<\/i><\/b><\/p>\n<p style=\"text-align: justify;\"><b><i>http:\/\/www.haber7.com\/hukuk\/haber\/1039670-basbakan-erdogan-hakkinda-suc-duyurusu<\/i><\/b><\/p>\n","protected":false},"excerpt":{"rendered":"<p>\u0130zmir Barosu ve Avrupa Avukatlar Birli\u011fi \u00fcyesi Avukat H\u00fcseyin Durdu, Ba\u015fbakan Recep Tayyip Erdo\u011fan hakk\u0131nda su\u00e7 duyurusunda bulundu. \u0130stanbul Cumhuriyet Ba\u015fsavc\u0131l\u0131\u011f\u0131&#8217;na iletilmek \u00fczere \u0130zmir Cumhuriyet Ba\u015fsavc\u0131l\u0131\u011f\u0131&#8217;na su\u00e7 duyurusu dilek\u00e7esini veren \u0130zmir Barosu ve Avrupa Avukatlar Birli\u011fi \u00fcyesi Avukat H\u00fcseyin Durdu, Ba\u015fbakan Erdo\u011fan&#8217;\u0131n cezaland\u0131r\u0131lmas\u0131n\u0131 istedi. Durdu, Ba\u015fbakan Erdo\u011fan&#8217;\u0131n, Osmanl\u0131 Ar\u015fivleri binas\u0131n\u0131n a\u00e7\u0131l\u0131\u015f\u0131nda yapt\u0131\u011f\u0131 konu\u015fmada, &#8220;Taksim&#8217;de \u00fc\u00e7 [&hellip;]<\/p>\n","protected":false},"author":7,"featured_media":0,"comment_status":"open","ping_status":"open","sticky":false,"template":"","format":"standard","meta":{"footnotes":""},"categories":[1],"tags":[],"class_list":["post-24066","post","type-post","status-publish","format-standard","hentry","category-haberler"],"yoast_head":"<!-- This site is optimized with the Yoast SEO plugin v27.4 - https:\/\/yoast.com\/product\/yoast-seo-wordpress\/ -->\n<title>Ba\u015fbakan Erdo\u011fan hakk\u0131nda su\u00e7 duyurusu - Bati Ermenistan Ve Bati Ermenileri Sorunlari Ara\u015ftirmalar Merkezi<\/title>\n<meta name=\"robots\" content=\"index, follow, max-snippet:-1, max-image-preview:large, max-video-preview:-1\" \/>\n<link rel=\"canonical\" href=\"https:\/\/akunq.net\/tr\/?p=24066\" \/>\n<meta property=\"og:locale\" content=\"en_US\" \/>\n<meta property=\"og:type\" content=\"article\" \/>\n<meta property=\"og:title\" content=\"Ba\u015fbakan Erdo\u011fan hakk\u0131nda su\u00e7 duyurusu - Bati Ermenistan Ve Bati Ermenileri Sorunlari Ara\u015ftirmalar Merkezi\" \/>\n<meta property=\"og:description\" content=\"\u0130zmir Barosu ve Avrupa Avukatlar Birli\u011fi \u00fcyesi Avukat H\u00fcseyin Durdu, Ba\u015fbakan Recep Tayyip Erdo\u011fan hakk\u0131nda su\u00e7 duyurusunda bulundu. \u0130stanbul Cumhuriyet Ba\u015fsavc\u0131l\u0131\u011f\u0131&#8217;na iletilmek \u00fczere \u0130zmir Cumhuriyet Ba\u015fsavc\u0131l\u0131\u011f\u0131&#8217;na su\u00e7 duyurusu dilek\u00e7esini veren \u0130zmir Barosu ve Avrupa Avukatlar Birli\u011fi \u00fcyesi Avukat H\u00fcseyin Durdu, Ba\u015fbakan Erdo\u011fan&#8217;\u0131n cezaland\u0131r\u0131lmas\u0131n\u0131 istedi. Durdu, Ba\u015fbakan Erdo\u011fan&#8217;\u0131n, Osmanl\u0131 Ar\u015fivleri binas\u0131n\u0131n a\u00e7\u0131l\u0131\u015f\u0131nda yapt\u0131\u011f\u0131 konu\u015fmada, &#8220;Taksim&#8217;de \u00fc\u00e7 [&hellip;]\" \/>\n<meta property=\"og:url\" content=\"https:\/\/akunq.net\/tr\/?p=24066\" \/>\n<meta property=\"og:site_name\" content=\"Bati Ermenistan Ve Bati Ermenileri Sorunlari Ara\u015ftirmalar Merkezi\" \/>\n<meta property=\"article:published_time\" content=\"2013-06-18T07:19:26+00:00\" \/>\n<meta name=\"author\" content=\"admin\" \/>\n<meta name=\"twitter:card\" content=\"summary_large_image\" \/>\n<meta name=\"twitter:label1\" content=\"Written by\" \/>\n\t<meta name=\"twitter:data1\" content=\"admin\" \/>\n\t<meta name=\"twitter:label2\" content=\"Est. reading time\" \/>\n\t<meta name=\"twitter:data2\" content=\"2 minutes\" \/>\n<script type=\"application\/ld+json\" class=\"yoast-schema-graph\">{\"@context\":\"https:\\\/\\\/schema.org\",\"@graph\":[{\"@type\":\"Article\",\"@id\":\"https:\\\/\\\/akunq.net\\\/tr\\\/?p=24066#article\",\"isPartOf\":{\"@id\":\"https:\\\/\\\/akunq.net\\\/tr\\\/?p=24066\"},\"author\":{\"name\":\"admin\",\"@id\":\"https:\\\/\\\/akunq.net\\\/tr\\\/#\\\/schema\\\/person\\\/096f1d38a12cce57fb855b485ed24c9e\"},\"headline\":\"Ba\u015fbakan Erdo\u011fan hakk\u0131nda su\u00e7 duyurusu\",\"datePublished\":\"2013-06-18T07:19:26+00:00\",\"mainEntityOfPage\":{\"@id\":\"https:\\\/\\\/akunq.net\\\/tr\\\/?p=24066\"},\"wordCount\":399,\"commentCount\":0,\"articleSection\":[\"Haberler\"],\"inLanguage\":\"en-US\",\"potentialAction\":[{\"@type\":\"CommentAction\",\"name\":\"Comment\",\"target\":[\"https:\\\/\\\/akunq.net\\\/tr\\\/?p=24066#respond\"]}]},{\"@type\":\"WebPage\",\"@id\":\"https:\\\/\\\/akunq.net\\\/tr\\\/?p=24066\",\"url\":\"https:\\\/\\\/akunq.net\\\/tr\\\/?p=24066\",\"name\":\"Ba\u015fbakan Erdo\u011fan hakk\u0131nda su\u00e7 duyurusu - Bati Ermenistan Ve Bati Ermenileri Sorunlari Ara\u015ftirmalar Merkezi\",\"isPartOf\":{\"@id\":\"https:\\\/\\\/akunq.net\\\/tr\\\/#website\"},\"datePublished\":\"2013-06-18T07:19:26+00:00\",\"author\":{\"@id\":\"https:\\\/\\\/akunq.net\\\/tr\\\/#\\\/schema\\\/person\\\/096f1d38a12cce57fb855b485ed24c9e\"},\"breadcrumb\":{\"@id\":\"https:\\\/\\\/akunq.net\\\/tr\\\/?p=24066#breadcrumb\"},\"inLanguage\":\"en-US\",\"potentialAction\":[{\"@type\":\"ReadAction\",\"target\":[\"https:\\\/\\\/akunq.net\\\/tr\\\/?p=24066\"]}]},{\"@type\":\"BreadcrumbList\",\"@id\":\"https:\\\/\\\/akunq.net\\\/tr\\\/?p=24066#breadcrumb\",\"itemListElement\":[{\"@type\":\"ListItem\",\"position\":1,\"name\":\"Home\",\"item\":\"https:\\\/\\\/akunq.net\\\/tr\"},{\"@type\":\"ListItem\",\"position\":2,\"name\":\"Ba\u015fbakan Erdo\u011fan hakk\u0131nda su\u00e7 duyurusu\"}]},{\"@type\":\"WebSite\",\"@id\":\"https:\\\/\\\/akunq.net\\\/tr\\\/#website\",\"url\":\"https:\\\/\\\/akunq.net\\\/tr\\\/\",\"name\":\"Bati Ermenistan Ve Bati Ermenileri Sorunlari Ara\u015ftirmalar Merkezi\",\"description\":\"\",\"potentialAction\":[{\"@type\":\"SearchAction\",\"target\":{\"@type\":\"EntryPoint\",\"urlTemplate\":\"https:\\\/\\\/akunq.net\\\/tr\\\/?s={search_term_string}\"},\"query-input\":{\"@type\":\"PropertyValueSpecification\",\"valueRequired\":true,\"valueName\":\"search_term_string\"}}],\"inLanguage\":\"en-US\"},{\"@type\":\"Person\",\"@id\":\"https:\\\/\\\/akunq.net\\\/tr\\\/#\\\/schema\\\/person\\\/096f1d38a12cce57fb855b485ed24c9e\",\"name\":\"admin\",\"url\":\"https:\\\/\\\/akunq.net\\\/tr\\\/?author=7\"}]}<\/script>\n<!-- \/ Yoast SEO plugin. -->","yoast_head_json":{"title":"Ba\u015fbakan Erdo\u011fan hakk\u0131nda su\u00e7 duyurusu - Bati Ermenistan Ve Bati Ermenileri Sorunlari Ara\u015ftirmalar Merkezi","robots":{"index":"index","follow":"follow","max-snippet":"max-snippet:-1","max-image-preview":"max-image-preview:large","max-video-preview":"max-video-preview:-1"},"canonical":"https:\/\/akunq.net\/tr\/?p=24066","og_locale":"en_US","og_type":"article","og_title":"Ba\u015fbakan Erdo\u011fan hakk\u0131nda su\u00e7 duyurusu - Bati Ermenistan Ve Bati Ermenileri Sorunlari Ara\u015ftirmalar Merkezi","og_description":"\u0130zmir Barosu ve Avrupa Avukatlar Birli\u011fi \u00fcyesi Avukat H\u00fcseyin Durdu, Ba\u015fbakan Recep Tayyip Erdo\u011fan hakk\u0131nda su\u00e7 duyurusunda bulundu. \u0130stanbul Cumhuriyet Ba\u015fsavc\u0131l\u0131\u011f\u0131&#8217;na iletilmek \u00fczere \u0130zmir Cumhuriyet Ba\u015fsavc\u0131l\u0131\u011f\u0131&#8217;na su\u00e7 duyurusu dilek\u00e7esini veren \u0130zmir Barosu ve Avrupa Avukatlar Birli\u011fi \u00fcyesi Avukat H\u00fcseyin Durdu, Ba\u015fbakan Erdo\u011fan&#8217;\u0131n cezaland\u0131r\u0131lmas\u0131n\u0131 istedi. Durdu, Ba\u015fbakan Erdo\u011fan&#8217;\u0131n, Osmanl\u0131 Ar\u015fivleri binas\u0131n\u0131n a\u00e7\u0131l\u0131\u015f\u0131nda yapt\u0131\u011f\u0131 konu\u015fmada, &#8220;Taksim&#8217;de \u00fc\u00e7 [&hellip;]","og_url":"https:\/\/akunq.net\/tr\/?p=24066","og_site_name":"Bati Ermenistan Ve Bati Ermenileri Sorunlari Ara\u015ftirmalar Merkezi","article_published_time":"2013-06-18T07:19:26+00:00","author":"admin","twitter_card":"summary_large_image","twitter_misc":{"Written by":"admin","Est. reading time":"2 minutes"},"schema":{"@context":"https:\/\/schema.org","@graph":[{"@type":"Article","@id":"https:\/\/akunq.net\/tr\/?p=24066#article","isPartOf":{"@id":"https:\/\/akunq.net\/tr\/?p=24066"},"author":{"name":"admin","@id":"https:\/\/akunq.net\/tr\/#\/schema\/person\/096f1d38a12cce57fb855b485ed24c9e"},"headline":"Ba\u015fbakan Erdo\u011fan hakk\u0131nda su\u00e7 duyurusu","datePublished":"2013-06-18T07:19:26+00:00","mainEntityOfPage":{"@id":"https:\/\/akunq.net\/tr\/?p=24066"},"wordCount":399,"commentCount":0,"articleSection":["Haberler"],"inLanguage":"en-US","potentialAction":[{"@type":"CommentAction","name":"Comment","target":["https:\/\/akunq.net\/tr\/?p=24066#respond"]}]},{"@type":"WebPage","@id":"https:\/\/akunq.net\/tr\/?p=24066","url":"https:\/\/akunq.net\/tr\/?p=24066","name":"Ba\u015fbakan Erdo\u011fan hakk\u0131nda su\u00e7 duyurusu - Bati Ermenistan Ve Bati Ermenileri Sorunlari Ara\u015ftirmalar Merkezi","isPartOf":{"@id":"https:\/\/akunq.net\/tr\/#website"},"datePublished":"2013-06-18T07:19:26+00:00","author":{"@id":"https:\/\/akunq.net\/tr\/#\/schema\/person\/096f1d38a12cce57fb855b485ed24c9e"},"breadcrumb":{"@id":"https:\/\/akunq.net\/tr\/?p=24066#breadcrumb"},"inLanguage":"en-US","potentialAction":[{"@type":"ReadAction","target":["https:\/\/akunq.net\/tr\/?p=24066"]}]},{"@type":"BreadcrumbList","@id":"https:\/\/akunq.net\/tr\/?p=24066#breadcrumb","itemListElement":[{"@type":"ListItem","position":1,"name":"Home","item":"https:\/\/akunq.net\/tr"},{"@type":"ListItem","position":2,"name":"Ba\u015fbakan Erdo\u011fan hakk\u0131nda su\u00e7 duyurusu"}]},{"@type":"WebSite","@id":"https:\/\/akunq.net\/tr\/#website","url":"https:\/\/akunq.net\/tr\/","name":"Bati Ermenistan Ve Bati Ermenileri Sorunlari Ara\u015ftirmalar Merkezi","description":"","potentialAction":[{"@type":"SearchAction","target":{"@type":"EntryPoint","urlTemplate":"https:\/\/akunq.net\/tr\/?s={search_term_string}"},"query-input":{"@type":"PropertyValueSpecification","valueRequired":true,"valueName":"search_term_string"}}],"inLanguage":"en-US"},{"@type":"Person","@id":"https:\/\/akunq.net\/tr\/#\/schema\/person\/096f1d38a12cce57fb855b485ed24c9e","name":"admin","url":"https:\/\/akunq.net\/tr\/?author=7"}]}},"_links":{"self":[{"href":"https:\/\/akunq.net\/tr\/index.php?rest_route=\/wp\/v2\/posts\/24066","targetHints":{"allow":["GET"]}}],"collection":[{"href":"https:\/\/akunq.net\/tr\/index.php?rest_route=\/wp\/v2\/posts"}],"about":[{"href":"https:\/\/akunq.net\/tr\/index.php?rest_route=\/wp\/v2\/types\/post"}],"author":[{"embeddable":true,"href":"https:\/\/akunq.net\/tr\/index.php?rest_route=\/wp\/v2\/users\/7"}],"replies":[{"embeddable":true,"href":"https:\/\/akunq.net\/tr\/index.php?rest_route=%2Fwp%2Fv2%2Fcomments&post=24066"}],"version-history":[{"count":2,"href":"https:\/\/akunq.net\/tr\/index.php?rest_route=\/wp\/v2\/posts\/24066\/revisions"}],"predecessor-version":[{"id":24069,"href":"https:\/\/akunq.net\/tr\/index.php?rest_route=\/wp\/v2\/posts\/24066\/revisions\/24069"}],"wp:attachment":[{"href":"https:\/\/akunq.net\/tr\/index.php?rest_route=%2Fwp%2Fv2%2Fmedia&parent=24066"}],"wp:term":[{"taxonomy":"category","embeddable":true,"href":"https:\/\/akunq.net\/tr\/index.php?rest_route=%2Fwp%2Fv2%2Fcategories&post=24066"},{"taxonomy":"post_tag","embeddable":true,"href":"https:\/\/akunq.net\/tr\/index.php?rest_route=%2Fwp%2Fv2%2Ftags&post=24066"}],"curies":[{"name":"wp","href":"https:\/\/api.w.org\/{rel}","templated":true}]}}