{"id":24024,"date":"2013-06-15T01:11:13","date_gmt":"2013-06-15T06:11:13","guid":{"rendered":"http:\/\/akunq.net\/tr\/?p=24024"},"modified":"2013-06-15T01:11:13","modified_gmt":"2013-06-15T06:11:13","slug":"istanbullu-ermeni-sarkici-sibil-yerevan-n-101-anaokuluna-destek-olacak","status":"publish","type":"post","link":"https:\/\/akunq.net\/tr\/?p=24024","title":{"rendered":"\u0130stanbullu Ermeni \u015fark\u0131c\u0131 Sibil Yerevan N.101 Anaokuluna destek olacak"},"content":{"rendered":"<p style=\"text-align: justify;\"><b><i><a href=\"http:\/\/akunq.net\/tr\/?attachment_id=24025\" rel=\"attachment wp-att-24025\"><img loading=\"lazy\" decoding=\"async\" class=\"alignright size-medium wp-image-24025\" alt=\"Sibil\" src=\"http:\/\/akunq.net\/tr\/wp-content\/uploads\/2013\/06\/Sibil-300x200.jpg\" width=\"300\" height=\"200\" srcset=\"https:\/\/akunq.net\/tr\/wp-content\/uploads\/sites\/6\/2013\/06\/Sibil-300x200.jpg 300w, https:\/\/akunq.net\/tr\/wp-content\/uploads\/sites\/6\/2013\/06\/Sibil-600x400.jpg 600w, https:\/\/akunq.net\/tr\/wp-content\/uploads\/sites\/6\/2013\/06\/Sibil.jpg 960w\" sizes=\"auto, (max-width: 300px) 100vw, 300px\" \/><\/a>Yerevan Belediyesine ba\u011fl\u0131 faaliyet g\u00f6steren N.101 Anaokulu Konser Salonu \u0130stanbullu Ermeni \u015fark\u0131c\u0131 Sibil deste\u011finde onar\u0131lacak.<\/i><\/b><\/p>\n<p style=\"text-align: justify;\">Yerevan Belediyesi Bas\u0131n Servisinden verilen bilgiye g\u00f6re; Sibil, Yerevan anaokullar\u0131ndan birine yard\u0131mda bulunmak \u00fczere\u00a0 Eyl\u00fcl 2012\u2019de audio CD-sinin hayri ama\u00e7l\u0131 sat\u0131\u015f\u0131n\u0131 ger\u00e7ekle\u015ftimi\u015fti. Yerevan Belediyesi Milli E\u011fitim Dairesi B\u015fk. Gayane So\u011fomonyan, \u015fark\u0131c\u0131n\u0131n arzusuyla, bina ko\u015fullar\u0131 ve servis verdi\u011fi \u00f6\u011frenci say\u0131s\u0131 dikkate al\u0131narak\u00a0 Yerevan Nor-Nork idari alan\u0131ndaki anaokullar\u0131ndan birinin se\u00e7ildi\u011fini belirtti. Bu N.101 Anaokulu olup, 2330\u2019u a\u015fk\u0131n \u00e7ocu\u011fa hizmet vermekte.<\/p>\n<p style=\"text-align: justify;\">\u0130\u00e7inde bulundu\u011fumuz g\u00fcnlerde Yerevan\u2019\u0131 ve an\u0131lan anaokulunu ziyaret eden Sibil \u015funlar\u0131 belirtti: \u2033Elimden geldi\u011fi kadar destek olmaya karar verdim. M\u00fczi\u011fi sevdi\u011fim kadar ve daha fazlas\u0131 \u00e7ocuklar\u0131 seviyorum. Anaokulu salonunun onar\u0131m\u0131na destek olmaya karar verdim.\u2033<\/p>\n<p style=\"text-align: justify;\"><b><i>http:\/\/news.am\/tur\/news\/157949.html<\/i><\/b><\/p>\n","protected":false},"excerpt":{"rendered":"<p>Yerevan Belediyesine ba\u011fl\u0131 faaliyet g\u00f6steren N.101 Anaokulu Konser Salonu \u0130stanbullu Ermeni \u015fark\u0131c\u0131 Sibil deste\u011finde onar\u0131lacak. Yerevan Belediyesi Bas\u0131n Servisinden verilen bilgiye g\u00f6re; Sibil, Yerevan anaokullar\u0131ndan birine yard\u0131mda bulunmak \u00fczere\u00a0 Eyl\u00fcl 2012\u2019de audio CD-sinin hayri ama\u00e7l\u0131 sat\u0131\u015f\u0131n\u0131 ger\u00e7ekle\u015ftimi\u015fti. Yerevan Belediyesi Milli E\u011fitim Dairesi B\u015fk. Gayane So\u011fomonyan, \u015fark\u0131c\u0131n\u0131n arzusuyla, bina ko\u015fullar\u0131 ve servis verdi\u011fi \u00f6\u011frenci say\u0131s\u0131 dikkate [&hellip;]<\/p>\n","protected":false},"author":7,"featured_media":0,"comment_status":"open","ping_status":"open","sticky":false,"template":"","format":"standard","meta":{"footnotes":""},"categories":[1],"tags":[],"class_list":["post-24024","post","type-post","status-publish","format-standard","hentry","category-haberler"],"yoast_head":"<!-- This site is optimized with the Yoast SEO plugin v27.4 - https:\/\/yoast.com\/product\/yoast-seo-wordpress\/ -->\n<title>\u0130stanbullu Ermeni \u015fark\u0131c\u0131 Sibil Yerevan N.101 Anaokuluna destek olacak - Bati Ermenistan Ve Bati Ermenileri Sorunlari Ara\u015ftirmalar Merkezi<\/title>\n<meta name=\"robots\" content=\"index, follow, max-snippet:-1, max-image-preview:large, max-video-preview:-1\" \/>\n<link rel=\"canonical\" href=\"https:\/\/akunq.net\/tr\/?p=24024\" \/>\n<meta property=\"og:locale\" content=\"en_US\" \/>\n<meta property=\"og:type\" content=\"article\" \/>\n<meta property=\"og:title\" content=\"\u0130stanbullu Ermeni \u015fark\u0131c\u0131 Sibil Yerevan N.101 Anaokuluna destek olacak - Bati Ermenistan Ve Bati Ermenileri Sorunlari Ara\u015ftirmalar Merkezi\" \/>\n<meta property=\"og:description\" content=\"Yerevan Belediyesine ba\u011fl\u0131 faaliyet g\u00f6steren N.101 Anaokulu Konser Salonu \u0130stanbullu Ermeni \u015fark\u0131c\u0131 Sibil deste\u011finde onar\u0131lacak. Yerevan Belediyesi Bas\u0131n Servisinden verilen bilgiye g\u00f6re; Sibil, Yerevan anaokullar\u0131ndan birine yard\u0131mda bulunmak \u00fczere\u00a0 Eyl\u00fcl 2012\u2019de audio CD-sinin hayri ama\u00e7l\u0131 sat\u0131\u015f\u0131n\u0131 ger\u00e7ekle\u015ftimi\u015fti. Yerevan Belediyesi Milli E\u011fitim Dairesi B\u015fk. Gayane So\u011fomonyan, \u015fark\u0131c\u0131n\u0131n arzusuyla, bina ko\u015fullar\u0131 ve servis verdi\u011fi \u00f6\u011frenci say\u0131s\u0131 dikkate [&hellip;]\" \/>\n<meta property=\"og:url\" content=\"https:\/\/akunq.net\/tr\/?p=24024\" \/>\n<meta property=\"og:site_name\" content=\"Bati Ermenistan Ve Bati Ermenileri Sorunlari Ara\u015ftirmalar Merkezi\" \/>\n<meta property=\"article:published_time\" content=\"2013-06-15T06:11:13+00:00\" \/>\n<meta property=\"og:image\" content=\"http:\/\/akunq.net\/tr\/wp-content\/uploads\/2013\/06\/Sibil-300x200.jpg\" \/>\n<meta name=\"author\" content=\"admin\" \/>\n<meta name=\"twitter:card\" content=\"summary_large_image\" \/>\n<meta name=\"twitter:label1\" content=\"Written by\" \/>\n\t<meta name=\"twitter:data1\" content=\"admin\" \/>\n\t<meta name=\"twitter:label2\" content=\"Est. reading time\" \/>\n\t<meta name=\"twitter:data2\" content=\"1 minute\" \/>\n<script type=\"application\/ld+json\" class=\"yoast-schema-graph\">{\"@context\":\"https:\\\/\\\/schema.org\",\"@graph\":[{\"@type\":\"Article\",\"@id\":\"https:\\\/\\\/akunq.net\\\/tr\\\/?p=24024#article\",\"isPartOf\":{\"@id\":\"https:\\\/\\\/akunq.net\\\/tr\\\/?p=24024\"},\"author\":{\"name\":\"admin\",\"@id\":\"https:\\\/\\\/akunq.net\\\/tr\\\/#\\\/schema\\\/person\\\/096f1d38a12cce57fb855b485ed24c9e\"},\"headline\":\"\u0130stanbullu Ermeni \u015fark\u0131c\u0131 Sibil Yerevan N.101 Anaokuluna destek olacak\",\"datePublished\":\"2013-06-15T06:11:13+00:00\",\"mainEntityOfPage\":{\"@id\":\"https:\\\/\\\/akunq.net\\\/tr\\\/?p=24024\"},\"wordCount\":164,\"commentCount\":0,\"image\":{\"@id\":\"https:\\\/\\\/akunq.net\\\/tr\\\/?p=24024#primaryimage\"},\"thumbnailUrl\":\"http:\\\/\\\/akunq.net\\\/tr\\\/wp-content\\\/uploads\\\/2013\\\/06\\\/Sibil-300x200.jpg\",\"articleSection\":[\"Haberler\"],\"inLanguage\":\"en-US\",\"potentialAction\":[{\"@type\":\"CommentAction\",\"name\":\"Comment\",\"target\":[\"https:\\\/\\\/akunq.net\\\/tr\\\/?p=24024#respond\"]}]},{\"@type\":\"WebPage\",\"@id\":\"https:\\\/\\\/akunq.net\\\/tr\\\/?p=24024\",\"url\":\"https:\\\/\\\/akunq.net\\\/tr\\\/?p=24024\",\"name\":\"\u0130stanbullu Ermeni \u015fark\u0131c\u0131 Sibil Yerevan N.101 Anaokuluna destek olacak - Bati Ermenistan Ve Bati Ermenileri Sorunlari Ara\u015ftirmalar Merkezi\",\"isPartOf\":{\"@id\":\"https:\\\/\\\/akunq.net\\\/tr\\\/#website\"},\"primaryImageOfPage\":{\"@id\":\"https:\\\/\\\/akunq.net\\\/tr\\\/?p=24024#primaryimage\"},\"image\":{\"@id\":\"https:\\\/\\\/akunq.net\\\/tr\\\/?p=24024#primaryimage\"},\"thumbnailUrl\":\"http:\\\/\\\/akunq.net\\\/tr\\\/wp-content\\\/uploads\\\/2013\\\/06\\\/Sibil-300x200.jpg\",\"datePublished\":\"2013-06-15T06:11:13+00:00\",\"author\":{\"@id\":\"https:\\\/\\\/akunq.net\\\/tr\\\/#\\\/schema\\\/person\\\/096f1d38a12cce57fb855b485ed24c9e\"},\"breadcrumb\":{\"@id\":\"https:\\\/\\\/akunq.net\\\/tr\\\/?p=24024#breadcrumb\"},\"inLanguage\":\"en-US\",\"potentialAction\":[{\"@type\":\"ReadAction\",\"target\":[\"https:\\\/\\\/akunq.net\\\/tr\\\/?p=24024\"]}]},{\"@type\":\"ImageObject\",\"inLanguage\":\"en-US\",\"@id\":\"https:\\\/\\\/akunq.net\\\/tr\\\/?p=24024#primaryimage\",\"url\":\"https:\\\/\\\/akunq.net\\\/tr\\\/wp-content\\\/uploads\\\/sites\\\/6\\\/2013\\\/06\\\/Sibil.jpg\",\"contentUrl\":\"https:\\\/\\\/akunq.net\\\/tr\\\/wp-content\\\/uploads\\\/sites\\\/6\\\/2013\\\/06\\\/Sibil.jpg\",\"width\":960,\"height\":640},{\"@type\":\"BreadcrumbList\",\"@id\":\"https:\\\/\\\/akunq.net\\\/tr\\\/?p=24024#breadcrumb\",\"itemListElement\":[{\"@type\":\"ListItem\",\"position\":1,\"name\":\"Home\",\"item\":\"https:\\\/\\\/akunq.net\\\/tr\"},{\"@type\":\"ListItem\",\"position\":2,\"name\":\"\u0130stanbullu Ermeni \u015fark\u0131c\u0131 Sibil Yerevan N.101 Anaokuluna destek olacak\"}]},{\"@type\":\"WebSite\",\"@id\":\"https:\\\/\\\/akunq.net\\\/tr\\\/#website\",\"url\":\"https:\\\/\\\/akunq.net\\\/tr\\\/\",\"name\":\"Bati Ermenistan Ve Bati Ermenileri Sorunlari Ara\u015ftirmalar Merkezi\",\"description\":\"\",\"potentialAction\":[{\"@type\":\"SearchAction\",\"target\":{\"@type\":\"EntryPoint\",\"urlTemplate\":\"https:\\\/\\\/akunq.net\\\/tr\\\/?s={search_term_string}\"},\"query-input\":{\"@type\":\"PropertyValueSpecification\",\"valueRequired\":true,\"valueName\":\"search_term_string\"}}],\"inLanguage\":\"en-US\"},{\"@type\":\"Person\",\"@id\":\"https:\\\/\\\/akunq.net\\\/tr\\\/#\\\/schema\\\/person\\\/096f1d38a12cce57fb855b485ed24c9e\",\"name\":\"admin\",\"url\":\"https:\\\/\\\/akunq.net\\\/tr\\\/?author=7\"}]}<\/script>\n<!-- \/ Yoast SEO plugin. -->","yoast_head_json":{"title":"\u0130stanbullu Ermeni \u015fark\u0131c\u0131 Sibil Yerevan N.101 Anaokuluna destek olacak - Bati Ermenistan Ve Bati Ermenileri Sorunlari Ara\u015ftirmalar Merkezi","robots":{"index":"index","follow":"follow","max-snippet":"max-snippet:-1","max-image-preview":"max-image-preview:large","max-video-preview":"max-video-preview:-1"},"canonical":"https:\/\/akunq.net\/tr\/?p=24024","og_locale":"en_US","og_type":"article","og_title":"\u0130stanbullu Ermeni \u015fark\u0131c\u0131 Sibil Yerevan N.101 Anaokuluna destek olacak - Bati Ermenistan Ve Bati Ermenileri Sorunlari Ara\u015ftirmalar Merkezi","og_description":"Yerevan Belediyesine ba\u011fl\u0131 faaliyet g\u00f6steren N.101 Anaokulu Konser Salonu \u0130stanbullu Ermeni \u015fark\u0131c\u0131 Sibil deste\u011finde onar\u0131lacak. Yerevan Belediyesi Bas\u0131n Servisinden verilen bilgiye g\u00f6re; Sibil, Yerevan anaokullar\u0131ndan birine yard\u0131mda bulunmak \u00fczere\u00a0 Eyl\u00fcl 2012\u2019de audio CD-sinin hayri ama\u00e7l\u0131 sat\u0131\u015f\u0131n\u0131 ger\u00e7ekle\u015ftimi\u015fti. Yerevan Belediyesi Milli E\u011fitim Dairesi B\u015fk. Gayane So\u011fomonyan, \u015fark\u0131c\u0131n\u0131n arzusuyla, bina ko\u015fullar\u0131 ve servis verdi\u011fi \u00f6\u011frenci say\u0131s\u0131 dikkate [&hellip;]","og_url":"https:\/\/akunq.net\/tr\/?p=24024","og_site_name":"Bati Ermenistan Ve Bati Ermenileri Sorunlari Ara\u015ftirmalar Merkezi","article_published_time":"2013-06-15T06:11:13+00:00","og_image":[{"url":"http:\/\/akunq.net\/tr\/wp-content\/uploads\/2013\/06\/Sibil-300x200.jpg","type":"","width":"","height":""}],"author":"admin","twitter_card":"summary_large_image","twitter_misc":{"Written by":"admin","Est. reading time":"1 minute"},"schema":{"@context":"https:\/\/schema.org","@graph":[{"@type":"Article","@id":"https:\/\/akunq.net\/tr\/?p=24024#article","isPartOf":{"@id":"https:\/\/akunq.net\/tr\/?p=24024"},"author":{"name":"admin","@id":"https:\/\/akunq.net\/tr\/#\/schema\/person\/096f1d38a12cce57fb855b485ed24c9e"},"headline":"\u0130stanbullu Ermeni \u015fark\u0131c\u0131 Sibil Yerevan N.101 Anaokuluna destek olacak","datePublished":"2013-06-15T06:11:13+00:00","mainEntityOfPage":{"@id":"https:\/\/akunq.net\/tr\/?p=24024"},"wordCount":164,"commentCount":0,"image":{"@id":"https:\/\/akunq.net\/tr\/?p=24024#primaryimage"},"thumbnailUrl":"http:\/\/akunq.net\/tr\/wp-content\/uploads\/2013\/06\/Sibil-300x200.jpg","articleSection":["Haberler"],"inLanguage":"en-US","potentialAction":[{"@type":"CommentAction","name":"Comment","target":["https:\/\/akunq.net\/tr\/?p=24024#respond"]}]},{"@type":"WebPage","@id":"https:\/\/akunq.net\/tr\/?p=24024","url":"https:\/\/akunq.net\/tr\/?p=24024","name":"\u0130stanbullu Ermeni \u015fark\u0131c\u0131 Sibil Yerevan N.101 Anaokuluna destek olacak - Bati Ermenistan Ve Bati Ermenileri Sorunlari Ara\u015ftirmalar Merkezi","isPartOf":{"@id":"https:\/\/akunq.net\/tr\/#website"},"primaryImageOfPage":{"@id":"https:\/\/akunq.net\/tr\/?p=24024#primaryimage"},"image":{"@id":"https:\/\/akunq.net\/tr\/?p=24024#primaryimage"},"thumbnailUrl":"http:\/\/akunq.net\/tr\/wp-content\/uploads\/2013\/06\/Sibil-300x200.jpg","datePublished":"2013-06-15T06:11:13+00:00","author":{"@id":"https:\/\/akunq.net\/tr\/#\/schema\/person\/096f1d38a12cce57fb855b485ed24c9e"},"breadcrumb":{"@id":"https:\/\/akunq.net\/tr\/?p=24024#breadcrumb"},"inLanguage":"en-US","potentialAction":[{"@type":"ReadAction","target":["https:\/\/akunq.net\/tr\/?p=24024"]}]},{"@type":"ImageObject","inLanguage":"en-US","@id":"https:\/\/akunq.net\/tr\/?p=24024#primaryimage","url":"https:\/\/akunq.net\/tr\/wp-content\/uploads\/sites\/6\/2013\/06\/Sibil.jpg","contentUrl":"https:\/\/akunq.net\/tr\/wp-content\/uploads\/sites\/6\/2013\/06\/Sibil.jpg","width":960,"height":640},{"@type":"BreadcrumbList","@id":"https:\/\/akunq.net\/tr\/?p=24024#breadcrumb","itemListElement":[{"@type":"ListItem","position":1,"name":"Home","item":"https:\/\/akunq.net\/tr"},{"@type":"ListItem","position":2,"name":"\u0130stanbullu Ermeni \u015fark\u0131c\u0131 Sibil Yerevan N.101 Anaokuluna destek olacak"}]},{"@type":"WebSite","@id":"https:\/\/akunq.net\/tr\/#website","url":"https:\/\/akunq.net\/tr\/","name":"Bati Ermenistan Ve Bati Ermenileri Sorunlari Ara\u015ftirmalar Merkezi","description":"","potentialAction":[{"@type":"SearchAction","target":{"@type":"EntryPoint","urlTemplate":"https:\/\/akunq.net\/tr\/?s={search_term_string}"},"query-input":{"@type":"PropertyValueSpecification","valueRequired":true,"valueName":"search_term_string"}}],"inLanguage":"en-US"},{"@type":"Person","@id":"https:\/\/akunq.net\/tr\/#\/schema\/person\/096f1d38a12cce57fb855b485ed24c9e","name":"admin","url":"https:\/\/akunq.net\/tr\/?author=7"}]}},"_links":{"self":[{"href":"https:\/\/akunq.net\/tr\/index.php?rest_route=\/wp\/v2\/posts\/24024","targetHints":{"allow":["GET"]}}],"collection":[{"href":"https:\/\/akunq.net\/tr\/index.php?rest_route=\/wp\/v2\/posts"}],"about":[{"href":"https:\/\/akunq.net\/tr\/index.php?rest_route=\/wp\/v2\/types\/post"}],"author":[{"embeddable":true,"href":"https:\/\/akunq.net\/tr\/index.php?rest_route=\/wp\/v2\/users\/7"}],"replies":[{"embeddable":true,"href":"https:\/\/akunq.net\/tr\/index.php?rest_route=%2Fwp%2Fv2%2Fcomments&post=24024"}],"version-history":[{"count":1,"href":"https:\/\/akunq.net\/tr\/index.php?rest_route=\/wp\/v2\/posts\/24024\/revisions"}],"predecessor-version":[{"id":24026,"href":"https:\/\/akunq.net\/tr\/index.php?rest_route=\/wp\/v2\/posts\/24024\/revisions\/24026"}],"wp:attachment":[{"href":"https:\/\/akunq.net\/tr\/index.php?rest_route=%2Fwp%2Fv2%2Fmedia&parent=24024"}],"wp:term":[{"taxonomy":"category","embeddable":true,"href":"https:\/\/akunq.net\/tr\/index.php?rest_route=%2Fwp%2Fv2%2Fcategories&post=24024"},{"taxonomy":"post_tag","embeddable":true,"href":"https:\/\/akunq.net\/tr\/index.php?rest_route=%2Fwp%2Fv2%2Ftags&post=24024"}],"curies":[{"name":"wp","href":"https:\/\/api.w.org\/{rel}","templated":true}]}}