{"id":23989,"date":"2013-06-13T02:40:55","date_gmt":"2013-06-13T07:40:55","guid":{"rendered":"http:\/\/akunq.net\/tr\/?p=23989"},"modified":"2013-06-13T02:40:55","modified_gmt":"2013-06-13T07:40:55","slug":"sokaklara-ermeni-isimlerin-verilmesine-tepki","status":"publish","type":"post","link":"https:\/\/akunq.net\/tr\/?p=23989","title":{"rendered":"Sokaklara Ermeni isimlerin verilmesine tepki"},"content":{"rendered":"<p style=\"text-align: justify;\"><b><i><a href=\"http:\/\/akunq.net\/tr\/?attachment_id=23990\" rel=\"attachment wp-att-23990\"><img loading=\"lazy\" decoding=\"async\" class=\"alignright size-medium wp-image-23990\" alt=\"Mar Petyun Soka\u011f\u0131\" src=\"http:\/\/akunq.net\/tr\/wp-content\/uploads\/2013\/06\/Mar-Petyun-Soka\u011f\u0131-300x224.jpg\" width=\"300\" height=\"224\" srcset=\"https:\/\/akunq.net\/tr\/wp-content\/uploads\/sites\/6\/2013\/06\/Mar-Petyun-Soka\u011f\u0131-300x224.jpg 300w, https:\/\/akunq.net\/tr\/wp-content\/uploads\/sites\/6\/2013\/06\/Mar-Petyun-Soka\u011f\u0131.jpg 357w\" sizes=\"auto, (max-width: 300px) 100vw, 300px\" \/><\/a>Sur Belediyesi&#8217;nin Mar Petyun Kilisesi&#8217;nin bulundu\u011fu \u015eeftali Sokak&#8217;\u0131n ismini Mar Petyun Soka\u011f\u0131&#8217; olarak, &#8216;Direk\u00e7i&#8217; soka\u011f\u0131n\u0131n ismini de Ermeni yazar &#8216;M\u0131g\u0131rdi\u00e7 Margosyan&#8217; olarak de\u011fi\u015ftirmesine halktan tepki geldi. Vatanda\u015flar, bu icraatlar\u0131n Diyarbak\u0131r&#8217;\u0131n m\u00fctedeyyin halk\u0131n\u0131n \u00fczerinde oynanan kirli bir oyun oldu\u011funu ifade etti.<\/i><\/b><\/p>\n<p style=\"text-align: justify;\">&#8216;Belediyenin bu icraatlar\u0131na kar\u015f\u0131y\u0131z Diyarbak\u0131r topraklar\u0131n\u0131n 639&#8217;dan beridir \u0130slam&#8217;\u0131n be\u015fi\u011fi oldu\u011funu ifade eden Abdulhalik Han, &#8220;Hat\u0131rlanaca\u011f\u0131 \u00fczere Mavi Marmara \u015fehitlerinin \u015fahadet y\u0131ld\u00f6n\u00fcmleri olan bu ayda Sur Belediye Ba\u015fkan\u0131n\u0131n, \u0130srail&#8217;in belediye ba\u015fkan\u0131yla sarma\u015f dola\u015f oldu\u011funa \u015fahit olmu\u015ftuk. Belediyenin amac\u0131, bu isimleri buralarda ya\u015fatmakt\u0131r. Belediyenin kiliseye bir trilyonluk onar\u0131m yapmas\u0131 da bu amac\u0131 ortaya koymaktad\u0131r. Biz belediyenin bu tavr\u0131n\u0131n kar\u015f\u0131s\u0131nday\u0131z, halk olarak b\u00f6yle icraatlar\u0131 istemedi\u011fimizi bunun kar\u015f\u0131s\u0131nda oldu\u011fumuzu ve bir an evvel Diyarbak\u0131r sokaklar\u0131na, Halid bin Velid, Hz. S\u00fcleyman, Bedi\u00fczzaman Said-i Kurdi ve \u015eeyh Said gibi zatlar\u0131n\u0131n isimlerini verilmesini istiyoruz&#8221; dedi.<\/p>\n<p style=\"text-align: justify;\"><b>&#8216;Belediyenin amac\u0131 \u0130slam&#8217;\u0131n \u00f6nene mi ge\u00e7mektir&#8217; <\/b><\/p>\n<p style=\"text-align: justify;\">Mersin&#8217;de ikamet eden bir Diyarbak\u0131rl\u0131 olarak bu sokaklara gayr-i \u0130slami isimler verildi\u011fini g\u00f6rmekle \u00fcz\u00fcld\u00fc\u011f\u00fcn\u00fc belirten Mustafa \u015eent\u00fcrk, &#8220;B\u00fcy\u00fck \u00e7apta \u0130slami faaliyetler g\u00f6steren bir Diyarbak\u0131r&#8217;a bunlar\u0131n yak\u0131\u015fmayaca\u011f\u0131n\u0131 d\u00fc\u015f\u00fcn\u00fcyorum. Belediyenin amac\u0131 \u0130slam&#8217;\u0131n \u00f6n\u00fcne mi ge\u00e7mektir? Belki de bu bir iki sokakla ba\u015flay\u0131p yayg\u0131nla\u015ft\u0131r\u0131lacak. Ermeni yazar ve kilise ismi verilen sokaklar\u0131n ismi de\u011fi\u015ftirilip sahabe ismi verilmesi daha hay\u0131rl\u0131 olur. Bu yap\u0131lanlar\u0131n durdurulmas\u0131 laz\u0131m. Diyarbak\u0131r \u0130slam toplumudur ve biz \u0130slam alimlerinin isimlerini g\u00f6rmek istiyoruz&#8221; \u015feklinde konu\u015ftu.<\/p>\n<p style=\"text-align: justify;\"><b>&#8216;Darwinist ve dinsiz bir K\u00fcrt halk\u0131 istenmektedir&#8217; <\/b><\/p>\n<p style=\"text-align: justify;\">Bu \u00e7al\u0131\u015fmalar\u0131n \u00f6nceden programland\u0131\u011f\u0131n\u0131 ve \u00e7al\u0131\u015fmalar\u0131n yeni yeni hayata ge\u00e7irildi\u011fini dile getiren Kemal Alp ise, tepkisini \u015fu s\u00f6zlerle dile getirdi: &#8220;Halk\u0131m\u0131z \u00fczerinde oynanan kirli oyunlar\u0131n oynanmas\u0131n\u0131n nedeni, m\u00fctedeyyin bir kimli\u011fe sahip olmas\u0131 ve \u015fuurlu olmas\u0131d\u0131r. Bu zihniyetin amac\u0131 Darvinist ve dinsiz olan bir K\u00fcrt halk\u0131 meydana getirmektir. Ama biz K\u00fcrt halk\u0131 olarak \u0130slami bir ya\u015fant\u0131 i\u00e7indeyiz. \u0130\u00e7imizden \u015eeyh Ahmet Xani, \u00dcstad Bedi\u00fczzaman gibi zatlar \u00e7\u0131km\u0131\u015ft\u0131r. Bu oyunlara kar\u015f\u0131 sorumlulu\u011fumuz, yay\u0131n organlar\u0131m\u0131z\u0131n yay\u0131nlar yapmas\u0131, \u0130slami camialar\u0131n a\u00e7\u0131klamalarda bulunmas\u0131 ve bu oyunlar\u0131 g\u00fcndeme getirerek k\u0131namas\u0131d\u0131r. Diyarbak\u0131r halk\u0131na seslenmek istiyorum, biz hepimiz M\u00fcsl\u00fcman\u0131z, inanc\u0131m\u0131z ortadad\u0131r ve bu insanlar\u0131n \u00e7al\u0131\u015fmalar\u0131na kar\u015f\u0131 uyan\u0131k olmal\u0131y\u0131z.&#8221;<\/p>\n<p style=\"text-align: justify;\"><b><i>Sedat Aslan \/ H\u00fcseyin Asana <\/i><\/b><\/p>\n<p style=\"text-align: justify;\"><a href=\"http:\/\/www.ilkehaberajansi.com.tr\/haber\/sokaklara-ermeni-isimlerin-verilmesine-tepki.html\"><b><i>http:\/\/www.ilkehaberajansi.com.tr\/haber\/sokaklara-ermeni-isimlerin-verilmesine-tepki.html<\/i><\/b><\/a><\/p>\n","protected":false},"excerpt":{"rendered":"<p>Sur Belediyesi&#8217;nin Mar Petyun Kilisesi&#8217;nin bulundu\u011fu \u015eeftali Sokak&#8217;\u0131n ismini Mar Petyun Soka\u011f\u0131&#8217; olarak, &#8216;Direk\u00e7i&#8217; soka\u011f\u0131n\u0131n ismini de Ermeni yazar &#8216;M\u0131g\u0131rdi\u00e7 Margosyan&#8217; olarak de\u011fi\u015ftirmesine halktan tepki geldi. Vatanda\u015flar, bu icraatlar\u0131n Diyarbak\u0131r&#8217;\u0131n m\u00fctedeyyin halk\u0131n\u0131n \u00fczerinde oynanan kirli bir oyun oldu\u011funu ifade etti. &#8216;Belediyenin bu icraatlar\u0131na kar\u015f\u0131y\u0131z Diyarbak\u0131r topraklar\u0131n\u0131n 639&#8217;dan beridir \u0130slam&#8217;\u0131n be\u015fi\u011fi oldu\u011funu ifade eden Abdulhalik Han, [&hellip;]<\/p>\n","protected":false},"author":7,"featured_media":0,"comment_status":"open","ping_status":"open","sticky":false,"template":"","format":"standard","meta":{"footnotes":""},"categories":[22,1],"tags":[],"class_list":["post-23989","post","type-post","status-publish","format-standard","hentry","category-gunumuzde-bati-ermenistan","category-haberler"],"yoast_head":"<!-- This site is optimized with the Yoast SEO plugin v27.4 - https:\/\/yoast.com\/product\/yoast-seo-wordpress\/ -->\n<title>Sokaklara Ermeni isimlerin verilmesine tepki - Bati Ermenistan Ve Bati Ermenileri Sorunlari Ara\u015ftirmalar Merkezi<\/title>\n<meta name=\"robots\" content=\"index, follow, max-snippet:-1, max-image-preview:large, max-video-preview:-1\" \/>\n<link rel=\"canonical\" href=\"https:\/\/akunq.net\/tr\/?p=23989\" \/>\n<meta property=\"og:locale\" content=\"en_US\" \/>\n<meta property=\"og:type\" content=\"article\" \/>\n<meta property=\"og:title\" content=\"Sokaklara Ermeni isimlerin verilmesine tepki - Bati Ermenistan Ve Bati Ermenileri Sorunlari Ara\u015ftirmalar Merkezi\" \/>\n<meta property=\"og:description\" content=\"Sur Belediyesi&#8217;nin Mar Petyun Kilisesi&#8217;nin bulundu\u011fu \u015eeftali Sokak&#8217;\u0131n ismini Mar Petyun Soka\u011f\u0131&#8217; olarak, &#8216;Direk\u00e7i&#8217; soka\u011f\u0131n\u0131n ismini de Ermeni yazar &#8216;M\u0131g\u0131rdi\u00e7 Margosyan&#8217; olarak de\u011fi\u015ftirmesine halktan tepki geldi. Vatanda\u015flar, bu icraatlar\u0131n Diyarbak\u0131r&#8217;\u0131n m\u00fctedeyyin halk\u0131n\u0131n \u00fczerinde oynanan kirli bir oyun oldu\u011funu ifade etti. &#8216;Belediyenin bu icraatlar\u0131na kar\u015f\u0131y\u0131z Diyarbak\u0131r topraklar\u0131n\u0131n 639&#8217;dan beridir \u0130slam&#8217;\u0131n be\u015fi\u011fi oldu\u011funu ifade eden Abdulhalik Han, [&hellip;]\" \/>\n<meta property=\"og:url\" content=\"https:\/\/akunq.net\/tr\/?p=23989\" \/>\n<meta property=\"og:site_name\" content=\"Bati Ermenistan Ve Bati Ermenileri Sorunlari Ara\u015ftirmalar Merkezi\" \/>\n<meta property=\"article:published_time\" content=\"2013-06-13T07:40:55+00:00\" \/>\n<meta name=\"author\" content=\"admin\" \/>\n<meta name=\"twitter:card\" content=\"summary_large_image\" \/>\n<meta name=\"twitter:label1\" content=\"Written by\" \/>\n\t<meta name=\"twitter:data1\" content=\"admin\" \/>\n\t<meta name=\"twitter:label2\" content=\"Est. reading time\" \/>\n\t<meta name=\"twitter:data2\" content=\"2 minutes\" \/>\n<script type=\"application\/ld+json\" class=\"yoast-schema-graph\">{\"@context\":\"https:\\\/\\\/schema.org\",\"@graph\":[{\"@type\":\"Article\",\"@id\":\"https:\\\/\\\/akunq.net\\\/tr\\\/?p=23989#article\",\"isPartOf\":{\"@id\":\"https:\\\/\\\/akunq.net\\\/tr\\\/?p=23989\"},\"author\":{\"name\":\"admin\",\"@id\":\"https:\\\/\\\/akunq.net\\\/tr\\\/#\\\/schema\\\/person\\\/096f1d38a12cce57fb855b485ed24c9e\"},\"headline\":\"Sokaklara Ermeni isimlerin verilmesine tepki\",\"datePublished\":\"2013-06-13T07:40:55+00:00\",\"mainEntityOfPage\":{\"@id\":\"https:\\\/\\\/akunq.net\\\/tr\\\/?p=23989\"},\"wordCount\":477,\"commentCount\":0,\"articleSection\":[\"G\u00fcn\u00fcm\u00fczde Bat\u0131 Ermenistan\",\"Haberler\"],\"inLanguage\":\"en-US\",\"potentialAction\":[{\"@type\":\"CommentAction\",\"name\":\"Comment\",\"target\":[\"https:\\\/\\\/akunq.net\\\/tr\\\/?p=23989#respond\"]}]},{\"@type\":\"WebPage\",\"@id\":\"https:\\\/\\\/akunq.net\\\/tr\\\/?p=23989\",\"url\":\"https:\\\/\\\/akunq.net\\\/tr\\\/?p=23989\",\"name\":\"Sokaklara Ermeni isimlerin verilmesine tepki - Bati Ermenistan Ve Bati Ermenileri Sorunlari Ara\u015ftirmalar Merkezi\",\"isPartOf\":{\"@id\":\"https:\\\/\\\/akunq.net\\\/tr\\\/#website\"},\"datePublished\":\"2013-06-13T07:40:55+00:00\",\"author\":{\"@id\":\"https:\\\/\\\/akunq.net\\\/tr\\\/#\\\/schema\\\/person\\\/096f1d38a12cce57fb855b485ed24c9e\"},\"breadcrumb\":{\"@id\":\"https:\\\/\\\/akunq.net\\\/tr\\\/?p=23989#breadcrumb\"},\"inLanguage\":\"en-US\",\"potentialAction\":[{\"@type\":\"ReadAction\",\"target\":[\"https:\\\/\\\/akunq.net\\\/tr\\\/?p=23989\"]}]},{\"@type\":\"BreadcrumbList\",\"@id\":\"https:\\\/\\\/akunq.net\\\/tr\\\/?p=23989#breadcrumb\",\"itemListElement\":[{\"@type\":\"ListItem\",\"position\":1,\"name\":\"Home\",\"item\":\"https:\\\/\\\/akunq.net\\\/tr\"},{\"@type\":\"ListItem\",\"position\":2,\"name\":\"Sokaklara Ermeni isimlerin verilmesine tepki\"}]},{\"@type\":\"WebSite\",\"@id\":\"https:\\\/\\\/akunq.net\\\/tr\\\/#website\",\"url\":\"https:\\\/\\\/akunq.net\\\/tr\\\/\",\"name\":\"Bati Ermenistan Ve Bati Ermenileri Sorunlari Ara\u015ftirmalar Merkezi\",\"description\":\"\",\"potentialAction\":[{\"@type\":\"SearchAction\",\"target\":{\"@type\":\"EntryPoint\",\"urlTemplate\":\"https:\\\/\\\/akunq.net\\\/tr\\\/?s={search_term_string}\"},\"query-input\":{\"@type\":\"PropertyValueSpecification\",\"valueRequired\":true,\"valueName\":\"search_term_string\"}}],\"inLanguage\":\"en-US\"},{\"@type\":\"Person\",\"@id\":\"https:\\\/\\\/akunq.net\\\/tr\\\/#\\\/schema\\\/person\\\/096f1d38a12cce57fb855b485ed24c9e\",\"name\":\"admin\",\"url\":\"https:\\\/\\\/akunq.net\\\/tr\\\/?author=7\"}]}<\/script>\n<!-- \/ Yoast SEO plugin. -->","yoast_head_json":{"title":"Sokaklara Ermeni isimlerin verilmesine tepki - Bati Ermenistan Ve Bati Ermenileri Sorunlari Ara\u015ftirmalar Merkezi","robots":{"index":"index","follow":"follow","max-snippet":"max-snippet:-1","max-image-preview":"max-image-preview:large","max-video-preview":"max-video-preview:-1"},"canonical":"https:\/\/akunq.net\/tr\/?p=23989","og_locale":"en_US","og_type":"article","og_title":"Sokaklara Ermeni isimlerin verilmesine tepki - Bati Ermenistan Ve Bati Ermenileri Sorunlari Ara\u015ftirmalar Merkezi","og_description":"Sur Belediyesi&#8217;nin Mar Petyun Kilisesi&#8217;nin bulundu\u011fu \u015eeftali Sokak&#8217;\u0131n ismini Mar Petyun Soka\u011f\u0131&#8217; olarak, &#8216;Direk\u00e7i&#8217; soka\u011f\u0131n\u0131n ismini de Ermeni yazar &#8216;M\u0131g\u0131rdi\u00e7 Margosyan&#8217; olarak de\u011fi\u015ftirmesine halktan tepki geldi. Vatanda\u015flar, bu icraatlar\u0131n Diyarbak\u0131r&#8217;\u0131n m\u00fctedeyyin halk\u0131n\u0131n \u00fczerinde oynanan kirli bir oyun oldu\u011funu ifade etti. &#8216;Belediyenin bu icraatlar\u0131na kar\u015f\u0131y\u0131z Diyarbak\u0131r topraklar\u0131n\u0131n 639&#8217;dan beridir \u0130slam&#8217;\u0131n be\u015fi\u011fi oldu\u011funu ifade eden Abdulhalik Han, [&hellip;]","og_url":"https:\/\/akunq.net\/tr\/?p=23989","og_site_name":"Bati Ermenistan Ve Bati Ermenileri Sorunlari Ara\u015ftirmalar Merkezi","article_published_time":"2013-06-13T07:40:55+00:00","author":"admin","twitter_card":"summary_large_image","twitter_misc":{"Written by":"admin","Est. reading time":"2 minutes"},"schema":{"@context":"https:\/\/schema.org","@graph":[{"@type":"Article","@id":"https:\/\/akunq.net\/tr\/?p=23989#article","isPartOf":{"@id":"https:\/\/akunq.net\/tr\/?p=23989"},"author":{"name":"admin","@id":"https:\/\/akunq.net\/tr\/#\/schema\/person\/096f1d38a12cce57fb855b485ed24c9e"},"headline":"Sokaklara Ermeni isimlerin verilmesine tepki","datePublished":"2013-06-13T07:40:55+00:00","mainEntityOfPage":{"@id":"https:\/\/akunq.net\/tr\/?p=23989"},"wordCount":477,"commentCount":0,"articleSection":["G\u00fcn\u00fcm\u00fczde Bat\u0131 Ermenistan","Haberler"],"inLanguage":"en-US","potentialAction":[{"@type":"CommentAction","name":"Comment","target":["https:\/\/akunq.net\/tr\/?p=23989#respond"]}]},{"@type":"WebPage","@id":"https:\/\/akunq.net\/tr\/?p=23989","url":"https:\/\/akunq.net\/tr\/?p=23989","name":"Sokaklara Ermeni isimlerin verilmesine tepki - Bati Ermenistan Ve Bati Ermenileri Sorunlari Ara\u015ftirmalar Merkezi","isPartOf":{"@id":"https:\/\/akunq.net\/tr\/#website"},"datePublished":"2013-06-13T07:40:55+00:00","author":{"@id":"https:\/\/akunq.net\/tr\/#\/schema\/person\/096f1d38a12cce57fb855b485ed24c9e"},"breadcrumb":{"@id":"https:\/\/akunq.net\/tr\/?p=23989#breadcrumb"},"inLanguage":"en-US","potentialAction":[{"@type":"ReadAction","target":["https:\/\/akunq.net\/tr\/?p=23989"]}]},{"@type":"BreadcrumbList","@id":"https:\/\/akunq.net\/tr\/?p=23989#breadcrumb","itemListElement":[{"@type":"ListItem","position":1,"name":"Home","item":"https:\/\/akunq.net\/tr"},{"@type":"ListItem","position":2,"name":"Sokaklara Ermeni isimlerin verilmesine tepki"}]},{"@type":"WebSite","@id":"https:\/\/akunq.net\/tr\/#website","url":"https:\/\/akunq.net\/tr\/","name":"Bati Ermenistan Ve Bati Ermenileri Sorunlari Ara\u015ftirmalar Merkezi","description":"","potentialAction":[{"@type":"SearchAction","target":{"@type":"EntryPoint","urlTemplate":"https:\/\/akunq.net\/tr\/?s={search_term_string}"},"query-input":{"@type":"PropertyValueSpecification","valueRequired":true,"valueName":"search_term_string"}}],"inLanguage":"en-US"},{"@type":"Person","@id":"https:\/\/akunq.net\/tr\/#\/schema\/person\/096f1d38a12cce57fb855b485ed24c9e","name":"admin","url":"https:\/\/akunq.net\/tr\/?author=7"}]}},"_links":{"self":[{"href":"https:\/\/akunq.net\/tr\/index.php?rest_route=\/wp\/v2\/posts\/23989","targetHints":{"allow":["GET"]}}],"collection":[{"href":"https:\/\/akunq.net\/tr\/index.php?rest_route=\/wp\/v2\/posts"}],"about":[{"href":"https:\/\/akunq.net\/tr\/index.php?rest_route=\/wp\/v2\/types\/post"}],"author":[{"embeddable":true,"href":"https:\/\/akunq.net\/tr\/index.php?rest_route=\/wp\/v2\/users\/7"}],"replies":[{"embeddable":true,"href":"https:\/\/akunq.net\/tr\/index.php?rest_route=%2Fwp%2Fv2%2Fcomments&post=23989"}],"version-history":[{"count":1,"href":"https:\/\/akunq.net\/tr\/index.php?rest_route=\/wp\/v2\/posts\/23989\/revisions"}],"predecessor-version":[{"id":23991,"href":"https:\/\/akunq.net\/tr\/index.php?rest_route=\/wp\/v2\/posts\/23989\/revisions\/23991"}],"wp:attachment":[{"href":"https:\/\/akunq.net\/tr\/index.php?rest_route=%2Fwp%2Fv2%2Fmedia&parent=23989"}],"wp:term":[{"taxonomy":"category","embeddable":true,"href":"https:\/\/akunq.net\/tr\/index.php?rest_route=%2Fwp%2Fv2%2Fcategories&post=23989"},{"taxonomy":"post_tag","embeddable":true,"href":"https:\/\/akunq.net\/tr\/index.php?rest_route=%2Fwp%2Fv2%2Ftags&post=23989"}],"curies":[{"name":"wp","href":"https:\/\/api.w.org\/{rel}","templated":true}]}}