{"id":23841,"date":"2013-06-06T02:06:10","date_gmt":"2013-06-06T07:06:10","guid":{"rendered":"http:\/\/akunq.net\/tr\/?p=23841"},"modified":"2013-06-06T02:06:10","modified_gmt":"2013-06-06T07:06:10","slug":"istanbul-taksim-gezi-parki-ermeni-mezarligi-ve-11-nisan-aniti","status":"publish","type":"post","link":"https:\/\/akunq.net\/tr\/?p=23841","title":{"rendered":"\u0130stanbul Taksim Gezi Park\u0131, Ermeni Mezarl\u0131\u011f\u0131 ve 11 Nisan An\u0131t\u0131"},"content":{"rendered":"<p style=\"text-align: justify;\"><b><a href=\"http:\/\/akunq.net\/tr\/?attachment_id=23842\" rel=\"attachment wp-att-23842\"><img loading=\"lazy\" decoding=\"async\" class=\"alignright size-medium wp-image-23842\" alt=\"11 Nisan An\u0131t\u0131\" src=\"http:\/\/akunq.net\/tr\/wp-content\/uploads\/2013\/06\/11-Nisan-An\u0131t\u0131-300x435.jpg\" width=\"300\" height=\"435\" srcset=\"https:\/\/akunq.net\/tr\/wp-content\/uploads\/sites\/6\/2013\/06\/11-Nisan-An\u0131t\u0131-300x435.jpg 300w, https:\/\/akunq.net\/tr\/wp-content\/uploads\/sites\/6\/2013\/06\/11-Nisan-An\u0131t\u0131.jpg 480w\" sizes=\"auto, (max-width: 300px) 100vw, 300px\" \/><\/a>Dr.med.Sarkis Adam<\/b><\/p>\n<p style=\"text-align: justify;\">Takip etti\u011fim kadar\u0131yla, \u0130stanbul Taksim ve \u00e7evresi yol in\u015faat\u0131 \u00e7al\u0131\u015fmalar\u0131, Alkol kullan\u0131m d\u00fczenlemesi, AVM, Taksim&#8217;e Cami yap\u0131m\u0131, AKM y\u0131k\u0131m\u0131, Top\u00e7ular K\u0131\u015flas\u0131\u2019n\u0131n yeniden in\u015fas\u0131, Meydan\u0131n motorlu ara\u00e7lar\u0131n ge\u00e7i\u015fine kapatmak derken, birikimler sonu\u00e7unda olay \u201cDireni\u015f Eylemine\u201d d\u00f6n\u00fc\u015ft\u00fc. Eylemin ilgin\u00e7 bir yan\u0131 da, her kesimden kat\u0131lan insanlar\u0131n birle\u015febilmesi, birlik olabilmesi. Eylem ayr\u0131ca senelerce, \u00e7ok derinlere g\u00f6m\u00fcl\u00fc olan gizlilikleri ortaya \u00e7\u0131kard\u0131, \u00e7oklar taraf\u0131ndan bilinmeyenleri bilinir hale getirdi, Taksim&#8217;den Harbiye&#8217;ye kadar uzanan geni\u015f arazi \u00fcst\u00fcndeki Ermeni Mezarl\u0131\u011f\u0131n\u0131n 1931 y\u0131l\u0131nda devlet taraf\u0131ndan gasp edilip, arazinin parsellenerek sat\u0131ld\u0131\u011f\u0131n\u0131 \u00f6\u011frendi. Devletin, baz\u0131 \u015feyleri halk\u0131ndan gizledi\u011fini, baz\u0131 ger\u00e7ekleri red ve inkar etti\u011fini, halk\u0131na kar\u015f\u0131 adaletsiz ve \u015fefkatsiz davrand\u0131\u011f\u0131n\u0131 \u00f6\u011frendi.<\/p>\n<p style=\"text-align: justify;\">T\u00fcrk Demokrasisi 31 May\u0131s 2013 g\u00fcn\u00fc ba\u015flayan eylemle, kendini yarg\u0131lama ve \u00e7a\u011fda\u015f ileri demokrasiyi yakalama ad\u0131na b\u00fcy\u00fck bir f\u0131rsat yakalad\u0131\u011f\u0131n\u0131 san\u0131yorum. Umar\u0131m 31 May\u0131s 2013 tarihi \u00c7a\u011fda\u015f T\u00fcrkiye&#8217;nin \u0130leri Demokrisi yol haritas\u0131nda bir miad olur.<\/p>\n<p style=\"text-align: justify;\">Taksim Gezi Park\u0131 ve \u00e7evresiyle ile ilgili konu \u00fcst\u00fcnde durulmas\u0131 gereken hususlardan biri de bug\u00fcn\u00fcn Divan Otelinin yerinde olan eski Ermeni mezarl\u0131\u011f\u0131 ve Ermeni ayd\u0131nlar\u0131n an\u0131s\u0131na dikilen 11 Nisan An\u0131t\u0131.<\/p>\n<p style=\"text-align: justify;\">\u0130stanbul Taksim Meydan\u0131\u2019n\u0131 motorlu ara\u00e7lara kapatmak ba\u011flam\u0131na y\u00f6nelik Taksim ve \u00e7evresinde yap\u0131lan yol \u00e7al\u0131\u015fmalar\u0131 esnas\u0131nda \u0130stanbul Kas\u0131mpa\u015fa semti, Bedrettin\u00a0 Mahallesi\u2019ndeki yol in\u015faat\u0131nda i\u015f makinesinin kep\u00e7esine tak\u0131lan Ermenilere ait mezar\u00a0 ta\u015flar\u0131n, sanat tarih\u00e7isi Elmon Han\u00e7er&#8217;e g\u00f6re b\u00fcy\u00fck bir olasal\u0131kla, 1865 y\u0131l\u0131nda toprak alt\u0131na g\u00f6m\u00fclen Taksim k\u0131\u015flas\u0131 yak\u0131n\u0131ndaki Elmada\u011f Surp Agop Ermeni Mezarl\u0131\u011f\u0131 ta\u015flar\u0131na ait oldu\u011fu s\u00f6ylenmektedir. Ara\u015ft\u0131rmac\u0131 yazar Kevork Pamukcuyan 2003 y\u0131l\u0131nda \u0130stanbul&#8217;da yay\u0131nlan \u201cZamanlar, Mekanlar, \u0130nsanlar\u201d adl\u0131 kitab\u0131nda, bu mezar ta\u015flar\u0131n Taksim Gezi Park\u0131n\u0131n basamaklar\u0131n\u0131n in\u015faat\u0131nda kullan\u0131ld\u0131\u011f\u0131 belirtmektedir.<\/p>\n<p style=\"text-align: justify;\">Mezarl\u0131\u011f\u0131n \u00f6yk\u00fcs\u00fcne k\u0131saca bir g\u00f6z atal\u0131m: Taksim Meydan\u0131ndan Harbiye askeri m\u00fczesine kadar uzanan, \u0130stanbul Radyosu Binas\u0131 ve \u00e7evresini de i\u00e7ine alan arazi 1560-1865 y\u0131llar\u0131 aras\u0131, mezarl\u0131k olarak m\u00fclkiyetini\u00a0elinde bulunduran Ermeni Cemaati taraf\u0131ndan kullan\u0131lm\u0131\u015f. 1865 y\u0131l\u0131nda veba salg\u0131n\u0131 nedeniyle mezarl\u0131k kapat\u0131lm\u0131\u015f. Vanl\u0131 Margos Natanyan&#8217;\u0131n 1929 y\u0131l\u0131nda yazd\u0131\u011f\u0131 mektuba g\u00f6re mezarl\u0131\u011f\u0131n Ermenilerin m\u00fclkiyetine\u00a0 ge\u00e7me \u00f6yk\u00fcs\u00fc \u015f\u00f6yle: Almanlar Osmanl\u0131 Padi\u015fah\u0131 Kanuni Sultan S\u00fcleyman&#8217;\u0131\u00a0 zehirlemek i\u00e7in komplo kurarlar, Kanuni&#8217;nin ba\u015f a\u015f\u00e7\u0131s\u0131 Manuk Karaseferyan&#8217;d\u0131r, Kanuni Sultan S\u00fcleyman, Manuk Karaseferyan&#8217;\u0131n bilgisi d\u0131\u015f\u0131nda hi\u00e7 bir\u015fey yememektedir. Almanlar Manuk Karaseferyan&#8217;dan komplo i\u00e7in yard\u0131m\u00a0isterler. Manuk yard\u0131m\u0131 derhal red eder ve komployu meydana \u00e7\u0131kararak \u00f6nler, Sultan\u00a0Manuk Karaseferyan&#8217;\u0131 \u00f6d\u00fcllendirmek ister ve Manuk Karaseferyan, ondan \u0130stanbul Ermenileri i\u00e7in bir mezarl\u0131k ister, Sultan da \u0130stanbul&#8217;un o zamanlar \u015fehir d\u0131\u015f\u0131 say\u0131lan\u00a0Elmada\u011f-Pangalt\u0131 semtindeki \u00e7ok geni\u015f araziyi Ermenilere verir.<\/p>\n<p style=\"text-align: justify;\">1872 y\u0131l\u0131nda mezarl\u0131k k\u0131\u015flaya verilmek \u00fczere cemaatten al\u0131nmak istenir, ancak Sultan Abd\u00fclaziz ferman\u0131 ile buna mani olur, 1926 y\u0131l\u0131nda Beyo\u011flu Belediyesi, Tapu Genel M\u00fcd\u00fcrl\u00fc\u011f\u00fcne\u00a0ba\u015f vurarak\u00a0 mezarl\u0131\u011f\u0131n\u00a0 kendi ad\u0131na kayd edilmesini talep eder. Ermeni kilisesi mezarl\u0131\u011f\u0131n tapusunu ibraz ederek itiraz eder ve mezarl\u0131\u011f\u0131n sahipsiz ve metruk olmad\u0131\u011f\u0131n\u0131\u00a0 belgelemesine ra\u011fmen, Beyo\u011flu Belediyesi mezarl\u0131\u011fa el koyar, itirazlar sonu\u00e7 vermez, mahkeme\u00a0 mezarl\u0131\u011f\u0131n sahipsiz ve metruk oldu\u011funa ve 1931 y\u0131l\u0131nda mezarl\u0131\u011f\u0131n Beyo\u011flu Belediyesine ge\u00e7mesine karar verir. Ermeni Patrikhanesi Yarg\u0131taya gider ve kar\u015f\u0131 dava a\u00e7ar, ancak 3 Aral\u0131k 1933 y\u0131l\u0131nda Sultanahmet Adliyesi yanar ve mezarl\u0131\u011fa ait belgeler k\u00fcl olur. K\u00fcl olan belgelerin\u00a0birer kopyas\u0131 Tapu&#8217;da ve Belediye&#8217;de olmas\u0131na ra\u011fmen\u00a0davalar\u0131n gidi\u015fi de\u011fi\u015fmez. Mezarl\u0131\u011f\u0131n giri\u015findeki \u201cErmeni Mezarl\u0131\u011f\u0131\u201d yaz\u0131s\u0131 ve \u201cHa\u00e7\u201d kald\u0131r\u0131l\u0131r.<\/p>\n<p style=\"text-align: justify;\">1935 y\u0131l\u0131nda Vak\u0131flar Genel M\u00fcd\u00fcrl\u00fc\u011f\u00fc m\u00fclkiyetin kendisine ait oldu\u011funu iddia eder ve araziye ortak \u00e7\u0131kar. 1939 Mezarl\u0131k t\u00fcm\u00fcyle istimlak edilir arazi parsellenip\u00a0sat\u0131l\u0131r, mezarl\u0131\u011f\u0131n\u00a0 ta\u015flar\u0131 Gezi Park\u0131n\u0131n basamak in\u015faat\u0131nda\u00a0 ve \u0130stanbul-Emin\u00f6n\u00fc meydan\u0131nda kullan\u0131l\u0131r (Armaveni Miro\u011flu-Toplumsal Bilimler Habercisi-Ermeni Mezarl\u0131klar\u0131-Ermenistan Bilimsel Ulusal Akademisi 2008).<\/p>\n<p style=\"text-align: justify;\">B\u00fcg\u00fcn bu mezarl\u0131\u011f\u0131n yerinde, Ko\u00e7 Holding&#8217;in\u00a0Divan Oteli bulunmaktad\u0131r:<\/p>\n<p style=\"text-align: justify;\">\u0130ddia&#8217;ya g\u00f6re, bu mezarl\u0131k alan\u0131 i\u00e7inde, 1915 de \u0130ttihat\u00e7\u0131lar taraf\u0131ndan katledilen ve mezar yeri dahi bilinmeyen Ermeni ayd\u0131nlar\u0131n\u0131n ve \u015fehitlerinin an\u0131s\u0131na toplu tevkifat\u0131n ve tehcirin <i>(Ermeni Soyk\u0131r\u0131m\u0131\u2019n\u0131n-\u2018Akunq\u2019 web sayfas\u0131 y\u00f6neticileri) <\/i>4.cu y\u0131l\u0131nda 1919 tarihinde 11 Nisan An\u0131t\u0131 adl\u0131 bir an\u0131t dikilmi\u015f ve an\u0131t 1922\u2019ye kadar burada kalm\u0131\u015f, sonra efsanevi bir \u015fekilde yok olmu\u015f, gizemli bir bi\u00e7imde kaybolmu\u015f. Tarih\u00e7i Kevork Pamuk\u00e7uyan\u00a0bir zamanlar bu an\u0131t\u0131n kaidesini Harbiye Ordu evinin bah\u00e7esinde g\u00f6rd\u00fc\u011f\u00fcn\u00fc s\u00f6ylemi\u015f (Teotig-11 Nisan An\u0131t\u0131-Hu\u015fartsan\u00a0Abril 11 i-\u00d6ns\u00f6z).<\/p>\n<p style=\"text-align: justify;\">Eski takvime g\u00f6re, o zaman\u0131n 11 Nisan&#8217;\u0131, bug\u00fcn\u00fcn 24 Nisan&#8217;\u0131na\u00a0denk geldi\u011fi i\u00e7in an\u0131ta 11 Nisan An\u0131t\u0131 ad\u0131 verilmi\u015fti.<\/p>\n<p style=\"text-align: justify;\"><b><i>Kaynak: Ermeni Mezarlar\u0131 \u00dczerinde 24 Haziran 2011-G\u00f6khan Tan<\/i><\/b><\/p>\n<p style=\"text-align: justify;\"><b><i>Akunq.net <\/i><\/b><\/p>\n","protected":false},"excerpt":{"rendered":"<p>Dr.med.Sarkis Adam Takip etti\u011fim kadar\u0131yla, \u0130stanbul Taksim ve \u00e7evresi yol in\u015faat\u0131 \u00e7al\u0131\u015fmalar\u0131, Alkol kullan\u0131m d\u00fczenlemesi, AVM, Taksim&#8217;e Cami yap\u0131m\u0131, AKM y\u0131k\u0131m\u0131, Top\u00e7ular K\u0131\u015flas\u0131\u2019n\u0131n yeniden in\u015fas\u0131, Meydan\u0131n motorlu ara\u00e7lar\u0131n ge\u00e7i\u015fine kapatmak derken, birikimler sonu\u00e7unda olay \u201cDireni\u015f Eylemine\u201d d\u00f6n\u00fc\u015ft\u00fc. Eylemin ilgin\u00e7 bir yan\u0131 da, her kesimden kat\u0131lan insanlar\u0131n birle\u015febilmesi, birlik olabilmesi. Eylem ayr\u0131ca senelerce, \u00e7ok derinlere g\u00f6m\u00fcl\u00fc [&hellip;]<\/p>\n","protected":false},"author":7,"featured_media":0,"comment_status":"open","ping_status":"open","sticky":false,"template":"","format":"standard","meta":{"footnotes":""},"categories":[1],"tags":[],"class_list":["post-23841","post","type-post","status-publish","format-standard","hentry","category-haberler"],"yoast_head":"<!-- This site is optimized with the Yoast SEO plugin v27.4 - https:\/\/yoast.com\/product\/yoast-seo-wordpress\/ -->\n<title>\u0130stanbul Taksim Gezi Park\u0131, Ermeni Mezarl\u0131\u011f\u0131 ve 11 Nisan An\u0131t\u0131 - Bati Ermenistan Ve Bati Ermenileri Sorunlari Ara\u015ftirmalar Merkezi<\/title>\n<meta name=\"robots\" content=\"index, follow, max-snippet:-1, max-image-preview:large, max-video-preview:-1\" \/>\n<link rel=\"canonical\" href=\"https:\/\/akunq.net\/tr\/?p=23841\" \/>\n<meta property=\"og:locale\" content=\"en_US\" \/>\n<meta property=\"og:type\" content=\"article\" \/>\n<meta property=\"og:title\" content=\"\u0130stanbul Taksim Gezi Park\u0131, Ermeni Mezarl\u0131\u011f\u0131 ve 11 Nisan An\u0131t\u0131 - Bati Ermenistan Ve Bati Ermenileri Sorunlari Ara\u015ftirmalar Merkezi\" \/>\n<meta property=\"og:description\" content=\"Dr.med.Sarkis Adam Takip etti\u011fim kadar\u0131yla, \u0130stanbul Taksim ve \u00e7evresi yol in\u015faat\u0131 \u00e7al\u0131\u015fmalar\u0131, Alkol kullan\u0131m d\u00fczenlemesi, AVM, Taksim&#8217;e Cami yap\u0131m\u0131, AKM y\u0131k\u0131m\u0131, Top\u00e7ular K\u0131\u015flas\u0131\u2019n\u0131n yeniden in\u015fas\u0131, Meydan\u0131n motorlu ara\u00e7lar\u0131n ge\u00e7i\u015fine kapatmak derken, birikimler sonu\u00e7unda olay \u201cDireni\u015f Eylemine\u201d d\u00f6n\u00fc\u015ft\u00fc. Eylemin ilgin\u00e7 bir yan\u0131 da, her kesimden kat\u0131lan insanlar\u0131n birle\u015febilmesi, birlik olabilmesi. Eylem ayr\u0131ca senelerce, \u00e7ok derinlere g\u00f6m\u00fcl\u00fc [&hellip;]\" \/>\n<meta property=\"og:url\" content=\"https:\/\/akunq.net\/tr\/?p=23841\" \/>\n<meta property=\"og:site_name\" content=\"Bati Ermenistan Ve Bati Ermenileri Sorunlari Ara\u015ftirmalar Merkezi\" \/>\n<meta property=\"article:published_time\" content=\"2013-06-06T07:06:10+00:00\" \/>\n<meta name=\"author\" content=\"admin\" \/>\n<meta name=\"twitter:card\" content=\"summary_large_image\" \/>\n<meta name=\"twitter:label1\" content=\"Written by\" \/>\n\t<meta name=\"twitter:data1\" content=\"admin\" \/>\n\t<meta name=\"twitter:label2\" content=\"Est. reading time\" \/>\n\t<meta name=\"twitter:data2\" content=\"5 minutes\" \/>\n<script type=\"application\/ld+json\" class=\"yoast-schema-graph\">{\"@context\":\"https:\\\/\\\/schema.org\",\"@graph\":[{\"@type\":\"Article\",\"@id\":\"https:\\\/\\\/akunq.net\\\/tr\\\/?p=23841#article\",\"isPartOf\":{\"@id\":\"https:\\\/\\\/akunq.net\\\/tr\\\/?p=23841\"},\"author\":{\"name\":\"admin\",\"@id\":\"https:\\\/\\\/akunq.net\\\/tr\\\/#\\\/schema\\\/person\\\/096f1d38a12cce57fb855b485ed24c9e\"},\"headline\":\"\u0130stanbul Taksim Gezi Park\u0131, Ermeni Mezarl\u0131\u011f\u0131 ve 11 Nisan An\u0131t\u0131\",\"datePublished\":\"2013-06-06T07:06:10+00:00\",\"mainEntityOfPage\":{\"@id\":\"https:\\\/\\\/akunq.net\\\/tr\\\/?p=23841\"},\"wordCount\":915,\"commentCount\":0,\"articleSection\":[\"Haberler\"],\"inLanguage\":\"en-US\",\"potentialAction\":[{\"@type\":\"CommentAction\",\"name\":\"Comment\",\"target\":[\"https:\\\/\\\/akunq.net\\\/tr\\\/?p=23841#respond\"]}]},{\"@type\":\"WebPage\",\"@id\":\"https:\\\/\\\/akunq.net\\\/tr\\\/?p=23841\",\"url\":\"https:\\\/\\\/akunq.net\\\/tr\\\/?p=23841\",\"name\":\"\u0130stanbul Taksim Gezi Park\u0131, Ermeni Mezarl\u0131\u011f\u0131 ve 11 Nisan An\u0131t\u0131 - Bati Ermenistan Ve Bati Ermenileri Sorunlari Ara\u015ftirmalar Merkezi\",\"isPartOf\":{\"@id\":\"https:\\\/\\\/akunq.net\\\/tr\\\/#website\"},\"datePublished\":\"2013-06-06T07:06:10+00:00\",\"author\":{\"@id\":\"https:\\\/\\\/akunq.net\\\/tr\\\/#\\\/schema\\\/person\\\/096f1d38a12cce57fb855b485ed24c9e\"},\"breadcrumb\":{\"@id\":\"https:\\\/\\\/akunq.net\\\/tr\\\/?p=23841#breadcrumb\"},\"inLanguage\":\"en-US\",\"potentialAction\":[{\"@type\":\"ReadAction\",\"target\":[\"https:\\\/\\\/akunq.net\\\/tr\\\/?p=23841\"]}]},{\"@type\":\"BreadcrumbList\",\"@id\":\"https:\\\/\\\/akunq.net\\\/tr\\\/?p=23841#breadcrumb\",\"itemListElement\":[{\"@type\":\"ListItem\",\"position\":1,\"name\":\"Home\",\"item\":\"https:\\\/\\\/akunq.net\\\/tr\"},{\"@type\":\"ListItem\",\"position\":2,\"name\":\"\u0130stanbul Taksim Gezi Park\u0131, Ermeni Mezarl\u0131\u011f\u0131 ve 11 Nisan An\u0131t\u0131\"}]},{\"@type\":\"WebSite\",\"@id\":\"https:\\\/\\\/akunq.net\\\/tr\\\/#website\",\"url\":\"https:\\\/\\\/akunq.net\\\/tr\\\/\",\"name\":\"Bati Ermenistan Ve Bati Ermenileri Sorunlari Ara\u015ftirmalar Merkezi\",\"description\":\"\",\"potentialAction\":[{\"@type\":\"SearchAction\",\"target\":{\"@type\":\"EntryPoint\",\"urlTemplate\":\"https:\\\/\\\/akunq.net\\\/tr\\\/?s={search_term_string}\"},\"query-input\":{\"@type\":\"PropertyValueSpecification\",\"valueRequired\":true,\"valueName\":\"search_term_string\"}}],\"inLanguage\":\"en-US\"},{\"@type\":\"Person\",\"@id\":\"https:\\\/\\\/akunq.net\\\/tr\\\/#\\\/schema\\\/person\\\/096f1d38a12cce57fb855b485ed24c9e\",\"name\":\"admin\",\"url\":\"https:\\\/\\\/akunq.net\\\/tr\\\/?author=7\"}]}<\/script>\n<!-- \/ Yoast SEO plugin. -->","yoast_head_json":{"title":"\u0130stanbul Taksim Gezi Park\u0131, Ermeni Mezarl\u0131\u011f\u0131 ve 11 Nisan An\u0131t\u0131 - Bati Ermenistan Ve Bati Ermenileri Sorunlari Ara\u015ftirmalar Merkezi","robots":{"index":"index","follow":"follow","max-snippet":"max-snippet:-1","max-image-preview":"max-image-preview:large","max-video-preview":"max-video-preview:-1"},"canonical":"https:\/\/akunq.net\/tr\/?p=23841","og_locale":"en_US","og_type":"article","og_title":"\u0130stanbul Taksim Gezi Park\u0131, Ermeni Mezarl\u0131\u011f\u0131 ve 11 Nisan An\u0131t\u0131 - Bati Ermenistan Ve Bati Ermenileri Sorunlari Ara\u015ftirmalar Merkezi","og_description":"Dr.med.Sarkis Adam Takip etti\u011fim kadar\u0131yla, \u0130stanbul Taksim ve \u00e7evresi yol in\u015faat\u0131 \u00e7al\u0131\u015fmalar\u0131, Alkol kullan\u0131m d\u00fczenlemesi, AVM, Taksim&#8217;e Cami yap\u0131m\u0131, AKM y\u0131k\u0131m\u0131, Top\u00e7ular K\u0131\u015flas\u0131\u2019n\u0131n yeniden in\u015fas\u0131, Meydan\u0131n motorlu ara\u00e7lar\u0131n ge\u00e7i\u015fine kapatmak derken, birikimler sonu\u00e7unda olay \u201cDireni\u015f Eylemine\u201d d\u00f6n\u00fc\u015ft\u00fc. Eylemin ilgin\u00e7 bir yan\u0131 da, her kesimden kat\u0131lan insanlar\u0131n birle\u015febilmesi, birlik olabilmesi. Eylem ayr\u0131ca senelerce, \u00e7ok derinlere g\u00f6m\u00fcl\u00fc [&hellip;]","og_url":"https:\/\/akunq.net\/tr\/?p=23841","og_site_name":"Bati Ermenistan Ve Bati Ermenileri Sorunlari Ara\u015ftirmalar Merkezi","article_published_time":"2013-06-06T07:06:10+00:00","author":"admin","twitter_card":"summary_large_image","twitter_misc":{"Written by":"admin","Est. reading time":"5 minutes"},"schema":{"@context":"https:\/\/schema.org","@graph":[{"@type":"Article","@id":"https:\/\/akunq.net\/tr\/?p=23841#article","isPartOf":{"@id":"https:\/\/akunq.net\/tr\/?p=23841"},"author":{"name":"admin","@id":"https:\/\/akunq.net\/tr\/#\/schema\/person\/096f1d38a12cce57fb855b485ed24c9e"},"headline":"\u0130stanbul Taksim Gezi Park\u0131, Ermeni Mezarl\u0131\u011f\u0131 ve 11 Nisan An\u0131t\u0131","datePublished":"2013-06-06T07:06:10+00:00","mainEntityOfPage":{"@id":"https:\/\/akunq.net\/tr\/?p=23841"},"wordCount":915,"commentCount":0,"articleSection":["Haberler"],"inLanguage":"en-US","potentialAction":[{"@type":"CommentAction","name":"Comment","target":["https:\/\/akunq.net\/tr\/?p=23841#respond"]}]},{"@type":"WebPage","@id":"https:\/\/akunq.net\/tr\/?p=23841","url":"https:\/\/akunq.net\/tr\/?p=23841","name":"\u0130stanbul Taksim Gezi Park\u0131, Ermeni Mezarl\u0131\u011f\u0131 ve 11 Nisan An\u0131t\u0131 - Bati Ermenistan Ve Bati Ermenileri Sorunlari Ara\u015ftirmalar Merkezi","isPartOf":{"@id":"https:\/\/akunq.net\/tr\/#website"},"datePublished":"2013-06-06T07:06:10+00:00","author":{"@id":"https:\/\/akunq.net\/tr\/#\/schema\/person\/096f1d38a12cce57fb855b485ed24c9e"},"breadcrumb":{"@id":"https:\/\/akunq.net\/tr\/?p=23841#breadcrumb"},"inLanguage":"en-US","potentialAction":[{"@type":"ReadAction","target":["https:\/\/akunq.net\/tr\/?p=23841"]}]},{"@type":"BreadcrumbList","@id":"https:\/\/akunq.net\/tr\/?p=23841#breadcrumb","itemListElement":[{"@type":"ListItem","position":1,"name":"Home","item":"https:\/\/akunq.net\/tr"},{"@type":"ListItem","position":2,"name":"\u0130stanbul Taksim Gezi Park\u0131, Ermeni Mezarl\u0131\u011f\u0131 ve 11 Nisan An\u0131t\u0131"}]},{"@type":"WebSite","@id":"https:\/\/akunq.net\/tr\/#website","url":"https:\/\/akunq.net\/tr\/","name":"Bati Ermenistan Ve Bati Ermenileri Sorunlari Ara\u015ftirmalar Merkezi","description":"","potentialAction":[{"@type":"SearchAction","target":{"@type":"EntryPoint","urlTemplate":"https:\/\/akunq.net\/tr\/?s={search_term_string}"},"query-input":{"@type":"PropertyValueSpecification","valueRequired":true,"valueName":"search_term_string"}}],"inLanguage":"en-US"},{"@type":"Person","@id":"https:\/\/akunq.net\/tr\/#\/schema\/person\/096f1d38a12cce57fb855b485ed24c9e","name":"admin","url":"https:\/\/akunq.net\/tr\/?author=7"}]}},"_links":{"self":[{"href":"https:\/\/akunq.net\/tr\/index.php?rest_route=\/wp\/v2\/posts\/23841","targetHints":{"allow":["GET"]}}],"collection":[{"href":"https:\/\/akunq.net\/tr\/index.php?rest_route=\/wp\/v2\/posts"}],"about":[{"href":"https:\/\/akunq.net\/tr\/index.php?rest_route=\/wp\/v2\/types\/post"}],"author":[{"embeddable":true,"href":"https:\/\/akunq.net\/tr\/index.php?rest_route=\/wp\/v2\/users\/7"}],"replies":[{"embeddable":true,"href":"https:\/\/akunq.net\/tr\/index.php?rest_route=%2Fwp%2Fv2%2Fcomments&post=23841"}],"version-history":[{"count":1,"href":"https:\/\/akunq.net\/tr\/index.php?rest_route=\/wp\/v2\/posts\/23841\/revisions"}],"predecessor-version":[{"id":23843,"href":"https:\/\/akunq.net\/tr\/index.php?rest_route=\/wp\/v2\/posts\/23841\/revisions\/23843"}],"wp:attachment":[{"href":"https:\/\/akunq.net\/tr\/index.php?rest_route=%2Fwp%2Fv2%2Fmedia&parent=23841"}],"wp:term":[{"taxonomy":"category","embeddable":true,"href":"https:\/\/akunq.net\/tr\/index.php?rest_route=%2Fwp%2Fv2%2Fcategories&post=23841"},{"taxonomy":"post_tag","embeddable":true,"href":"https:\/\/akunq.net\/tr\/index.php?rest_route=%2Fwp%2Fv2%2Ftags&post=23841"}],"curies":[{"name":"wp","href":"https:\/\/api.w.org\/{rel}","templated":true}]}}