{"id":23641,"date":"2013-05-29T01:31:21","date_gmt":"2013-05-29T06:31:21","guid":{"rendered":"http:\/\/akunq.net\/tr\/?p=23641"},"modified":"2013-05-29T01:31:21","modified_gmt":"2013-05-29T06:31:21","slug":"ermeni-mezarligindaki-yanlislik-telafi-edildi","status":"publish","type":"post","link":"https:\/\/akunq.net\/tr\/?p=23641","title":{"rendered":"Ermeni Mezarl\u0131\u011f\u0131&#8217;ndaki yanl\u0131\u015fl\u0131k telafi edildi"},"content":{"rendered":"<h2 style=\"text-align: justify;\"><i><a href=\"http:\/\/akunq.net\/tr\/?attachment_id=23642\" rel=\"attachment wp-att-23642\"><img loading=\"lazy\" decoding=\"async\" class=\"alignright size-full wp-image-23642\" alt=\"AW000478\" src=\"http:\/\/akunq.net\/tr\/wp-content\/uploads\/2013\/05\/\u0544\u0561\u056c\u0561\u0569\u056b\u0561\u0575\u056b-\u0570\u0561\u0575\u056f\u0561\u056f\u0561\u0576-\u0563\u0565\u0580\u0565\u0566\u0574\u0561\u0576\u0561\u057f\u0578\u0582\u0576.jpg\" width=\"300\" height=\"225\" \/><\/a>Telafi 157 bin lira tuttu\u2026<\/i><\/h2>\n<p style=\"text-align: justify;\">Malatya&#8217;da Ermeni mezarl\u0131\u011f\u0131 i\u00e7ine yap\u0131lan gasilhane, bek\u00e7i konutu ve son dua yeri in\u015faat\u0131 tamamland\u0131.<\/p>\n<p style=\"text-align: justify;\">Kiltepe Mahallesi&#8217;nde bulunan Ermeni mezarl\u0131\u011f\u0131na Malatyal\u0131 Hay\u0131rsever Ermeniler Derne\u011fi&#8217;nin (HAYDER) talebiyle, Malatya Belediyesi taraf\u0131ndan; gasilhane, bek\u00e7i konutu ve son dua yeri yap\u0131ld\u0131.<\/p>\n<p style=\"text-align: justify;\">2 \u015eubat 2012\u2019de Malatya Belediyesi ekiplerince, gasilhane, bek\u00e7i konutu ve son dua yeri y\u0131k\u0131lm\u0131\u015ft\u0131. Medyan\u0131n b\u00fcy\u00fck ilgi g\u00f6sterdi\u011fi y\u0131k\u0131ma sivil toplum \u00f6rg\u00fctlerinden, muhalif siyasi partilerden, hatta Ba\u015fbakan&#8217;dan da tepki gelmi\u015fti.<\/p>\n<p style=\"text-align: justify;\">Bunun \u00fczerine Malatya Belediyesi Bas\u0131n Yay\u0131n ve Halkla \u0130li\u015fkiler M\u00fcd\u00fcrl\u00fc\u011f\u00fc imzas\u0131yla g\u00f6nderilen bas\u0131n b\u00fclteninde, y\u0131k\u0131m\u0131n sadece bek\u00e7i konutu b\u00f6l\u00fcm\u00fcyle s\u0131n\u0131rl\u0131 olmas\u0131 gerekirken yanl\u0131\u015fl\u0131kla binan\u0131n t\u00fcm\u00fcn\u00fcn y\u0131k\u0131ld\u0131\u011f\u0131, yanl\u0131\u015fl\u0131\u011f\u0131n telafisi i\u00e7in binan\u0131n yeniden yap\u0131laca\u011f\u0131 ifade edilerek, &#8220;Sadece, bahsi ge\u00e7en bek\u00e7i evinin y\u0131k\u0131m\u0131 i\u00e7in mezarl\u0131\u011fa giden belediyemiz y\u0131k\u0131m ekipleri aras\u0131ndaki ileti\u015fim kopuklu\u011fundan kaynaklanan bir hatadan dolay\u0131, in\u015faat\u0131n tamam\u0131 y\u0131k\u0131lm\u0131\u015ft\u0131r. Belediyemizin yetkili organlar\u0131n\u0131n bilgisi ve inisiyatifi d\u0131\u015f\u0131nda in\u015faat\u0131n tamam\u0131n\u0131 y\u0131kan ilgili personel hakk\u0131nda da idari tahkikat ba\u015flat\u0131lm\u0131\u015ft\u0131r. Bu co\u011frafyada ya\u015fayan hi\u00e7bir etnik ve dini gruba y\u00f6nelik, ayr\u0131mc\u0131 bir tavr\u0131m\u0131z\u0131n olmas\u0131 kesinlikle s\u00f6z konusu de\u011fildir. Ermeni vatanda\u015flar\u0131m\u0131z\u0131n da b\u00fct\u00fcn vatanda\u015flar\u0131m\u0131z gibi g\u00f6n\u00fcl rahatl\u0131\u011f\u0131 ile inan\u00e7lar\u0131 do\u011frultusunda definlerini yapabilmeleri i\u00e7in gerekli olan gasilhane ve m\u00fc\u015ftemilat\u0131n\u0131n yap\u0131m\u0131 hususunda her t\u00fcrl\u00fc kolayl\u0131k ve yard\u0131m\u0131n da belediyemiz taraf\u0131ndan sa\u011flanaca\u011f\u0131 hususu sayg\u0131de\u011fer kamuoyuna duyurulur&#8221; denilmi\u015fti.<\/p>\n<p style=\"text-align: justify;\">Ermeni mezarl\u0131\u011f\u0131ndaki y\u0131k\u0131m\u0131n ard\u0131ndan verilen s\u00f6z yerine getirilirken, gasilhane ve son dua yerinden olu\u015fan birle\u015fik yap\u0131 ile bek\u00e7i konutu, Malatya Belediyesi&#8217;nce yapt\u0131r\u0131larak kullan\u0131ma haz\u0131r hale getirildi.<\/p>\n<p style=\"text-align: justify;\">Elektrik, su, do\u011falgaz abonmanl\u0131klar\u0131 ve \u00e7evre d\u00fczenlemesi de yap\u0131ld\u0131ktan sonra Malatyal\u0131 Ermeni vatanda\u015flar\u0131n kullan\u0131m\u0131 i\u00e7in Malatya Belediyesi&#8217;nden Malatya HAYDER&#8217;e anahtar tesliminin yap\u0131laca\u011f\u0131 bildirildi.<\/p>\n<p style=\"text-align: justify;\"><b>MAHALLEL\u0130 NE D\u0130YOR?<\/b><\/p>\n<p style=\"text-align: justify;\">Bu arada, Kiltepe Mahallesi&#8217;nde 8 y\u0131ld\u0131r berberlik yapan Yusuf Akt\u00fcrk adl\u0131 vatanda\u015f, herkesin inanc\u0131na sayg\u0131 duymak gerekti\u011fini s\u00f6yleyip, &#8220;Mahalle olarak bundan rahats\u0131z de\u011filiz&#8221; dedi.<\/p>\n<p style=\"text-align: justify;\">21 y\u0131ld\u0131r mahallede oturan Celal Demirta\u015f ise, &#8220;Daha \u00f6nceden yap\u0131lan sansasyonel olaylarda mahallemizin su\u00e7u yoktu. Malatya Belediyesi yanl\u0131\u015fl\u0131kla y\u0131kt\u0131\u011f\u0131 binay\u0131 yeniden yapt\u0131&#8221; diye konu\u015ftu.<\/p>\n<p style=\"text-align: justify;\">41 y\u0131ld\u0131r mahallede ya\u015fayan Ahmet Y\u00fccekaya da, &#8220;Onlar\u0131n dini kendilerine, bizim dinimiz kendimize. Onlardan rahats\u0131zl\u0131k duymuyoruz&#8221; \u015feklinde konu\u015ftu.<\/p>\n<p style=\"text-align: justify;\"><b>AK PART\u0130L\u0130 BELED\u0130YE YIKTI, AK PART\u0130L\u0130 ESK\u0130 Y\u00d6NET\u0130C\u0130 YAPTI<\/b><\/p>\n<p style=\"text-align: justify;\">Malatya Belediyesi\u2019nin \u201cyanl\u0131\u015fl\u0131kla\u201d ger\u00e7ekle\u015fti\u011fini s\u00f6yledi\u011fi y\u0131k\u0131m\u0131n telafisi i\u00e7in \u00e7\u0131k\u0131lan ihalede 6 teklif ge\u00e7erli\u011fi say\u0131ld\u0131. 157 bin TL ile en uygun teklif veren eski Ak Parti Malatya merkez il\u00e7e ba\u015fkan yard\u0131mc\u0131s\u0131 Gazi Erg\u00fcn ihaleyi kazanarak i\u015fe ba\u015flad\u0131. Ak Partili belediyenin y\u0131kt\u0131\u011f\u0131n\u0131 ba\u015fka bir AK Partilki yapm\u0131\u015f oldu, ancak bu 157 bin TL\u2019ye mal oldu.<\/p>\n<p style=\"text-align: justify;\">Bu arada Surp Yerrortutyun Ermeni Kilisesi ile 4. y\u00fczy\u0131ldan kalan Surp Krikor Lusavori\u00e7 Ermeni Manast\u0131r\u0131\u2019nda yap\u0131lan yenileme \u00e7al\u0131\u015fmalar\u0131 ise devam ediyor.<\/p>\n<p style=\"text-align: justify;\"><b>A\u00c7ILI\u015e 29 HAZ\u0130RANDA<\/b><\/p>\n<p style=\"text-align: justify;\">Taraf\u2019a konu\u015fan MalatyaHAYDer Ba\u015fkan\u0131 Hosrof K\u00f6letavito\u011flu, in\u015faat \u00e7al\u0131\u015fmalar\u0131n\u0131n tamamland\u0131\u011f\u0131n\u0131, mezarl\u0131ktaki son dua yerinin 29 Haziran cumartesi g\u00fcn\u00fc kullan\u0131ma a\u00e7\u0131laca\u011f\u0131n\u0131 belirtti.<\/p>\n<p style=\"text-align: justify;\">2011 y\u0131l\u0131ndan itibaren Malatya\u2019ya k\u00fclt\u00fcrel turlar d\u00fczenlemeye ba\u015flad\u0131klar\u0131n\u0131 ve bunu gelenekselle\u015ftirmek istediklerini kaydeden K\u00f6letavito\u011flu \u015funlar\u0131 s\u00f6yledi: \u201cBu y\u0131lki turumuz 29 haziran 4 Temmuz tarihleri aras\u0131nda olacak. Bu vesileyle Malatya Ermeni Mezarl\u0131\u011f\u0131\u2019nda in\u015faat\u0131 tamamlanan son dua yerinde t\u00fcm m\u00fcteveffa Malatyal\u0131lar i\u00e7in toplu dua etme imkan\u0131 da bulaca\u011f\u0131z. Tur kapsam\u0131nda ayr\u0131ca yenileme \u00e7al\u0131\u015fmalar\u0131 s\u00fcren Surp Yerrortutyun Ermeni Kilisesi ile Surp Krikor Lusavori\u00e7 Ermeni Manast\u0131r\u0131 ba\u015fta olmak \u00fczere, Orduzu, Karakaya Baraj G\u00f6l\u00fc k\u0131y\u0131s\u0131, K\u00fcll\u00fc Ma\u011fara, Darende Levent Vadisi, G\u00fcrp\u0131nar \u015eelalesi, Hekimhan\u2019daki kiliseler, G\u00fczelyurt K\u00f6y\u00fc eski kilisesi, Arapgir y\u00f6resi ve kilisesi ziyaret edilecek.\u201d<\/p>\n<p style=\"text-align: justify;\">Tur hakk\u0131nda 0212 296 93 47 veya 0554 364 11 52 numaralar\u0131ndan detayl\u0131 bilgi al\u0131nabilir.<\/p>\n<p style=\"text-align: justify;\"><b><i>(Taraf)<\/i><\/b><\/p>\n<p style=\"text-align: justify;\"><b><i>http:\/\/www.demokrathaber.net\/yasam\/ermeni-mezarligindaki-yanlislik-telafi-edildi-h18756.html<\/i><\/b><\/p>\n","protected":false},"excerpt":{"rendered":"<p>Telafi 157 bin lira tuttu\u2026 Malatya&#8217;da Ermeni mezarl\u0131\u011f\u0131 i\u00e7ine yap\u0131lan gasilhane, bek\u00e7i konutu ve son dua yeri in\u015faat\u0131 tamamland\u0131. Kiltepe Mahallesi&#8217;nde bulunan Ermeni mezarl\u0131\u011f\u0131na Malatyal\u0131 Hay\u0131rsever Ermeniler Derne\u011fi&#8217;nin (HAYDER) talebiyle, Malatya Belediyesi taraf\u0131ndan; gasilhane, bek\u00e7i konutu ve son dua yeri yap\u0131ld\u0131. 2 \u015eubat 2012\u2019de Malatya Belediyesi ekiplerince, gasilhane, bek\u00e7i konutu ve son dua yeri y\u0131k\u0131lm\u0131\u015ft\u0131. [&hellip;]<\/p>\n","protected":false},"author":7,"featured_media":0,"comment_status":"open","ping_status":"open","sticky":false,"template":"","format":"standard","meta":{"footnotes":""},"categories":[22,1],"tags":[],"class_list":["post-23641","post","type-post","status-publish","format-standard","hentry","category-gunumuzde-bati-ermenistan","category-haberler"],"yoast_head":"<!-- This site is optimized with the Yoast SEO plugin v27.4 - https:\/\/yoast.com\/product\/yoast-seo-wordpress\/ -->\n<title>Ermeni Mezarl\u0131\u011f\u0131&#039;ndaki yanl\u0131\u015fl\u0131k telafi edildi - Bati Ermenistan Ve Bati Ermenileri Sorunlari Ara\u015ftirmalar Merkezi<\/title>\n<meta name=\"robots\" content=\"index, follow, max-snippet:-1, max-image-preview:large, max-video-preview:-1\" \/>\n<link rel=\"canonical\" href=\"https:\/\/akunq.net\/tr\/?p=23641\" \/>\n<meta property=\"og:locale\" content=\"en_US\" \/>\n<meta property=\"og:type\" content=\"article\" \/>\n<meta property=\"og:title\" content=\"Ermeni Mezarl\u0131\u011f\u0131&#039;ndaki yanl\u0131\u015fl\u0131k telafi edildi - Bati Ermenistan Ve Bati Ermenileri Sorunlari Ara\u015ftirmalar Merkezi\" \/>\n<meta property=\"og:description\" content=\"Telafi 157 bin lira tuttu\u2026 Malatya&#8217;da Ermeni mezarl\u0131\u011f\u0131 i\u00e7ine yap\u0131lan gasilhane, bek\u00e7i konutu ve son dua yeri in\u015faat\u0131 tamamland\u0131. Kiltepe Mahallesi&#8217;nde bulunan Ermeni mezarl\u0131\u011f\u0131na Malatyal\u0131 Hay\u0131rsever Ermeniler Derne\u011fi&#8217;nin (HAYDER) talebiyle, Malatya Belediyesi taraf\u0131ndan; gasilhane, bek\u00e7i konutu ve son dua yeri yap\u0131ld\u0131. 2 \u015eubat 2012\u2019de Malatya Belediyesi ekiplerince, gasilhane, bek\u00e7i konutu ve son dua yeri y\u0131k\u0131lm\u0131\u015ft\u0131. [&hellip;]\" \/>\n<meta property=\"og:url\" content=\"https:\/\/akunq.net\/tr\/?p=23641\" \/>\n<meta property=\"og:site_name\" content=\"Bati Ermenistan Ve Bati Ermenileri Sorunlari Ara\u015ftirmalar Merkezi\" \/>\n<meta property=\"article:published_time\" content=\"2013-05-29T06:31:21+00:00\" \/>\n<meta name=\"author\" content=\"admin\" \/>\n<meta name=\"twitter:card\" content=\"summary_large_image\" \/>\n<meta name=\"twitter:label1\" content=\"Written by\" \/>\n\t<meta name=\"twitter:data1\" content=\"admin\" \/>\n\t<meta name=\"twitter:label2\" content=\"Est. reading time\" \/>\n\t<meta name=\"twitter:data2\" content=\"4 minutes\" \/>\n<script type=\"application\/ld+json\" class=\"yoast-schema-graph\">{\"@context\":\"https:\\\/\\\/schema.org\",\"@graph\":[{\"@type\":\"Article\",\"@id\":\"https:\\\/\\\/akunq.net\\\/tr\\\/?p=23641#article\",\"isPartOf\":{\"@id\":\"https:\\\/\\\/akunq.net\\\/tr\\\/?p=23641\"},\"author\":{\"name\":\"admin\",\"@id\":\"https:\\\/\\\/akunq.net\\\/tr\\\/#\\\/schema\\\/person\\\/096f1d38a12cce57fb855b485ed24c9e\"},\"headline\":\"Ermeni Mezarl\u0131\u011f\u0131&#8217;ndaki yanl\u0131\u015fl\u0131k telafi edildi\",\"datePublished\":\"2013-05-29T06:31:21+00:00\",\"mainEntityOfPage\":{\"@id\":\"https:\\\/\\\/akunq.net\\\/tr\\\/?p=23641\"},\"wordCount\":784,\"commentCount\":0,\"articleSection\":[\"G\u00fcn\u00fcm\u00fczde Bat\u0131 Ermenistan\",\"Haberler\"],\"inLanguage\":\"en-US\",\"potentialAction\":[{\"@type\":\"CommentAction\",\"name\":\"Comment\",\"target\":[\"https:\\\/\\\/akunq.net\\\/tr\\\/?p=23641#respond\"]}]},{\"@type\":\"WebPage\",\"@id\":\"https:\\\/\\\/akunq.net\\\/tr\\\/?p=23641\",\"url\":\"https:\\\/\\\/akunq.net\\\/tr\\\/?p=23641\",\"name\":\"Ermeni Mezarl\u0131\u011f\u0131'ndaki yanl\u0131\u015fl\u0131k telafi edildi - Bati Ermenistan Ve Bati Ermenileri Sorunlari Ara\u015ftirmalar Merkezi\",\"isPartOf\":{\"@id\":\"https:\\\/\\\/akunq.net\\\/tr\\\/#website\"},\"datePublished\":\"2013-05-29T06:31:21+00:00\",\"author\":{\"@id\":\"https:\\\/\\\/akunq.net\\\/tr\\\/#\\\/schema\\\/person\\\/096f1d38a12cce57fb855b485ed24c9e\"},\"breadcrumb\":{\"@id\":\"https:\\\/\\\/akunq.net\\\/tr\\\/?p=23641#breadcrumb\"},\"inLanguage\":\"en-US\",\"potentialAction\":[{\"@type\":\"ReadAction\",\"target\":[\"https:\\\/\\\/akunq.net\\\/tr\\\/?p=23641\"]}]},{\"@type\":\"BreadcrumbList\",\"@id\":\"https:\\\/\\\/akunq.net\\\/tr\\\/?p=23641#breadcrumb\",\"itemListElement\":[{\"@type\":\"ListItem\",\"position\":1,\"name\":\"Home\",\"item\":\"https:\\\/\\\/akunq.net\\\/tr\"},{\"@type\":\"ListItem\",\"position\":2,\"name\":\"Ermeni Mezarl\u0131\u011f\u0131&#8217;ndaki yanl\u0131\u015fl\u0131k telafi edildi\"}]},{\"@type\":\"WebSite\",\"@id\":\"https:\\\/\\\/akunq.net\\\/tr\\\/#website\",\"url\":\"https:\\\/\\\/akunq.net\\\/tr\\\/\",\"name\":\"Bati Ermenistan Ve Bati Ermenileri Sorunlari Ara\u015ftirmalar Merkezi\",\"description\":\"\",\"potentialAction\":[{\"@type\":\"SearchAction\",\"target\":{\"@type\":\"EntryPoint\",\"urlTemplate\":\"https:\\\/\\\/akunq.net\\\/tr\\\/?s={search_term_string}\"},\"query-input\":{\"@type\":\"PropertyValueSpecification\",\"valueRequired\":true,\"valueName\":\"search_term_string\"}}],\"inLanguage\":\"en-US\"},{\"@type\":\"Person\",\"@id\":\"https:\\\/\\\/akunq.net\\\/tr\\\/#\\\/schema\\\/person\\\/096f1d38a12cce57fb855b485ed24c9e\",\"name\":\"admin\",\"url\":\"https:\\\/\\\/akunq.net\\\/tr\\\/?author=7\"}]}<\/script>\n<!-- \/ Yoast SEO plugin. -->","yoast_head_json":{"title":"Ermeni Mezarl\u0131\u011f\u0131'ndaki yanl\u0131\u015fl\u0131k telafi edildi - Bati Ermenistan Ve Bati Ermenileri Sorunlari Ara\u015ftirmalar Merkezi","robots":{"index":"index","follow":"follow","max-snippet":"max-snippet:-1","max-image-preview":"max-image-preview:large","max-video-preview":"max-video-preview:-1"},"canonical":"https:\/\/akunq.net\/tr\/?p=23641","og_locale":"en_US","og_type":"article","og_title":"Ermeni Mezarl\u0131\u011f\u0131'ndaki yanl\u0131\u015fl\u0131k telafi edildi - Bati Ermenistan Ve Bati Ermenileri Sorunlari Ara\u015ftirmalar Merkezi","og_description":"Telafi 157 bin lira tuttu\u2026 Malatya&#8217;da Ermeni mezarl\u0131\u011f\u0131 i\u00e7ine yap\u0131lan gasilhane, bek\u00e7i konutu ve son dua yeri in\u015faat\u0131 tamamland\u0131. Kiltepe Mahallesi&#8217;nde bulunan Ermeni mezarl\u0131\u011f\u0131na Malatyal\u0131 Hay\u0131rsever Ermeniler Derne\u011fi&#8217;nin (HAYDER) talebiyle, Malatya Belediyesi taraf\u0131ndan; gasilhane, bek\u00e7i konutu ve son dua yeri yap\u0131ld\u0131. 2 \u015eubat 2012\u2019de Malatya Belediyesi ekiplerince, gasilhane, bek\u00e7i konutu ve son dua yeri y\u0131k\u0131lm\u0131\u015ft\u0131. [&hellip;]","og_url":"https:\/\/akunq.net\/tr\/?p=23641","og_site_name":"Bati Ermenistan Ve Bati Ermenileri Sorunlari Ara\u015ftirmalar Merkezi","article_published_time":"2013-05-29T06:31:21+00:00","author":"admin","twitter_card":"summary_large_image","twitter_misc":{"Written by":"admin","Est. reading time":"4 minutes"},"schema":{"@context":"https:\/\/schema.org","@graph":[{"@type":"Article","@id":"https:\/\/akunq.net\/tr\/?p=23641#article","isPartOf":{"@id":"https:\/\/akunq.net\/tr\/?p=23641"},"author":{"name":"admin","@id":"https:\/\/akunq.net\/tr\/#\/schema\/person\/096f1d38a12cce57fb855b485ed24c9e"},"headline":"Ermeni Mezarl\u0131\u011f\u0131&#8217;ndaki yanl\u0131\u015fl\u0131k telafi edildi","datePublished":"2013-05-29T06:31:21+00:00","mainEntityOfPage":{"@id":"https:\/\/akunq.net\/tr\/?p=23641"},"wordCount":784,"commentCount":0,"articleSection":["G\u00fcn\u00fcm\u00fczde Bat\u0131 Ermenistan","Haberler"],"inLanguage":"en-US","potentialAction":[{"@type":"CommentAction","name":"Comment","target":["https:\/\/akunq.net\/tr\/?p=23641#respond"]}]},{"@type":"WebPage","@id":"https:\/\/akunq.net\/tr\/?p=23641","url":"https:\/\/akunq.net\/tr\/?p=23641","name":"Ermeni Mezarl\u0131\u011f\u0131'ndaki yanl\u0131\u015fl\u0131k telafi edildi - Bati Ermenistan Ve Bati Ermenileri Sorunlari Ara\u015ftirmalar Merkezi","isPartOf":{"@id":"https:\/\/akunq.net\/tr\/#website"},"datePublished":"2013-05-29T06:31:21+00:00","author":{"@id":"https:\/\/akunq.net\/tr\/#\/schema\/person\/096f1d38a12cce57fb855b485ed24c9e"},"breadcrumb":{"@id":"https:\/\/akunq.net\/tr\/?p=23641#breadcrumb"},"inLanguage":"en-US","potentialAction":[{"@type":"ReadAction","target":["https:\/\/akunq.net\/tr\/?p=23641"]}]},{"@type":"BreadcrumbList","@id":"https:\/\/akunq.net\/tr\/?p=23641#breadcrumb","itemListElement":[{"@type":"ListItem","position":1,"name":"Home","item":"https:\/\/akunq.net\/tr"},{"@type":"ListItem","position":2,"name":"Ermeni Mezarl\u0131\u011f\u0131&#8217;ndaki yanl\u0131\u015fl\u0131k telafi edildi"}]},{"@type":"WebSite","@id":"https:\/\/akunq.net\/tr\/#website","url":"https:\/\/akunq.net\/tr\/","name":"Bati Ermenistan Ve Bati Ermenileri Sorunlari Ara\u015ftirmalar Merkezi","description":"","potentialAction":[{"@type":"SearchAction","target":{"@type":"EntryPoint","urlTemplate":"https:\/\/akunq.net\/tr\/?s={search_term_string}"},"query-input":{"@type":"PropertyValueSpecification","valueRequired":true,"valueName":"search_term_string"}}],"inLanguage":"en-US"},{"@type":"Person","@id":"https:\/\/akunq.net\/tr\/#\/schema\/person\/096f1d38a12cce57fb855b485ed24c9e","name":"admin","url":"https:\/\/akunq.net\/tr\/?author=7"}]}},"_links":{"self":[{"href":"https:\/\/akunq.net\/tr\/index.php?rest_route=\/wp\/v2\/posts\/23641","targetHints":{"allow":["GET"]}}],"collection":[{"href":"https:\/\/akunq.net\/tr\/index.php?rest_route=\/wp\/v2\/posts"}],"about":[{"href":"https:\/\/akunq.net\/tr\/index.php?rest_route=\/wp\/v2\/types\/post"}],"author":[{"embeddable":true,"href":"https:\/\/akunq.net\/tr\/index.php?rest_route=\/wp\/v2\/users\/7"}],"replies":[{"embeddable":true,"href":"https:\/\/akunq.net\/tr\/index.php?rest_route=%2Fwp%2Fv2%2Fcomments&post=23641"}],"version-history":[{"count":1,"href":"https:\/\/akunq.net\/tr\/index.php?rest_route=\/wp\/v2\/posts\/23641\/revisions"}],"predecessor-version":[{"id":23643,"href":"https:\/\/akunq.net\/tr\/index.php?rest_route=\/wp\/v2\/posts\/23641\/revisions\/23643"}],"wp:attachment":[{"href":"https:\/\/akunq.net\/tr\/index.php?rest_route=%2Fwp%2Fv2%2Fmedia&parent=23641"}],"wp:term":[{"taxonomy":"category","embeddable":true,"href":"https:\/\/akunq.net\/tr\/index.php?rest_route=%2Fwp%2Fv2%2Fcategories&post=23641"},{"taxonomy":"post_tag","embeddable":true,"href":"https:\/\/akunq.net\/tr\/index.php?rest_route=%2Fwp%2Fv2%2Ftags&post=23641"}],"curies":[{"name":"wp","href":"https:\/\/api.w.org\/{rel}","templated":true}]}}