{"id":23342,"date":"2013-05-10T03:00:36","date_gmt":"2013-05-10T08:00:36","guid":{"rendered":"http:\/\/akunq.net\/tr\/?p=23342"},"modified":"2013-05-10T03:00:36","modified_gmt":"2013-05-10T08:00:36","slug":"tarih-ve-kultur-kenti-gazi-kars","status":"publish","type":"post","link":"https:\/\/akunq.net\/tr\/?p=23342","title":{"rendered":"Tarih ve K\u00fclt\u00fcr Kenti: &#8220;Gazi&#8221; Kars"},"content":{"rendered":"<p style=\"text-align: justify;\"><b><i><a href=\"http:\/\/akunq.net\/tr\/?attachment_id=23343\" rel=\"attachment wp-att-23343\"><img loading=\"lazy\" decoding=\"async\" class=\"alignright size-medium wp-image-23343\" alt=\"Kars\" src=\"http:\/\/akunq.net\/tr\/wp-content\/uploads\/2013\/05\/Kars-300x200.jpg\" width=\"300\" height=\"200\" srcset=\"https:\/\/akunq.net\/tr\/wp-content\/uploads\/sites\/6\/2013\/05\/Kars-300x200.jpg 300w, https:\/\/akunq.net\/tr\/wp-content\/uploads\/sites\/6\/2013\/05\/Kars-600x401.jpg 600w, https:\/\/akunq.net\/tr\/wp-content\/uploads\/sites\/6\/2013\/05\/Kars.jpg 640w\" sizes=\"auto, (max-width: 300px) 100vw, 300px\" \/><\/a>\u00c7a\u011flar Seferta\u015f &#8211; Y\u0131llarca s\u00fcren Osmanl\u0131 ve Rus sava\u015flar\u0131na \u015fahitlik eden, 40 y\u0131l boyunca Rus esareti alt\u0131nda kalan tarihi \u015fehirdeki Ani Harabeleri, Ruslar taraf\u0131ndan yapt\u0131r\u0131lan barok mimarisi binalar, Fethiye ve <\/i><\/b><a title=\"K\u00fcmbet Haberleri\" href=\"http:\/\/haberler.com\/kumbet\/\"><b><i>K\u00fcmbet<\/i><\/b><\/a><b><i> camileri gibi eserler, yerli ve yabanc\u0131 turistlerin ilgisini bekliyor.<\/i><\/b><\/p>\n<p style=\"text-align: justify;\">Bir\u00e7ok medeniyete ev sahipli\u011fi yapan Ani Harabeleri, <a title=\"Kars Haberleri\" href=\"http:\/\/haberler.com\/kars\/\">Kars<\/a>&#8216;a 42 kilometre uzakl\u0131ktaki <a title=\"Arpa\u00e7ay Haberleri\" href=\"http:\/\/haberler.com\/arpacay\/\">Arpa\u00e7ay<\/a> Nehri&#8217;nin bat\u0131 yakas\u0131nda, Ermenistan-T\u00fcrkiye s\u0131n\u0131r\u0131n\u0131 ay\u0131ran volkanik t\u00fcf tabakas\u0131 \u00fczerine kurulan bir Orta \u00c7a\u011f \u015fehri olarak tan\u0131mlan\u0131yor.<\/p>\n<p style=\"text-align: justify;\">Yerle\u015fimin M.\u00d6. 5000&#8217;li y\u0131llara dayand\u0131\u011f\u0131 ve tarih\u00e7iler taraf\u0131ndan &#8220;D\u00fcnya \u015eehri&#8221; olarak nitelendirilen tarihi kent, Kafkaslar&#8217;dan <a title=\"Anadolu Haberleri\" href=\"http:\/\/haberler.com\/anadolu\/\">Anadolu<\/a>&#8216;ya giri\u015fteki ilk kent olma \u00f6zelli\u011fini ta\u015f\u0131yor. 961-1045 y\u0131llar\u0131 aras\u0131nda Bagrat hanedan\u0131ndan Ermeni h\u00fck\u00fcmdarlar\u0131n\u0131n ba\u015fkenti olan kent \u00fczerindeki sur i\u00e7indeki 8 kilise ve bir cami halen ayakta bulunuyor.<\/p>\n<p style=\"text-align: justify;\">\u0130\u00e7indeki \u00e7al\u0131\u015fmalar\u0131n 2006 y\u0131l\u0131ndan bu yana K\u00fclt\u00fcr ve Turizm Bakanl\u0131\u011f\u0131 taraf\u0131ndan takip edilen, 2012 y\u0131l\u0131ndan bu yana 47 g\u00fcnl\u00fck alan kaz\u0131 \u00e7al\u0131\u015fmas\u0131 yap\u0131lan Ani Harabeleri&#8217;nde, bu y\u0131l i\u00e7inde prefabrik \u00fczerine 50-60 \u00f6\u011frencinin kalabilece\u011fi, \u00e7\u0131kan eserlerin depolanabilece\u011fi bir kaz\u0131 evi de in\u015fa edilecek.<\/p>\n<p style=\"text-align: justify;\">Birinci derece arkeolojik sit alan\u0131 olan alanda, kaz\u0131 yapmak B\u00f6lge Koruma Kurulu&#8217;nun iznine ba\u011fl\u0131.<\/p>\n<p style=\"text-align: justify;\"><b>-K\u00fcmbet Camii-<\/b><\/p>\n<p style=\"text-align: justify;\">Kars&#8217;ta 937 y\u0131l\u0131nda 12 Havariler ad\u0131na yapt\u0131r\u0131lan kilise, ayakta durdu\u011fu bin 76 y\u0131lda, 4 kez cami, 4 kez de kilise olarak kullan\u0131ld\u0131.<\/p>\n<p style=\"text-align: justify;\">Bagratl\u0131 Krall\u0131\u011f\u0131 taraf\u0131ndan 12 Havariler ad\u0131na yapt\u0131r\u0131lan Havariler Kilise g\u00fcn\u00fcm\u00fczde <a title=\"K\u00fcmbet Haberleri\" href=\"http:\/\/haberler.com\/kumbet\/\">K\u00fcmbet<\/a> Camisi olarak kullan\u0131l\u0131yor. Bagratl\u0131 Krall\u0131\u011f\u0131 d\u00f6neminde kilise olarak kullan\u0131lan eser, 1064 y\u0131l\u0131nda <a title=\"Sel\u00e7uklu Devleti Haberleri\" href=\"http:\/\/haberler.com\/selcuklu-devleti\/\">Sel\u00e7uklu Devleti<\/a>&#8216;nin <a title=\"Anadolu Haberleri\" href=\"http:\/\/haberler.com\/anadolu\/\">Anadolu<\/a>&#8216;yu fethetmesinden sonra Sel\u00e7uklu Sultan\u0131 <a title=\"Melik\u015fah Haberleri\" href=\"http:\/\/haberler.com\/meliksah\/\">Melik\u015fah<\/a> taraf\u0131ndan camiye \u00e7evriliyor. 1064 y\u0131l\u0131nda Sel\u00e7uklular <a title=\"Kars Haberleri\" href=\"http:\/\/haberler.com\/kars\/\">Kars<\/a>&#8216;\u0131 terk ettikten sonra tekrar kiliseye \u00e7evrilen eser, 1579&#8217;da Lala <a title=\"Mustafapa\u015fa Haberleri\" href=\"http:\/\/haberler.com\/mustafapasa\/\">Mustafapa\u015fa<\/a> <a title=\"Kars Haberleri\" href=\"http:\/\/haberler.com\/kars\/\">Kars<\/a>&#8216;\u0131 yeniden imara geldi\u011finde yeniden camiye d\u00f6n\u00fc\u015ft\u00fcr\u00fclerek ibadete a\u00e7\u0131l\u0131yor. 1877-1879 Osmanl\u0131-Rus sava\u015f\u0131nda <a title=\"Kars Haberleri\" href=\"http:\/\/haberler.com\/kars\/\">Kars<\/a>&#8216;\u0131n 40 y\u0131l Rus esareti alt\u0131nda kald\u0131\u011f\u0131 d\u00f6nemde, buras\u0131 Ortodoks Kilisesi oluyor ve 1890 y\u0131l\u0131nda yan\u0131na \u00e7an kulesi yap\u0131l\u0131yor. \u00c7an Kulesi, 1918&#8217;de y\u0131k\u0131l\u0131yor.<\/p>\n<p style=\"text-align: justify;\">Kars&#8217;\u0131n yeniden Osmanl\u0131 hakimiyetine girdi\u011fi d\u00f6nemde yeniden camiye \u00e7evrilen eser, 1919 ve 1921 y\u0131llar\u0131 aras\u0131nda Ermeniler taraf\u0131ndan tekrar kiliseye d\u00f6n\u00fc\u015ft\u00fcr\u00fcl\u00fcyor. Cumhuriyet d\u00f6nemine yakla\u015ft\u0131ktan sonra <a title=\"Kars Haberleri\" href=\"http:\/\/haberler.com\/kars\/\">Kars<\/a> 30 Ekim 1924&#8217;te kurtuluyor ve <a title=\"T\u00fcrkiye Cumhuriyeti Haberleri\" href=\"http:\/\/haberler.com\/turkiye\/\">T\u00fcrkiye Cumhuriyeti<\/a> topraklar\u0131na kat\u0131l\u0131yor. Kilise sonra da camiye \u00e7evriliyor.<\/p>\n<p style=\"text-align: justify;\"><b>-Tarihi Rus binalar\u0131-<\/b><\/p>\n<p style=\"text-align: justify;\">Ruslar\u0131n 40 y\u0131l boyunca h\u00fck\u00fcm s\u00fcrd\u00fc\u011f\u00fc <a title=\"Kars Haberleri\" href=\"http:\/\/haberler.com\/kars\/\">Kars<\/a>&#8216;ta, Hollandal\u0131 mimarlar taraf\u0131ndan imar edilen 157 barok mimarisi yap\u0131 da ziyaret\u00e7ilerini bekliyor. 1878-1918 y\u0131llar\u0131 aras\u0131nda Rus esareti alt\u0131nda kalan <a title=\"Kars Haberleri\" href=\"http:\/\/haberler.com\/kars\/\">Kars<\/a>&#8216;ta, Hollandal\u0131 mimarlar taraf\u0131ndan yap\u0131lan tarihi binalar, 2 ve 3 katl\u0131 olarak yer al\u0131yor. Bu tarihi binalardan 22&#8217;si koruma alt\u0131nda.<\/p>\n<p style=\"text-align: justify;\">Rus mimarisinin <a title=\"Kars Haberleri\" href=\"http:\/\/haberler.com\/kars\/\">Kars<\/a>&#8216;taki \u00f6nemli \u00f6rnekleri aras\u0131nda <a title=\"Azerbaycan Haberleri\" href=\"http:\/\/haberler.com\/azerbaycan\/\">Azerbaycan<\/a> Ba\u015fkonsoloslu\u011fu, Hekim Evi, Kafkas \u00dcniversitesi G\u00fczel Sanatlar Fak\u00fcltesi, Defterdarl\u0131k ve <a title=\"\u0130l Sa\u011fl\u0131k M\u00fcd\u00fcrl\u00fc\u011f\u00fc Haberleri\" href=\"http:\/\/haberler.com\/il-saglik-mudurlugu\/\">\u0130l Sa\u011fl\u0131k M\u00fcd\u00fcrl\u00fc\u011f\u00fc<\/a> binalar\u0131 bulunuyor.<\/p>\n<p style=\"text-align: justify;\"><b>-Fethiye Camii-<\/b><\/p>\n<p style=\"text-align: justify;\">Temeli Bagratl\u0131 Kral\u0131 2. Sembat taraf\u0131ndan M.S. 990 y\u0131l\u0131nda at\u0131lan B\u00fcy\u00fck Katedral, Sembat \u00f6ld\u00fckten sonra e\u015fi krali\u00e7e Katranide taraf\u0131ndan 1001 y\u0131l\u0131nda bitirildi.<\/p>\n<p style=\"text-align: justify;\">Kilisenin mimar\u0131 ayn\u0131 y\u00fczy\u0131lda \u0130stanbul&#8217;daki <a title=\"Ayasofya Haberleri\" href=\"http:\/\/haberler.com\/ayasofya\/\">Ayasofya<\/a> Kilisesi&#8217;nin tamirat\u0131n\u0131 yapan Tiridat ustad\u0131r. Katedral, 1064 y\u0131l\u0131nda <a title=\"Sultan Alparslan Haberleri\" href=\"http:\/\/haberler.com\/alparslan\/\">Sultan Alparslan<\/a>&#8216;\u0131n Ani&#8217;yi fethetmesinden sonra camiye \u00e7evrilmi\u015f ve ilk fetih namaz\u0131 k\u0131l\u0131nm\u0131\u015ft\u0131r. Bu sebeple b\u00fcy\u00fck katedrale Fethiye Camii de deniliyor.<\/p>\n<p style=\"text-align: justify;\"><b><i>Yay\u0131nc\u0131: <\/i><\/b><a title=\"Y\u00fccel Velio\u011flu Haberleri\" href=\"http:\/\/haberler.com\/yucel-velioglu\/\"><b><i>Y\u00fccel Velio\u011flu<\/i><\/b><\/a><b><i> &#8211; <\/i><\/b><a title=\"Kars Haberleri\" href=\"http:\/\/haberler.com\/kars\/\"><b><i>Kars<\/i><\/b><\/a><\/p>\n<p style=\"text-align: justify;\"><b><i>http:\/\/haberler.com\/tarih-ve-kultur-kenti-gazi-kars-4612325-haberi\/<\/i><\/b><\/p>\n","protected":false},"excerpt":{"rendered":"<p>\u00c7a\u011flar Seferta\u015f &#8211; Y\u0131llarca s\u00fcren Osmanl\u0131 ve Rus sava\u015flar\u0131na \u015fahitlik eden, 40 y\u0131l boyunca Rus esareti alt\u0131nda kalan tarihi \u015fehirdeki Ani Harabeleri, Ruslar taraf\u0131ndan yapt\u0131r\u0131lan barok mimarisi binalar, Fethiye ve K\u00fcmbet camileri gibi eserler, yerli ve yabanc\u0131 turistlerin ilgisini bekliyor. Bir\u00e7ok medeniyete ev sahipli\u011fi yapan Ani Harabeleri, Kars&#8216;a 42 kilometre uzakl\u0131ktaki Arpa\u00e7ay Nehri&#8217;nin bat\u0131 yakas\u0131nda, [&hellip;]<\/p>\n","protected":false},"author":7,"featured_media":0,"comment_status":"open","ping_status":"open","sticky":false,"template":"","format":"standard","meta":{"footnotes":""},"categories":[22,1],"tags":[],"class_list":["post-23342","post","type-post","status-publish","format-standard","hentry","category-gunumuzde-bati-ermenistan","category-haberler"],"yoast_head":"<!-- This site is optimized with the Yoast SEO plugin v27.4 - https:\/\/yoast.com\/product\/yoast-seo-wordpress\/ -->\n<title>Tarih ve K\u00fclt\u00fcr Kenti: &quot;Gazi&quot; Kars - Bati Ermenistan Ve Bati Ermenileri Sorunlari Ara\u015ftirmalar Merkezi<\/title>\n<meta name=\"robots\" content=\"index, follow, max-snippet:-1, max-image-preview:large, max-video-preview:-1\" \/>\n<link rel=\"canonical\" href=\"https:\/\/akunq.net\/tr\/?p=23342\" \/>\n<meta property=\"og:locale\" content=\"en_US\" \/>\n<meta property=\"og:type\" content=\"article\" \/>\n<meta property=\"og:title\" content=\"Tarih ve K\u00fclt\u00fcr Kenti: &quot;Gazi&quot; Kars - Bati Ermenistan Ve Bati Ermenileri Sorunlari Ara\u015ftirmalar Merkezi\" \/>\n<meta property=\"og:description\" content=\"\u00c7a\u011flar Seferta\u015f &#8211; Y\u0131llarca s\u00fcren Osmanl\u0131 ve Rus sava\u015flar\u0131na \u015fahitlik eden, 40 y\u0131l boyunca Rus esareti alt\u0131nda kalan tarihi \u015fehirdeki Ani Harabeleri, Ruslar taraf\u0131ndan yapt\u0131r\u0131lan barok mimarisi binalar, Fethiye ve K\u00fcmbet camileri gibi eserler, yerli ve yabanc\u0131 turistlerin ilgisini bekliyor. Bir\u00e7ok medeniyete ev sahipli\u011fi yapan Ani Harabeleri, Kars&#8216;a 42 kilometre uzakl\u0131ktaki Arpa\u00e7ay Nehri&#8217;nin bat\u0131 yakas\u0131nda, [&hellip;]\" \/>\n<meta property=\"og:url\" content=\"https:\/\/akunq.net\/tr\/?p=23342\" \/>\n<meta property=\"og:site_name\" content=\"Bati Ermenistan Ve Bati Ermenileri Sorunlari Ara\u015ftirmalar Merkezi\" \/>\n<meta property=\"article:published_time\" content=\"2013-05-10T08:00:36+00:00\" \/>\n<meta property=\"og:image\" content=\"http:\/\/akunq.net\/tr\/wp-content\/uploads\/2013\/05\/Kars-300x200.jpg\" \/>\n<meta name=\"author\" content=\"admin\" \/>\n<meta name=\"twitter:card\" content=\"summary_large_image\" \/>\n<meta name=\"twitter:label1\" content=\"Written by\" \/>\n\t<meta name=\"twitter:data1\" content=\"admin\" \/>\n\t<meta name=\"twitter:label2\" content=\"Est. reading time\" \/>\n\t<meta name=\"twitter:data2\" content=\"3 minutes\" \/>\n<script type=\"application\/ld+json\" class=\"yoast-schema-graph\">{\"@context\":\"https:\\\/\\\/schema.org\",\"@graph\":[{\"@type\":\"Article\",\"@id\":\"https:\\\/\\\/akunq.net\\\/tr\\\/?p=23342#article\",\"isPartOf\":{\"@id\":\"https:\\\/\\\/akunq.net\\\/tr\\\/?p=23342\"},\"author\":{\"name\":\"admin\",\"@id\":\"https:\\\/\\\/akunq.net\\\/tr\\\/#\\\/schema\\\/person\\\/096f1d38a12cce57fb855b485ed24c9e\"},\"headline\":\"Tarih ve K\u00fclt\u00fcr Kenti: &#8220;Gazi&#8221; Kars\",\"datePublished\":\"2013-05-10T08:00:36+00:00\",\"mainEntityOfPage\":{\"@id\":\"https:\\\/\\\/akunq.net\\\/tr\\\/?p=23342\"},\"wordCount\":619,\"commentCount\":0,\"image\":{\"@id\":\"https:\\\/\\\/akunq.net\\\/tr\\\/?p=23342#primaryimage\"},\"thumbnailUrl\":\"http:\\\/\\\/akunq.net\\\/tr\\\/wp-content\\\/uploads\\\/2013\\\/05\\\/Kars-300x200.jpg\",\"articleSection\":[\"G\u00fcn\u00fcm\u00fczde Bat\u0131 Ermenistan\",\"Haberler\"],\"inLanguage\":\"en-US\",\"potentialAction\":[{\"@type\":\"CommentAction\",\"name\":\"Comment\",\"target\":[\"https:\\\/\\\/akunq.net\\\/tr\\\/?p=23342#respond\"]}]},{\"@type\":\"WebPage\",\"@id\":\"https:\\\/\\\/akunq.net\\\/tr\\\/?p=23342\",\"url\":\"https:\\\/\\\/akunq.net\\\/tr\\\/?p=23342\",\"name\":\"Tarih ve K\u00fclt\u00fcr Kenti: \\\"Gazi\\\" Kars - Bati Ermenistan Ve Bati Ermenileri Sorunlari Ara\u015ftirmalar Merkezi\",\"isPartOf\":{\"@id\":\"https:\\\/\\\/akunq.net\\\/tr\\\/#website\"},\"primaryImageOfPage\":{\"@id\":\"https:\\\/\\\/akunq.net\\\/tr\\\/?p=23342#primaryimage\"},\"image\":{\"@id\":\"https:\\\/\\\/akunq.net\\\/tr\\\/?p=23342#primaryimage\"},\"thumbnailUrl\":\"http:\\\/\\\/akunq.net\\\/tr\\\/wp-content\\\/uploads\\\/2013\\\/05\\\/Kars-300x200.jpg\",\"datePublished\":\"2013-05-10T08:00:36+00:00\",\"author\":{\"@id\":\"https:\\\/\\\/akunq.net\\\/tr\\\/#\\\/schema\\\/person\\\/096f1d38a12cce57fb855b485ed24c9e\"},\"breadcrumb\":{\"@id\":\"https:\\\/\\\/akunq.net\\\/tr\\\/?p=23342#breadcrumb\"},\"inLanguage\":\"en-US\",\"potentialAction\":[{\"@type\":\"ReadAction\",\"target\":[\"https:\\\/\\\/akunq.net\\\/tr\\\/?p=23342\"]}]},{\"@type\":\"ImageObject\",\"inLanguage\":\"en-US\",\"@id\":\"https:\\\/\\\/akunq.net\\\/tr\\\/?p=23342#primaryimage\",\"url\":\"https:\\\/\\\/akunq.net\\\/tr\\\/wp-content\\\/uploads\\\/sites\\\/6\\\/2013\\\/05\\\/Kars.jpg\",\"contentUrl\":\"https:\\\/\\\/akunq.net\\\/tr\\\/wp-content\\\/uploads\\\/sites\\\/6\\\/2013\\\/05\\\/Kars.jpg\",\"width\":640,\"height\":428},{\"@type\":\"BreadcrumbList\",\"@id\":\"https:\\\/\\\/akunq.net\\\/tr\\\/?p=23342#breadcrumb\",\"itemListElement\":[{\"@type\":\"ListItem\",\"position\":1,\"name\":\"Home\",\"item\":\"https:\\\/\\\/akunq.net\\\/tr\"},{\"@type\":\"ListItem\",\"position\":2,\"name\":\"Tarih ve K\u00fclt\u00fcr Kenti: &#8220;Gazi&#8221; Kars\"}]},{\"@type\":\"WebSite\",\"@id\":\"https:\\\/\\\/akunq.net\\\/tr\\\/#website\",\"url\":\"https:\\\/\\\/akunq.net\\\/tr\\\/\",\"name\":\"Bati Ermenistan Ve Bati Ermenileri Sorunlari Ara\u015ftirmalar Merkezi\",\"description\":\"\",\"potentialAction\":[{\"@type\":\"SearchAction\",\"target\":{\"@type\":\"EntryPoint\",\"urlTemplate\":\"https:\\\/\\\/akunq.net\\\/tr\\\/?s={search_term_string}\"},\"query-input\":{\"@type\":\"PropertyValueSpecification\",\"valueRequired\":true,\"valueName\":\"search_term_string\"}}],\"inLanguage\":\"en-US\"},{\"@type\":\"Person\",\"@id\":\"https:\\\/\\\/akunq.net\\\/tr\\\/#\\\/schema\\\/person\\\/096f1d38a12cce57fb855b485ed24c9e\",\"name\":\"admin\",\"url\":\"https:\\\/\\\/akunq.net\\\/tr\\\/?author=7\"}]}<\/script>\n<!-- \/ Yoast SEO plugin. -->","yoast_head_json":{"title":"Tarih ve K\u00fclt\u00fcr Kenti: \"Gazi\" Kars - Bati Ermenistan Ve Bati Ermenileri Sorunlari Ara\u015ftirmalar Merkezi","robots":{"index":"index","follow":"follow","max-snippet":"max-snippet:-1","max-image-preview":"max-image-preview:large","max-video-preview":"max-video-preview:-1"},"canonical":"https:\/\/akunq.net\/tr\/?p=23342","og_locale":"en_US","og_type":"article","og_title":"Tarih ve K\u00fclt\u00fcr Kenti: \"Gazi\" Kars - Bati Ermenistan Ve Bati Ermenileri Sorunlari Ara\u015ftirmalar Merkezi","og_description":"\u00c7a\u011flar Seferta\u015f &#8211; Y\u0131llarca s\u00fcren Osmanl\u0131 ve Rus sava\u015flar\u0131na \u015fahitlik eden, 40 y\u0131l boyunca Rus esareti alt\u0131nda kalan tarihi \u015fehirdeki Ani Harabeleri, Ruslar taraf\u0131ndan yapt\u0131r\u0131lan barok mimarisi binalar, Fethiye ve K\u00fcmbet camileri gibi eserler, yerli ve yabanc\u0131 turistlerin ilgisini bekliyor. Bir\u00e7ok medeniyete ev sahipli\u011fi yapan Ani Harabeleri, Kars&#8216;a 42 kilometre uzakl\u0131ktaki Arpa\u00e7ay Nehri&#8217;nin bat\u0131 yakas\u0131nda, [&hellip;]","og_url":"https:\/\/akunq.net\/tr\/?p=23342","og_site_name":"Bati Ermenistan Ve Bati Ermenileri Sorunlari Ara\u015ftirmalar Merkezi","article_published_time":"2013-05-10T08:00:36+00:00","og_image":[{"url":"http:\/\/akunq.net\/tr\/wp-content\/uploads\/2013\/05\/Kars-300x200.jpg","type":"","width":"","height":""}],"author":"admin","twitter_card":"summary_large_image","twitter_misc":{"Written by":"admin","Est. reading time":"3 minutes"},"schema":{"@context":"https:\/\/schema.org","@graph":[{"@type":"Article","@id":"https:\/\/akunq.net\/tr\/?p=23342#article","isPartOf":{"@id":"https:\/\/akunq.net\/tr\/?p=23342"},"author":{"name":"admin","@id":"https:\/\/akunq.net\/tr\/#\/schema\/person\/096f1d38a12cce57fb855b485ed24c9e"},"headline":"Tarih ve K\u00fclt\u00fcr Kenti: &#8220;Gazi&#8221; Kars","datePublished":"2013-05-10T08:00:36+00:00","mainEntityOfPage":{"@id":"https:\/\/akunq.net\/tr\/?p=23342"},"wordCount":619,"commentCount":0,"image":{"@id":"https:\/\/akunq.net\/tr\/?p=23342#primaryimage"},"thumbnailUrl":"http:\/\/akunq.net\/tr\/wp-content\/uploads\/2013\/05\/Kars-300x200.jpg","articleSection":["G\u00fcn\u00fcm\u00fczde Bat\u0131 Ermenistan","Haberler"],"inLanguage":"en-US","potentialAction":[{"@type":"CommentAction","name":"Comment","target":["https:\/\/akunq.net\/tr\/?p=23342#respond"]}]},{"@type":"WebPage","@id":"https:\/\/akunq.net\/tr\/?p=23342","url":"https:\/\/akunq.net\/tr\/?p=23342","name":"Tarih ve K\u00fclt\u00fcr Kenti: \"Gazi\" Kars - Bati Ermenistan Ve Bati Ermenileri Sorunlari Ara\u015ftirmalar Merkezi","isPartOf":{"@id":"https:\/\/akunq.net\/tr\/#website"},"primaryImageOfPage":{"@id":"https:\/\/akunq.net\/tr\/?p=23342#primaryimage"},"image":{"@id":"https:\/\/akunq.net\/tr\/?p=23342#primaryimage"},"thumbnailUrl":"http:\/\/akunq.net\/tr\/wp-content\/uploads\/2013\/05\/Kars-300x200.jpg","datePublished":"2013-05-10T08:00:36+00:00","author":{"@id":"https:\/\/akunq.net\/tr\/#\/schema\/person\/096f1d38a12cce57fb855b485ed24c9e"},"breadcrumb":{"@id":"https:\/\/akunq.net\/tr\/?p=23342#breadcrumb"},"inLanguage":"en-US","potentialAction":[{"@type":"ReadAction","target":["https:\/\/akunq.net\/tr\/?p=23342"]}]},{"@type":"ImageObject","inLanguage":"en-US","@id":"https:\/\/akunq.net\/tr\/?p=23342#primaryimage","url":"https:\/\/akunq.net\/tr\/wp-content\/uploads\/sites\/6\/2013\/05\/Kars.jpg","contentUrl":"https:\/\/akunq.net\/tr\/wp-content\/uploads\/sites\/6\/2013\/05\/Kars.jpg","width":640,"height":428},{"@type":"BreadcrumbList","@id":"https:\/\/akunq.net\/tr\/?p=23342#breadcrumb","itemListElement":[{"@type":"ListItem","position":1,"name":"Home","item":"https:\/\/akunq.net\/tr"},{"@type":"ListItem","position":2,"name":"Tarih ve K\u00fclt\u00fcr Kenti: &#8220;Gazi&#8221; Kars"}]},{"@type":"WebSite","@id":"https:\/\/akunq.net\/tr\/#website","url":"https:\/\/akunq.net\/tr\/","name":"Bati Ermenistan Ve Bati Ermenileri Sorunlari Ara\u015ftirmalar Merkezi","description":"","potentialAction":[{"@type":"SearchAction","target":{"@type":"EntryPoint","urlTemplate":"https:\/\/akunq.net\/tr\/?s={search_term_string}"},"query-input":{"@type":"PropertyValueSpecification","valueRequired":true,"valueName":"search_term_string"}}],"inLanguage":"en-US"},{"@type":"Person","@id":"https:\/\/akunq.net\/tr\/#\/schema\/person\/096f1d38a12cce57fb855b485ed24c9e","name":"admin","url":"https:\/\/akunq.net\/tr\/?author=7"}]}},"_links":{"self":[{"href":"https:\/\/akunq.net\/tr\/index.php?rest_route=\/wp\/v2\/posts\/23342","targetHints":{"allow":["GET"]}}],"collection":[{"href":"https:\/\/akunq.net\/tr\/index.php?rest_route=\/wp\/v2\/posts"}],"about":[{"href":"https:\/\/akunq.net\/tr\/index.php?rest_route=\/wp\/v2\/types\/post"}],"author":[{"embeddable":true,"href":"https:\/\/akunq.net\/tr\/index.php?rest_route=\/wp\/v2\/users\/7"}],"replies":[{"embeddable":true,"href":"https:\/\/akunq.net\/tr\/index.php?rest_route=%2Fwp%2Fv2%2Fcomments&post=23342"}],"version-history":[{"count":1,"href":"https:\/\/akunq.net\/tr\/index.php?rest_route=\/wp\/v2\/posts\/23342\/revisions"}],"predecessor-version":[{"id":23344,"href":"https:\/\/akunq.net\/tr\/index.php?rest_route=\/wp\/v2\/posts\/23342\/revisions\/23344"}],"wp:attachment":[{"href":"https:\/\/akunq.net\/tr\/index.php?rest_route=%2Fwp%2Fv2%2Fmedia&parent=23342"}],"wp:term":[{"taxonomy":"category","embeddable":true,"href":"https:\/\/akunq.net\/tr\/index.php?rest_route=%2Fwp%2Fv2%2Fcategories&post=23342"},{"taxonomy":"post_tag","embeddable":true,"href":"https:\/\/akunq.net\/tr\/index.php?rest_route=%2Fwp%2Fv2%2Ftags&post=23342"}],"curies":[{"name":"wp","href":"https:\/\/api.w.org\/{rel}","templated":true}]}}