{"id":23267,"date":"2013-05-06T03:33:49","date_gmt":"2013-05-06T08:33:49","guid":{"rendered":"http:\/\/akunq.net\/tr\/?p=23267"},"modified":"2013-05-06T03:33:49","modified_gmt":"2013-05-06T08:33:49","slug":"beni-yikamadan-gomun-kurtler-ermeni-soykirimini-anlatiyor","status":"publish","type":"post","link":"https:\/\/akunq.net\/tr\/?p=23267","title":{"rendered":"Beni Y\u0131kamadan G\u00f6m\u00fcn: K\u00fcrtler Ermeni Soyk\u0131r\u0131m\u0131n\u0131 Anlat\u0131yor"},"content":{"rendered":"<p style=\"text-align: justify;\"><b><a href=\"http:\/\/akunq.net\/tr\/?attachment_id=23268\" rel=\"attachment wp-att-23268\"><img loading=\"lazy\" decoding=\"async\" class=\"alignright size-full wp-image-23268\" alt=\"Beni Y\u0131kamadan G\u00f6m\u00fcn\" src=\"http:\/\/akunq.net\/tr\/wp-content\/uploads\/2013\/05\/Beni-Y\u0131kamadan-G\u00f6m\u00fcn.jpg\" width=\"200\" height=\"200\" srcset=\"https:\/\/akunq.net\/tr\/wp-content\/uploads\/sites\/6\/2013\/05\/Beni-Y\u0131kamadan-G\u00f6m\u00fcn.jpg 200w, https:\/\/akunq.net\/tr\/wp-content\/uploads\/sites\/6\/2013\/05\/Beni-Y\u0131kamadan-G\u00f6m\u00fcn-150x150.jpg 150w\" sizes=\"auto, (max-width: 200px) 100vw, 200px\" \/><\/a>A\u00e7\u0131klama \/ \u00d6zet<\/b><\/p>\n<p style=\"text-align: justify;\">\u201c\u00d6lece\u011fini hissetti\u011fi zaman bize \u015fu vasiyeti yapm\u0131\u015ft\u0131: \u2018Beni y\u0131kamadan g\u00f6m\u00fcn!\u2019<\/p>\n<p style=\"text-align: justify;\">Sebebini sormad\u0131m; ama anne, baba ve b\u00fct\u00fcn akrabalar\u0131n\u0131n Ermeni soyk\u0131r\u0131m\u0131nda y\u0131kanmadan g\u00f6m\u00fcld\u00fc\u011f\u00fcn\u00fc s\u00f6yl\u00fcyordu.<\/p>\n<p style=\"text-align: justify;\">Hep bize \u015funu derdi: \u2018Annem, babam, karde\u015flerim, dedem, ninem, halalar\u0131m, teyzelerim, amcalar\u0131m, day\u0131lar\u0131m, kom\u015fular\u0131m y\u0131kanmadan \u00f6ld\u00fc gitti. Ne olduklar\u0131, nerde olduklar\u0131 belli de\u011fil. \u00d6ld\u00fc\u011f\u00fcmde, beni de onlar gibi y\u0131kamadan g\u00f6m\u00fcn!\u2019<\/p>\n<p style=\"text-align: justify;\">Arop Bac\u0131 illah ki siyahlar giyerdi. Bir g\u00fcn olsun onun renkli giydi\u011fini g\u00f6rmedim. Hayat\u0131 boyunca hep ailesinin yas\u0131n\u0131 tuttu ve vasiyeti \u00fczerine y\u0131kanmadan g\u00f6m\u00fcld\u00fc.\u201d<\/p>\n<p style=\"text-align: justify;\"><b>Kitap Hakk\u0131nda<\/b><\/p>\n<p style=\"text-align: justify;\"><i>Yazar : G\u00fcl\u00e7i\u00e7ek G\u00fcnel Tekin<\/i><\/p>\n<p style=\"text-align: justify;\"><i>Sayfa Say\u0131s\u0131 : 600<\/i><\/p>\n<p style=\"text-align: justify;\"><i>Yay\u0131n Evi : Belge Yay\u0131nlar\u0131<\/i><\/p>\n<p style=\"text-align: justify;\"><i>Dili : T\u00fcrk\u00e7e<\/i><\/p>\n<p style=\"text-align: justify;\"><i>T\u00fcr : An\u0131 &#8211; Anlat\u0131 &#8211; G\u00fcnl\u00fck &#8211; Seyahatname<\/i><\/p>\n<p style=\"text-align: justify;\"><a href=\"http:\/\/kitap.radikal.com.tr\/Kitap\/beni-yikamadan-gomun-kurtler-ermeni-soykirimini-anlatiyor-359551\"><b><i>http:\/\/kitap.radikal.com.tr\/Kitap\/beni-yikamadan-gomun-kurtler-ermeni-soykirimini-anlatiyor-359551<\/i><\/b><\/a><\/p>\n","protected":false},"excerpt":{"rendered":"<p>A\u00e7\u0131klama \/ \u00d6zet \u201c\u00d6lece\u011fini hissetti\u011fi zaman bize \u015fu vasiyeti yapm\u0131\u015ft\u0131: \u2018Beni y\u0131kamadan g\u00f6m\u00fcn!\u2019 Sebebini sormad\u0131m; ama anne, baba ve b\u00fct\u00fcn akrabalar\u0131n\u0131n Ermeni soyk\u0131r\u0131m\u0131nda y\u0131kanmadan g\u00f6m\u00fcld\u00fc\u011f\u00fcn\u00fc s\u00f6yl\u00fcyordu. Hep bize \u015funu derdi: \u2018Annem, babam, karde\u015flerim, dedem, ninem, halalar\u0131m, teyzelerim, amcalar\u0131m, day\u0131lar\u0131m, kom\u015fular\u0131m y\u0131kanmadan \u00f6ld\u00fc gitti. Ne olduklar\u0131, nerde olduklar\u0131 belli de\u011fil. \u00d6ld\u00fc\u011f\u00fcmde, beni de onlar gibi y\u0131kamadan [&hellip;]<\/p>\n","protected":false},"author":7,"featured_media":0,"comment_status":"open","ping_status":"open","sticky":false,"template":"","format":"standard","meta":{"footnotes":""},"categories":[44,1,54],"tags":[],"class_list":["post-23267","post","type-post","status-publish","format-standard","hentry","category-ermeni-soykirimi","category-haberler","category-kitaplar-elestiriler"],"yoast_head":"<!-- This site is optimized with the Yoast SEO plugin v27.4 - https:\/\/yoast.com\/product\/yoast-seo-wordpress\/ -->\n<title>Beni Y\u0131kamadan G\u00f6m\u00fcn: K\u00fcrtler Ermeni Soyk\u0131r\u0131m\u0131n\u0131 Anlat\u0131yor - Bati Ermenistan Ve Bati Ermenileri Sorunlari Ara\u015ftirmalar Merkezi<\/title>\n<meta name=\"robots\" content=\"index, follow, max-snippet:-1, max-image-preview:large, max-video-preview:-1\" \/>\n<link rel=\"canonical\" href=\"https:\/\/akunq.net\/tr\/?p=23267\" \/>\n<meta property=\"og:locale\" content=\"en_US\" \/>\n<meta property=\"og:type\" content=\"article\" \/>\n<meta property=\"og:title\" content=\"Beni Y\u0131kamadan G\u00f6m\u00fcn: K\u00fcrtler Ermeni Soyk\u0131r\u0131m\u0131n\u0131 Anlat\u0131yor - Bati Ermenistan Ve Bati Ermenileri Sorunlari Ara\u015ftirmalar Merkezi\" \/>\n<meta property=\"og:description\" content=\"A\u00e7\u0131klama \/ \u00d6zet \u201c\u00d6lece\u011fini hissetti\u011fi zaman bize \u015fu vasiyeti yapm\u0131\u015ft\u0131: \u2018Beni y\u0131kamadan g\u00f6m\u00fcn!\u2019 Sebebini sormad\u0131m; ama anne, baba ve b\u00fct\u00fcn akrabalar\u0131n\u0131n Ermeni soyk\u0131r\u0131m\u0131nda y\u0131kanmadan g\u00f6m\u00fcld\u00fc\u011f\u00fcn\u00fc s\u00f6yl\u00fcyordu. Hep bize \u015funu derdi: \u2018Annem, babam, karde\u015flerim, dedem, ninem, halalar\u0131m, teyzelerim, amcalar\u0131m, day\u0131lar\u0131m, kom\u015fular\u0131m y\u0131kanmadan \u00f6ld\u00fc gitti. Ne olduklar\u0131, nerde olduklar\u0131 belli de\u011fil. \u00d6ld\u00fc\u011f\u00fcmde, beni de onlar gibi y\u0131kamadan [&hellip;]\" \/>\n<meta property=\"og:url\" content=\"https:\/\/akunq.net\/tr\/?p=23267\" \/>\n<meta property=\"og:site_name\" content=\"Bati Ermenistan Ve Bati Ermenileri Sorunlari Ara\u015ftirmalar Merkezi\" \/>\n<meta property=\"article:published_time\" content=\"2013-05-06T08:33:49+00:00\" \/>\n<meta name=\"author\" content=\"admin\" \/>\n<meta name=\"twitter:card\" content=\"summary_large_image\" \/>\n<meta name=\"twitter:label1\" content=\"Written by\" \/>\n\t<meta name=\"twitter:data1\" content=\"admin\" \/>\n\t<meta name=\"twitter:label2\" content=\"Est. reading time\" \/>\n\t<meta name=\"twitter:data2\" content=\"1 minute\" \/>\n<script type=\"application\/ld+json\" class=\"yoast-schema-graph\">{\"@context\":\"https:\\\/\\\/schema.org\",\"@graph\":[{\"@type\":\"Article\",\"@id\":\"https:\\\/\\\/akunq.net\\\/tr\\\/?p=23267#article\",\"isPartOf\":{\"@id\":\"https:\\\/\\\/akunq.net\\\/tr\\\/?p=23267\"},\"author\":{\"name\":\"admin\",\"@id\":\"https:\\\/\\\/akunq.net\\\/tr\\\/#\\\/schema\\\/person\\\/096f1d38a12cce57fb855b485ed24c9e\"},\"headline\":\"Beni Y\u0131kamadan G\u00f6m\u00fcn: K\u00fcrtler Ermeni Soyk\u0131r\u0131m\u0131n\u0131 Anlat\u0131yor\",\"datePublished\":\"2013-05-06T08:33:49+00:00\",\"mainEntityOfPage\":{\"@id\":\"https:\\\/\\\/akunq.net\\\/tr\\\/?p=23267\"},\"wordCount\":177,\"commentCount\":0,\"articleSection\":[\"Ermeni Soyk\u0131r\u0131m\u0131\",\"Haberler\",\"Kitaplar-Ele\u015ftiriler\"],\"inLanguage\":\"en-US\",\"potentialAction\":[{\"@type\":\"CommentAction\",\"name\":\"Comment\",\"target\":[\"https:\\\/\\\/akunq.net\\\/tr\\\/?p=23267#respond\"]}]},{\"@type\":\"WebPage\",\"@id\":\"https:\\\/\\\/akunq.net\\\/tr\\\/?p=23267\",\"url\":\"https:\\\/\\\/akunq.net\\\/tr\\\/?p=23267\",\"name\":\"Beni Y\u0131kamadan G\u00f6m\u00fcn: K\u00fcrtler Ermeni Soyk\u0131r\u0131m\u0131n\u0131 Anlat\u0131yor - Bati Ermenistan Ve Bati Ermenileri Sorunlari Ara\u015ftirmalar Merkezi\",\"isPartOf\":{\"@id\":\"https:\\\/\\\/akunq.net\\\/tr\\\/#website\"},\"datePublished\":\"2013-05-06T08:33:49+00:00\",\"author\":{\"@id\":\"https:\\\/\\\/akunq.net\\\/tr\\\/#\\\/schema\\\/person\\\/096f1d38a12cce57fb855b485ed24c9e\"},\"breadcrumb\":{\"@id\":\"https:\\\/\\\/akunq.net\\\/tr\\\/?p=23267#breadcrumb\"},\"inLanguage\":\"en-US\",\"potentialAction\":[{\"@type\":\"ReadAction\",\"target\":[\"https:\\\/\\\/akunq.net\\\/tr\\\/?p=23267\"]}]},{\"@type\":\"BreadcrumbList\",\"@id\":\"https:\\\/\\\/akunq.net\\\/tr\\\/?p=23267#breadcrumb\",\"itemListElement\":[{\"@type\":\"ListItem\",\"position\":1,\"name\":\"Home\",\"item\":\"https:\\\/\\\/akunq.net\\\/tr\"},{\"@type\":\"ListItem\",\"position\":2,\"name\":\"Beni Y\u0131kamadan G\u00f6m\u00fcn: K\u00fcrtler Ermeni Soyk\u0131r\u0131m\u0131n\u0131 Anlat\u0131yor\"}]},{\"@type\":\"WebSite\",\"@id\":\"https:\\\/\\\/akunq.net\\\/tr\\\/#website\",\"url\":\"https:\\\/\\\/akunq.net\\\/tr\\\/\",\"name\":\"Bati Ermenistan Ve Bati Ermenileri Sorunlari Ara\u015ftirmalar Merkezi\",\"description\":\"\",\"potentialAction\":[{\"@type\":\"SearchAction\",\"target\":{\"@type\":\"EntryPoint\",\"urlTemplate\":\"https:\\\/\\\/akunq.net\\\/tr\\\/?s={search_term_string}\"},\"query-input\":{\"@type\":\"PropertyValueSpecification\",\"valueRequired\":true,\"valueName\":\"search_term_string\"}}],\"inLanguage\":\"en-US\"},{\"@type\":\"Person\",\"@id\":\"https:\\\/\\\/akunq.net\\\/tr\\\/#\\\/schema\\\/person\\\/096f1d38a12cce57fb855b485ed24c9e\",\"name\":\"admin\",\"url\":\"https:\\\/\\\/akunq.net\\\/tr\\\/?author=7\"}]}<\/script>\n<!-- \/ Yoast SEO plugin. -->","yoast_head_json":{"title":"Beni Y\u0131kamadan G\u00f6m\u00fcn: K\u00fcrtler Ermeni Soyk\u0131r\u0131m\u0131n\u0131 Anlat\u0131yor - Bati Ermenistan Ve Bati Ermenileri Sorunlari Ara\u015ftirmalar Merkezi","robots":{"index":"index","follow":"follow","max-snippet":"max-snippet:-1","max-image-preview":"max-image-preview:large","max-video-preview":"max-video-preview:-1"},"canonical":"https:\/\/akunq.net\/tr\/?p=23267","og_locale":"en_US","og_type":"article","og_title":"Beni Y\u0131kamadan G\u00f6m\u00fcn: K\u00fcrtler Ermeni Soyk\u0131r\u0131m\u0131n\u0131 Anlat\u0131yor - Bati Ermenistan Ve Bati Ermenileri Sorunlari Ara\u015ftirmalar Merkezi","og_description":"A\u00e7\u0131klama \/ \u00d6zet \u201c\u00d6lece\u011fini hissetti\u011fi zaman bize \u015fu vasiyeti yapm\u0131\u015ft\u0131: \u2018Beni y\u0131kamadan g\u00f6m\u00fcn!\u2019 Sebebini sormad\u0131m; ama anne, baba ve b\u00fct\u00fcn akrabalar\u0131n\u0131n Ermeni soyk\u0131r\u0131m\u0131nda y\u0131kanmadan g\u00f6m\u00fcld\u00fc\u011f\u00fcn\u00fc s\u00f6yl\u00fcyordu. Hep bize \u015funu derdi: \u2018Annem, babam, karde\u015flerim, dedem, ninem, halalar\u0131m, teyzelerim, amcalar\u0131m, day\u0131lar\u0131m, kom\u015fular\u0131m y\u0131kanmadan \u00f6ld\u00fc gitti. Ne olduklar\u0131, nerde olduklar\u0131 belli de\u011fil. \u00d6ld\u00fc\u011f\u00fcmde, beni de onlar gibi y\u0131kamadan [&hellip;]","og_url":"https:\/\/akunq.net\/tr\/?p=23267","og_site_name":"Bati Ermenistan Ve Bati Ermenileri Sorunlari Ara\u015ftirmalar Merkezi","article_published_time":"2013-05-06T08:33:49+00:00","author":"admin","twitter_card":"summary_large_image","twitter_misc":{"Written by":"admin","Est. reading time":"1 minute"},"schema":{"@context":"https:\/\/schema.org","@graph":[{"@type":"Article","@id":"https:\/\/akunq.net\/tr\/?p=23267#article","isPartOf":{"@id":"https:\/\/akunq.net\/tr\/?p=23267"},"author":{"name":"admin","@id":"https:\/\/akunq.net\/tr\/#\/schema\/person\/096f1d38a12cce57fb855b485ed24c9e"},"headline":"Beni Y\u0131kamadan G\u00f6m\u00fcn: K\u00fcrtler Ermeni Soyk\u0131r\u0131m\u0131n\u0131 Anlat\u0131yor","datePublished":"2013-05-06T08:33:49+00:00","mainEntityOfPage":{"@id":"https:\/\/akunq.net\/tr\/?p=23267"},"wordCount":177,"commentCount":0,"articleSection":["Ermeni Soyk\u0131r\u0131m\u0131","Haberler","Kitaplar-Ele\u015ftiriler"],"inLanguage":"en-US","potentialAction":[{"@type":"CommentAction","name":"Comment","target":["https:\/\/akunq.net\/tr\/?p=23267#respond"]}]},{"@type":"WebPage","@id":"https:\/\/akunq.net\/tr\/?p=23267","url":"https:\/\/akunq.net\/tr\/?p=23267","name":"Beni Y\u0131kamadan G\u00f6m\u00fcn: K\u00fcrtler Ermeni Soyk\u0131r\u0131m\u0131n\u0131 Anlat\u0131yor - Bati Ermenistan Ve Bati Ermenileri Sorunlari Ara\u015ftirmalar Merkezi","isPartOf":{"@id":"https:\/\/akunq.net\/tr\/#website"},"datePublished":"2013-05-06T08:33:49+00:00","author":{"@id":"https:\/\/akunq.net\/tr\/#\/schema\/person\/096f1d38a12cce57fb855b485ed24c9e"},"breadcrumb":{"@id":"https:\/\/akunq.net\/tr\/?p=23267#breadcrumb"},"inLanguage":"en-US","potentialAction":[{"@type":"ReadAction","target":["https:\/\/akunq.net\/tr\/?p=23267"]}]},{"@type":"BreadcrumbList","@id":"https:\/\/akunq.net\/tr\/?p=23267#breadcrumb","itemListElement":[{"@type":"ListItem","position":1,"name":"Home","item":"https:\/\/akunq.net\/tr"},{"@type":"ListItem","position":2,"name":"Beni Y\u0131kamadan G\u00f6m\u00fcn: K\u00fcrtler Ermeni Soyk\u0131r\u0131m\u0131n\u0131 Anlat\u0131yor"}]},{"@type":"WebSite","@id":"https:\/\/akunq.net\/tr\/#website","url":"https:\/\/akunq.net\/tr\/","name":"Bati Ermenistan Ve Bati Ermenileri Sorunlari Ara\u015ftirmalar Merkezi","description":"","potentialAction":[{"@type":"SearchAction","target":{"@type":"EntryPoint","urlTemplate":"https:\/\/akunq.net\/tr\/?s={search_term_string}"},"query-input":{"@type":"PropertyValueSpecification","valueRequired":true,"valueName":"search_term_string"}}],"inLanguage":"en-US"},{"@type":"Person","@id":"https:\/\/akunq.net\/tr\/#\/schema\/person\/096f1d38a12cce57fb855b485ed24c9e","name":"admin","url":"https:\/\/akunq.net\/tr\/?author=7"}]}},"_links":{"self":[{"href":"https:\/\/akunq.net\/tr\/index.php?rest_route=\/wp\/v2\/posts\/23267","targetHints":{"allow":["GET"]}}],"collection":[{"href":"https:\/\/akunq.net\/tr\/index.php?rest_route=\/wp\/v2\/posts"}],"about":[{"href":"https:\/\/akunq.net\/tr\/index.php?rest_route=\/wp\/v2\/types\/post"}],"author":[{"embeddable":true,"href":"https:\/\/akunq.net\/tr\/index.php?rest_route=\/wp\/v2\/users\/7"}],"replies":[{"embeddable":true,"href":"https:\/\/akunq.net\/tr\/index.php?rest_route=%2Fwp%2Fv2%2Fcomments&post=23267"}],"version-history":[{"count":1,"href":"https:\/\/akunq.net\/tr\/index.php?rest_route=\/wp\/v2\/posts\/23267\/revisions"}],"predecessor-version":[{"id":23269,"href":"https:\/\/akunq.net\/tr\/index.php?rest_route=\/wp\/v2\/posts\/23267\/revisions\/23269"}],"wp:attachment":[{"href":"https:\/\/akunq.net\/tr\/index.php?rest_route=%2Fwp%2Fv2%2Fmedia&parent=23267"}],"wp:term":[{"taxonomy":"category","embeddable":true,"href":"https:\/\/akunq.net\/tr\/index.php?rest_route=%2Fwp%2Fv2%2Fcategories&post=23267"},{"taxonomy":"post_tag","embeddable":true,"href":"https:\/\/akunq.net\/tr\/index.php?rest_route=%2Fwp%2Fv2%2Ftags&post=23267"}],"curies":[{"name":"wp","href":"https:\/\/api.w.org\/{rel}","templated":true}]}}