{"id":23264,"date":"2013-05-06T03:28:31","date_gmt":"2013-05-06T08:28:31","guid":{"rendered":"http:\/\/akunq.net\/tr\/?p=23264"},"modified":"2013-05-06T03:28:31","modified_gmt":"2013-05-06T08:28:31","slug":"bdpden-cok-sert-soykirim-mesaji","status":"publish","type":"post","link":"https:\/\/akunq.net\/tr\/?p=23264","title":{"rendered":"BDP&#8217;den \u00e7ok sert soyk\u0131r\u0131m mesaj\u0131!"},"content":{"rendered":"<p style=\"text-align: justify;\"><b><i><a href=\"http:\/\/akunq.net\/tr\/?attachment_id=23265\" rel=\"attachment wp-att-23265\"><img loading=\"lazy\" decoding=\"async\" class=\"alignright size-medium wp-image-23265\" alt=\"Dersim harek\u00e2t\u0131 bir soyk\u0131r\u0131m\" src=\"http:\/\/akunq.net\/tr\/wp-content\/uploads\/2013\/05\/Dersim-harek\u00e2t\u0131-bir-soyk\u0131r\u0131m-300x218.jpg\" width=\"300\" height=\"218\" srcset=\"https:\/\/akunq.net\/tr\/wp-content\/uploads\/sites\/6\/2013\/05\/Dersim-harek\u00e2t\u0131-bir-soyk\u0131r\u0131m-300x218.jpg 300w, https:\/\/akunq.net\/tr\/wp-content\/uploads\/sites\/6\/2013\/05\/Dersim-harek\u00e2t\u0131-bir-soyk\u0131r\u0131m.jpg 420w\" sizes=\"auto, (max-width: 300px) 100vw, 300px\" \/><\/a>BDP Genel Merkezi, Dersim harek\u00e2t\u0131n\u0131n bir soyk\u0131r\u0131m oldu\u011funu iddia etti.<\/i><\/b><\/p>\n<p style=\"text-align: justify;\">\u00a0BDP ger\u00e7ek \u00f6z\u00fcrlerin y\u00fczle\u015ferek hesapla\u015fmay\u0131, tekrarlanmayaca\u011f\u0131 iradesinin a\u00e7\u0131k ve inand\u0131r\u0131c\u0131 beyan\u0131n\u0131, ma\u011fduriyetlerin giderilmesini, \u00f6zr\u00fcn an\u0131t gibi sembollerinin \u00fcretilmesini, y\u0131ld\u00f6n\u00fcmlerinde anma yap\u0131lmas\u0131n\u0131 gerektirece\u011fini savunarak, \u201cDolay\u0131s\u0131yla T\u00fcrkiye Cumhuriyeti Dersim katliam\u0131ndan \u00f6t\u00fcr\u00fc \u00f6z\u00fcr dilemi\u015f de\u011fildir. Devlet Dersim soyk\u0131r\u0131m\u0131n\u0131 tan\u0131mal\u0131 ve gere\u011fini yerine getirmelidir\u201d a\u00e7\u0131klamas\u0131nda bulundu.<\/p>\n<p style=\"text-align: justify;\">BDP Genel Merkezinden 4 May\u0131s 1937\u2019de al\u0131nan Dersim\u2019e operasyon karar\u0131yla ilgili yaz\u0131l\u0131 a\u00e7\u0131klama yap\u0131ld\u0131. 4 May\u0131s\u2019\u0131n \u201cT\u00fcrkiye Cumhuriyeti Devleti\u2019nin Dersim katliam\u0131na karar vermesinin\u201d y\u0131ld\u00f6n\u00fcm\u00fc oldu\u011funu iddia eden BDP a\u00e7\u0131klamas\u0131nda T\u00fcrkiye Cumhuriyeti\u2019nin 4 May\u0131s 1937&#8217;de Dersim&#8217;e operasyon karar\u0131 \u00e7\u0131kard\u0131\u011f\u0131, ertesi g\u00fcn ise ordu b\u00f6lgedeki ilk sald\u0131r\u0131s\u0131n\u0131 ba\u015flatt\u0131\u011f\u0131, operasyonun ad\u0131n\u0131n, Tunceli Tenkil Harek\u00e2t\u0131 oldu\u011funu bildirdi. S\u00f6z konusu karar\u0131n en \u00f6nemli c\u00fcmlesinin \u201cSadece taarruz hareketiyle ilerlemekle iktifa ettik\u00e7e isyan ocaklar\u0131 daimi olarak yerinde b\u0131rak\u0131lm\u0131\u015f olur. Bunun i\u00e7indir ki, silah kullanm\u0131\u015f olanlar\u0131 ve kullananlar\u0131 yerinde ve sonuna kadar zarar vermeyecek hale getirmek, k\u00f6yleri k\u00e2milen tahrip etmek ve aileleri uzakla\u015ft\u0131rmak l\u00fczumlu g\u00f6r\u00fclm\u00fc\u015ft\u00fcr\u201d oldu\u011fu kaydedilen BDP a\u00e7\u0131klamas\u0131nda karar\u0131n, Dersim\u2019in tamamen insans\u0131zla\u015ft\u0131r\u0131lmas\u0131n\u0131 hedefledi\u011fi iddia edildi.<\/p>\n<p style=\"text-align: justify;\"><b>\u201cSOYKIRIM\u201d \u0130DD\u0130ASI<\/b><\/p>\n<p style=\"text-align: justify;\">BDP 4 May\u0131s g\u00fcn\u00fcn\u00fcn, Dersim katliam\u0131n\u0131 protesto ve katliama u\u011frayanlar\u0131 anma g\u00fcn\u00fc oldu\u011funu belirterek \u015fu g\u00f6r\u00fc\u015fleri savundu:<\/p>\n<p style=\"text-align: justify;\">\u201c-Karardan sonra devlet 1937-38 y\u0131llar\u0131nda Dersim\u2019de halen b\u00fct\u00fcn boyutlar\u0131yla ayd\u0131nlat\u0131lamayan bir katliama imza atm\u0131\u015f, yediden yetmi\u015fe kad\u0131n -\u00e7ocuk, gen\u00e7- ihtiyar ay\u0131rt edilmeksizin toplu olarak katledilmi\u015f, cezaevlerinde yatan y\u00fczlerce katil, Dersim harek\u00e2t\u0131nda yer almak kayd\u0131yla sal\u0131verilmi\u015f ve bu katliamda yer almalar\u0131 sa\u011flanm\u0131\u015ft\u0131r.<br \/>\n-BM kriterleri kapsam\u0131nda bak\u0131ld\u0131\u011f\u0131nda g\u00f6r\u00fclecektir ki Dersim\u2019de ya\u015fananlar tart\u0131\u015fmas\u0131z bir soyk\u0131r\u0131md\u0131r. Soyk\u0131r\u0131mda en az 70 bin insan\u0131n \u00f6ld\u00fcr\u00fclm\u00fc\u015f, on binlerce insan ise yerinden yurdundan s\u00fcr\u00fclm\u00fc\u015ft\u00fcr. Bebekler ailelerinden \u00e7al\u0131narak subay ailelerine verilmi\u015ftir.<\/p>\n<p style=\"text-align: justify;\">-Devlet her bak\u0131mdan insanl\u0131k d\u0131\u015f\u0131 y\u00f6ntemler kullanm\u0131\u015ft\u0131r. \u00d6yle ki, D\u0131\u015fi\u015fleri Bakan\u0131 \u0130hsan Sabri \u00c7a\u011flayangil bizzat, \u2018Ordu zehirli gaz kulland\u0131. Ma\u011faralar\u0131n kap\u0131s\u0131n\u0131n i\u00e7erisinden bunlar\u0131 fare gibi zehirledi ve yediden yetmi\u015fe o Dersim K\u00fcrtlerini kesti\u2019 demi\u015ftir.<\/p>\n<p style=\"text-align: justify;\">-Dersim katliam\u0131n\u0131n s\u0131z\u0131s\u0131, aradan ge\u00e7en zamana kar\u015f\u0131 azalmam\u0131\u015f, aksine artm\u0131\u015ft\u0131r. Devlet \u00f6z\u00fcr dilememi\u015f, yap\u0131lanlardan do\u011fan ma\u011fduriyeti gidermemi\u015ftir, tekrarlanmayaca\u011f\u0131n\u0131 beyan etmemi\u015ftir. G\u00fcn\u00fcm\u00fcz iktidar\u0131n\u0131n yar\u0131m a\u011f\u0131z \u00f6zr\u00fc, hi\u00e7bir anlam ifade etmemektedir. Bir muhalefet partisini ge\u00e7mi\u015fi nedeniyle ele\u015ftirirken \u2018\u00f6z\u00fcr\u2019 dilemek, kendi tak\u0131m\u0131n\u0131 protesto etmek i\u00e7in rakip tak\u0131m\u0131 alk\u0131\u015flayan taraftar\u0131n ruh hali gibidir. Konu siyasi partiler de\u011fil, devlet sisteminin konusudur. D\u00fcn \u2018ba\u015fkas\u0131\u2019n\u0131n yapt\u0131\u011f\u0131 katliamdan \u00f6t\u00fcr\u00fc \u2018\u00f6z\u00fcr\u2019 dileyen zihniyet, bug\u00fcn kendi yapt\u0131\u011f\u0131 katliamlar i\u00e7in k\u00f6r, sa\u011f\u0131r ve dilsiz durumundad\u0131r.<br \/>\n-Ger\u00e7ek \u00f6z\u00fcr; y\u00fczle\u015ferek hesapla\u015fmay\u0131, tekrarlanmayaca\u011f\u0131 iradesinin a\u00e7\u0131k ve inand\u0131r\u0131c\u0131 beyan\u0131n\u0131, ma\u011fduriyetlerin giderilmesini, \u00f6zr\u00fcn an\u0131t gibi sembollerinin \u00fcretilmesini, y\u0131ld\u00f6n\u00fcmlerinde anma yap\u0131lmas\u0131n\u0131 gerektirir. Dolay\u0131s\u0131yla T\u00fcrkiye Cumhuriyeti Dersim katliam\u0131ndan \u00f6t\u00fcr\u00fc \u00f6z\u00fcr dilemi\u015f de\u011fildir. Devlet Dersim soyk\u0131r\u0131m\u0131n\u0131 tan\u0131mal\u0131 ve gere\u011fini yerine getirmelidir.<\/p>\n<p style=\"text-align: justify;\">-Unutturulan her katliam yeni katliamlara neden olur. Bunun i\u00e7in Dersim katliam\u0131n\u0131n an\u0131lmas\u0131 salt bir a\u011f\u0131t yakma olmamakta, bunu \u00e7ok a\u015fan anlamlar ta\u015f\u0131maktad\u0131r. Bu noktada dara\u011fac\u0131nda kendi idam sehpas\u0131n\u0131 tekmeleyen Seyit R\u0131za&#8217;n\u0131n s\u00f6zlerinin hat\u0131rlanmas\u0131 tarihi bir \u00f6neme sahiptir: \u201cBen sizin hile ve yalanlar\u0131n\u0131zla ba\u015f edemedim bana ders oldu; sizin \u00f6n\u00fcn\u00fczde diz \u00e7\u00f6kmedim ya, bu da size dert olsun.&#8221;<\/p>\n<p style=\"text-align: justify;\"><b><i>http:\/\/www.medyafaresi.com\/haber\/105809\/guncel-bdpden-cok-sert-soykirim-mesaji.html<\/i><\/b><\/p>\n","protected":false},"excerpt":{"rendered":"<p>BDP Genel Merkezi, Dersim harek\u00e2t\u0131n\u0131n bir soyk\u0131r\u0131m oldu\u011funu iddia etti. \u00a0BDP ger\u00e7ek \u00f6z\u00fcrlerin y\u00fczle\u015ferek hesapla\u015fmay\u0131, tekrarlanmayaca\u011f\u0131 iradesinin a\u00e7\u0131k ve inand\u0131r\u0131c\u0131 beyan\u0131n\u0131, ma\u011fduriyetlerin giderilmesini, \u00f6zr\u00fcn an\u0131t gibi sembollerinin \u00fcretilmesini, y\u0131ld\u00f6n\u00fcmlerinde anma yap\u0131lmas\u0131n\u0131 gerektirece\u011fini savunarak, \u201cDolay\u0131s\u0131yla T\u00fcrkiye Cumhuriyeti Dersim katliam\u0131ndan \u00f6t\u00fcr\u00fc \u00f6z\u00fcr dilemi\u015f de\u011fildir. Devlet Dersim soyk\u0131r\u0131m\u0131n\u0131 tan\u0131mal\u0131 ve gere\u011fini yerine getirmelidir\u201d a\u00e7\u0131klamas\u0131nda bulundu. BDP Genel Merkezinden [&hellip;]<\/p>\n","protected":false},"author":7,"featured_media":0,"comment_status":"open","ping_status":"open","sticky":false,"template":"","format":"standard","meta":{"footnotes":""},"categories":[1],"tags":[],"class_list":["post-23264","post","type-post","status-publish","format-standard","hentry","category-haberler"],"yoast_head":"<!-- This site is optimized with the Yoast SEO plugin v27.4 - https:\/\/yoast.com\/product\/yoast-seo-wordpress\/ -->\n<title>BDP&#039;den \u00e7ok sert soyk\u0131r\u0131m mesaj\u0131! - Bati Ermenistan Ve Bati Ermenileri Sorunlari Ara\u015ftirmalar Merkezi<\/title>\n<meta name=\"robots\" content=\"index, follow, max-snippet:-1, max-image-preview:large, max-video-preview:-1\" \/>\n<link rel=\"canonical\" href=\"https:\/\/akunq.net\/tr\/?p=23264\" \/>\n<meta property=\"og:locale\" content=\"en_US\" \/>\n<meta property=\"og:type\" content=\"article\" \/>\n<meta property=\"og:title\" content=\"BDP&#039;den \u00e7ok sert soyk\u0131r\u0131m mesaj\u0131! - Bati Ermenistan Ve Bati Ermenileri Sorunlari Ara\u015ftirmalar Merkezi\" \/>\n<meta property=\"og:description\" content=\"BDP Genel Merkezi, Dersim harek\u00e2t\u0131n\u0131n bir soyk\u0131r\u0131m oldu\u011funu iddia etti. \u00a0BDP ger\u00e7ek \u00f6z\u00fcrlerin y\u00fczle\u015ferek hesapla\u015fmay\u0131, tekrarlanmayaca\u011f\u0131 iradesinin a\u00e7\u0131k ve inand\u0131r\u0131c\u0131 beyan\u0131n\u0131, ma\u011fduriyetlerin giderilmesini, \u00f6zr\u00fcn an\u0131t gibi sembollerinin \u00fcretilmesini, y\u0131ld\u00f6n\u00fcmlerinde anma yap\u0131lmas\u0131n\u0131 gerektirece\u011fini savunarak, \u201cDolay\u0131s\u0131yla T\u00fcrkiye Cumhuriyeti Dersim katliam\u0131ndan \u00f6t\u00fcr\u00fc \u00f6z\u00fcr dilemi\u015f de\u011fildir. Devlet Dersim soyk\u0131r\u0131m\u0131n\u0131 tan\u0131mal\u0131 ve gere\u011fini yerine getirmelidir\u201d a\u00e7\u0131klamas\u0131nda bulundu. BDP Genel Merkezinden [&hellip;]\" \/>\n<meta property=\"og:url\" content=\"https:\/\/akunq.net\/tr\/?p=23264\" \/>\n<meta property=\"og:site_name\" content=\"Bati Ermenistan Ve Bati Ermenileri Sorunlari Ara\u015ftirmalar Merkezi\" \/>\n<meta property=\"article:published_time\" content=\"2013-05-06T08:28:31+00:00\" \/>\n<meta name=\"author\" content=\"admin\" \/>\n<meta name=\"twitter:card\" content=\"summary_large_image\" \/>\n<meta name=\"twitter:label1\" content=\"Written by\" \/>\n\t<meta name=\"twitter:data1\" content=\"admin\" \/>\n\t<meta name=\"twitter:label2\" content=\"Est. reading time\" \/>\n\t<meta name=\"twitter:data2\" content=\"4 minutes\" \/>\n<script type=\"application\/ld+json\" class=\"yoast-schema-graph\">{\"@context\":\"https:\\\/\\\/schema.org\",\"@graph\":[{\"@type\":\"Article\",\"@id\":\"https:\\\/\\\/akunq.net\\\/tr\\\/?p=23264#article\",\"isPartOf\":{\"@id\":\"https:\\\/\\\/akunq.net\\\/tr\\\/?p=23264\"},\"author\":{\"name\":\"admin\",\"@id\":\"https:\\\/\\\/akunq.net\\\/tr\\\/#\\\/schema\\\/person\\\/096f1d38a12cce57fb855b485ed24c9e\"},\"headline\":\"BDP&#8217;den \u00e7ok sert soyk\u0131r\u0131m mesaj\u0131!\",\"datePublished\":\"2013-05-06T08:28:31+00:00\",\"mainEntityOfPage\":{\"@id\":\"https:\\\/\\\/akunq.net\\\/tr\\\/?p=23264\"},\"wordCount\":723,\"commentCount\":0,\"articleSection\":[\"Haberler\"],\"inLanguage\":\"en-US\",\"potentialAction\":[{\"@type\":\"CommentAction\",\"name\":\"Comment\",\"target\":[\"https:\\\/\\\/akunq.net\\\/tr\\\/?p=23264#respond\"]}]},{\"@type\":\"WebPage\",\"@id\":\"https:\\\/\\\/akunq.net\\\/tr\\\/?p=23264\",\"url\":\"https:\\\/\\\/akunq.net\\\/tr\\\/?p=23264\",\"name\":\"BDP'den \u00e7ok sert soyk\u0131r\u0131m mesaj\u0131! - Bati Ermenistan Ve Bati Ermenileri Sorunlari Ara\u015ftirmalar Merkezi\",\"isPartOf\":{\"@id\":\"https:\\\/\\\/akunq.net\\\/tr\\\/#website\"},\"datePublished\":\"2013-05-06T08:28:31+00:00\",\"author\":{\"@id\":\"https:\\\/\\\/akunq.net\\\/tr\\\/#\\\/schema\\\/person\\\/096f1d38a12cce57fb855b485ed24c9e\"},\"breadcrumb\":{\"@id\":\"https:\\\/\\\/akunq.net\\\/tr\\\/?p=23264#breadcrumb\"},\"inLanguage\":\"en-US\",\"potentialAction\":[{\"@type\":\"ReadAction\",\"target\":[\"https:\\\/\\\/akunq.net\\\/tr\\\/?p=23264\"]}]},{\"@type\":\"BreadcrumbList\",\"@id\":\"https:\\\/\\\/akunq.net\\\/tr\\\/?p=23264#breadcrumb\",\"itemListElement\":[{\"@type\":\"ListItem\",\"position\":1,\"name\":\"Home\",\"item\":\"https:\\\/\\\/akunq.net\\\/tr\"},{\"@type\":\"ListItem\",\"position\":2,\"name\":\"BDP&#8217;den \u00e7ok sert soyk\u0131r\u0131m mesaj\u0131!\"}]},{\"@type\":\"WebSite\",\"@id\":\"https:\\\/\\\/akunq.net\\\/tr\\\/#website\",\"url\":\"https:\\\/\\\/akunq.net\\\/tr\\\/\",\"name\":\"Bati Ermenistan Ve Bati Ermenileri Sorunlari Ara\u015ftirmalar Merkezi\",\"description\":\"\",\"potentialAction\":[{\"@type\":\"SearchAction\",\"target\":{\"@type\":\"EntryPoint\",\"urlTemplate\":\"https:\\\/\\\/akunq.net\\\/tr\\\/?s={search_term_string}\"},\"query-input\":{\"@type\":\"PropertyValueSpecification\",\"valueRequired\":true,\"valueName\":\"search_term_string\"}}],\"inLanguage\":\"en-US\"},{\"@type\":\"Person\",\"@id\":\"https:\\\/\\\/akunq.net\\\/tr\\\/#\\\/schema\\\/person\\\/096f1d38a12cce57fb855b485ed24c9e\",\"name\":\"admin\",\"url\":\"https:\\\/\\\/akunq.net\\\/tr\\\/?author=7\"}]}<\/script>\n<!-- \/ Yoast SEO plugin. -->","yoast_head_json":{"title":"BDP'den \u00e7ok sert soyk\u0131r\u0131m mesaj\u0131! - Bati Ermenistan Ve Bati Ermenileri Sorunlari Ara\u015ftirmalar Merkezi","robots":{"index":"index","follow":"follow","max-snippet":"max-snippet:-1","max-image-preview":"max-image-preview:large","max-video-preview":"max-video-preview:-1"},"canonical":"https:\/\/akunq.net\/tr\/?p=23264","og_locale":"en_US","og_type":"article","og_title":"BDP'den \u00e7ok sert soyk\u0131r\u0131m mesaj\u0131! - Bati Ermenistan Ve Bati Ermenileri Sorunlari Ara\u015ftirmalar Merkezi","og_description":"BDP Genel Merkezi, Dersim harek\u00e2t\u0131n\u0131n bir soyk\u0131r\u0131m oldu\u011funu iddia etti. \u00a0BDP ger\u00e7ek \u00f6z\u00fcrlerin y\u00fczle\u015ferek hesapla\u015fmay\u0131, tekrarlanmayaca\u011f\u0131 iradesinin a\u00e7\u0131k ve inand\u0131r\u0131c\u0131 beyan\u0131n\u0131, ma\u011fduriyetlerin giderilmesini, \u00f6zr\u00fcn an\u0131t gibi sembollerinin \u00fcretilmesini, y\u0131ld\u00f6n\u00fcmlerinde anma yap\u0131lmas\u0131n\u0131 gerektirece\u011fini savunarak, \u201cDolay\u0131s\u0131yla T\u00fcrkiye Cumhuriyeti Dersim katliam\u0131ndan \u00f6t\u00fcr\u00fc \u00f6z\u00fcr dilemi\u015f de\u011fildir. Devlet Dersim soyk\u0131r\u0131m\u0131n\u0131 tan\u0131mal\u0131 ve gere\u011fini yerine getirmelidir\u201d a\u00e7\u0131klamas\u0131nda bulundu. BDP Genel Merkezinden [&hellip;]","og_url":"https:\/\/akunq.net\/tr\/?p=23264","og_site_name":"Bati Ermenistan Ve Bati Ermenileri Sorunlari Ara\u015ftirmalar Merkezi","article_published_time":"2013-05-06T08:28:31+00:00","author":"admin","twitter_card":"summary_large_image","twitter_misc":{"Written by":"admin","Est. reading time":"4 minutes"},"schema":{"@context":"https:\/\/schema.org","@graph":[{"@type":"Article","@id":"https:\/\/akunq.net\/tr\/?p=23264#article","isPartOf":{"@id":"https:\/\/akunq.net\/tr\/?p=23264"},"author":{"name":"admin","@id":"https:\/\/akunq.net\/tr\/#\/schema\/person\/096f1d38a12cce57fb855b485ed24c9e"},"headline":"BDP&#8217;den \u00e7ok sert soyk\u0131r\u0131m mesaj\u0131!","datePublished":"2013-05-06T08:28:31+00:00","mainEntityOfPage":{"@id":"https:\/\/akunq.net\/tr\/?p=23264"},"wordCount":723,"commentCount":0,"articleSection":["Haberler"],"inLanguage":"en-US","potentialAction":[{"@type":"CommentAction","name":"Comment","target":["https:\/\/akunq.net\/tr\/?p=23264#respond"]}]},{"@type":"WebPage","@id":"https:\/\/akunq.net\/tr\/?p=23264","url":"https:\/\/akunq.net\/tr\/?p=23264","name":"BDP'den \u00e7ok sert soyk\u0131r\u0131m mesaj\u0131! - Bati Ermenistan Ve Bati Ermenileri Sorunlari Ara\u015ftirmalar Merkezi","isPartOf":{"@id":"https:\/\/akunq.net\/tr\/#website"},"datePublished":"2013-05-06T08:28:31+00:00","author":{"@id":"https:\/\/akunq.net\/tr\/#\/schema\/person\/096f1d38a12cce57fb855b485ed24c9e"},"breadcrumb":{"@id":"https:\/\/akunq.net\/tr\/?p=23264#breadcrumb"},"inLanguage":"en-US","potentialAction":[{"@type":"ReadAction","target":["https:\/\/akunq.net\/tr\/?p=23264"]}]},{"@type":"BreadcrumbList","@id":"https:\/\/akunq.net\/tr\/?p=23264#breadcrumb","itemListElement":[{"@type":"ListItem","position":1,"name":"Home","item":"https:\/\/akunq.net\/tr"},{"@type":"ListItem","position":2,"name":"BDP&#8217;den \u00e7ok sert soyk\u0131r\u0131m mesaj\u0131!"}]},{"@type":"WebSite","@id":"https:\/\/akunq.net\/tr\/#website","url":"https:\/\/akunq.net\/tr\/","name":"Bati Ermenistan Ve Bati Ermenileri Sorunlari Ara\u015ftirmalar Merkezi","description":"","potentialAction":[{"@type":"SearchAction","target":{"@type":"EntryPoint","urlTemplate":"https:\/\/akunq.net\/tr\/?s={search_term_string}"},"query-input":{"@type":"PropertyValueSpecification","valueRequired":true,"valueName":"search_term_string"}}],"inLanguage":"en-US"},{"@type":"Person","@id":"https:\/\/akunq.net\/tr\/#\/schema\/person\/096f1d38a12cce57fb855b485ed24c9e","name":"admin","url":"https:\/\/akunq.net\/tr\/?author=7"}]}},"_links":{"self":[{"href":"https:\/\/akunq.net\/tr\/index.php?rest_route=\/wp\/v2\/posts\/23264","targetHints":{"allow":["GET"]}}],"collection":[{"href":"https:\/\/akunq.net\/tr\/index.php?rest_route=\/wp\/v2\/posts"}],"about":[{"href":"https:\/\/akunq.net\/tr\/index.php?rest_route=\/wp\/v2\/types\/post"}],"author":[{"embeddable":true,"href":"https:\/\/akunq.net\/tr\/index.php?rest_route=\/wp\/v2\/users\/7"}],"replies":[{"embeddable":true,"href":"https:\/\/akunq.net\/tr\/index.php?rest_route=%2Fwp%2Fv2%2Fcomments&post=23264"}],"version-history":[{"count":1,"href":"https:\/\/akunq.net\/tr\/index.php?rest_route=\/wp\/v2\/posts\/23264\/revisions"}],"predecessor-version":[{"id":23266,"href":"https:\/\/akunq.net\/tr\/index.php?rest_route=\/wp\/v2\/posts\/23264\/revisions\/23266"}],"wp:attachment":[{"href":"https:\/\/akunq.net\/tr\/index.php?rest_route=%2Fwp%2Fv2%2Fmedia&parent=23264"}],"wp:term":[{"taxonomy":"category","embeddable":true,"href":"https:\/\/akunq.net\/tr\/index.php?rest_route=%2Fwp%2Fv2%2Fcategories&post=23264"},{"taxonomy":"post_tag","embeddable":true,"href":"https:\/\/akunq.net\/tr\/index.php?rest_route=%2Fwp%2Fv2%2Ftags&post=23264"}],"curies":[{"name":"wp","href":"https:\/\/api.w.org\/{rel}","templated":true}]}}