{"id":23259,"date":"2013-05-06T03:07:39","date_gmt":"2013-05-06T08:07:39","guid":{"rendered":"http:\/\/akunq.net\/tr\/?p=23259"},"modified":"2013-05-06T03:07:39","modified_gmt":"2013-05-06T08:07:39","slug":"ermeni-mimardan-cami-ve-cemevi-projesi","status":"publish","type":"post","link":"https:\/\/akunq.net\/tr\/?p=23259","title":{"rendered":"Ermeni mimardan cami ve cemevi projesi"},"content":{"rendered":"<h2 style=\"text-align: justify;\"><i><a href=\"http:\/\/akunq.net\/tr\/?attachment_id=23260\" rel=\"attachment wp-att-23260\"><img loading=\"lazy\" decoding=\"async\" class=\"alignright size-full wp-image-23260\" alt=\"\u0533\u0587\u0578\u0580\u0563 \u0555\u0566\u0584\u0561\u0580\u0561\u0563\u0575\u0578\u0566\" src=\"http:\/\/akunq.net\/tr\/wp-content\/uploads\/2013\/05\/\u0533\u0587\u0578\u0580\u0563-\u0555\u0566\u0584\u0561\u0580\u0561\u0563\u0575\u0578\u0566.jpg\" width=\"250\" height=\"188\" \/><\/a>Kevork \u00d6zkarag\u00f6z, ibadethanelere maddi kar\u015f\u0131l\u0131k beklemeden t\u00fcm tecr\u00fcbesini aktar\u0131yor.<\/i><\/h2>\n<h4 style=\"text-align: justify;\">PLEVNE CAM\u0130\u0130&#8217;N\u0130 \u0130N\u015eAA ETT\u0130<\/h4>\n<p style=\"text-align: justify;\"><em>Ak\u015fam gazetesinin haberine g\u00f6re;<\/em> Malatya&#8217;da do\u011fan ve 6 ya\u015f\u0131nda \u0130stanbul&#8217;a g\u00f6\u00e7 eden \u00d6zkarag\u00f6z maddi kar\u015f\u0131l\u0131k beklemeden camii, cemevi ve kilise gibi yap\u0131lar\u0131 projelendirip in\u015fa ediyor. Tamamlad\u0131\u011f\u0131 yap\u0131lar\u0131n cemaatleri aras\u0131na kar\u0131\u015fmaktan mutluluk duyan \u00d6zkarag\u00f6z son olarak Bal\u0131kesir G\u00f6nen&#8217;de Plevne Camii&#8217;ni in\u015fa etti. Bu yap\u0131lar\u0131 \u00e7al\u0131\u015ft\u0131\u011f\u0131 belediyelerle ortak in\u015fa eden eden \u00d6zkarag\u00f6z G\u00f6nen&#8217;in belediye ba\u015fkan\u0131 H\u00fcseyin Yakar&#8217;\u0131n teklifiyle projeye ba\u015flad\u0131. \u00d6zkarag\u00f6z&#8217;e g\u00f6re <strong>&#8220;Ermeni bir mimara camii projesi \u00e7izdirmek b\u00fcy\u00fck cesaret \u00f6rne\u011fiydi&#8221;<\/strong>. 1960&#8217;larda yap\u0131lm\u0131\u015f Plevne Camii&#8217;nin yan\u0131na yeni bir camii yap\u0131lmas\u0131n\u0131 ve eskisinin y\u0131k\u0131larak yerine sosyal tesis in\u015fa edilmesinin ilk ad\u0131m\u0131 olan proje \u00e7izimi b\u00f6lge sakinlerinin be\u011fenisini kazand\u0131. Dernek kuruldu ve toplanan ba\u011f\u0131\u015flarla proje hayata ge\u00e7irildi.<\/p>\n<h4 style=\"text-align: justify;\">OKMEYDANI&#8217;NDA CEMEV\u0130 PROJES\u0130<\/h4>\n<p style=\"text-align: justify;\">\u0130ki hafta \u00f6nce Bal\u0131kesir, G\u00f6nen, Band\u0131rma m\u00fcft\u00fcleri, belediye ba\u015fkan\u0131 ve G\u00f6nen kaymakam\u0131n\u0131n kat\u0131ld\u0131\u011f\u0131 t\u00f6renle camii a\u00e7\u0131ld\u0131. Camiide k\u0131l\u0131nan Cuma namaz\u0131na kat\u0131lanlar aras\u0131nda \u00d6zkarag\u00f6z de vard\u0131. 1994&#8217;te \u0130stanbul Okmeydan\u0131&#8217;nda yine bedelsiz bir \u015fekilde Cemevi projesini hayata ge\u00e7iren \u00d6zkarag\u00f6z 2000&#8217;de Ermeni Patrikhanesi&#8217;nin restorasyonunu yapt\u0131, 2010&#8217;da \u0130stanbul Avrupa K\u00fclt\u00fcr Ba\u015fkenti Ajans\u0131&#8217;yla birlikte Kumkap\u0131&#8217;da bulunan Surp Vortvots Vorodman Kilisesi&#8217;nin Patrik Mesrop Mutafyan K\u00fclt\u00fcr Merkezi&#8217;ne \u00e7evrilmesini sa\u011flad\u0131.<\/p>\n<h4 style=\"text-align: justify;\">\u0130LK DEFA CUMA NAMAZINA KATILDI<\/h4>\n<p style=\"text-align: justify;\">\u00d6zkarag\u00f6z bu projelerin ard\u0131ndan \u015fu ifadeleri kulland\u0131: <strong>H\u0131ristiyan\u0131m ve kiliseye gidiyorum. Fakat her dini, toplumu anlamaya \u00e7al\u0131\u015f\u0131r\u0131m. Projeleri geli\u015ftirirken de bu anlay\u0131\u015fla \u00e7al\u0131\u015f\u0131yorum. G\u00f6nen&#8217;de ilk defa Cuma namaz\u0131na kat\u0131ld\u0131m. Cemevi&#8217;ni de yap\u0131nca Dede Postu&#8217;nda oturma \u015fans\u0131m oldu. B\u00f6yle \u015feylerden asla rahats\u0131zl\u0131k duymam. Ben Malatyal\u0131 olsam da 7 y\u0131ld\u0131r G\u00f6nen&#8217;de i\u015f yap\u0131yorum ve sokakta art\u0131k hem\u015fehrim olarak g\u00f6rd\u00fc\u011f\u00fcm insanlarla hi\u00e7 yabanc\u0131l\u0131k \u00e7ekmeden dola\u015f\u0131yorum. Siyaset\u00e7ilerden, vatanda\u015flardan s\u0131cak bir ilgi g\u00f6r\u00fcyorum.<\/strong><\/p>\n<h4 style=\"text-align: justify;\">ERMEN\u0130 M\u0130MARDAN SEL\u00c7UKLU ES\u0130NT\u0130S\u0130<\/h4>\n<p style=\"text-align: justify;\">G\u00f6nen Kaymakam\u0131 H\u00fcseyin Parlak, Sel\u00e7uklu mimarisini ya\u015fatan Kevork \u00d6zkarag\u00f6z&#8217;\u00fc Plevne Camii sebebiyle kutlad\u0131. Ayn\u0131 anda 1500 ki\u015finin ibadetini yapabilece\u011fi yap\u0131 G\u00f6nen&#8217;in \u00fc\u00e7\u00fcnc\u00fc b\u00fcy\u00fck camii oldu.<\/p>\n<p style=\"text-align: justify;\"><b><i>http:\/\/www.ensonhaber.com\/ermeni-mimardan-cami-ve-cemevi-projesi-2013-05-05.html<\/i><\/b><\/p>\n","protected":false},"excerpt":{"rendered":"<p>Kevork \u00d6zkarag\u00f6z, ibadethanelere maddi kar\u015f\u0131l\u0131k beklemeden t\u00fcm tecr\u00fcbesini aktar\u0131yor. PLEVNE CAM\u0130\u0130&#8217;N\u0130 \u0130N\u015eAA ETT\u0130 Ak\u015fam gazetesinin haberine g\u00f6re; Malatya&#8217;da do\u011fan ve 6 ya\u015f\u0131nda \u0130stanbul&#8217;a g\u00f6\u00e7 eden \u00d6zkarag\u00f6z maddi kar\u015f\u0131l\u0131k beklemeden camii, cemevi ve kilise gibi yap\u0131lar\u0131 projelendirip in\u015fa ediyor. Tamamlad\u0131\u011f\u0131 yap\u0131lar\u0131n cemaatleri aras\u0131na kar\u0131\u015fmaktan mutluluk duyan \u00d6zkarag\u00f6z son olarak Bal\u0131kesir G\u00f6nen&#8217;de Plevne Camii&#8217;ni in\u015fa etti. Bu [&hellip;]<\/p>\n","protected":false},"author":7,"featured_media":0,"comment_status":"open","ping_status":"open","sticky":false,"template":"","format":"standard","meta":{"footnotes":""},"categories":[1],"tags":[],"class_list":["post-23259","post","type-post","status-publish","format-standard","hentry","category-haberler"],"yoast_head":"<!-- This site is optimized with the Yoast SEO plugin v27.4 - https:\/\/yoast.com\/product\/yoast-seo-wordpress\/ -->\n<title>Ermeni mimardan cami ve cemevi projesi - Bati Ermenistan Ve Bati Ermenileri Sorunlari Ara\u015ftirmalar Merkezi<\/title>\n<meta name=\"robots\" content=\"index, follow, max-snippet:-1, max-image-preview:large, max-video-preview:-1\" \/>\n<link rel=\"canonical\" href=\"https:\/\/akunq.net\/tr\/?p=23259\" \/>\n<meta property=\"og:locale\" content=\"en_US\" \/>\n<meta property=\"og:type\" content=\"article\" \/>\n<meta property=\"og:title\" content=\"Ermeni mimardan cami ve cemevi projesi - Bati Ermenistan Ve Bati Ermenileri Sorunlari Ara\u015ftirmalar Merkezi\" \/>\n<meta property=\"og:description\" content=\"Kevork \u00d6zkarag\u00f6z, ibadethanelere maddi kar\u015f\u0131l\u0131k beklemeden t\u00fcm tecr\u00fcbesini aktar\u0131yor. PLEVNE CAM\u0130\u0130&#8217;N\u0130 \u0130N\u015eAA ETT\u0130 Ak\u015fam gazetesinin haberine g\u00f6re; Malatya&#8217;da do\u011fan ve 6 ya\u015f\u0131nda \u0130stanbul&#8217;a g\u00f6\u00e7 eden \u00d6zkarag\u00f6z maddi kar\u015f\u0131l\u0131k beklemeden camii, cemevi ve kilise gibi yap\u0131lar\u0131 projelendirip in\u015fa ediyor. Tamamlad\u0131\u011f\u0131 yap\u0131lar\u0131n cemaatleri aras\u0131na kar\u0131\u015fmaktan mutluluk duyan \u00d6zkarag\u00f6z son olarak Bal\u0131kesir G\u00f6nen&#8217;de Plevne Camii&#8217;ni in\u015fa etti. Bu [&hellip;]\" \/>\n<meta property=\"og:url\" content=\"https:\/\/akunq.net\/tr\/?p=23259\" \/>\n<meta property=\"og:site_name\" content=\"Bati Ermenistan Ve Bati Ermenileri Sorunlari Ara\u015ftirmalar Merkezi\" \/>\n<meta property=\"article:published_time\" content=\"2013-05-06T08:07:39+00:00\" \/>\n<meta name=\"author\" content=\"admin\" \/>\n<meta name=\"twitter:card\" content=\"summary_large_image\" \/>\n<meta name=\"twitter:label1\" content=\"Written by\" \/>\n\t<meta name=\"twitter:data1\" content=\"admin\" \/>\n\t<meta name=\"twitter:label2\" content=\"Est. reading time\" \/>\n\t<meta name=\"twitter:data2\" content=\"2 minutes\" \/>\n<script type=\"application\/ld+json\" class=\"yoast-schema-graph\">{\"@context\":\"https:\\\/\\\/schema.org\",\"@graph\":[{\"@type\":\"Article\",\"@id\":\"https:\\\/\\\/akunq.net\\\/tr\\\/?p=23259#article\",\"isPartOf\":{\"@id\":\"https:\\\/\\\/akunq.net\\\/tr\\\/?p=23259\"},\"author\":{\"name\":\"admin\",\"@id\":\"https:\\\/\\\/akunq.net\\\/tr\\\/#\\\/schema\\\/person\\\/096f1d38a12cce57fb855b485ed24c9e\"},\"headline\":\"Ermeni mimardan cami ve cemevi projesi\",\"datePublished\":\"2013-05-06T08:07:39+00:00\",\"mainEntityOfPage\":{\"@id\":\"https:\\\/\\\/akunq.net\\\/tr\\\/?p=23259\"},\"wordCount\":422,\"commentCount\":0,\"articleSection\":[\"Haberler\"],\"inLanguage\":\"en-US\",\"potentialAction\":[{\"@type\":\"CommentAction\",\"name\":\"Comment\",\"target\":[\"https:\\\/\\\/akunq.net\\\/tr\\\/?p=23259#respond\"]}]},{\"@type\":\"WebPage\",\"@id\":\"https:\\\/\\\/akunq.net\\\/tr\\\/?p=23259\",\"url\":\"https:\\\/\\\/akunq.net\\\/tr\\\/?p=23259\",\"name\":\"Ermeni mimardan cami ve cemevi projesi - Bati Ermenistan Ve Bati Ermenileri Sorunlari Ara\u015ftirmalar Merkezi\",\"isPartOf\":{\"@id\":\"https:\\\/\\\/akunq.net\\\/tr\\\/#website\"},\"datePublished\":\"2013-05-06T08:07:39+00:00\",\"author\":{\"@id\":\"https:\\\/\\\/akunq.net\\\/tr\\\/#\\\/schema\\\/person\\\/096f1d38a12cce57fb855b485ed24c9e\"},\"breadcrumb\":{\"@id\":\"https:\\\/\\\/akunq.net\\\/tr\\\/?p=23259#breadcrumb\"},\"inLanguage\":\"en-US\",\"potentialAction\":[{\"@type\":\"ReadAction\",\"target\":[\"https:\\\/\\\/akunq.net\\\/tr\\\/?p=23259\"]}]},{\"@type\":\"BreadcrumbList\",\"@id\":\"https:\\\/\\\/akunq.net\\\/tr\\\/?p=23259#breadcrumb\",\"itemListElement\":[{\"@type\":\"ListItem\",\"position\":1,\"name\":\"Home\",\"item\":\"https:\\\/\\\/akunq.net\\\/tr\"},{\"@type\":\"ListItem\",\"position\":2,\"name\":\"Ermeni mimardan cami ve cemevi projesi\"}]},{\"@type\":\"WebSite\",\"@id\":\"https:\\\/\\\/akunq.net\\\/tr\\\/#website\",\"url\":\"https:\\\/\\\/akunq.net\\\/tr\\\/\",\"name\":\"Bati Ermenistan Ve Bati Ermenileri Sorunlari Ara\u015ftirmalar Merkezi\",\"description\":\"\",\"potentialAction\":[{\"@type\":\"SearchAction\",\"target\":{\"@type\":\"EntryPoint\",\"urlTemplate\":\"https:\\\/\\\/akunq.net\\\/tr\\\/?s={search_term_string}\"},\"query-input\":{\"@type\":\"PropertyValueSpecification\",\"valueRequired\":true,\"valueName\":\"search_term_string\"}}],\"inLanguage\":\"en-US\"},{\"@type\":\"Person\",\"@id\":\"https:\\\/\\\/akunq.net\\\/tr\\\/#\\\/schema\\\/person\\\/096f1d38a12cce57fb855b485ed24c9e\",\"name\":\"admin\",\"url\":\"https:\\\/\\\/akunq.net\\\/tr\\\/?author=7\"}]}<\/script>\n<!-- \/ Yoast SEO plugin. -->","yoast_head_json":{"title":"Ermeni mimardan cami ve cemevi projesi - Bati Ermenistan Ve Bati Ermenileri Sorunlari Ara\u015ftirmalar Merkezi","robots":{"index":"index","follow":"follow","max-snippet":"max-snippet:-1","max-image-preview":"max-image-preview:large","max-video-preview":"max-video-preview:-1"},"canonical":"https:\/\/akunq.net\/tr\/?p=23259","og_locale":"en_US","og_type":"article","og_title":"Ermeni mimardan cami ve cemevi projesi - Bati Ermenistan Ve Bati Ermenileri Sorunlari Ara\u015ftirmalar Merkezi","og_description":"Kevork \u00d6zkarag\u00f6z, ibadethanelere maddi kar\u015f\u0131l\u0131k beklemeden t\u00fcm tecr\u00fcbesini aktar\u0131yor. PLEVNE CAM\u0130\u0130&#8217;N\u0130 \u0130N\u015eAA ETT\u0130 Ak\u015fam gazetesinin haberine g\u00f6re; Malatya&#8217;da do\u011fan ve 6 ya\u015f\u0131nda \u0130stanbul&#8217;a g\u00f6\u00e7 eden \u00d6zkarag\u00f6z maddi kar\u015f\u0131l\u0131k beklemeden camii, cemevi ve kilise gibi yap\u0131lar\u0131 projelendirip in\u015fa ediyor. Tamamlad\u0131\u011f\u0131 yap\u0131lar\u0131n cemaatleri aras\u0131na kar\u0131\u015fmaktan mutluluk duyan \u00d6zkarag\u00f6z son olarak Bal\u0131kesir G\u00f6nen&#8217;de Plevne Camii&#8217;ni in\u015fa etti. Bu [&hellip;]","og_url":"https:\/\/akunq.net\/tr\/?p=23259","og_site_name":"Bati Ermenistan Ve Bati Ermenileri Sorunlari Ara\u015ftirmalar Merkezi","article_published_time":"2013-05-06T08:07:39+00:00","author":"admin","twitter_card":"summary_large_image","twitter_misc":{"Written by":"admin","Est. reading time":"2 minutes"},"schema":{"@context":"https:\/\/schema.org","@graph":[{"@type":"Article","@id":"https:\/\/akunq.net\/tr\/?p=23259#article","isPartOf":{"@id":"https:\/\/akunq.net\/tr\/?p=23259"},"author":{"name":"admin","@id":"https:\/\/akunq.net\/tr\/#\/schema\/person\/096f1d38a12cce57fb855b485ed24c9e"},"headline":"Ermeni mimardan cami ve cemevi projesi","datePublished":"2013-05-06T08:07:39+00:00","mainEntityOfPage":{"@id":"https:\/\/akunq.net\/tr\/?p=23259"},"wordCount":422,"commentCount":0,"articleSection":["Haberler"],"inLanguage":"en-US","potentialAction":[{"@type":"CommentAction","name":"Comment","target":["https:\/\/akunq.net\/tr\/?p=23259#respond"]}]},{"@type":"WebPage","@id":"https:\/\/akunq.net\/tr\/?p=23259","url":"https:\/\/akunq.net\/tr\/?p=23259","name":"Ermeni mimardan cami ve cemevi projesi - Bati Ermenistan Ve Bati Ermenileri Sorunlari Ara\u015ftirmalar Merkezi","isPartOf":{"@id":"https:\/\/akunq.net\/tr\/#website"},"datePublished":"2013-05-06T08:07:39+00:00","author":{"@id":"https:\/\/akunq.net\/tr\/#\/schema\/person\/096f1d38a12cce57fb855b485ed24c9e"},"breadcrumb":{"@id":"https:\/\/akunq.net\/tr\/?p=23259#breadcrumb"},"inLanguage":"en-US","potentialAction":[{"@type":"ReadAction","target":["https:\/\/akunq.net\/tr\/?p=23259"]}]},{"@type":"BreadcrumbList","@id":"https:\/\/akunq.net\/tr\/?p=23259#breadcrumb","itemListElement":[{"@type":"ListItem","position":1,"name":"Home","item":"https:\/\/akunq.net\/tr"},{"@type":"ListItem","position":2,"name":"Ermeni mimardan cami ve cemevi projesi"}]},{"@type":"WebSite","@id":"https:\/\/akunq.net\/tr\/#website","url":"https:\/\/akunq.net\/tr\/","name":"Bati Ermenistan Ve Bati Ermenileri Sorunlari Ara\u015ftirmalar Merkezi","description":"","potentialAction":[{"@type":"SearchAction","target":{"@type":"EntryPoint","urlTemplate":"https:\/\/akunq.net\/tr\/?s={search_term_string}"},"query-input":{"@type":"PropertyValueSpecification","valueRequired":true,"valueName":"search_term_string"}}],"inLanguage":"en-US"},{"@type":"Person","@id":"https:\/\/akunq.net\/tr\/#\/schema\/person\/096f1d38a12cce57fb855b485ed24c9e","name":"admin","url":"https:\/\/akunq.net\/tr\/?author=7"}]}},"_links":{"self":[{"href":"https:\/\/akunq.net\/tr\/index.php?rest_route=\/wp\/v2\/posts\/23259","targetHints":{"allow":["GET"]}}],"collection":[{"href":"https:\/\/akunq.net\/tr\/index.php?rest_route=\/wp\/v2\/posts"}],"about":[{"href":"https:\/\/akunq.net\/tr\/index.php?rest_route=\/wp\/v2\/types\/post"}],"author":[{"embeddable":true,"href":"https:\/\/akunq.net\/tr\/index.php?rest_route=\/wp\/v2\/users\/7"}],"replies":[{"embeddable":true,"href":"https:\/\/akunq.net\/tr\/index.php?rest_route=%2Fwp%2Fv2%2Fcomments&post=23259"}],"version-history":[{"count":0,"href":"https:\/\/akunq.net\/tr\/index.php?rest_route=\/wp\/v2\/posts\/23259\/revisions"}],"wp:attachment":[{"href":"https:\/\/akunq.net\/tr\/index.php?rest_route=%2Fwp%2Fv2%2Fmedia&parent=23259"}],"wp:term":[{"taxonomy":"category","embeddable":true,"href":"https:\/\/akunq.net\/tr\/index.php?rest_route=%2Fwp%2Fv2%2Fcategories&post=23259"},{"taxonomy":"post_tag","embeddable":true,"href":"https:\/\/akunq.net\/tr\/index.php?rest_route=%2Fwp%2Fv2%2Ftags&post=23259"}],"curies":[{"name":"wp","href":"https:\/\/api.w.org\/{rel}","templated":true}]}}