{"id":23236,"date":"2013-05-04T01:43:16","date_gmt":"2013-05-04T06:43:16","guid":{"rendered":"http:\/\/akunq.net\/tr\/?p=23236"},"modified":"2013-05-04T01:43:16","modified_gmt":"2013-05-04T06:43:16","slug":"taraftan-iki-yazar-daha-ayrildi","status":"publish","type":"post","link":"https:\/\/akunq.net\/tr\/?p=23236","title":{"rendered":"Taraf\u2019tan iki yazar daha ayr\u0131ld\u0131"},"content":{"rendered":"<p style=\"text-align: justify;\"><a href=\"http:\/\/akunq.net\/tr\/?attachment_id=23237\" rel=\"attachment wp-att-23237\"><img loading=\"lazy\" decoding=\"async\" class=\"alignright size-medium wp-image-23237\" alt=\"marker esayan\" src=\"http:\/\/akunq.net\/tr\/wp-content\/uploads\/2013\/05\/\u0544\u0561\u0580\u0563\u0561\u0580-\u0535\u057d\u0561\u0575\u0561\u0576-300x224.jpg\" width=\"300\" height=\"224\" srcset=\"https:\/\/akunq.net\/tr\/wp-content\/uploads\/sites\/6\/2013\/05\/\u0544\u0561\u0580\u0563\u0561\u0580-\u0535\u057d\u0561\u0575\u0561\u0576-300x224.jpg 300w, https:\/\/akunq.net\/tr\/wp-content\/uploads\/sites\/6\/2013\/05\/\u0544\u0561\u0580\u0563\u0561\u0580-\u0535\u057d\u0561\u0575\u0561\u0576.jpg 314w\" sizes=\"auto, (max-width: 300px) 100vw, 300px\" \/><\/a>Oral \u00c7al\u0131\u015flar, Markar Esayan, Y\u0131ld\u0131ray O\u011fur derken iki isim daha Taraf gazetesinden ayr\u0131ld\u0131. O isimler Taraf yazarlar\u0131 <b>Cihan Akta\u015f<\/b> ve <b>Ceren Kenar<\/b>.<\/p>\n<p style=\"text-align: justify;\">Cihan Akta\u015f veda yaz\u0131s\u0131nda \u00f6zetle \u015funlar\u0131 dedi:<\/p>\n<p style=\"text-align: justify;\">\u201c2007\u2019nin son ay\u0131nda yazmaya ba\u015flad\u0131\u011f\u0131m Taraf, ayd\u0131n vesayeti ve kibri kar\u015f\u0131s\u0131nda g\u00fcndelik hayat\u0131n oldu\u011fu \u00f6l\u00e7\u00fcde mazlum ve ma\u011fdurlar\u0131n seslerine a\u00e7\u0131k olan yan\u0131yla da benim i\u00e7in yazmaya de\u011fer gazeteydi.<\/p>\n<p style=\"text-align: justify;\">Y\u0131llarca imanlar\u0131n\u0131 koruma kayg\u0131s\u0131yla \u201ckapal\u0131\u201d bir hayat ya\u015famaya zorlanan, sosyal, k\u00fclt\u00fcrel ve siyasal a\u00e7\u0131lardan tabii geli\u015fimlerini ya\u015famalar\u0131na izin vermeyen bask\u0131 ve yasaklara maruz kalan m\u00fctedeyyin insanlar g\u00fcn geldi, kapal\u0131 ya\u015famaya zorland\u0131klar\u0131 mek\u00e2nlardan ta\u015farak bu \u00fclkeyi kana boyayan siyaseti tamir etme sorumlulu\u011fu y\u00fcklendiler.<\/p>\n<p style=\"text-align: justify;\">\u015eimdilerde sistemin olu\u015fturdu\u011fu tahribat\u0131n ma\u011fdurlar\u0131, M\u00fcsl\u00fcmanlar, K\u00fcrtler ve b\u00fct\u00fcn bar\u0131\u015f g\u00f6n\u00fcll\u00fcleri, zor ama zorunlu bir s\u00fcreci ger\u00e7ekle\u015ftirmek \u00fczere b\u00fcy\u00fck gayret g\u00f6steriyorlar.<\/p>\n<p style=\"text-align: justify;\">Buna kar\u015f\u0131l\u0131k Taraf, Cumhuriyet\u00e7i vesayet gelene\u011fini hat\u0131rlatan bir \u00fcslupla \u015fartlar ko\u015farak bar\u0131\u015f s\u00fcrecini sorgulayan bir gazete rol\u00fcn\u00fc \u00fcstlendi\u011fi izlenimi uyand\u0131r\u0131yor.\u201d<\/p>\n<p style=\"text-align: justify;\"><b>MA\u2019A SALAMA TARAF<\/b><\/p>\n<p style=\"text-align: justify;\">Ceren Kenar ise \u015fu sat\u0131rlarla veda etti:<\/p>\n<p style=\"text-align: justify;\">&#8220;Gazetecilik bildirmekti, olana ayna tutmakt\u0131. Fakat bildirirken istemsiz olarak tekrar ve tekrar, her seferinde tav\u0131r almakt\u0131. Aynan\u0131n bir g\u00f6r\u00fc\u015f a\u00e7\u0131s\u0131 oldu\u011funu okurlara hat\u0131rlatmakt\u0131. Gazetecilik taraf olmakt\u0131, ka\u00e7\u0131n\u0131lmaz olarak.<\/p>\n<p style=\"text-align: justify;\">Oral \u00c7al\u0131\u015flar\u2019\u0131n istifa mektubu ve Y\u0131ld\u0131ray O\u011fur\u2019un veda yaz\u0131s\u0131 \u00fczerine eklenecek pek bir \u015fey yok. Taraf ba\u015fka bir Taraf olmaya do\u011fru giderken, ki\u015fisel bir imtihan ile kar\u015f\u0131 kar\u015f\u0131yay\u0131m. Gazetecilik onuru i\u00e7in, hayat\u0131mdaki en b\u00fcy\u00fck zevkten ve \u015fereften, yani her hafta Taraf okurlar\u0131 i\u00e7in orta d\u00fcnyadan bildirmekten feragat etmek durumunday\u0131m.<\/p>\n<p style=\"text-align: justify;\">Ma\u2019a salama Taraf&#8230;<\/p>\n<p style=\"text-align: justify;\">Ma\u2019a salama Arap\u00e7a bir veda s\u00f6zc\u00fc\u011f\u00fc. G\u00fcnl\u00fck kullan\u0131m\u0131 \u201cho\u015f\u00e7a kal\u201d\u0131n kar\u015f\u0131l\u0131\u011f\u0131. Ancak kelime anlam\u0131, bar\u0131\u015f \u00fczerinde olsun demek. Bar\u0131\u015f \u00fczerinde olsun Taraf&#8230;\u201d<\/p>\n<p style=\"text-align: justify;\"><b><i>http:\/\/www.odatv.com\/n.php?n=taraftan-iki-yazar-daha-ayrildi&#8211;2904131200<\/i><\/b><\/p>\n","protected":false},"excerpt":{"rendered":"<p>Oral \u00c7al\u0131\u015flar, Markar Esayan, Y\u0131ld\u0131ray O\u011fur derken iki isim daha Taraf gazetesinden ayr\u0131ld\u0131. O isimler Taraf yazarlar\u0131 Cihan Akta\u015f ve Ceren Kenar. Cihan Akta\u015f veda yaz\u0131s\u0131nda \u00f6zetle \u015funlar\u0131 dedi: \u201c2007\u2019nin son ay\u0131nda yazmaya ba\u015flad\u0131\u011f\u0131m Taraf, ayd\u0131n vesayeti ve kibri kar\u015f\u0131s\u0131nda g\u00fcndelik hayat\u0131n oldu\u011fu \u00f6l\u00e7\u00fcde mazlum ve ma\u011fdurlar\u0131n seslerine a\u00e7\u0131k olan yan\u0131yla da benim i\u00e7in yazmaya [&hellip;]<\/p>\n","protected":false},"author":7,"featured_media":0,"comment_status":"open","ping_status":"open","sticky":false,"template":"","format":"standard","meta":{"footnotes":""},"categories":[1],"tags":[],"class_list":["post-23236","post","type-post","status-publish","format-standard","hentry","category-haberler"],"yoast_head":"<!-- This site is optimized with the Yoast SEO plugin v27.4 - https:\/\/yoast.com\/product\/yoast-seo-wordpress\/ -->\n<title>Taraf\u2019tan iki yazar daha ayr\u0131ld\u0131 - Bati Ermenistan Ve Bati Ermenileri Sorunlari Ara\u015ftirmalar Merkezi<\/title>\n<meta name=\"robots\" content=\"index, follow, max-snippet:-1, max-image-preview:large, max-video-preview:-1\" \/>\n<link rel=\"canonical\" href=\"https:\/\/akunq.net\/tr\/?p=23236\" \/>\n<meta property=\"og:locale\" content=\"en_US\" \/>\n<meta property=\"og:type\" content=\"article\" \/>\n<meta property=\"og:title\" content=\"Taraf\u2019tan iki yazar daha ayr\u0131ld\u0131 - Bati Ermenistan Ve Bati Ermenileri Sorunlari Ara\u015ftirmalar Merkezi\" \/>\n<meta property=\"og:description\" content=\"Oral \u00c7al\u0131\u015flar, Markar Esayan, Y\u0131ld\u0131ray O\u011fur derken iki isim daha Taraf gazetesinden ayr\u0131ld\u0131. O isimler Taraf yazarlar\u0131 Cihan Akta\u015f ve Ceren Kenar. Cihan Akta\u015f veda yaz\u0131s\u0131nda \u00f6zetle \u015funlar\u0131 dedi: \u201c2007\u2019nin son ay\u0131nda yazmaya ba\u015flad\u0131\u011f\u0131m Taraf, ayd\u0131n vesayeti ve kibri kar\u015f\u0131s\u0131nda g\u00fcndelik hayat\u0131n oldu\u011fu \u00f6l\u00e7\u00fcde mazlum ve ma\u011fdurlar\u0131n seslerine a\u00e7\u0131k olan yan\u0131yla da benim i\u00e7in yazmaya [&hellip;]\" \/>\n<meta property=\"og:url\" content=\"https:\/\/akunq.net\/tr\/?p=23236\" \/>\n<meta property=\"og:site_name\" content=\"Bati Ermenistan Ve Bati Ermenileri Sorunlari Ara\u015ftirmalar Merkezi\" \/>\n<meta property=\"article:published_time\" content=\"2013-05-04T06:43:16+00:00\" \/>\n<meta name=\"author\" content=\"admin\" \/>\n<meta name=\"twitter:card\" content=\"summary_large_image\" \/>\n<meta name=\"twitter:label1\" content=\"Written by\" \/>\n\t<meta name=\"twitter:data1\" content=\"admin\" \/>\n\t<meta name=\"twitter:label2\" content=\"Est. reading time\" \/>\n\t<meta name=\"twitter:data2\" content=\"2 minutes\" \/>\n<script type=\"application\/ld+json\" class=\"yoast-schema-graph\">{\"@context\":\"https:\\\/\\\/schema.org\",\"@graph\":[{\"@type\":\"Article\",\"@id\":\"https:\\\/\\\/akunq.net\\\/tr\\\/?p=23236#article\",\"isPartOf\":{\"@id\":\"https:\\\/\\\/akunq.net\\\/tr\\\/?p=23236\"},\"author\":{\"name\":\"admin\",\"@id\":\"https:\\\/\\\/akunq.net\\\/tr\\\/#\\\/schema\\\/person\\\/096f1d38a12cce57fb855b485ed24c9e\"},\"headline\":\"Taraf\u2019tan iki yazar daha ayr\u0131ld\u0131\",\"datePublished\":\"2013-05-04T06:43:16+00:00\",\"mainEntityOfPage\":{\"@id\":\"https:\\\/\\\/akunq.net\\\/tr\\\/?p=23236\"},\"wordCount\":377,\"commentCount\":0,\"articleSection\":[\"Haberler\"],\"inLanguage\":\"en-US\",\"potentialAction\":[{\"@type\":\"CommentAction\",\"name\":\"Comment\",\"target\":[\"https:\\\/\\\/akunq.net\\\/tr\\\/?p=23236#respond\"]}]},{\"@type\":\"WebPage\",\"@id\":\"https:\\\/\\\/akunq.net\\\/tr\\\/?p=23236\",\"url\":\"https:\\\/\\\/akunq.net\\\/tr\\\/?p=23236\",\"name\":\"Taraf\u2019tan iki yazar daha ayr\u0131ld\u0131 - Bati Ermenistan Ve Bati Ermenileri Sorunlari Ara\u015ftirmalar Merkezi\",\"isPartOf\":{\"@id\":\"https:\\\/\\\/akunq.net\\\/tr\\\/#website\"},\"datePublished\":\"2013-05-04T06:43:16+00:00\",\"author\":{\"@id\":\"https:\\\/\\\/akunq.net\\\/tr\\\/#\\\/schema\\\/person\\\/096f1d38a12cce57fb855b485ed24c9e\"},\"breadcrumb\":{\"@id\":\"https:\\\/\\\/akunq.net\\\/tr\\\/?p=23236#breadcrumb\"},\"inLanguage\":\"en-US\",\"potentialAction\":[{\"@type\":\"ReadAction\",\"target\":[\"https:\\\/\\\/akunq.net\\\/tr\\\/?p=23236\"]}]},{\"@type\":\"BreadcrumbList\",\"@id\":\"https:\\\/\\\/akunq.net\\\/tr\\\/?p=23236#breadcrumb\",\"itemListElement\":[{\"@type\":\"ListItem\",\"position\":1,\"name\":\"Home\",\"item\":\"https:\\\/\\\/akunq.net\\\/tr\"},{\"@type\":\"ListItem\",\"position\":2,\"name\":\"Taraf\u2019tan iki yazar daha ayr\u0131ld\u0131\"}]},{\"@type\":\"WebSite\",\"@id\":\"https:\\\/\\\/akunq.net\\\/tr\\\/#website\",\"url\":\"https:\\\/\\\/akunq.net\\\/tr\\\/\",\"name\":\"Bati Ermenistan Ve Bati Ermenileri Sorunlari Ara\u015ftirmalar Merkezi\",\"description\":\"\",\"potentialAction\":[{\"@type\":\"SearchAction\",\"target\":{\"@type\":\"EntryPoint\",\"urlTemplate\":\"https:\\\/\\\/akunq.net\\\/tr\\\/?s={search_term_string}\"},\"query-input\":{\"@type\":\"PropertyValueSpecification\",\"valueRequired\":true,\"valueName\":\"search_term_string\"}}],\"inLanguage\":\"en-US\"},{\"@type\":\"Person\",\"@id\":\"https:\\\/\\\/akunq.net\\\/tr\\\/#\\\/schema\\\/person\\\/096f1d38a12cce57fb855b485ed24c9e\",\"name\":\"admin\",\"url\":\"https:\\\/\\\/akunq.net\\\/tr\\\/?author=7\"}]}<\/script>\n<!-- \/ Yoast SEO plugin. -->","yoast_head_json":{"title":"Taraf\u2019tan iki yazar daha ayr\u0131ld\u0131 - Bati Ermenistan Ve Bati Ermenileri Sorunlari Ara\u015ftirmalar Merkezi","robots":{"index":"index","follow":"follow","max-snippet":"max-snippet:-1","max-image-preview":"max-image-preview:large","max-video-preview":"max-video-preview:-1"},"canonical":"https:\/\/akunq.net\/tr\/?p=23236","og_locale":"en_US","og_type":"article","og_title":"Taraf\u2019tan iki yazar daha ayr\u0131ld\u0131 - Bati Ermenistan Ve Bati Ermenileri Sorunlari Ara\u015ftirmalar Merkezi","og_description":"Oral \u00c7al\u0131\u015flar, Markar Esayan, Y\u0131ld\u0131ray O\u011fur derken iki isim daha Taraf gazetesinden ayr\u0131ld\u0131. O isimler Taraf yazarlar\u0131 Cihan Akta\u015f ve Ceren Kenar. Cihan Akta\u015f veda yaz\u0131s\u0131nda \u00f6zetle \u015funlar\u0131 dedi: \u201c2007\u2019nin son ay\u0131nda yazmaya ba\u015flad\u0131\u011f\u0131m Taraf, ayd\u0131n vesayeti ve kibri kar\u015f\u0131s\u0131nda g\u00fcndelik hayat\u0131n oldu\u011fu \u00f6l\u00e7\u00fcde mazlum ve ma\u011fdurlar\u0131n seslerine a\u00e7\u0131k olan yan\u0131yla da benim i\u00e7in yazmaya [&hellip;]","og_url":"https:\/\/akunq.net\/tr\/?p=23236","og_site_name":"Bati Ermenistan Ve Bati Ermenileri Sorunlari Ara\u015ftirmalar Merkezi","article_published_time":"2013-05-04T06:43:16+00:00","author":"admin","twitter_card":"summary_large_image","twitter_misc":{"Written by":"admin","Est. reading time":"2 minutes"},"schema":{"@context":"https:\/\/schema.org","@graph":[{"@type":"Article","@id":"https:\/\/akunq.net\/tr\/?p=23236#article","isPartOf":{"@id":"https:\/\/akunq.net\/tr\/?p=23236"},"author":{"name":"admin","@id":"https:\/\/akunq.net\/tr\/#\/schema\/person\/096f1d38a12cce57fb855b485ed24c9e"},"headline":"Taraf\u2019tan iki yazar daha ayr\u0131ld\u0131","datePublished":"2013-05-04T06:43:16+00:00","mainEntityOfPage":{"@id":"https:\/\/akunq.net\/tr\/?p=23236"},"wordCount":377,"commentCount":0,"articleSection":["Haberler"],"inLanguage":"en-US","potentialAction":[{"@type":"CommentAction","name":"Comment","target":["https:\/\/akunq.net\/tr\/?p=23236#respond"]}]},{"@type":"WebPage","@id":"https:\/\/akunq.net\/tr\/?p=23236","url":"https:\/\/akunq.net\/tr\/?p=23236","name":"Taraf\u2019tan iki yazar daha ayr\u0131ld\u0131 - Bati Ermenistan Ve Bati Ermenileri Sorunlari Ara\u015ftirmalar Merkezi","isPartOf":{"@id":"https:\/\/akunq.net\/tr\/#website"},"datePublished":"2013-05-04T06:43:16+00:00","author":{"@id":"https:\/\/akunq.net\/tr\/#\/schema\/person\/096f1d38a12cce57fb855b485ed24c9e"},"breadcrumb":{"@id":"https:\/\/akunq.net\/tr\/?p=23236#breadcrumb"},"inLanguage":"en-US","potentialAction":[{"@type":"ReadAction","target":["https:\/\/akunq.net\/tr\/?p=23236"]}]},{"@type":"BreadcrumbList","@id":"https:\/\/akunq.net\/tr\/?p=23236#breadcrumb","itemListElement":[{"@type":"ListItem","position":1,"name":"Home","item":"https:\/\/akunq.net\/tr"},{"@type":"ListItem","position":2,"name":"Taraf\u2019tan iki yazar daha ayr\u0131ld\u0131"}]},{"@type":"WebSite","@id":"https:\/\/akunq.net\/tr\/#website","url":"https:\/\/akunq.net\/tr\/","name":"Bati Ermenistan Ve Bati Ermenileri Sorunlari Ara\u015ftirmalar Merkezi","description":"","potentialAction":[{"@type":"SearchAction","target":{"@type":"EntryPoint","urlTemplate":"https:\/\/akunq.net\/tr\/?s={search_term_string}"},"query-input":{"@type":"PropertyValueSpecification","valueRequired":true,"valueName":"search_term_string"}}],"inLanguage":"en-US"},{"@type":"Person","@id":"https:\/\/akunq.net\/tr\/#\/schema\/person\/096f1d38a12cce57fb855b485ed24c9e","name":"admin","url":"https:\/\/akunq.net\/tr\/?author=7"}]}},"_links":{"self":[{"href":"https:\/\/akunq.net\/tr\/index.php?rest_route=\/wp\/v2\/posts\/23236","targetHints":{"allow":["GET"]}}],"collection":[{"href":"https:\/\/akunq.net\/tr\/index.php?rest_route=\/wp\/v2\/posts"}],"about":[{"href":"https:\/\/akunq.net\/tr\/index.php?rest_route=\/wp\/v2\/types\/post"}],"author":[{"embeddable":true,"href":"https:\/\/akunq.net\/tr\/index.php?rest_route=\/wp\/v2\/users\/7"}],"replies":[{"embeddable":true,"href":"https:\/\/akunq.net\/tr\/index.php?rest_route=%2Fwp%2Fv2%2Fcomments&post=23236"}],"version-history":[{"count":1,"href":"https:\/\/akunq.net\/tr\/index.php?rest_route=\/wp\/v2\/posts\/23236\/revisions"}],"predecessor-version":[{"id":23238,"href":"https:\/\/akunq.net\/tr\/index.php?rest_route=\/wp\/v2\/posts\/23236\/revisions\/23238"}],"wp:attachment":[{"href":"https:\/\/akunq.net\/tr\/index.php?rest_route=%2Fwp%2Fv2%2Fmedia&parent=23236"}],"wp:term":[{"taxonomy":"category","embeddable":true,"href":"https:\/\/akunq.net\/tr\/index.php?rest_route=%2Fwp%2Fv2%2Fcategories&post=23236"},{"taxonomy":"post_tag","embeddable":true,"href":"https:\/\/akunq.net\/tr\/index.php?rest_route=%2Fwp%2Fv2%2Ftags&post=23236"}],"curies":[{"name":"wp","href":"https:\/\/api.w.org\/{rel}","templated":true}]}}