{"id":23215,"date":"2013-05-02T03:51:27","date_gmt":"2013-05-02T08:51:27","guid":{"rendered":"http:\/\/akunq.net\/tr\/?p=23215"},"modified":"2013-05-02T03:51:27","modified_gmt":"2013-05-02T08:51:27","slug":"teror-vatandasin-gundeminden-cikti","status":"publish","type":"post","link":"https:\/\/akunq.net\/tr\/?p=23215","title":{"rendered":"Ter\u00f6r vatanda\u015f\u0131n g\u00fcndeminden \u00e7\u0131kt\u0131"},"content":{"rendered":"<div>\n<p style=\"text-align: justify;\"><b><i><a href=\"http:\/\/akunq.net\/tr\/?attachment_id=23216\" rel=\"attachment wp-att-23216\"><img loading=\"lazy\" decoding=\"async\" class=\"alignright size-full wp-image-23216\" alt=\"MAK Dan\u0131\u015fmanl\u0131k'\u0131n yapt\u0131\u011f\u0131 anket\" src=\"http:\/\/akunq.net\/tr\/wp-content\/uploads\/2013\/05\/MAK-Dan\u0131\u015fmanl\u0131k\u0131n-yapt\u0131\u011f\u0131-anket.jpg\" width=\"200\" height=\"200\" srcset=\"https:\/\/akunq.net\/tr\/wp-content\/uploads\/sites\/6\/2013\/05\/MAK-Dan\u0131\u015fmanl\u0131k\u0131n-yapt\u0131\u011f\u0131-anket.jpg 200w, https:\/\/akunq.net\/tr\/wp-content\/uploads\/sites\/6\/2013\/05\/MAK-Dan\u0131\u015fmanl\u0131k\u0131n-yapt\u0131\u011f\u0131-anket-150x150.jpg 150w\" sizes=\"auto, (max-width: 200px) 100vw, 200px\" \/><\/a>MAK Dan\u0131\u015fmanl\u0131k&#8217;\u0131n yapt\u0131\u011f\u0131 ankete g\u00f6re, vatanda\u015f \u00f6ncelikli sorunlar aras\u0131ndan ilk kez ter\u00f6r\u00fc \u00e7\u0131kard\u0131. Halk\u0131n y\u00fczde 61&#8217;i \u00e7\u00f6z\u00fcm konusunda h\u00fck\u00fcmete g\u00fcveniyor.<\/i><\/b><\/p>\n<\/div>\n<p style=\"text-align: justify;\">\u00c7\u00f6z\u00fcm s\u00fcrecinde g\u00f6zler PKK&#8217;n\u0131n s\u0131n\u0131rd\u0131\u015f\u0131na \u00e7ekilece\u011fi 8 May\u0131s&#8217;a \u00e7evrilirken 81 ilde 40 bin ki\u015fiyle yap\u0131lan anket ter\u00f6r\u00fcn vatanda\u015f\u0131n g\u00fcndeminden d\u00fc\u015ft\u00fc\u011f\u00fcn\u00fc ortaya koydu. MAK Dan\u0131\u015fmanl\u0131k taraf\u0131ndan yap\u0131lan anket \u00e7al\u0131\u015fmas\u0131na g\u00f6re ter\u00f6r ilk kez \u00f6ncelikli sorunlar aras\u0131nda de\u011fil ve halk\u0131n y\u00fczde 61&#8217;i ter\u00f6r\u00fc bitirme konusunda h\u00fck\u00fcmete g\u00fcveniyor. MAK Dan\u0131\u015fmanl\u0131k taraf\u0131ndan 11-13 Nisan tarihleri aras\u0131nda yap\u0131lan ara\u015ft\u0131rmada 400 saha \u00e7al\u0131\u015fan\u0131 40 bin ki\u015fiyle g\u00f6r\u00fc\u015ft\u00fc ve g\u00fcncel konulara ili\u015fkin 15 soru y\u00f6neltti. &#8220;Sizce ter\u00f6r sorununun \u00e7\u00f6z\u00fcm\u00fcnde h\u00fck\u00fcmet ba\u015far\u0131l\u0131 olacak m\u0131?&#8221; sorusuna ankete kat\u0131lanlar\u0131n y\u00fczde 61&#8217;i &#8216;evet&#8217;, y\u00fczde 34&#8217;\u00fc &#8216;hay\u0131r&#8217; derken, y\u00fczde 5&#8217;i ise karars\u0131z oldu\u011funu belirtti. &#8220;T\u00fcrkiye&#8217;nin birinci sorunu nedir?&#8221; sorusuna ise kat\u0131lanlar\u0131n y\u00fczde 29&#8217;u i\u015fsizlik, y\u00fczde 21&#8217;i hayat pahal\u0131l\u0131\u011f\u0131, y\u00fczde 18&#8217;i Suriye yan\u0131t\u0131n\u0131 verdi. \u0130lk 5 sorun aras\u0131nda &#8216;ter\u00f6r&#8217; yan\u0131t\u0131 yer almazken, ankete kat\u0131lanlar\u0131n y\u00fczde 11&#8217;i sorun olarak &#8216;\u00fclke b\u00fct\u00fcnl\u00fc\u011f\u00fc&#8217;n\u00fc g\u00f6rd\u00fc\u011f\u00fcn\u00fc belirtti.<br \/>\n<b><br \/>\nG\u00dcNEYDO\u011eU&#8217;NUN SE\u00c7\u0130M\u0130 AK PART\u0130 <\/b><br \/>\nAnkette h\u00fck\u00fcmetin ba\u015far\u0131l\u0131 bulunup bulunmad\u0131\u011f\u0131 y\u00f6n\u00fcndeki soruya y\u00fczde 51.2 oran\u0131nda &#8216;evet&#8217;, y\u00fczde 40.8 oran\u0131nda &#8216;hay\u0131r&#8217; yan\u0131t\u0131 verilirken &#8220;Bug\u00fcn se\u00e7im olsa oyunuzu hangi partiye verirsiniz?&#8221; sorusuna da ankete kat\u0131lanlar\u0131n y\u00fczde 50.3&#8217;\u00fc AK Parti, y\u00fczde 22.8&#8217;i CHP, y\u00fczde 12.8&#8217;i MHP, y\u00fczde 7.1&#8217;i BDP, y\u00fczde 3.1&#8217;i Saadet Partisi ve y\u00fczde 2.1&#8217;i de BBP kar\u015f\u0131l\u0131\u011f\u0131n\u0131 verdi. Ankete g\u00f6re, Do\u011fu ve G\u00fcneydo\u011fu&#8217;da AK Partili se\u00e7menin ikinci tercihi Saadet Partisi ve BDP olurken, BDP&#8217;li se\u00e7menin y\u00fczde 95&#8217;inin tercihi AK Parti. \u0130\u00e7 Anadolu&#8217;da MHP&#8217;li se\u00e7menin ikinci tercihini AK Parti olu\u015ftururken, bat\u0131 b\u00f6lgelerinde MHP&#8217;li se\u00e7menin ikinci tercihi CHP.<br \/>\n<b><br \/>\nBA\u015eKANLIK DESTE\u011e\u0130 <\/b><br \/>\nBa\u015fkanl\u0131k sistemi konusunda nabz\u0131 \u00f6l\u00e7\u00fclen vatanda\u015fa &#8220;Size g\u00f6re \u00fclkemiz i\u00e7in ba\u015fkanl\u0131k sistemi faydal\u0131 olur mu?&#8221; sorusu y\u00f6neltildi. Deneklerin y\u00fczde 57&#8217;si &#8216;evet&#8217;, y\u00fczde 33&#8217;\u00fc &#8216;hay\u0131r&#8217; yan\u0131t\u0131 verirken, y\u00fczde 10&#8217;u karars\u0131z oldu\u011funu ifade etti. Yeni anayasan\u0131n haz\u0131rlanamamas\u0131 konusunda kimin ba\u015far\u0131s\u0131z oldu\u011fu y\u00f6n\u00fcndeki soruya da ankete kat\u0131lanlar\u0131n y\u00fczde 41&#8217;i &#8216;h\u00fck\u00fcmet&#8217;, y\u00fczde 44&#8217;\u00fc ise &#8216;muhalefet&#8217; \u015feklinde cevap verdi. Ankette &#8220;en ba\u015far\u0131l\u0131 buldu\u011funuz bakan hangisi?&#8221; sorusuna kat\u0131lanlar\u0131n y\u00fczde 9&#8217;u Aile ve Sosyal Politikalar Bakan\u0131 Fatma \u015eahin yan\u0131t\u0131n\u0131 verirken s\u0131ralamada ikinci s\u0131rada D\u0131\u015fi\u015fleri Bakan\u0131 Ahmet Davuto\u011flu ve \u00fc\u00e7\u00fcnc\u00fc s\u0131rada da Ula\u015ft\u0131rma ve Denizcilik Bakan\u0131 Binali Y\u0131ld\u0131r\u0131m yer ald\u0131.<\/p>\n<p><b><i>http:\/\/www.sabah.com.tr\/Gundem\/2013\/05\/02\/teror-vatandasin-gundeminden-cikti<\/i><\/b><\/p>\n","protected":false},"excerpt":{"rendered":"<p>MAK Dan\u0131\u015fmanl\u0131k&#8217;\u0131n yapt\u0131\u011f\u0131 ankete g\u00f6re, vatanda\u015f \u00f6ncelikli sorunlar aras\u0131ndan ilk kez ter\u00f6r\u00fc \u00e7\u0131kard\u0131. Halk\u0131n y\u00fczde 61&#8217;i \u00e7\u00f6z\u00fcm konusunda h\u00fck\u00fcmete g\u00fcveniyor. \u00c7\u00f6z\u00fcm s\u00fcrecinde g\u00f6zler PKK&#8217;n\u0131n s\u0131n\u0131rd\u0131\u015f\u0131na \u00e7ekilece\u011fi 8 May\u0131s&#8217;a \u00e7evrilirken 81 ilde 40 bin ki\u015fiyle yap\u0131lan anket ter\u00f6r\u00fcn vatanda\u015f\u0131n g\u00fcndeminden d\u00fc\u015ft\u00fc\u011f\u00fcn\u00fc ortaya koydu. MAK Dan\u0131\u015fmanl\u0131k taraf\u0131ndan yap\u0131lan anket \u00e7al\u0131\u015fmas\u0131na g\u00f6re ter\u00f6r ilk kez \u00f6ncelikli sorunlar aras\u0131nda [&hellip;]<\/p>\n","protected":false},"author":7,"featured_media":0,"comment_status":"open","ping_status":"open","sticky":false,"template":"","format":"standard","meta":{"footnotes":""},"categories":[1],"tags":[],"class_list":["post-23215","post","type-post","status-publish","format-standard","hentry","category-haberler"],"yoast_head":"<!-- This site is optimized with the Yoast SEO plugin v27.4 - https:\/\/yoast.com\/product\/yoast-seo-wordpress\/ -->\n<title>Ter\u00f6r vatanda\u015f\u0131n g\u00fcndeminden \u00e7\u0131kt\u0131 - Bati Ermenistan Ve Bati Ermenileri Sorunlari Ara\u015ftirmalar Merkezi<\/title>\n<meta name=\"robots\" content=\"index, follow, max-snippet:-1, max-image-preview:large, max-video-preview:-1\" \/>\n<link rel=\"canonical\" href=\"https:\/\/akunq.net\/tr\/?p=23215\" \/>\n<meta property=\"og:locale\" content=\"en_US\" \/>\n<meta property=\"og:type\" content=\"article\" \/>\n<meta property=\"og:title\" content=\"Ter\u00f6r vatanda\u015f\u0131n g\u00fcndeminden \u00e7\u0131kt\u0131 - Bati Ermenistan Ve Bati Ermenileri Sorunlari Ara\u015ftirmalar Merkezi\" \/>\n<meta property=\"og:description\" content=\"MAK Dan\u0131\u015fmanl\u0131k&#8217;\u0131n yapt\u0131\u011f\u0131 ankete g\u00f6re, vatanda\u015f \u00f6ncelikli sorunlar aras\u0131ndan ilk kez ter\u00f6r\u00fc \u00e7\u0131kard\u0131. Halk\u0131n y\u00fczde 61&#8217;i \u00e7\u00f6z\u00fcm konusunda h\u00fck\u00fcmete g\u00fcveniyor. \u00c7\u00f6z\u00fcm s\u00fcrecinde g\u00f6zler PKK&#8217;n\u0131n s\u0131n\u0131rd\u0131\u015f\u0131na \u00e7ekilece\u011fi 8 May\u0131s&#8217;a \u00e7evrilirken 81 ilde 40 bin ki\u015fiyle yap\u0131lan anket ter\u00f6r\u00fcn vatanda\u015f\u0131n g\u00fcndeminden d\u00fc\u015ft\u00fc\u011f\u00fcn\u00fc ortaya koydu. MAK Dan\u0131\u015fmanl\u0131k taraf\u0131ndan yap\u0131lan anket \u00e7al\u0131\u015fmas\u0131na g\u00f6re ter\u00f6r ilk kez \u00f6ncelikli sorunlar aras\u0131nda [&hellip;]\" \/>\n<meta property=\"og:url\" content=\"https:\/\/akunq.net\/tr\/?p=23215\" \/>\n<meta property=\"og:site_name\" content=\"Bati Ermenistan Ve Bati Ermenileri Sorunlari Ara\u015ftirmalar Merkezi\" \/>\n<meta property=\"article:published_time\" content=\"2013-05-02T08:51:27+00:00\" \/>\n<meta name=\"author\" content=\"admin\" \/>\n<meta name=\"twitter:card\" content=\"summary_large_image\" \/>\n<meta name=\"twitter:label1\" content=\"Written by\" \/>\n\t<meta name=\"twitter:data1\" content=\"admin\" \/>\n\t<meta name=\"twitter:label2\" content=\"Est. reading time\" \/>\n\t<meta name=\"twitter:data2\" content=\"3 minutes\" \/>\n<script type=\"application\/ld+json\" class=\"yoast-schema-graph\">{\"@context\":\"https:\\\/\\\/schema.org\",\"@graph\":[{\"@type\":\"Article\",\"@id\":\"https:\\\/\\\/akunq.net\\\/tr\\\/?p=23215#article\",\"isPartOf\":{\"@id\":\"https:\\\/\\\/akunq.net\\\/tr\\\/?p=23215\"},\"author\":{\"name\":\"admin\",\"@id\":\"https:\\\/\\\/akunq.net\\\/tr\\\/#\\\/schema\\\/person\\\/096f1d38a12cce57fb855b485ed24c9e\"},\"headline\":\"Ter\u00f6r vatanda\u015f\u0131n g\u00fcndeminden \u00e7\u0131kt\u0131\",\"datePublished\":\"2013-05-02T08:51:27+00:00\",\"mainEntityOfPage\":{\"@id\":\"https:\\\/\\\/akunq.net\\\/tr\\\/?p=23215\"},\"wordCount\":525,\"commentCount\":0,\"articleSection\":[\"Haberler\"],\"inLanguage\":\"en-US\",\"potentialAction\":[{\"@type\":\"CommentAction\",\"name\":\"Comment\",\"target\":[\"https:\\\/\\\/akunq.net\\\/tr\\\/?p=23215#respond\"]}]},{\"@type\":\"WebPage\",\"@id\":\"https:\\\/\\\/akunq.net\\\/tr\\\/?p=23215\",\"url\":\"https:\\\/\\\/akunq.net\\\/tr\\\/?p=23215\",\"name\":\"Ter\u00f6r vatanda\u015f\u0131n g\u00fcndeminden \u00e7\u0131kt\u0131 - Bati Ermenistan Ve Bati Ermenileri Sorunlari Ara\u015ftirmalar Merkezi\",\"isPartOf\":{\"@id\":\"https:\\\/\\\/akunq.net\\\/tr\\\/#website\"},\"datePublished\":\"2013-05-02T08:51:27+00:00\",\"author\":{\"@id\":\"https:\\\/\\\/akunq.net\\\/tr\\\/#\\\/schema\\\/person\\\/096f1d38a12cce57fb855b485ed24c9e\"},\"breadcrumb\":{\"@id\":\"https:\\\/\\\/akunq.net\\\/tr\\\/?p=23215#breadcrumb\"},\"inLanguage\":\"en-US\",\"potentialAction\":[{\"@type\":\"ReadAction\",\"target\":[\"https:\\\/\\\/akunq.net\\\/tr\\\/?p=23215\"]}]},{\"@type\":\"BreadcrumbList\",\"@id\":\"https:\\\/\\\/akunq.net\\\/tr\\\/?p=23215#breadcrumb\",\"itemListElement\":[{\"@type\":\"ListItem\",\"position\":1,\"name\":\"Home\",\"item\":\"https:\\\/\\\/akunq.net\\\/tr\"},{\"@type\":\"ListItem\",\"position\":2,\"name\":\"Ter\u00f6r vatanda\u015f\u0131n g\u00fcndeminden \u00e7\u0131kt\u0131\"}]},{\"@type\":\"WebSite\",\"@id\":\"https:\\\/\\\/akunq.net\\\/tr\\\/#website\",\"url\":\"https:\\\/\\\/akunq.net\\\/tr\\\/\",\"name\":\"Bati Ermenistan Ve Bati Ermenileri Sorunlari Ara\u015ftirmalar Merkezi\",\"description\":\"\",\"potentialAction\":[{\"@type\":\"SearchAction\",\"target\":{\"@type\":\"EntryPoint\",\"urlTemplate\":\"https:\\\/\\\/akunq.net\\\/tr\\\/?s={search_term_string}\"},\"query-input\":{\"@type\":\"PropertyValueSpecification\",\"valueRequired\":true,\"valueName\":\"search_term_string\"}}],\"inLanguage\":\"en-US\"},{\"@type\":\"Person\",\"@id\":\"https:\\\/\\\/akunq.net\\\/tr\\\/#\\\/schema\\\/person\\\/096f1d38a12cce57fb855b485ed24c9e\",\"name\":\"admin\",\"url\":\"https:\\\/\\\/akunq.net\\\/tr\\\/?author=7\"}]}<\/script>\n<!-- \/ Yoast SEO plugin. -->","yoast_head_json":{"title":"Ter\u00f6r vatanda\u015f\u0131n g\u00fcndeminden \u00e7\u0131kt\u0131 - Bati Ermenistan Ve Bati Ermenileri Sorunlari Ara\u015ftirmalar Merkezi","robots":{"index":"index","follow":"follow","max-snippet":"max-snippet:-1","max-image-preview":"max-image-preview:large","max-video-preview":"max-video-preview:-1"},"canonical":"https:\/\/akunq.net\/tr\/?p=23215","og_locale":"en_US","og_type":"article","og_title":"Ter\u00f6r vatanda\u015f\u0131n g\u00fcndeminden \u00e7\u0131kt\u0131 - Bati Ermenistan Ve Bati Ermenileri Sorunlari Ara\u015ftirmalar Merkezi","og_description":"MAK Dan\u0131\u015fmanl\u0131k&#8217;\u0131n yapt\u0131\u011f\u0131 ankete g\u00f6re, vatanda\u015f \u00f6ncelikli sorunlar aras\u0131ndan ilk kez ter\u00f6r\u00fc \u00e7\u0131kard\u0131. Halk\u0131n y\u00fczde 61&#8217;i \u00e7\u00f6z\u00fcm konusunda h\u00fck\u00fcmete g\u00fcveniyor. \u00c7\u00f6z\u00fcm s\u00fcrecinde g\u00f6zler PKK&#8217;n\u0131n s\u0131n\u0131rd\u0131\u015f\u0131na \u00e7ekilece\u011fi 8 May\u0131s&#8217;a \u00e7evrilirken 81 ilde 40 bin ki\u015fiyle yap\u0131lan anket ter\u00f6r\u00fcn vatanda\u015f\u0131n g\u00fcndeminden d\u00fc\u015ft\u00fc\u011f\u00fcn\u00fc ortaya koydu. MAK Dan\u0131\u015fmanl\u0131k taraf\u0131ndan yap\u0131lan anket \u00e7al\u0131\u015fmas\u0131na g\u00f6re ter\u00f6r ilk kez \u00f6ncelikli sorunlar aras\u0131nda [&hellip;]","og_url":"https:\/\/akunq.net\/tr\/?p=23215","og_site_name":"Bati Ermenistan Ve Bati Ermenileri Sorunlari Ara\u015ftirmalar Merkezi","article_published_time":"2013-05-02T08:51:27+00:00","author":"admin","twitter_card":"summary_large_image","twitter_misc":{"Written by":"admin","Est. reading time":"3 minutes"},"schema":{"@context":"https:\/\/schema.org","@graph":[{"@type":"Article","@id":"https:\/\/akunq.net\/tr\/?p=23215#article","isPartOf":{"@id":"https:\/\/akunq.net\/tr\/?p=23215"},"author":{"name":"admin","@id":"https:\/\/akunq.net\/tr\/#\/schema\/person\/096f1d38a12cce57fb855b485ed24c9e"},"headline":"Ter\u00f6r vatanda\u015f\u0131n g\u00fcndeminden \u00e7\u0131kt\u0131","datePublished":"2013-05-02T08:51:27+00:00","mainEntityOfPage":{"@id":"https:\/\/akunq.net\/tr\/?p=23215"},"wordCount":525,"commentCount":0,"articleSection":["Haberler"],"inLanguage":"en-US","potentialAction":[{"@type":"CommentAction","name":"Comment","target":["https:\/\/akunq.net\/tr\/?p=23215#respond"]}]},{"@type":"WebPage","@id":"https:\/\/akunq.net\/tr\/?p=23215","url":"https:\/\/akunq.net\/tr\/?p=23215","name":"Ter\u00f6r vatanda\u015f\u0131n g\u00fcndeminden \u00e7\u0131kt\u0131 - Bati Ermenistan Ve Bati Ermenileri Sorunlari Ara\u015ftirmalar Merkezi","isPartOf":{"@id":"https:\/\/akunq.net\/tr\/#website"},"datePublished":"2013-05-02T08:51:27+00:00","author":{"@id":"https:\/\/akunq.net\/tr\/#\/schema\/person\/096f1d38a12cce57fb855b485ed24c9e"},"breadcrumb":{"@id":"https:\/\/akunq.net\/tr\/?p=23215#breadcrumb"},"inLanguage":"en-US","potentialAction":[{"@type":"ReadAction","target":["https:\/\/akunq.net\/tr\/?p=23215"]}]},{"@type":"BreadcrumbList","@id":"https:\/\/akunq.net\/tr\/?p=23215#breadcrumb","itemListElement":[{"@type":"ListItem","position":1,"name":"Home","item":"https:\/\/akunq.net\/tr"},{"@type":"ListItem","position":2,"name":"Ter\u00f6r vatanda\u015f\u0131n g\u00fcndeminden \u00e7\u0131kt\u0131"}]},{"@type":"WebSite","@id":"https:\/\/akunq.net\/tr\/#website","url":"https:\/\/akunq.net\/tr\/","name":"Bati Ermenistan Ve Bati Ermenileri Sorunlari Ara\u015ftirmalar Merkezi","description":"","potentialAction":[{"@type":"SearchAction","target":{"@type":"EntryPoint","urlTemplate":"https:\/\/akunq.net\/tr\/?s={search_term_string}"},"query-input":{"@type":"PropertyValueSpecification","valueRequired":true,"valueName":"search_term_string"}}],"inLanguage":"en-US"},{"@type":"Person","@id":"https:\/\/akunq.net\/tr\/#\/schema\/person\/096f1d38a12cce57fb855b485ed24c9e","name":"admin","url":"https:\/\/akunq.net\/tr\/?author=7"}]}},"_links":{"self":[{"href":"https:\/\/akunq.net\/tr\/index.php?rest_route=\/wp\/v2\/posts\/23215","targetHints":{"allow":["GET"]}}],"collection":[{"href":"https:\/\/akunq.net\/tr\/index.php?rest_route=\/wp\/v2\/posts"}],"about":[{"href":"https:\/\/akunq.net\/tr\/index.php?rest_route=\/wp\/v2\/types\/post"}],"author":[{"embeddable":true,"href":"https:\/\/akunq.net\/tr\/index.php?rest_route=\/wp\/v2\/users\/7"}],"replies":[{"embeddable":true,"href":"https:\/\/akunq.net\/tr\/index.php?rest_route=%2Fwp%2Fv2%2Fcomments&post=23215"}],"version-history":[{"count":1,"href":"https:\/\/akunq.net\/tr\/index.php?rest_route=\/wp\/v2\/posts\/23215\/revisions"}],"predecessor-version":[{"id":23217,"href":"https:\/\/akunq.net\/tr\/index.php?rest_route=\/wp\/v2\/posts\/23215\/revisions\/23217"}],"wp:attachment":[{"href":"https:\/\/akunq.net\/tr\/index.php?rest_route=%2Fwp%2Fv2%2Fmedia&parent=23215"}],"wp:term":[{"taxonomy":"category","embeddable":true,"href":"https:\/\/akunq.net\/tr\/index.php?rest_route=%2Fwp%2Fv2%2Fcategories&post=23215"},{"taxonomy":"post_tag","embeddable":true,"href":"https:\/\/akunq.net\/tr\/index.php?rest_route=%2Fwp%2Fv2%2Ftags&post=23215"}],"curies":[{"name":"wp","href":"https:\/\/api.w.org\/{rel}","templated":true}]}}