{"id":23181,"date":"2013-04-30T02:12:09","date_gmt":"2013-04-30T07:12:09","guid":{"rendered":"http:\/\/akunq.net\/tr\/?p=23181"},"modified":"2013-04-30T02:12:09","modified_gmt":"2013-04-30T07:12:09","slug":"ataturk-ermenileri-soran-abdliye-ne-demisti","status":"publish","type":"post","link":"https:\/\/akunq.net\/tr\/?p=23181","title":{"rendered":"Atat\u00fcrk, Ermenileri soran ABD&#8217;liye ne demi\u015fti?"},"content":{"rendered":"<p style=\"text-align: justify;\"><b><a href=\"http:\/\/akunq.net\/tr\/?attachment_id=23182\" rel=\"attachment wp-att-23182\"><img loading=\"lazy\" decoding=\"async\" class=\"alignright size-medium wp-image-23182\" alt=\"Edward Rowny\" src=\"http:\/\/akunq.net\/tr\/wp-content\/uploads\/2013\/04\/Edward-Rowny-300x203.jpg\" width=\"300\" height=\"203\" srcset=\"https:\/\/akunq.net\/tr\/wp-content\/uploads\/sites\/6\/2013\/04\/Edward-Rowny-300x203.jpg 300w, https:\/\/akunq.net\/tr\/wp-content\/uploads\/sites\/6\/2013\/04\/Edward-Rowny.jpg 480w\" sizes=\"auto, (max-width: 300px) 100vw, 300px\" \/><\/a>\u00d6mer \u015eahin<\/b><\/p>\n<p style=\"text-align: justify;\"><b><i>ABD siyaset tarihinde \u00f6nemli bir rol\u00fc olan Edward Rowny&#8217;nin kitab\u0131 bu yaz \u00e7\u0131k\u0131yor. Kitapta T\u00fcrkiye ile ilgili b\u00f6l\u00fcmler de var.<\/i><\/b><\/p>\n<p style=\"text-align: justify;\">Hen\u00fcz 17 ya\u015f\u0131nda bir Amerikal\u0131. Prag\u2019da staj\u0131n\u0131 yapt\u0131\u011f\u0131 g\u00fcnlerde Ankara\u2019daki ABD B\u00fcy\u00fckel\u00e7ili\u011fi\u2019ne ba\u015fvuruyor. Mustafa Kemal Atat\u00fcrk\u2019\u00fc merak etti\u011fini ve g\u00f6r\u00fc\u015fmek istedi\u011fini s\u00f6yl\u00fcyor. \u00c7ankaya K\u00f6\u015fk\u00fc\u2019ne 15 dakikal\u0131k g\u00f6r\u00fc\u015fme i\u00e7in gelen gen\u00e7 Edward, 1 saatten fazla kal\u0131yor. Atat\u00fcrk, Almanya\u2019dan ABD\u2019ye, H\u0131ristiyanl\u0131ktan \u0130slamiyete kadar pe\u015f pe\u015fe sorular soran gen\u00e7 Amerikal\u0131ya d\u00fc\u015f\u00fcncelerini a\u00e7\u0131kl\u0131yor. Sadece bir yerde sordu\u011fu soruya cevap alam\u0131yor Edward. 1915 Ermeni tehciri ve ya\u015fanan trajediyle ilgili d\u00fc\u015f\u00fcncelerini merak ediyor. Atat\u00fcrk\u2019e kendi \u00fclkesinde yerle\u015fik hale gelen bir s\u00f6z\u00fc hat\u0131rlatarak soruya giri\u015f yap\u0131yor: \u201cAnnem tabaklar\u0131m\u0131zdaki yemekleri bitirmedi\u011fimizde, \u2018A\u00e7l\u0131k \u00e7eken Ermenileri d\u00fc\u015f\u00fcn\u2019 der\u201d diyor. Bunu s\u00f6yledikten sonra Atat\u00fcrk\u2019\u00fcn Ermeni olaylar\u0131 hakk\u0131nda verece\u011fi cevab\u0131 bekliyor. Atat\u00fcrk, di\u011fer sorulara cevap verirken Ermeni olay\u0131na girmiyor. Konuyu de\u011fi\u015ftiriyor.<br \/>\nHer 24 Nisan, \u2018Ermeni sorunu\u2019nun g\u00fcndeme geldi\u011fi tarihtir. D\u00fcnyadaki tepkiler, ABD ba\u015fkanlar\u0131n\u0131n yapaca\u011f\u0131 a\u00e7\u0131klamalar kayg\u0131yla bekleniyor. 2013 24 Nisan\u0131 beklenenden sakin ge\u00e7ti. Atat\u00fcrk\u2019\u00fcn bu konuda neler d\u00fc\u015f\u00fcnd\u00fc\u011f\u00fc, neler s\u00f6yledi\u011fine ili\u015fkin \u00e7ok fazla bilgiye sahip oldu\u011fumuz s\u00f6ylenemez. Atat\u00fcrk\u2019\u00fcn ya\u015fad\u0131\u011f\u0131 d\u00f6nemde kullan\u0131lm\u0131\u015f olmasa da \u2018soyk\u0131r\u0131m\u2019 benzeri yakla\u015f\u0131m\u0131 olmad\u0131\u011f\u0131n\u0131 biliyoruz. Nutuk\u2019ta yer alan g\u00f6r\u00fc\u015flerinde emperyalistlerin k\u0131\u015fk\u0131rtmalar\u0131na dikkat \u00e7ekilir. Bug\u00fcnk\u00fc resmi teze yak\u0131n c\u00fcmleler vard\u0131r. Atat\u00fcrk\u2019\u00fcn Ermeniler taraf\u0131ndan \u00f6ld\u00fcr\u00fclen Talat ve Cemal Pa\u015fa\u2019n\u0131n geride kalan e\u015f ve \u00e7ocuklar\u0131na Bakanlar Kurulu karar\u0131yla maa\u015f ba\u011flatarak sahip \u00e7\u0131kt\u0131\u011f\u0131n\u0131 biliyoruz.<br \/>\nBu yaz ABD\u2019de ilgin\u00e7 bir kitap \u00e7\u0131k\u0131yor. Kaleme alan isim, ABD\u2019nin yak\u0131n tarih haf\u0131zas\u0131 say\u0131labilecek bir isim. Edward Rowny 96 ya\u015f\u0131nda, emekli bir b\u00fcy\u00fckel\u00e7i. 2. D\u00fcnya, Vietnam ve Kore sava\u015flar\u0131nda ABD ordusunda komutanl\u0131k yapm\u0131\u015f. Sovyetler\u2019le silah azaltma g\u00f6r\u00fc\u015fmelerinde \u2018Ba\u015fm\u00fczakereci\u2019 olarak g\u00f6rev ald\u0131ktan sonra ABD ba\u015fkanlar\u0131 Nixon, Ford, Carter, Reagan ve Baba Bush\u2019a dan\u0131\u015fmanl\u0131k yapm\u0131\u015f. Hep kritik g\u00f6revler \u00fcstlenmi\u015f bir isim. Rowney\u2019in \u2018Smokey Jone and the General\u2019 isimli kitab\u0131nda, komutanl\u0131k yapt\u0131\u011f\u0131 Kore Sava\u015f\u0131\u2019nda kahramanl\u0131k g\u00f6steren 38. B\u00f6l\u00fck T\u00fcrk Birli\u011fi hakk\u0131nda \u00f6zel bir b\u00f6l\u00fcm de yer alacak.<br \/>\nHacettepe \u00dcniversitesi \u00f6\u011fretim \u00fcyelerinden Do\u00e7. Dr. Murat Erdo\u011fan, uluslararas\u0131 bir toplant\u0131da tan\u0131\u015ft\u0131\u011f\u0131 Rowney\u2019den Atat\u00fcrk\u2019le g\u00f6r\u00fc\u015fmesinin detaylar\u0131n\u0131 \u00f6\u011freniyor. Rowney, daha sonra e-mail yoluyla ileti\u015fim kurdu\u011fu Erdo\u011fan\u2019\u0131n sorular\u0131na \u015fu yan\u0131tlar\u0131 veriyor:<br \/>\n<strong>KAR\u0130ZMAT\u0130K VE C\u00d6MERTT\u0130:<\/strong><br \/>\nOnunla bir saatten fazla ge\u00e7irdi\u011fimiz s\u00fcre i\u00e7inde s\u0131cak, c\u00f6mert ve zarif bir insanla g\u00f6r\u00fc\u015fm\u00fc\u015f oldum. Zaten onun keskin akl\u0131na ve b\u00fcy\u00fck karizmas\u0131na hayran olmu\u015ftum. Bu karakter \u00f6zellikleriyle bana ger\u00e7ekten dikkate de\u011fer bir d\u00fcnya lideri oldu\u011funu hissettirdi.<br \/>\n<strong>ERMEN\u0130 SORUNUNU KONU\u015eMADI:<\/strong><br \/>\n\u201cAnnemin bizim tabaklar\u0131m\u0131z\u0131 bitirmedi\u011fimizde \u2018A\u00e7l\u0131k \u00e7eken Ermenileri d\u00fc\u015f\u00fcn\u00fcn\u2019 dedi\u011fini s\u00f6yledim. Atat\u00fcrk h\u0131zl\u0131 bir \u015fekilde konuyu de\u011fi\u015ftirdi.\u201d<br \/>\n<strong>P\u0130\u015eMANLIK S\u00d6YLENMEL\u0130: <\/strong>Bence, Ermenilere kar\u015f\u0131 T\u00fcrkiye\u2019nin en iyi politikas\u0131 1915 y\u0131l\u0131nda olanlar i\u00e7in kendi pi\u015fmanl\u0131\u011f\u0131n\u0131 ifade etmesi olacakt\u0131r. B\u00f6ylece \u00f6z\u00fcr dilemeye gerek kalmaks\u0131z\u0131n T\u00fcrkler ilgi ve \u015fefkati ifade etmi\u015f olurlar.<br \/>\n<strong>HIR\u0130ST\u0130YANLIK DAHA \u0130Y\u0130 ADAPTE OLUYOR:<\/strong><br \/>\nDin ve \u0130slam: Din ve \u0130slam hakk\u0131nda k\u0131saca konu\u015ftu. H\u0131ristiyanl\u0131\u011f\u0131n \u0130slamdan \u00e7ok daha h\u0131zl\u0131 bir bi\u00e7imde modern d\u00fcnyaya adapte oldu\u011funu s\u00f6yledi. \u0130slam\u2019\u0131 modern d\u00fcnya ile uyumlu hale getirmek i\u00e7in baz\u0131 de\u011fi\u015fiklikler gerekti\u011fini d\u00fc\u015f\u00fcn\u00fcyordu.<br \/>\n<strong>SAVA\u015eTAN END\u0130\u015eEL\u0130YD\u0130:<\/strong><br \/>\nAtat\u00fcrk bana Berlin\u2019deki olimpiyat ziyaretimi sordu. Ben de kayg\u0131lar\u0131m\u0131 dile getirdim. Atat\u00fcrk de sava\u015f \u00e7\u0131kmas\u0131ndan endi\u015fe etti\u011fini, bundan T\u00fcrkiye\u2019nin kendisini korumas\u0131 i\u00e7in \u00e7aba g\u00f6sterdi\u011fini ifade etti.<br \/>\n<strong>ABD\u2019YE BAKI\u015eI:<\/strong><br \/>\nCumhurba\u015fkan\u0131 Atat\u00fcrk ABD\u2019yi \u00e7ok \u00f6vd\u00fc. Onun i\u00e7in ABD\u2019nin dini inan\u00e7lar ile kurdu\u011fu denge \u00e7ok \u00f6nemliydi.<\/p>\n<p style=\"text-align: justify;\"><b><i>http:\/\/www.radikal.com.tr\/radikal.aspx?atype=radikalyazar&amp;articleid=1131292&amp;yazar=omer-sahin&amp;categoryid=78<\/i><\/b><\/p>\n","protected":false},"excerpt":{"rendered":"<p>\u00d6mer \u015eahin ABD siyaset tarihinde \u00f6nemli bir rol\u00fc olan Edward Rowny&#8217;nin kitab\u0131 bu yaz \u00e7\u0131k\u0131yor. Kitapta T\u00fcrkiye ile ilgili b\u00f6l\u00fcmler de var. Hen\u00fcz 17 ya\u015f\u0131nda bir Amerikal\u0131. Prag\u2019da staj\u0131n\u0131 yapt\u0131\u011f\u0131 g\u00fcnlerde Ankara\u2019daki ABD B\u00fcy\u00fckel\u00e7ili\u011fi\u2019ne ba\u015fvuruyor. Mustafa Kemal Atat\u00fcrk\u2019\u00fc merak etti\u011fini ve g\u00f6r\u00fc\u015fmek istedi\u011fini s\u00f6yl\u00fcyor. \u00c7ankaya K\u00f6\u015fk\u00fc\u2019ne 15 dakikal\u0131k g\u00f6r\u00fc\u015fme i\u00e7in gelen gen\u00e7 Edward, 1 saatten [&hellip;]<\/p>\n","protected":false},"author":7,"featured_media":0,"comment_status":"open","ping_status":"open","sticky":false,"template":"","format":"standard","meta":{"footnotes":""},"categories":[1],"tags":[],"class_list":["post-23181","post","type-post","status-publish","format-standard","hentry","category-haberler"],"yoast_head":"<!-- This site is optimized with the Yoast SEO plugin v27.4 - https:\/\/yoast.com\/product\/yoast-seo-wordpress\/ -->\n<title>Atat\u00fcrk, Ermenileri soran ABD&#039;liye ne demi\u015fti? - Bati Ermenistan Ve Bati Ermenileri Sorunlari Ara\u015ftirmalar Merkezi<\/title>\n<meta name=\"robots\" content=\"index, follow, max-snippet:-1, max-image-preview:large, max-video-preview:-1\" \/>\n<link rel=\"canonical\" href=\"https:\/\/akunq.net\/tr\/?p=23181\" \/>\n<meta property=\"og:locale\" content=\"en_US\" \/>\n<meta property=\"og:type\" content=\"article\" \/>\n<meta property=\"og:title\" content=\"Atat\u00fcrk, Ermenileri soran ABD&#039;liye ne demi\u015fti? - Bati Ermenistan Ve Bati Ermenileri Sorunlari Ara\u015ftirmalar Merkezi\" \/>\n<meta property=\"og:description\" content=\"\u00d6mer \u015eahin ABD siyaset tarihinde \u00f6nemli bir rol\u00fc olan Edward Rowny&#8217;nin kitab\u0131 bu yaz \u00e7\u0131k\u0131yor. Kitapta T\u00fcrkiye ile ilgili b\u00f6l\u00fcmler de var. Hen\u00fcz 17 ya\u015f\u0131nda bir Amerikal\u0131. Prag\u2019da staj\u0131n\u0131 yapt\u0131\u011f\u0131 g\u00fcnlerde Ankara\u2019daki ABD B\u00fcy\u00fckel\u00e7ili\u011fi\u2019ne ba\u015fvuruyor. Mustafa Kemal Atat\u00fcrk\u2019\u00fc merak etti\u011fini ve g\u00f6r\u00fc\u015fmek istedi\u011fini s\u00f6yl\u00fcyor. \u00c7ankaya K\u00f6\u015fk\u00fc\u2019ne 15 dakikal\u0131k g\u00f6r\u00fc\u015fme i\u00e7in gelen gen\u00e7 Edward, 1 saatten [&hellip;]\" \/>\n<meta property=\"og:url\" content=\"https:\/\/akunq.net\/tr\/?p=23181\" \/>\n<meta property=\"og:site_name\" content=\"Bati Ermenistan Ve Bati Ermenileri Sorunlari Ara\u015ftirmalar Merkezi\" \/>\n<meta property=\"article:published_time\" content=\"2013-04-30T07:12:09+00:00\" \/>\n<meta property=\"og:image\" content=\"http:\/\/akunq.net\/tr\/wp-content\/uploads\/2013\/04\/Edward-Rowny-300x203.jpg\" \/>\n<meta name=\"author\" content=\"admin\" \/>\n<meta name=\"twitter:card\" content=\"summary_large_image\" \/>\n<meta name=\"twitter:label1\" content=\"Written by\" \/>\n\t<meta name=\"twitter:data1\" content=\"admin\" \/>\n\t<meta name=\"twitter:label2\" content=\"Est. reading time\" \/>\n\t<meta name=\"twitter:data2\" content=\"4 minutes\" \/>\n<script type=\"application\/ld+json\" class=\"yoast-schema-graph\">{\"@context\":\"https:\\\/\\\/schema.org\",\"@graph\":[{\"@type\":\"Article\",\"@id\":\"https:\\\/\\\/akunq.net\\\/tr\\\/?p=23181#article\",\"isPartOf\":{\"@id\":\"https:\\\/\\\/akunq.net\\\/tr\\\/?p=23181\"},\"author\":{\"name\":\"admin\",\"@id\":\"https:\\\/\\\/akunq.net\\\/tr\\\/#\\\/schema\\\/person\\\/096f1d38a12cce57fb855b485ed24c9e\"},\"headline\":\"Atat\u00fcrk, Ermenileri soran ABD&#8217;liye ne demi\u015fti?\",\"datePublished\":\"2013-04-30T07:12:09+00:00\",\"mainEntityOfPage\":{\"@id\":\"https:\\\/\\\/akunq.net\\\/tr\\\/?p=23181\"},\"wordCount\":773,\"commentCount\":0,\"image\":{\"@id\":\"https:\\\/\\\/akunq.net\\\/tr\\\/?p=23181#primaryimage\"},\"thumbnailUrl\":\"http:\\\/\\\/akunq.net\\\/tr\\\/wp-content\\\/uploads\\\/2013\\\/04\\\/Edward-Rowny-300x203.jpg\",\"articleSection\":[\"Haberler\"],\"inLanguage\":\"en-US\",\"potentialAction\":[{\"@type\":\"CommentAction\",\"name\":\"Comment\",\"target\":[\"https:\\\/\\\/akunq.net\\\/tr\\\/?p=23181#respond\"]}]},{\"@type\":\"WebPage\",\"@id\":\"https:\\\/\\\/akunq.net\\\/tr\\\/?p=23181\",\"url\":\"https:\\\/\\\/akunq.net\\\/tr\\\/?p=23181\",\"name\":\"Atat\u00fcrk, Ermenileri soran ABD'liye ne demi\u015fti? - Bati Ermenistan Ve Bati Ermenileri Sorunlari Ara\u015ftirmalar Merkezi\",\"isPartOf\":{\"@id\":\"https:\\\/\\\/akunq.net\\\/tr\\\/#website\"},\"primaryImageOfPage\":{\"@id\":\"https:\\\/\\\/akunq.net\\\/tr\\\/?p=23181#primaryimage\"},\"image\":{\"@id\":\"https:\\\/\\\/akunq.net\\\/tr\\\/?p=23181#primaryimage\"},\"thumbnailUrl\":\"http:\\\/\\\/akunq.net\\\/tr\\\/wp-content\\\/uploads\\\/2013\\\/04\\\/Edward-Rowny-300x203.jpg\",\"datePublished\":\"2013-04-30T07:12:09+00:00\",\"author\":{\"@id\":\"https:\\\/\\\/akunq.net\\\/tr\\\/#\\\/schema\\\/person\\\/096f1d38a12cce57fb855b485ed24c9e\"},\"breadcrumb\":{\"@id\":\"https:\\\/\\\/akunq.net\\\/tr\\\/?p=23181#breadcrumb\"},\"inLanguage\":\"en-US\",\"potentialAction\":[{\"@type\":\"ReadAction\",\"target\":[\"https:\\\/\\\/akunq.net\\\/tr\\\/?p=23181\"]}]},{\"@type\":\"ImageObject\",\"inLanguage\":\"en-US\",\"@id\":\"https:\\\/\\\/akunq.net\\\/tr\\\/?p=23181#primaryimage\",\"url\":\"https:\\\/\\\/akunq.net\\\/tr\\\/wp-content\\\/uploads\\\/sites\\\/6\\\/2013\\\/04\\\/Edward-Rowny.jpg\",\"contentUrl\":\"https:\\\/\\\/akunq.net\\\/tr\\\/wp-content\\\/uploads\\\/sites\\\/6\\\/2013\\\/04\\\/Edward-Rowny.jpg\",\"width\":480,\"height\":325},{\"@type\":\"BreadcrumbList\",\"@id\":\"https:\\\/\\\/akunq.net\\\/tr\\\/?p=23181#breadcrumb\",\"itemListElement\":[{\"@type\":\"ListItem\",\"position\":1,\"name\":\"Home\",\"item\":\"https:\\\/\\\/akunq.net\\\/tr\"},{\"@type\":\"ListItem\",\"position\":2,\"name\":\"Atat\u00fcrk, Ermenileri soran ABD&#8217;liye ne demi\u015fti?\"}]},{\"@type\":\"WebSite\",\"@id\":\"https:\\\/\\\/akunq.net\\\/tr\\\/#website\",\"url\":\"https:\\\/\\\/akunq.net\\\/tr\\\/\",\"name\":\"Bati Ermenistan Ve Bati Ermenileri Sorunlari Ara\u015ftirmalar Merkezi\",\"description\":\"\",\"potentialAction\":[{\"@type\":\"SearchAction\",\"target\":{\"@type\":\"EntryPoint\",\"urlTemplate\":\"https:\\\/\\\/akunq.net\\\/tr\\\/?s={search_term_string}\"},\"query-input\":{\"@type\":\"PropertyValueSpecification\",\"valueRequired\":true,\"valueName\":\"search_term_string\"}}],\"inLanguage\":\"en-US\"},{\"@type\":\"Person\",\"@id\":\"https:\\\/\\\/akunq.net\\\/tr\\\/#\\\/schema\\\/person\\\/096f1d38a12cce57fb855b485ed24c9e\",\"name\":\"admin\",\"url\":\"https:\\\/\\\/akunq.net\\\/tr\\\/?author=7\"}]}<\/script>\n<!-- \/ Yoast SEO plugin. -->","yoast_head_json":{"title":"Atat\u00fcrk, Ermenileri soran ABD'liye ne demi\u015fti? - Bati Ermenistan Ve Bati Ermenileri Sorunlari Ara\u015ftirmalar Merkezi","robots":{"index":"index","follow":"follow","max-snippet":"max-snippet:-1","max-image-preview":"max-image-preview:large","max-video-preview":"max-video-preview:-1"},"canonical":"https:\/\/akunq.net\/tr\/?p=23181","og_locale":"en_US","og_type":"article","og_title":"Atat\u00fcrk, Ermenileri soran ABD'liye ne demi\u015fti? - Bati Ermenistan Ve Bati Ermenileri Sorunlari Ara\u015ftirmalar Merkezi","og_description":"\u00d6mer \u015eahin ABD siyaset tarihinde \u00f6nemli bir rol\u00fc olan Edward Rowny&#8217;nin kitab\u0131 bu yaz \u00e7\u0131k\u0131yor. Kitapta T\u00fcrkiye ile ilgili b\u00f6l\u00fcmler de var. Hen\u00fcz 17 ya\u015f\u0131nda bir Amerikal\u0131. Prag\u2019da staj\u0131n\u0131 yapt\u0131\u011f\u0131 g\u00fcnlerde Ankara\u2019daki ABD B\u00fcy\u00fckel\u00e7ili\u011fi\u2019ne ba\u015fvuruyor. Mustafa Kemal Atat\u00fcrk\u2019\u00fc merak etti\u011fini ve g\u00f6r\u00fc\u015fmek istedi\u011fini s\u00f6yl\u00fcyor. \u00c7ankaya K\u00f6\u015fk\u00fc\u2019ne 15 dakikal\u0131k g\u00f6r\u00fc\u015fme i\u00e7in gelen gen\u00e7 Edward, 1 saatten [&hellip;]","og_url":"https:\/\/akunq.net\/tr\/?p=23181","og_site_name":"Bati Ermenistan Ve Bati Ermenileri Sorunlari Ara\u015ftirmalar Merkezi","article_published_time":"2013-04-30T07:12:09+00:00","og_image":[{"url":"http:\/\/akunq.net\/tr\/wp-content\/uploads\/2013\/04\/Edward-Rowny-300x203.jpg","type":"","width":"","height":""}],"author":"admin","twitter_card":"summary_large_image","twitter_misc":{"Written by":"admin","Est. reading time":"4 minutes"},"schema":{"@context":"https:\/\/schema.org","@graph":[{"@type":"Article","@id":"https:\/\/akunq.net\/tr\/?p=23181#article","isPartOf":{"@id":"https:\/\/akunq.net\/tr\/?p=23181"},"author":{"name":"admin","@id":"https:\/\/akunq.net\/tr\/#\/schema\/person\/096f1d38a12cce57fb855b485ed24c9e"},"headline":"Atat\u00fcrk, Ermenileri soran ABD&#8217;liye ne demi\u015fti?","datePublished":"2013-04-30T07:12:09+00:00","mainEntityOfPage":{"@id":"https:\/\/akunq.net\/tr\/?p=23181"},"wordCount":773,"commentCount":0,"image":{"@id":"https:\/\/akunq.net\/tr\/?p=23181#primaryimage"},"thumbnailUrl":"http:\/\/akunq.net\/tr\/wp-content\/uploads\/2013\/04\/Edward-Rowny-300x203.jpg","articleSection":["Haberler"],"inLanguage":"en-US","potentialAction":[{"@type":"CommentAction","name":"Comment","target":["https:\/\/akunq.net\/tr\/?p=23181#respond"]}]},{"@type":"WebPage","@id":"https:\/\/akunq.net\/tr\/?p=23181","url":"https:\/\/akunq.net\/tr\/?p=23181","name":"Atat\u00fcrk, Ermenileri soran ABD'liye ne demi\u015fti? - Bati Ermenistan Ve Bati Ermenileri Sorunlari Ara\u015ftirmalar Merkezi","isPartOf":{"@id":"https:\/\/akunq.net\/tr\/#website"},"primaryImageOfPage":{"@id":"https:\/\/akunq.net\/tr\/?p=23181#primaryimage"},"image":{"@id":"https:\/\/akunq.net\/tr\/?p=23181#primaryimage"},"thumbnailUrl":"http:\/\/akunq.net\/tr\/wp-content\/uploads\/2013\/04\/Edward-Rowny-300x203.jpg","datePublished":"2013-04-30T07:12:09+00:00","author":{"@id":"https:\/\/akunq.net\/tr\/#\/schema\/person\/096f1d38a12cce57fb855b485ed24c9e"},"breadcrumb":{"@id":"https:\/\/akunq.net\/tr\/?p=23181#breadcrumb"},"inLanguage":"en-US","potentialAction":[{"@type":"ReadAction","target":["https:\/\/akunq.net\/tr\/?p=23181"]}]},{"@type":"ImageObject","inLanguage":"en-US","@id":"https:\/\/akunq.net\/tr\/?p=23181#primaryimage","url":"https:\/\/akunq.net\/tr\/wp-content\/uploads\/sites\/6\/2013\/04\/Edward-Rowny.jpg","contentUrl":"https:\/\/akunq.net\/tr\/wp-content\/uploads\/sites\/6\/2013\/04\/Edward-Rowny.jpg","width":480,"height":325},{"@type":"BreadcrumbList","@id":"https:\/\/akunq.net\/tr\/?p=23181#breadcrumb","itemListElement":[{"@type":"ListItem","position":1,"name":"Home","item":"https:\/\/akunq.net\/tr"},{"@type":"ListItem","position":2,"name":"Atat\u00fcrk, Ermenileri soran ABD&#8217;liye ne demi\u015fti?"}]},{"@type":"WebSite","@id":"https:\/\/akunq.net\/tr\/#website","url":"https:\/\/akunq.net\/tr\/","name":"Bati Ermenistan Ve Bati Ermenileri Sorunlari Ara\u015ftirmalar Merkezi","description":"","potentialAction":[{"@type":"SearchAction","target":{"@type":"EntryPoint","urlTemplate":"https:\/\/akunq.net\/tr\/?s={search_term_string}"},"query-input":{"@type":"PropertyValueSpecification","valueRequired":true,"valueName":"search_term_string"}}],"inLanguage":"en-US"},{"@type":"Person","@id":"https:\/\/akunq.net\/tr\/#\/schema\/person\/096f1d38a12cce57fb855b485ed24c9e","name":"admin","url":"https:\/\/akunq.net\/tr\/?author=7"}]}},"_links":{"self":[{"href":"https:\/\/akunq.net\/tr\/index.php?rest_route=\/wp\/v2\/posts\/23181","targetHints":{"allow":["GET"]}}],"collection":[{"href":"https:\/\/akunq.net\/tr\/index.php?rest_route=\/wp\/v2\/posts"}],"about":[{"href":"https:\/\/akunq.net\/tr\/index.php?rest_route=\/wp\/v2\/types\/post"}],"author":[{"embeddable":true,"href":"https:\/\/akunq.net\/tr\/index.php?rest_route=\/wp\/v2\/users\/7"}],"replies":[{"embeddable":true,"href":"https:\/\/akunq.net\/tr\/index.php?rest_route=%2Fwp%2Fv2%2Fcomments&post=23181"}],"version-history":[{"count":1,"href":"https:\/\/akunq.net\/tr\/index.php?rest_route=\/wp\/v2\/posts\/23181\/revisions"}],"predecessor-version":[{"id":23183,"href":"https:\/\/akunq.net\/tr\/index.php?rest_route=\/wp\/v2\/posts\/23181\/revisions\/23183"}],"wp:attachment":[{"href":"https:\/\/akunq.net\/tr\/index.php?rest_route=%2Fwp%2Fv2%2Fmedia&parent=23181"}],"wp:term":[{"taxonomy":"category","embeddable":true,"href":"https:\/\/akunq.net\/tr\/index.php?rest_route=%2Fwp%2Fv2%2Fcategories&post=23181"},{"taxonomy":"post_tag","embeddable":true,"href":"https:\/\/akunq.net\/tr\/index.php?rest_route=%2Fwp%2Fv2%2Ftags&post=23181"}],"curies":[{"name":"wp","href":"https:\/\/api.w.org\/{rel}","templated":true}]}}