{"id":23178,"date":"2013-04-30T02:01:53","date_gmt":"2013-04-30T07:01:53","guid":{"rendered":"http:\/\/akunq.net\/tr\/?p=23178"},"modified":"2013-04-30T02:01:53","modified_gmt":"2013-04-30T07:01:53","slug":"atasehir-ve-burgazadada-kiliselere-saldiri","status":"publish","type":"post","link":"https:\/\/akunq.net\/tr\/?p=23178","title":{"rendered":"Ata\u015fehir ve Burgazada&#8217;da kiliselere sald\u0131r\u0131"},"content":{"rendered":"<p style=\"text-align: justify;\"><b><i><a href=\"http:\/\/akunq.net\/tr\/?attachment_id=23179\" rel=\"attachment wp-att-23179\"><img loading=\"lazy\" decoding=\"async\" class=\"alignright size-full wp-image-23179\" alt=\"kiliselere sald\u0131r\u0131\" src=\"http:\/\/akunq.net\/tr\/wp-content\/uploads\/2013\/04\/kiliselere-sald\u0131r\u0131.jpg\" width=\"300\" height=\"225\" \/><\/a>Haftasonu Ata\u015fehir ve Burgazada\u2019da kiliselere sald\u0131r\u0131lar oldu. Ata\u015fehir&#8217;deki sald\u0131ry\u0131 ger\u00e7ekle\u015ftiren 30 &#8211; 40 ki\u015filik grup hakk\u0131nda hi\u00e7bir bilgiye ula\u015f\u0131lmazken, Burgazada&#8217;da sald\u0131r\u0131lar\u0131 ger\u00e7ekle\u015ftiren grup hakk\u0131nda hi\u00e7bir i\u015flem yap\u0131lmad\u0131. Vandalizm \u00f6rne\u011fi bu eylemlere ulusal bas\u0131nda ise hi\u00e7bir \u015fekilde de\u011finilmedi. <\/i><\/b><\/p>\n<p style=\"text-align: justify;\">27 Nisan g\u00fcn\u00fc saat 15.00 sular\u0131nda, hangi gruba mensup olduklar\u0131 belirlenemeyen 30-40 ki\u015filik bir grubun, Ata\u015fehir Yeni Umut Kilisesi\u2019ne ta\u015f ve yumurtalarla sald\u0131rd\u0131.<\/p>\n<p style=\"text-align: justify;\">Kilisede yaln\u0131z olan Finlandiya vatanda\u015f\u0131 bir cemaat \u00fcyesi olaydan zarar g\u00f6rmezken, kilisede maddi hasar meydana geldi.<\/p>\n<p style=\"text-align: justify;\">Polisin sald\u0131r\u0131n\u0131n hemen ard\u0131ndan olay yerine intikal etti\u011fi ve geni\u015f \u00e7apl\u0131 olarak olay\u0131n soru\u015fturulmas\u0131na ba\u015flad\u0131\u011f\u0131 bildirildi.<\/p>\n<p style=\"text-align: justify;\">Kilisenin camlar\u0131 k\u0131r\u0131l\u0131rken, tabelas\u0131 s\u00f6k\u00fcl\u00fcp g\u00f6t\u00fcr\u00fcld\u00fc ve kap\u0131 giri\u015finde bulunan dekorlar par\u00e7aland\u0131.<\/p>\n<p style=\"text-align: justify;\"><b>Sat7T\u00fcrk<\/b>\u2019\u00fcn haberine g\u00f6re, gruptan baz\u0131 ki\u015filerin kilisenin i\u00e7 kap\u0131s\u0131n\u0131 tekmeleyip zorlad\u0131\u011f\u0131 ancak i\u00e7eriye giremedi\u011fi beyan edildi.<\/p>\n<p style=\"text-align: justify;\"><b>BURGAZADA\u2019DA K\u0130L\u0130SEYE SALDIRI<\/b><\/p>\n<p style=\"text-align: justify;\">Bu olaydan bir g\u00fcn sonra ise \u00c7atalca\u2019dan hafta sonu i\u00e7in Burgazada\u2019ya gelen 15-18 ya\u015f aras\u0131ndaki 10 ki\u015filik gurup saat 16.40 sular\u0131nda Burgazada Ayois \u0130onis Rum Ordodoks Kilise\u2019sine girerek mumlukta b\u0131rak\u0131lan paralar\u0131 almak istedi. Mumlukta bulunan t\u00fcm mumlar\u0131 al\u0131p, dolab\u0131 k\u0131rd\u0131lar, sokaklara savurdular ve mumlu\u011fu soymak i\u00e7in kap\u0131lar\u0131n\u0131 k\u0131rd\u0131lar.<\/p>\n<p style=\"text-align: justify;\"><b>Haber Hakk\u0131\u2019<\/b>na g\u00f6re, Burgazada kilise g\u00f6n\u00fcll\u00fcs\u00fc ve Adal\u0131 Yeorgios Guller, sald\u0131r\u0131 g\u00f6r\u00fcnt\u00fclerini sosyal medyadan payla\u015farak sald\u0131r\u0131 giri\u015fimini duyurdu. Karakolda ya\u015fananlar\u0131 ise \u015f\u00f6yle aktard\u0131:<\/p>\n<p style=\"text-align: justify;\">Burgazadal\u0131lar taraf\u0131ndan yakalan\u0131p karakola g\u00f6t\u00fcr\u00fclen bu ki\u015filer ya\u015flar\u0131 k\u00fc\u00e7\u00fck oldu\u011fundan serbest b\u0131rak\u0131ld\u0131lar\u2026 \u00c7ocuklar i\u00e7in hi\u00e7bir i\u015flem yapamayan Burgazada Karakolu\u2019na Adal\u0131lar b\u00fcy\u00fck tepki g\u00f6sterdi. \u00c7ocuk Polis \u015eubesi olmad\u0131\u011f\u0131 i\u00e7in bir \u015fey yapamayacaklar ar\u0131n\u0131 s\u00f6yleyen polisler \u015fikayet\u00e7i olunmamas\u0131 konusunda da u\u011fra\u015ft\u0131.<\/p>\n<p style=\"text-align: justify;\">\u00c7o\u011fu \u00f6\u011frenci olan sald\u0131rganlar \u00c7atalca\u2019dan Burgazada\u2019ya Akbil\u2019le geldiklerini paralar\u0131n\u0131n olamad\u0131\u011f\u0131n\u0131 s\u00f6ylediler. Ordulu bir \u00f6\u011frenci Kilise yetkilisine \u2019Ben M\u00fcsl\u00fcman\u0131m g\u00fcnah olur diye kiliseye hi\u00e7 girmedim ben su\u00e7suzum\u2019 diye kendini savundu.<\/p>\n<p style=\"text-align: justify;\">Burgazada\u2019da karakolda bir s\u00fcre tutulan ve ifade veren \u00e7ocuklar polis kontrol\u00fcnde vapura bindirilerek serbest b\u0131rak\u0131ld\u0131. Bu durumu \u00f6\u011frenen Adal\u0131lar \u00e7ocuklar\u0131n cezas\u0131z kalmas\u0131na tepki g\u00f6sterdi.<\/p>\n<p style=\"text-align: justify;\"><b><i>http:\/\/agos.com.tr\/haber.php?seo=atasehir-ve-burgazadada-kiliselere-saldiri&amp;haberid=5009<\/i><\/b><\/p>\n","protected":false},"excerpt":{"rendered":"<p>Haftasonu Ata\u015fehir ve Burgazada\u2019da kiliselere sald\u0131r\u0131lar oldu. Ata\u015fehir&#8217;deki sald\u0131ry\u0131 ger\u00e7ekle\u015ftiren 30 &#8211; 40 ki\u015filik grup hakk\u0131nda hi\u00e7bir bilgiye ula\u015f\u0131lmazken, Burgazada&#8217;da sald\u0131r\u0131lar\u0131 ger\u00e7ekle\u015ftiren grup hakk\u0131nda hi\u00e7bir i\u015flem yap\u0131lmad\u0131. Vandalizm \u00f6rne\u011fi bu eylemlere ulusal bas\u0131nda ise hi\u00e7bir \u015fekilde de\u011finilmedi. 27 Nisan g\u00fcn\u00fc saat 15.00 sular\u0131nda, hangi gruba mensup olduklar\u0131 belirlenemeyen 30-40 ki\u015filik bir grubun, Ata\u015fehir Yeni Umut [&hellip;]<\/p>\n","protected":false},"author":7,"featured_media":0,"comment_status":"open","ping_status":"open","sticky":false,"template":"","format":"standard","meta":{"footnotes":""},"categories":[1],"tags":[],"class_list":["post-23178","post","type-post","status-publish","format-standard","hentry","category-haberler"],"yoast_head":"<!-- This site is optimized with the Yoast SEO plugin v27.4 - https:\/\/yoast.com\/product\/yoast-seo-wordpress\/ -->\n<title>Ata\u015fehir ve Burgazada&#039;da kiliselere sald\u0131r\u0131 - Bati Ermenistan Ve Bati Ermenileri Sorunlari Ara\u015ftirmalar Merkezi<\/title>\n<meta name=\"robots\" content=\"index, follow, max-snippet:-1, max-image-preview:large, max-video-preview:-1\" \/>\n<link rel=\"canonical\" href=\"https:\/\/akunq.net\/tr\/?p=23178\" \/>\n<meta property=\"og:locale\" content=\"en_US\" \/>\n<meta property=\"og:type\" content=\"article\" \/>\n<meta property=\"og:title\" content=\"Ata\u015fehir ve Burgazada&#039;da kiliselere sald\u0131r\u0131 - Bati Ermenistan Ve Bati Ermenileri Sorunlari Ara\u015ftirmalar Merkezi\" \/>\n<meta property=\"og:description\" content=\"Haftasonu Ata\u015fehir ve Burgazada\u2019da kiliselere sald\u0131r\u0131lar oldu. Ata\u015fehir&#8217;deki sald\u0131ry\u0131 ger\u00e7ekle\u015ftiren 30 &#8211; 40 ki\u015filik grup hakk\u0131nda hi\u00e7bir bilgiye ula\u015f\u0131lmazken, Burgazada&#8217;da sald\u0131r\u0131lar\u0131 ger\u00e7ekle\u015ftiren grup hakk\u0131nda hi\u00e7bir i\u015flem yap\u0131lmad\u0131. Vandalizm \u00f6rne\u011fi bu eylemlere ulusal bas\u0131nda ise hi\u00e7bir \u015fekilde de\u011finilmedi. 27 Nisan g\u00fcn\u00fc saat 15.00 sular\u0131nda, hangi gruba mensup olduklar\u0131 belirlenemeyen 30-40 ki\u015filik bir grubun, Ata\u015fehir Yeni Umut [&hellip;]\" \/>\n<meta property=\"og:url\" content=\"https:\/\/akunq.net\/tr\/?p=23178\" \/>\n<meta property=\"og:site_name\" content=\"Bati Ermenistan Ve Bati Ermenileri Sorunlari Ara\u015ftirmalar Merkezi\" \/>\n<meta property=\"article:published_time\" content=\"2013-04-30T07:01:53+00:00\" \/>\n<meta name=\"author\" content=\"admin\" \/>\n<meta name=\"twitter:card\" content=\"summary_large_image\" \/>\n<meta name=\"twitter:label1\" content=\"Written by\" \/>\n\t<meta name=\"twitter:data1\" content=\"admin\" \/>\n\t<meta name=\"twitter:label2\" content=\"Est. reading time\" \/>\n\t<meta name=\"twitter:data2\" content=\"2 minutes\" \/>\n<script type=\"application\/ld+json\" class=\"yoast-schema-graph\">{\"@context\":\"https:\\\/\\\/schema.org\",\"@graph\":[{\"@type\":\"Article\",\"@id\":\"https:\\\/\\\/akunq.net\\\/tr\\\/?p=23178#article\",\"isPartOf\":{\"@id\":\"https:\\\/\\\/akunq.net\\\/tr\\\/?p=23178\"},\"author\":{\"name\":\"admin\",\"@id\":\"https:\\\/\\\/akunq.net\\\/tr\\\/#\\\/schema\\\/person\\\/096f1d38a12cce57fb855b485ed24c9e\"},\"headline\":\"Ata\u015fehir ve Burgazada&#8217;da kiliselere sald\u0131r\u0131\",\"datePublished\":\"2013-04-30T07:01:53+00:00\",\"mainEntityOfPage\":{\"@id\":\"https:\\\/\\\/akunq.net\\\/tr\\\/?p=23178\"},\"wordCount\":445,\"commentCount\":0,\"articleSection\":[\"Haberler\"],\"inLanguage\":\"en-US\",\"potentialAction\":[{\"@type\":\"CommentAction\",\"name\":\"Comment\",\"target\":[\"https:\\\/\\\/akunq.net\\\/tr\\\/?p=23178#respond\"]}]},{\"@type\":\"WebPage\",\"@id\":\"https:\\\/\\\/akunq.net\\\/tr\\\/?p=23178\",\"url\":\"https:\\\/\\\/akunq.net\\\/tr\\\/?p=23178\",\"name\":\"Ata\u015fehir ve Burgazada'da kiliselere sald\u0131r\u0131 - Bati Ermenistan Ve Bati Ermenileri Sorunlari Ara\u015ftirmalar Merkezi\",\"isPartOf\":{\"@id\":\"https:\\\/\\\/akunq.net\\\/tr\\\/#website\"},\"datePublished\":\"2013-04-30T07:01:53+00:00\",\"author\":{\"@id\":\"https:\\\/\\\/akunq.net\\\/tr\\\/#\\\/schema\\\/person\\\/096f1d38a12cce57fb855b485ed24c9e\"},\"breadcrumb\":{\"@id\":\"https:\\\/\\\/akunq.net\\\/tr\\\/?p=23178#breadcrumb\"},\"inLanguage\":\"en-US\",\"potentialAction\":[{\"@type\":\"ReadAction\",\"target\":[\"https:\\\/\\\/akunq.net\\\/tr\\\/?p=23178\"]}]},{\"@type\":\"BreadcrumbList\",\"@id\":\"https:\\\/\\\/akunq.net\\\/tr\\\/?p=23178#breadcrumb\",\"itemListElement\":[{\"@type\":\"ListItem\",\"position\":1,\"name\":\"Home\",\"item\":\"https:\\\/\\\/akunq.net\\\/tr\"},{\"@type\":\"ListItem\",\"position\":2,\"name\":\"Ata\u015fehir ve Burgazada&#8217;da kiliselere sald\u0131r\u0131\"}]},{\"@type\":\"WebSite\",\"@id\":\"https:\\\/\\\/akunq.net\\\/tr\\\/#website\",\"url\":\"https:\\\/\\\/akunq.net\\\/tr\\\/\",\"name\":\"Bati Ermenistan Ve Bati Ermenileri Sorunlari Ara\u015ftirmalar Merkezi\",\"description\":\"\",\"potentialAction\":[{\"@type\":\"SearchAction\",\"target\":{\"@type\":\"EntryPoint\",\"urlTemplate\":\"https:\\\/\\\/akunq.net\\\/tr\\\/?s={search_term_string}\"},\"query-input\":{\"@type\":\"PropertyValueSpecification\",\"valueRequired\":true,\"valueName\":\"search_term_string\"}}],\"inLanguage\":\"en-US\"},{\"@type\":\"Person\",\"@id\":\"https:\\\/\\\/akunq.net\\\/tr\\\/#\\\/schema\\\/person\\\/096f1d38a12cce57fb855b485ed24c9e\",\"name\":\"admin\",\"url\":\"https:\\\/\\\/akunq.net\\\/tr\\\/?author=7\"}]}<\/script>\n<!-- \/ Yoast SEO plugin. -->","yoast_head_json":{"title":"Ata\u015fehir ve Burgazada'da kiliselere sald\u0131r\u0131 - Bati Ermenistan Ve Bati Ermenileri Sorunlari Ara\u015ftirmalar Merkezi","robots":{"index":"index","follow":"follow","max-snippet":"max-snippet:-1","max-image-preview":"max-image-preview:large","max-video-preview":"max-video-preview:-1"},"canonical":"https:\/\/akunq.net\/tr\/?p=23178","og_locale":"en_US","og_type":"article","og_title":"Ata\u015fehir ve Burgazada'da kiliselere sald\u0131r\u0131 - Bati Ermenistan Ve Bati Ermenileri Sorunlari Ara\u015ftirmalar Merkezi","og_description":"Haftasonu Ata\u015fehir ve Burgazada\u2019da kiliselere sald\u0131r\u0131lar oldu. Ata\u015fehir&#8217;deki sald\u0131ry\u0131 ger\u00e7ekle\u015ftiren 30 &#8211; 40 ki\u015filik grup hakk\u0131nda hi\u00e7bir bilgiye ula\u015f\u0131lmazken, Burgazada&#8217;da sald\u0131r\u0131lar\u0131 ger\u00e7ekle\u015ftiren grup hakk\u0131nda hi\u00e7bir i\u015flem yap\u0131lmad\u0131. Vandalizm \u00f6rne\u011fi bu eylemlere ulusal bas\u0131nda ise hi\u00e7bir \u015fekilde de\u011finilmedi. 27 Nisan g\u00fcn\u00fc saat 15.00 sular\u0131nda, hangi gruba mensup olduklar\u0131 belirlenemeyen 30-40 ki\u015filik bir grubun, Ata\u015fehir Yeni Umut [&hellip;]","og_url":"https:\/\/akunq.net\/tr\/?p=23178","og_site_name":"Bati Ermenistan Ve Bati Ermenileri Sorunlari Ara\u015ftirmalar Merkezi","article_published_time":"2013-04-30T07:01:53+00:00","author":"admin","twitter_card":"summary_large_image","twitter_misc":{"Written by":"admin","Est. reading time":"2 minutes"},"schema":{"@context":"https:\/\/schema.org","@graph":[{"@type":"Article","@id":"https:\/\/akunq.net\/tr\/?p=23178#article","isPartOf":{"@id":"https:\/\/akunq.net\/tr\/?p=23178"},"author":{"name":"admin","@id":"https:\/\/akunq.net\/tr\/#\/schema\/person\/096f1d38a12cce57fb855b485ed24c9e"},"headline":"Ata\u015fehir ve Burgazada&#8217;da kiliselere sald\u0131r\u0131","datePublished":"2013-04-30T07:01:53+00:00","mainEntityOfPage":{"@id":"https:\/\/akunq.net\/tr\/?p=23178"},"wordCount":445,"commentCount":0,"articleSection":["Haberler"],"inLanguage":"en-US","potentialAction":[{"@type":"CommentAction","name":"Comment","target":["https:\/\/akunq.net\/tr\/?p=23178#respond"]}]},{"@type":"WebPage","@id":"https:\/\/akunq.net\/tr\/?p=23178","url":"https:\/\/akunq.net\/tr\/?p=23178","name":"Ata\u015fehir ve Burgazada'da kiliselere sald\u0131r\u0131 - Bati Ermenistan Ve Bati Ermenileri Sorunlari Ara\u015ftirmalar Merkezi","isPartOf":{"@id":"https:\/\/akunq.net\/tr\/#website"},"datePublished":"2013-04-30T07:01:53+00:00","author":{"@id":"https:\/\/akunq.net\/tr\/#\/schema\/person\/096f1d38a12cce57fb855b485ed24c9e"},"breadcrumb":{"@id":"https:\/\/akunq.net\/tr\/?p=23178#breadcrumb"},"inLanguage":"en-US","potentialAction":[{"@type":"ReadAction","target":["https:\/\/akunq.net\/tr\/?p=23178"]}]},{"@type":"BreadcrumbList","@id":"https:\/\/akunq.net\/tr\/?p=23178#breadcrumb","itemListElement":[{"@type":"ListItem","position":1,"name":"Home","item":"https:\/\/akunq.net\/tr"},{"@type":"ListItem","position":2,"name":"Ata\u015fehir ve Burgazada&#8217;da kiliselere sald\u0131r\u0131"}]},{"@type":"WebSite","@id":"https:\/\/akunq.net\/tr\/#website","url":"https:\/\/akunq.net\/tr\/","name":"Bati Ermenistan Ve Bati Ermenileri Sorunlari Ara\u015ftirmalar Merkezi","description":"","potentialAction":[{"@type":"SearchAction","target":{"@type":"EntryPoint","urlTemplate":"https:\/\/akunq.net\/tr\/?s={search_term_string}"},"query-input":{"@type":"PropertyValueSpecification","valueRequired":true,"valueName":"search_term_string"}}],"inLanguage":"en-US"},{"@type":"Person","@id":"https:\/\/akunq.net\/tr\/#\/schema\/person\/096f1d38a12cce57fb855b485ed24c9e","name":"admin","url":"https:\/\/akunq.net\/tr\/?author=7"}]}},"_links":{"self":[{"href":"https:\/\/akunq.net\/tr\/index.php?rest_route=\/wp\/v2\/posts\/23178","targetHints":{"allow":["GET"]}}],"collection":[{"href":"https:\/\/akunq.net\/tr\/index.php?rest_route=\/wp\/v2\/posts"}],"about":[{"href":"https:\/\/akunq.net\/tr\/index.php?rest_route=\/wp\/v2\/types\/post"}],"author":[{"embeddable":true,"href":"https:\/\/akunq.net\/tr\/index.php?rest_route=\/wp\/v2\/users\/7"}],"replies":[{"embeddable":true,"href":"https:\/\/akunq.net\/tr\/index.php?rest_route=%2Fwp%2Fv2%2Fcomments&post=23178"}],"version-history":[{"count":1,"href":"https:\/\/akunq.net\/tr\/index.php?rest_route=\/wp\/v2\/posts\/23178\/revisions"}],"predecessor-version":[{"id":23180,"href":"https:\/\/akunq.net\/tr\/index.php?rest_route=\/wp\/v2\/posts\/23178\/revisions\/23180"}],"wp:attachment":[{"href":"https:\/\/akunq.net\/tr\/index.php?rest_route=%2Fwp%2Fv2%2Fmedia&parent=23178"}],"wp:term":[{"taxonomy":"category","embeddable":true,"href":"https:\/\/akunq.net\/tr\/index.php?rest_route=%2Fwp%2Fv2%2Fcategories&post=23178"},{"taxonomy":"post_tag","embeddable":true,"href":"https:\/\/akunq.net\/tr\/index.php?rest_route=%2Fwp%2Fv2%2Ftags&post=23178"}],"curies":[{"name":"wp","href":"https:\/\/api.w.org\/{rel}","templated":true}]}}