{"id":23165,"date":"2013-04-29T02:06:42","date_gmt":"2013-04-29T07:06:42","guid":{"rendered":"http:\/\/akunq.net\/tr\/?p=23165"},"modified":"2013-04-29T02:06:42","modified_gmt":"2013-04-29T07:06:42","slug":"ifadeler-yeniden","status":"publish","type":"post","link":"https:\/\/akunq.net\/tr\/?p=23165","title":{"rendered":"\u0130fadeler yeniden"},"content":{"rendered":"<p style=\"text-align: justify;\"><b><i><a href=\"http:\/\/akunq.net\/tr\/?attachment_id=23166\" rel=\"attachment wp-att-23166\"><img loading=\"lazy\" decoding=\"async\" class=\"alignright size-medium wp-image-23166\" alt=\"\u0534\u056b\u0576\u0584\u056b \u0563\u0578\u0580\u056e\" src=\"http:\/\/akunq.net\/tr\/wp-content\/uploads\/2013\/04\/\u0534\u056b\u0576\u0584\u056b-\u0563\u0578\u0580\u056e-300x205.jpg\" width=\"300\" height=\"205\" srcset=\"https:\/\/akunq.net\/tr\/wp-content\/uploads\/sites\/6\/2013\/04\/\u0534\u056b\u0576\u0584\u056b-\u0563\u0578\u0580\u056e-300x205.jpg 300w, https:\/\/akunq.net\/tr\/wp-content\/uploads\/sites\/6\/2013\/04\/\u0534\u056b\u0576\u0584\u056b-\u0563\u0578\u0580\u056e.jpg 307w\" sizes=\"auto, (max-width: 300px) 100vw, 300px\" \/><\/a>AGOS Gazetesi Genel Yay\u0131n Y\u00f6netmeni Hrant Dink\u2019in \u00f6ld\u00fcr\u00fclmesi olay\u0131yla ilgili y\u00fcr\u00fct\u00fclen soru\u015fturmada, savc\u0131l\u0131k eski san\u0131klar\u0131n ifadesinin yeniden al\u0131nmas\u0131na karar verdi. <\/i><\/b><\/p>\n<p style=\"text-align: justify;\">19 Ocak 2007\u2019de Dink cinayetinin i\u015flenmesinin ard\u0131ndan 20 san\u0131k h\u00e2kim kar\u015f\u0131s\u0131na \u00e7\u0131kar\u0131ld\u0131, yakla\u015f\u0131k 5 y\u0131l s\u00fcren davada san\u0131klardan baz\u0131lar\u0131 \u00e7e\u015fitli oranlarda cezalara \u00e7arpt\u0131r\u0131l\u0131rken, baz\u0131lar\u0131 da beraat etti. Cinayete ili\u015fkin soru\u015fturma ise 2007 y\u0131l\u0131ndan bu yana devam etti. Soru\u015fturma dosyas\u0131, son olarak ayn\u0131 zamanda Ergenekon Savc\u0131s\u0131 da olan Muammer Akka\u015f\u2019a verildi. Akka\u015f, yeniden inceleme yaparak cinayet hakk\u0131nda bilgisi olaca\u011f\u0131 d\u00fc\u015f\u00fcn\u00fclen yeni isimlere ula\u015ft\u0131. Savc\u0131l\u0131k ge\u00e7ti\u011fimiz g\u00fcnlerde aralar\u0131nda polis ve jandarma g\u00f6revlilerinin de bulundu\u011fu 10 ki\u015finin ifadesini ald\u0131. \u201cBilgi sahibi\u201d s\u0131fat\u0131yla ifade veren bu ki\u015filere, Og\u00fcn Samast, Erhan Tuncel ve Yasin Hayal\u2019in ba\u011flant\u0131lar\u0131 ve Trabzon\u2019dan \u0130stanbul\u2019a geli\u015fleri hakk\u0131nda sorular y\u00f6neltildi\u011fi \u00f6\u011frenildi.<\/p>\n<p style=\"text-align: justify;\"><b>\u00a0SIRADA SAMAST, HAYAL VE TUNCEL DE VAR<\/b><\/p>\n<p style=\"text-align: justify;\">Yeni s\u00fcre\u00e7te ortaya \u00e7\u0131kan gizli ve a\u00e7\u0131k tan\u0131k ifadeleri \u0131\u015f\u0131\u011f\u0131nda soru\u015fturmadaki eksik noktalar\u0131 tespit eden savc\u0131l\u0131k, eski san\u0131klar\u0131n ifadesini almaya karar verdi. Savc\u0131l\u0131k, \u201ckasten adam \u00f6ld\u00fcrmek\u201d su\u00e7undan 21 y\u0131l ceza alan Og\u00fcn Samast, \u201cTasarlayarak adam \u00f6ld\u00fcrmeye azmettirmek\u201dten a\u011f\u0131rla\u015ft\u0131r\u0131lm\u0131\u015f m\u00fcebbet hapis cezas\u0131 alan Yasin Hayal, \u201cSilahl\u0131 ter\u00f6r \u00f6rg\u00fct\u00fc y\u00f6neticisi olma, tasarlayarak adam \u00f6ld\u00fcrmeye azmettirmek\u201d su\u00e7undan beraatine karar verilen Erhan Tuncel, cinayete yard\u0131m ettikleri gerek\u00e7esiyle 12\u2019\u015fer y\u0131l hapis cezas\u0131 alan san\u0131klar Ersin Yolcu ve Ahmet \u0130skender\u2019in de aralar\u0131nda bulundu\u011fu baz\u0131 eski san\u0131klar\u0131n ifadesinin yeniden al\u0131nmas\u0131na karar verdi.<\/p>\n<p style=\"text-align: justify;\"><b><i>Selahattin G\u00dcNDAY \/ DHA<\/i><\/b><\/p>\n<p style=\"text-align: justify;\"><b><i>http:\/\/hurarsiv.hurriyet.com.tr\/goster\/ShowNew.aspx?id=23146892<\/i><\/b><\/p>\n","protected":false},"excerpt":{"rendered":"<p>AGOS Gazetesi Genel Yay\u0131n Y\u00f6netmeni Hrant Dink\u2019in \u00f6ld\u00fcr\u00fclmesi olay\u0131yla ilgili y\u00fcr\u00fct\u00fclen soru\u015fturmada, savc\u0131l\u0131k eski san\u0131klar\u0131n ifadesinin yeniden al\u0131nmas\u0131na karar verdi. 19 Ocak 2007\u2019de Dink cinayetinin i\u015flenmesinin ard\u0131ndan 20 san\u0131k h\u00e2kim kar\u015f\u0131s\u0131na \u00e7\u0131kar\u0131ld\u0131, yakla\u015f\u0131k 5 y\u0131l s\u00fcren davada san\u0131klardan baz\u0131lar\u0131 \u00e7e\u015fitli oranlarda cezalara \u00e7arpt\u0131r\u0131l\u0131rken, baz\u0131lar\u0131 da beraat etti. Cinayete ili\u015fkin soru\u015fturma ise 2007 y\u0131l\u0131ndan bu yana [&hellip;]<\/p>\n","protected":false},"author":7,"featured_media":0,"comment_status":"open","ping_status":"open","sticky":false,"template":"","format":"standard","meta":{"footnotes":""},"categories":[1],"tags":[],"class_list":["post-23165","post","type-post","status-publish","format-standard","hentry","category-haberler"],"yoast_head":"<!-- This site is optimized with the Yoast SEO plugin v27.4 - https:\/\/yoast.com\/product\/yoast-seo-wordpress\/ -->\n<title>\u0130fadeler yeniden - Bati Ermenistan Ve Bati Ermenileri Sorunlari Ara\u015ftirmalar Merkezi<\/title>\n<meta name=\"robots\" content=\"index, follow, max-snippet:-1, max-image-preview:large, max-video-preview:-1\" \/>\n<link rel=\"canonical\" href=\"https:\/\/akunq.net\/tr\/?p=23165\" \/>\n<meta property=\"og:locale\" content=\"en_US\" \/>\n<meta property=\"og:type\" content=\"article\" \/>\n<meta property=\"og:title\" content=\"\u0130fadeler yeniden - Bati Ermenistan Ve Bati Ermenileri Sorunlari Ara\u015ftirmalar Merkezi\" \/>\n<meta property=\"og:description\" content=\"AGOS Gazetesi Genel Yay\u0131n Y\u00f6netmeni Hrant Dink\u2019in \u00f6ld\u00fcr\u00fclmesi olay\u0131yla ilgili y\u00fcr\u00fct\u00fclen soru\u015fturmada, savc\u0131l\u0131k eski san\u0131klar\u0131n ifadesinin yeniden al\u0131nmas\u0131na karar verdi. 19 Ocak 2007\u2019de Dink cinayetinin i\u015flenmesinin ard\u0131ndan 20 san\u0131k h\u00e2kim kar\u015f\u0131s\u0131na \u00e7\u0131kar\u0131ld\u0131, yakla\u015f\u0131k 5 y\u0131l s\u00fcren davada san\u0131klardan baz\u0131lar\u0131 \u00e7e\u015fitli oranlarda cezalara \u00e7arpt\u0131r\u0131l\u0131rken, baz\u0131lar\u0131 da beraat etti. Cinayete ili\u015fkin soru\u015fturma ise 2007 y\u0131l\u0131ndan bu yana [&hellip;]\" \/>\n<meta property=\"og:url\" content=\"https:\/\/akunq.net\/tr\/?p=23165\" \/>\n<meta property=\"og:site_name\" content=\"Bati Ermenistan Ve Bati Ermenileri Sorunlari Ara\u015ftirmalar Merkezi\" \/>\n<meta property=\"article:published_time\" content=\"2013-04-29T07:06:42+00:00\" \/>\n<meta name=\"author\" content=\"admin\" \/>\n<meta name=\"twitter:card\" content=\"summary_large_image\" \/>\n<meta name=\"twitter:label1\" content=\"Written by\" \/>\n\t<meta name=\"twitter:data1\" content=\"admin\" \/>\n\t<meta name=\"twitter:label2\" content=\"Est. reading time\" \/>\n\t<meta name=\"twitter:data2\" content=\"2 minutes\" \/>\n<script type=\"application\/ld+json\" class=\"yoast-schema-graph\">{\"@context\":\"https:\\\/\\\/schema.org\",\"@graph\":[{\"@type\":\"Article\",\"@id\":\"https:\\\/\\\/akunq.net\\\/tr\\\/?p=23165#article\",\"isPartOf\":{\"@id\":\"https:\\\/\\\/akunq.net\\\/tr\\\/?p=23165\"},\"author\":{\"name\":\"admin\",\"@id\":\"https:\\\/\\\/akunq.net\\\/tr\\\/#\\\/schema\\\/person\\\/096f1d38a12cce57fb855b485ed24c9e\"},\"headline\":\"\u0130fadeler yeniden\",\"datePublished\":\"2013-04-29T07:06:42+00:00\",\"mainEntityOfPage\":{\"@id\":\"https:\\\/\\\/akunq.net\\\/tr\\\/?p=23165\"},\"wordCount\":324,\"commentCount\":0,\"articleSection\":[\"Haberler\"],\"inLanguage\":\"en-US\",\"potentialAction\":[{\"@type\":\"CommentAction\",\"name\":\"Comment\",\"target\":[\"https:\\\/\\\/akunq.net\\\/tr\\\/?p=23165#respond\"]}]},{\"@type\":\"WebPage\",\"@id\":\"https:\\\/\\\/akunq.net\\\/tr\\\/?p=23165\",\"url\":\"https:\\\/\\\/akunq.net\\\/tr\\\/?p=23165\",\"name\":\"\u0130fadeler yeniden - Bati Ermenistan Ve Bati Ermenileri Sorunlari Ara\u015ftirmalar Merkezi\",\"isPartOf\":{\"@id\":\"https:\\\/\\\/akunq.net\\\/tr\\\/#website\"},\"datePublished\":\"2013-04-29T07:06:42+00:00\",\"author\":{\"@id\":\"https:\\\/\\\/akunq.net\\\/tr\\\/#\\\/schema\\\/person\\\/096f1d38a12cce57fb855b485ed24c9e\"},\"breadcrumb\":{\"@id\":\"https:\\\/\\\/akunq.net\\\/tr\\\/?p=23165#breadcrumb\"},\"inLanguage\":\"en-US\",\"potentialAction\":[{\"@type\":\"ReadAction\",\"target\":[\"https:\\\/\\\/akunq.net\\\/tr\\\/?p=23165\"]}]},{\"@type\":\"BreadcrumbList\",\"@id\":\"https:\\\/\\\/akunq.net\\\/tr\\\/?p=23165#breadcrumb\",\"itemListElement\":[{\"@type\":\"ListItem\",\"position\":1,\"name\":\"Home\",\"item\":\"https:\\\/\\\/akunq.net\\\/tr\"},{\"@type\":\"ListItem\",\"position\":2,\"name\":\"\u0130fadeler yeniden\"}]},{\"@type\":\"WebSite\",\"@id\":\"https:\\\/\\\/akunq.net\\\/tr\\\/#website\",\"url\":\"https:\\\/\\\/akunq.net\\\/tr\\\/\",\"name\":\"Bati Ermenistan Ve Bati Ermenileri Sorunlari Ara\u015ftirmalar Merkezi\",\"description\":\"\",\"potentialAction\":[{\"@type\":\"SearchAction\",\"target\":{\"@type\":\"EntryPoint\",\"urlTemplate\":\"https:\\\/\\\/akunq.net\\\/tr\\\/?s={search_term_string}\"},\"query-input\":{\"@type\":\"PropertyValueSpecification\",\"valueRequired\":true,\"valueName\":\"search_term_string\"}}],\"inLanguage\":\"en-US\"},{\"@type\":\"Person\",\"@id\":\"https:\\\/\\\/akunq.net\\\/tr\\\/#\\\/schema\\\/person\\\/096f1d38a12cce57fb855b485ed24c9e\",\"name\":\"admin\",\"url\":\"https:\\\/\\\/akunq.net\\\/tr\\\/?author=7\"}]}<\/script>\n<!-- \/ Yoast SEO plugin. -->","yoast_head_json":{"title":"\u0130fadeler yeniden - Bati Ermenistan Ve Bati Ermenileri Sorunlari Ara\u015ftirmalar Merkezi","robots":{"index":"index","follow":"follow","max-snippet":"max-snippet:-1","max-image-preview":"max-image-preview:large","max-video-preview":"max-video-preview:-1"},"canonical":"https:\/\/akunq.net\/tr\/?p=23165","og_locale":"en_US","og_type":"article","og_title":"\u0130fadeler yeniden - Bati Ermenistan Ve Bati Ermenileri Sorunlari Ara\u015ftirmalar Merkezi","og_description":"AGOS Gazetesi Genel Yay\u0131n Y\u00f6netmeni Hrant Dink\u2019in \u00f6ld\u00fcr\u00fclmesi olay\u0131yla ilgili y\u00fcr\u00fct\u00fclen soru\u015fturmada, savc\u0131l\u0131k eski san\u0131klar\u0131n ifadesinin yeniden al\u0131nmas\u0131na karar verdi. 19 Ocak 2007\u2019de Dink cinayetinin i\u015flenmesinin ard\u0131ndan 20 san\u0131k h\u00e2kim kar\u015f\u0131s\u0131na \u00e7\u0131kar\u0131ld\u0131, yakla\u015f\u0131k 5 y\u0131l s\u00fcren davada san\u0131klardan baz\u0131lar\u0131 \u00e7e\u015fitli oranlarda cezalara \u00e7arpt\u0131r\u0131l\u0131rken, baz\u0131lar\u0131 da beraat etti. Cinayete ili\u015fkin soru\u015fturma ise 2007 y\u0131l\u0131ndan bu yana [&hellip;]","og_url":"https:\/\/akunq.net\/tr\/?p=23165","og_site_name":"Bati Ermenistan Ve Bati Ermenileri Sorunlari Ara\u015ftirmalar Merkezi","article_published_time":"2013-04-29T07:06:42+00:00","author":"admin","twitter_card":"summary_large_image","twitter_misc":{"Written by":"admin","Est. reading time":"2 minutes"},"schema":{"@context":"https:\/\/schema.org","@graph":[{"@type":"Article","@id":"https:\/\/akunq.net\/tr\/?p=23165#article","isPartOf":{"@id":"https:\/\/akunq.net\/tr\/?p=23165"},"author":{"name":"admin","@id":"https:\/\/akunq.net\/tr\/#\/schema\/person\/096f1d38a12cce57fb855b485ed24c9e"},"headline":"\u0130fadeler yeniden","datePublished":"2013-04-29T07:06:42+00:00","mainEntityOfPage":{"@id":"https:\/\/akunq.net\/tr\/?p=23165"},"wordCount":324,"commentCount":0,"articleSection":["Haberler"],"inLanguage":"en-US","potentialAction":[{"@type":"CommentAction","name":"Comment","target":["https:\/\/akunq.net\/tr\/?p=23165#respond"]}]},{"@type":"WebPage","@id":"https:\/\/akunq.net\/tr\/?p=23165","url":"https:\/\/akunq.net\/tr\/?p=23165","name":"\u0130fadeler yeniden - Bati Ermenistan Ve Bati Ermenileri Sorunlari Ara\u015ftirmalar Merkezi","isPartOf":{"@id":"https:\/\/akunq.net\/tr\/#website"},"datePublished":"2013-04-29T07:06:42+00:00","author":{"@id":"https:\/\/akunq.net\/tr\/#\/schema\/person\/096f1d38a12cce57fb855b485ed24c9e"},"breadcrumb":{"@id":"https:\/\/akunq.net\/tr\/?p=23165#breadcrumb"},"inLanguage":"en-US","potentialAction":[{"@type":"ReadAction","target":["https:\/\/akunq.net\/tr\/?p=23165"]}]},{"@type":"BreadcrumbList","@id":"https:\/\/akunq.net\/tr\/?p=23165#breadcrumb","itemListElement":[{"@type":"ListItem","position":1,"name":"Home","item":"https:\/\/akunq.net\/tr"},{"@type":"ListItem","position":2,"name":"\u0130fadeler yeniden"}]},{"@type":"WebSite","@id":"https:\/\/akunq.net\/tr\/#website","url":"https:\/\/akunq.net\/tr\/","name":"Bati Ermenistan Ve Bati Ermenileri Sorunlari Ara\u015ftirmalar Merkezi","description":"","potentialAction":[{"@type":"SearchAction","target":{"@type":"EntryPoint","urlTemplate":"https:\/\/akunq.net\/tr\/?s={search_term_string}"},"query-input":{"@type":"PropertyValueSpecification","valueRequired":true,"valueName":"search_term_string"}}],"inLanguage":"en-US"},{"@type":"Person","@id":"https:\/\/akunq.net\/tr\/#\/schema\/person\/096f1d38a12cce57fb855b485ed24c9e","name":"admin","url":"https:\/\/akunq.net\/tr\/?author=7"}]}},"_links":{"self":[{"href":"https:\/\/akunq.net\/tr\/index.php?rest_route=\/wp\/v2\/posts\/23165","targetHints":{"allow":["GET"]}}],"collection":[{"href":"https:\/\/akunq.net\/tr\/index.php?rest_route=\/wp\/v2\/posts"}],"about":[{"href":"https:\/\/akunq.net\/tr\/index.php?rest_route=\/wp\/v2\/types\/post"}],"author":[{"embeddable":true,"href":"https:\/\/akunq.net\/tr\/index.php?rest_route=\/wp\/v2\/users\/7"}],"replies":[{"embeddable":true,"href":"https:\/\/akunq.net\/tr\/index.php?rest_route=%2Fwp%2Fv2%2Fcomments&post=23165"}],"version-history":[{"count":1,"href":"https:\/\/akunq.net\/tr\/index.php?rest_route=\/wp\/v2\/posts\/23165\/revisions"}],"predecessor-version":[{"id":23167,"href":"https:\/\/akunq.net\/tr\/index.php?rest_route=\/wp\/v2\/posts\/23165\/revisions\/23167"}],"wp:attachment":[{"href":"https:\/\/akunq.net\/tr\/index.php?rest_route=%2Fwp%2Fv2%2Fmedia&parent=23165"}],"wp:term":[{"taxonomy":"category","embeddable":true,"href":"https:\/\/akunq.net\/tr\/index.php?rest_route=%2Fwp%2Fv2%2Fcategories&post=23165"},{"taxonomy":"post_tag","embeddable":true,"href":"https:\/\/akunq.net\/tr\/index.php?rest_route=%2Fwp%2Fv2%2Ftags&post=23165"}],"curies":[{"name":"wp","href":"https:\/\/api.w.org\/{rel}","templated":true}]}}