{"id":23155,"date":"2013-04-28T01:43:46","date_gmt":"2013-04-28T06:43:46","guid":{"rendered":"http:\/\/akunq.net\/tr\/?p=23155"},"modified":"2013-04-28T01:43:46","modified_gmt":"2013-04-28T06:43:46","slug":"turkiye-tarihi-topraklarini-ermenistana-iade-etmeli","status":"publish","type":"post","link":"https:\/\/akunq.net\/tr\/?p=23155","title":{"rendered":"T\u00fcrkiye, tarihi topraklar\u0131n\u0131 Ermenistan\u2019a iade etmeli"},"content":{"rendered":"<p style=\"text-align: justify;\"><a href=\"http:\/\/akunq.net\/tr\/?attachment_id=23156\" rel=\"attachment wp-att-23156\"><img loading=\"lazy\" decoding=\"async\" class=\"alignright size-full wp-image-23156\" alt=\"Giro Manoyan\" src=\"http:\/\/akunq.net\/tr\/wp-content\/uploads\/2013\/04\/Giro-Manoyan.jpg\" width=\"251\" height=\"201\" \/><\/a>Ermeni Devrimci Federasyonu (Ta\u015fnaksutyun) Partisi\u2019nin, Hay Dat (Ermeni Davas\u0131) Ofisi Ba\u015fkan\u0131 Giro Manoyan, T\u00fcrkiye\u2019nin &#8220;Ermenistan\u2019\u0131n tarihi topraklar\u0131n\u0131&#8221; er ya da ge\u00e7 iade edece\u011fini savundu.<br \/>\n&#8220;Topraklar\u0131n iadesi meselesi, soyk\u0131r\u0131ma y\u00f6nelik bir tazminat meselesi de\u011fildir&#8221; diyen Manoyan, &#8220;Bu topraklar, Ermeni halk\u0131n\u0131n hakk\u0131d\u0131r. Soyk\u0131r\u0131m konusunda bir anla\u015fma olsun veya olmas\u0131n, bu topraklar, ABD Ba\u015fkan\u0131 Woodrow Wilson\u2019\u0131n hakl\u0131 karar\u0131yla Ermenilere ait topraklard\u0131r&#8221; ifadelerini kulland\u0131.<br \/>\nManoyan, &#8220;Bug\u00fcn ve yar\u0131n bu topraklara kim hakim olursa olsun, bu topraklar\u0131 kim y\u00f6netirse y\u00f6netsin, buralar Ermeni topra\u011f\u0131d\u0131r. Bu T\u00fcrkiye olmu\u015f, K\u00fcrdistan olmu\u015f fark etmez. Bu topraklar Bat\u0131 Ermenistan b\u00f6lgesidir&#8221; \u015feklinde konu\u015ftu.<br \/>\nErmenistan\u2019\u0131n hen\u00fcz resmi olarak herhangi bir toprak talebinde bulunmad\u0131\u011f\u0131n\u0131 vurgulayan Manoyan, &#8220;Fakat Sovyetler Birli\u011fi zaman\u0131nda bile Ermenistan, bug\u00fcnk\u00fc s\u0131n\u0131rlar\u0131n\u0131 ne kabul etti ne bu konuda bir anla\u015fmaya vard\u0131 ne de bu bir uzla\u015f\u0131 oldu&#8221; dedi.<br \/>\nCumhurba\u015fkan\u0131 Serj Sarkisyan\u2019\u0131n, Wilson Haritas\u0131\u2019n\u0131n 90\u2019nc\u0131 y\u0131l d\u00f6n\u00fcm\u00fc olan 23 Kas\u0131m 2010\u2019da yapt\u0131\u011f\u0131 konu\u015fmada, bu haritan\u0131n Ermenistan i\u00e7in \u00f6nemine de\u011findi\u011fini hat\u0131rlatan Manoyan, &#8220;Ermeniler\u2019in bunu (Wilson Haritas\u0131) unuttu\u011funu s\u00f6ylemek yanl\u0131\u015f olur, Ermenistan\u2019\u0131n bu konular\u0131 daha net ve g\u00fc\u00e7l\u00fc bir \u015fekilde g\u00fcndeme getirmesi b\u00fcy\u00fck \u00f6nem ta\u015f\u0131maktad\u0131r&#8221; yorumunda bulundu.<br \/>\nBu arada Ermenistan ile T\u00fcrkiye aras\u0131nda imzalanan protokollerin, resmi toprak talebi \u00f6n\u00fcnde a\u00e7\u0131k bir engel te\u015fkil etti\u011fini s\u00f6yleyen Manoyan, &#8220;Ermenistan bu protokollerden imzas\u0131n\u0131 \u00e7ekmelidir&#8221; dedi.<\/p>\n<p style=\"text-align: justify;\"><b><i>(\u0130HA)<\/i><\/b><\/p>\n<p style=\"text-align: justify;\"><b><i>http:\/\/www.internethaber.com\/turkIye,-tarIhI-topraklarInI-ermenIstana-Iade-etmelI-525932h.htm<\/i><\/b><\/p>\n","protected":false},"excerpt":{"rendered":"<p>Ermeni Devrimci Federasyonu (Ta\u015fnaksutyun) Partisi\u2019nin, Hay Dat (Ermeni Davas\u0131) Ofisi Ba\u015fkan\u0131 Giro Manoyan, T\u00fcrkiye\u2019nin &#8220;Ermenistan\u2019\u0131n tarihi topraklar\u0131n\u0131&#8221; er ya da ge\u00e7 iade edece\u011fini savundu. &#8220;Topraklar\u0131n iadesi meselesi, soyk\u0131r\u0131ma y\u00f6nelik bir tazminat meselesi de\u011fildir&#8221; diyen Manoyan, &#8220;Bu topraklar, Ermeni halk\u0131n\u0131n hakk\u0131d\u0131r. Soyk\u0131r\u0131m konusunda bir anla\u015fma olsun veya olmas\u0131n, bu topraklar, ABD Ba\u015fkan\u0131 Woodrow Wilson\u2019\u0131n hakl\u0131 karar\u0131yla [&hellip;]<\/p>\n","protected":false},"author":7,"featured_media":0,"comment_status":"open","ping_status":"open","sticky":false,"template":"","format":"standard","meta":{"footnotes":""},"categories":[1,9],"tags":[],"class_list":["post-23155","post","type-post","status-publish","format-standard","hentry","category-haberler","category-haklarimiz"],"yoast_head":"<!-- This site is optimized with the Yoast SEO plugin v27.4 - https:\/\/yoast.com\/product\/yoast-seo-wordpress\/ -->\n<title>T\u00fcrkiye, tarihi topraklar\u0131n\u0131 Ermenistan\u2019a iade etmeli - Bati Ermenistan Ve Bati Ermenileri Sorunlari Ara\u015ftirmalar Merkezi<\/title>\n<meta name=\"robots\" content=\"index, follow, max-snippet:-1, max-image-preview:large, max-video-preview:-1\" \/>\n<link rel=\"canonical\" href=\"https:\/\/akunq.net\/tr\/?p=23155\" \/>\n<meta property=\"og:locale\" content=\"en_US\" \/>\n<meta property=\"og:type\" content=\"article\" \/>\n<meta property=\"og:title\" content=\"T\u00fcrkiye, tarihi topraklar\u0131n\u0131 Ermenistan\u2019a iade etmeli - Bati Ermenistan Ve Bati Ermenileri Sorunlari Ara\u015ftirmalar Merkezi\" \/>\n<meta property=\"og:description\" content=\"Ermeni Devrimci Federasyonu (Ta\u015fnaksutyun) Partisi\u2019nin, Hay Dat (Ermeni Davas\u0131) Ofisi Ba\u015fkan\u0131 Giro Manoyan, T\u00fcrkiye\u2019nin &#8220;Ermenistan\u2019\u0131n tarihi topraklar\u0131n\u0131&#8221; er ya da ge\u00e7 iade edece\u011fini savundu. &#8220;Topraklar\u0131n iadesi meselesi, soyk\u0131r\u0131ma y\u00f6nelik bir tazminat meselesi de\u011fildir&#8221; diyen Manoyan, &#8220;Bu topraklar, Ermeni halk\u0131n\u0131n hakk\u0131d\u0131r. Soyk\u0131r\u0131m konusunda bir anla\u015fma olsun veya olmas\u0131n, bu topraklar, ABD Ba\u015fkan\u0131 Woodrow Wilson\u2019\u0131n hakl\u0131 karar\u0131yla [&hellip;]\" \/>\n<meta property=\"og:url\" content=\"https:\/\/akunq.net\/tr\/?p=23155\" \/>\n<meta property=\"og:site_name\" content=\"Bati Ermenistan Ve Bati Ermenileri Sorunlari Ara\u015ftirmalar Merkezi\" \/>\n<meta property=\"article:published_time\" content=\"2013-04-28T06:43:46+00:00\" \/>\n<meta property=\"og:image\" content=\"http:\/\/akunq.net\/tr\/wp-content\/uploads\/2013\/04\/Giro-Manoyan.jpg\" \/>\n<meta name=\"author\" content=\"admin\" \/>\n<meta name=\"twitter:card\" content=\"summary_large_image\" \/>\n<meta name=\"twitter:label1\" content=\"Written by\" \/>\n\t<meta name=\"twitter:data1\" content=\"admin\" \/>\n\t<meta name=\"twitter:label2\" content=\"Est. reading time\" \/>\n\t<meta name=\"twitter:data2\" content=\"1 minute\" \/>\n<script type=\"application\/ld+json\" class=\"yoast-schema-graph\">{\"@context\":\"https:\\\/\\\/schema.org\",\"@graph\":[{\"@type\":\"Article\",\"@id\":\"https:\\\/\\\/akunq.net\\\/tr\\\/?p=23155#article\",\"isPartOf\":{\"@id\":\"https:\\\/\\\/akunq.net\\\/tr\\\/?p=23155\"},\"author\":{\"name\":\"admin\",\"@id\":\"https:\\\/\\\/akunq.net\\\/tr\\\/#\\\/schema\\\/person\\\/096f1d38a12cce57fb855b485ed24c9e\"},\"headline\":\"T\u00fcrkiye, tarihi topraklar\u0131n\u0131 Ermenistan\u2019a iade etmeli\",\"datePublished\":\"2013-04-28T06:43:46+00:00\",\"mainEntityOfPage\":{\"@id\":\"https:\\\/\\\/akunq.net\\\/tr\\\/?p=23155\"},\"wordCount\":292,\"commentCount\":0,\"image\":{\"@id\":\"https:\\\/\\\/akunq.net\\\/tr\\\/?p=23155#primaryimage\"},\"thumbnailUrl\":\"http:\\\/\\\/akunq.net\\\/tr\\\/wp-content\\\/uploads\\\/2013\\\/04\\\/Giro-Manoyan.jpg\",\"articleSection\":[\"Haberler\",\"Haklar\u0131m\u0131z\"],\"inLanguage\":\"en-US\",\"potentialAction\":[{\"@type\":\"CommentAction\",\"name\":\"Comment\",\"target\":[\"https:\\\/\\\/akunq.net\\\/tr\\\/?p=23155#respond\"]}]},{\"@type\":\"WebPage\",\"@id\":\"https:\\\/\\\/akunq.net\\\/tr\\\/?p=23155\",\"url\":\"https:\\\/\\\/akunq.net\\\/tr\\\/?p=23155\",\"name\":\"T\u00fcrkiye, tarihi topraklar\u0131n\u0131 Ermenistan\u2019a iade etmeli - Bati Ermenistan Ve Bati Ermenileri Sorunlari Ara\u015ftirmalar Merkezi\",\"isPartOf\":{\"@id\":\"https:\\\/\\\/akunq.net\\\/tr\\\/#website\"},\"primaryImageOfPage\":{\"@id\":\"https:\\\/\\\/akunq.net\\\/tr\\\/?p=23155#primaryimage\"},\"image\":{\"@id\":\"https:\\\/\\\/akunq.net\\\/tr\\\/?p=23155#primaryimage\"},\"thumbnailUrl\":\"http:\\\/\\\/akunq.net\\\/tr\\\/wp-content\\\/uploads\\\/2013\\\/04\\\/Giro-Manoyan.jpg\",\"datePublished\":\"2013-04-28T06:43:46+00:00\",\"author\":{\"@id\":\"https:\\\/\\\/akunq.net\\\/tr\\\/#\\\/schema\\\/person\\\/096f1d38a12cce57fb855b485ed24c9e\"},\"breadcrumb\":{\"@id\":\"https:\\\/\\\/akunq.net\\\/tr\\\/?p=23155#breadcrumb\"},\"inLanguage\":\"en-US\",\"potentialAction\":[{\"@type\":\"ReadAction\",\"target\":[\"https:\\\/\\\/akunq.net\\\/tr\\\/?p=23155\"]}]},{\"@type\":\"ImageObject\",\"inLanguage\":\"en-US\",\"@id\":\"https:\\\/\\\/akunq.net\\\/tr\\\/?p=23155#primaryimage\",\"url\":\"https:\\\/\\\/akunq.net\\\/tr\\\/wp-content\\\/uploads\\\/sites\\\/6\\\/2013\\\/04\\\/Giro-Manoyan.jpg\",\"contentUrl\":\"https:\\\/\\\/akunq.net\\\/tr\\\/wp-content\\\/uploads\\\/sites\\\/6\\\/2013\\\/04\\\/Giro-Manoyan.jpg\",\"width\":251,\"height\":201},{\"@type\":\"BreadcrumbList\",\"@id\":\"https:\\\/\\\/akunq.net\\\/tr\\\/?p=23155#breadcrumb\",\"itemListElement\":[{\"@type\":\"ListItem\",\"position\":1,\"name\":\"Home\",\"item\":\"https:\\\/\\\/akunq.net\\\/tr\"},{\"@type\":\"ListItem\",\"position\":2,\"name\":\"T\u00fcrkiye, tarihi topraklar\u0131n\u0131 Ermenistan\u2019a iade etmeli\"}]},{\"@type\":\"WebSite\",\"@id\":\"https:\\\/\\\/akunq.net\\\/tr\\\/#website\",\"url\":\"https:\\\/\\\/akunq.net\\\/tr\\\/\",\"name\":\"Bati Ermenistan Ve Bati Ermenileri Sorunlari Ara\u015ftirmalar Merkezi\",\"description\":\"\",\"potentialAction\":[{\"@type\":\"SearchAction\",\"target\":{\"@type\":\"EntryPoint\",\"urlTemplate\":\"https:\\\/\\\/akunq.net\\\/tr\\\/?s={search_term_string}\"},\"query-input\":{\"@type\":\"PropertyValueSpecification\",\"valueRequired\":true,\"valueName\":\"search_term_string\"}}],\"inLanguage\":\"en-US\"},{\"@type\":\"Person\",\"@id\":\"https:\\\/\\\/akunq.net\\\/tr\\\/#\\\/schema\\\/person\\\/096f1d38a12cce57fb855b485ed24c9e\",\"name\":\"admin\",\"url\":\"https:\\\/\\\/akunq.net\\\/tr\\\/?author=7\"}]}<\/script>\n<!-- \/ Yoast SEO plugin. -->","yoast_head_json":{"title":"T\u00fcrkiye, tarihi topraklar\u0131n\u0131 Ermenistan\u2019a iade etmeli - Bati Ermenistan Ve Bati Ermenileri Sorunlari Ara\u015ftirmalar Merkezi","robots":{"index":"index","follow":"follow","max-snippet":"max-snippet:-1","max-image-preview":"max-image-preview:large","max-video-preview":"max-video-preview:-1"},"canonical":"https:\/\/akunq.net\/tr\/?p=23155","og_locale":"en_US","og_type":"article","og_title":"T\u00fcrkiye, tarihi topraklar\u0131n\u0131 Ermenistan\u2019a iade etmeli - Bati Ermenistan Ve Bati Ermenileri Sorunlari Ara\u015ftirmalar Merkezi","og_description":"Ermeni Devrimci Federasyonu (Ta\u015fnaksutyun) Partisi\u2019nin, Hay Dat (Ermeni Davas\u0131) Ofisi Ba\u015fkan\u0131 Giro Manoyan, T\u00fcrkiye\u2019nin &#8220;Ermenistan\u2019\u0131n tarihi topraklar\u0131n\u0131&#8221; er ya da ge\u00e7 iade edece\u011fini savundu. &#8220;Topraklar\u0131n iadesi meselesi, soyk\u0131r\u0131ma y\u00f6nelik bir tazminat meselesi de\u011fildir&#8221; diyen Manoyan, &#8220;Bu topraklar, Ermeni halk\u0131n\u0131n hakk\u0131d\u0131r. Soyk\u0131r\u0131m konusunda bir anla\u015fma olsun veya olmas\u0131n, bu topraklar, ABD Ba\u015fkan\u0131 Woodrow Wilson\u2019\u0131n hakl\u0131 karar\u0131yla [&hellip;]","og_url":"https:\/\/akunq.net\/tr\/?p=23155","og_site_name":"Bati Ermenistan Ve Bati Ermenileri Sorunlari Ara\u015ftirmalar Merkezi","article_published_time":"2013-04-28T06:43:46+00:00","og_image":[{"url":"http:\/\/akunq.net\/tr\/wp-content\/uploads\/2013\/04\/Giro-Manoyan.jpg","type":"","width":"","height":""}],"author":"admin","twitter_card":"summary_large_image","twitter_misc":{"Written by":"admin","Est. reading time":"1 minute"},"schema":{"@context":"https:\/\/schema.org","@graph":[{"@type":"Article","@id":"https:\/\/akunq.net\/tr\/?p=23155#article","isPartOf":{"@id":"https:\/\/akunq.net\/tr\/?p=23155"},"author":{"name":"admin","@id":"https:\/\/akunq.net\/tr\/#\/schema\/person\/096f1d38a12cce57fb855b485ed24c9e"},"headline":"T\u00fcrkiye, tarihi topraklar\u0131n\u0131 Ermenistan\u2019a iade etmeli","datePublished":"2013-04-28T06:43:46+00:00","mainEntityOfPage":{"@id":"https:\/\/akunq.net\/tr\/?p=23155"},"wordCount":292,"commentCount":0,"image":{"@id":"https:\/\/akunq.net\/tr\/?p=23155#primaryimage"},"thumbnailUrl":"http:\/\/akunq.net\/tr\/wp-content\/uploads\/2013\/04\/Giro-Manoyan.jpg","articleSection":["Haberler","Haklar\u0131m\u0131z"],"inLanguage":"en-US","potentialAction":[{"@type":"CommentAction","name":"Comment","target":["https:\/\/akunq.net\/tr\/?p=23155#respond"]}]},{"@type":"WebPage","@id":"https:\/\/akunq.net\/tr\/?p=23155","url":"https:\/\/akunq.net\/tr\/?p=23155","name":"T\u00fcrkiye, tarihi topraklar\u0131n\u0131 Ermenistan\u2019a iade etmeli - Bati Ermenistan Ve Bati Ermenileri Sorunlari Ara\u015ftirmalar Merkezi","isPartOf":{"@id":"https:\/\/akunq.net\/tr\/#website"},"primaryImageOfPage":{"@id":"https:\/\/akunq.net\/tr\/?p=23155#primaryimage"},"image":{"@id":"https:\/\/akunq.net\/tr\/?p=23155#primaryimage"},"thumbnailUrl":"http:\/\/akunq.net\/tr\/wp-content\/uploads\/2013\/04\/Giro-Manoyan.jpg","datePublished":"2013-04-28T06:43:46+00:00","author":{"@id":"https:\/\/akunq.net\/tr\/#\/schema\/person\/096f1d38a12cce57fb855b485ed24c9e"},"breadcrumb":{"@id":"https:\/\/akunq.net\/tr\/?p=23155#breadcrumb"},"inLanguage":"en-US","potentialAction":[{"@type":"ReadAction","target":["https:\/\/akunq.net\/tr\/?p=23155"]}]},{"@type":"ImageObject","inLanguage":"en-US","@id":"https:\/\/akunq.net\/tr\/?p=23155#primaryimage","url":"https:\/\/akunq.net\/tr\/wp-content\/uploads\/sites\/6\/2013\/04\/Giro-Manoyan.jpg","contentUrl":"https:\/\/akunq.net\/tr\/wp-content\/uploads\/sites\/6\/2013\/04\/Giro-Manoyan.jpg","width":251,"height":201},{"@type":"BreadcrumbList","@id":"https:\/\/akunq.net\/tr\/?p=23155#breadcrumb","itemListElement":[{"@type":"ListItem","position":1,"name":"Home","item":"https:\/\/akunq.net\/tr"},{"@type":"ListItem","position":2,"name":"T\u00fcrkiye, tarihi topraklar\u0131n\u0131 Ermenistan\u2019a iade etmeli"}]},{"@type":"WebSite","@id":"https:\/\/akunq.net\/tr\/#website","url":"https:\/\/akunq.net\/tr\/","name":"Bati Ermenistan Ve Bati Ermenileri Sorunlari Ara\u015ftirmalar Merkezi","description":"","potentialAction":[{"@type":"SearchAction","target":{"@type":"EntryPoint","urlTemplate":"https:\/\/akunq.net\/tr\/?s={search_term_string}"},"query-input":{"@type":"PropertyValueSpecification","valueRequired":true,"valueName":"search_term_string"}}],"inLanguage":"en-US"},{"@type":"Person","@id":"https:\/\/akunq.net\/tr\/#\/schema\/person\/096f1d38a12cce57fb855b485ed24c9e","name":"admin","url":"https:\/\/akunq.net\/tr\/?author=7"}]}},"_links":{"self":[{"href":"https:\/\/akunq.net\/tr\/index.php?rest_route=\/wp\/v2\/posts\/23155","targetHints":{"allow":["GET"]}}],"collection":[{"href":"https:\/\/akunq.net\/tr\/index.php?rest_route=\/wp\/v2\/posts"}],"about":[{"href":"https:\/\/akunq.net\/tr\/index.php?rest_route=\/wp\/v2\/types\/post"}],"author":[{"embeddable":true,"href":"https:\/\/akunq.net\/tr\/index.php?rest_route=\/wp\/v2\/users\/7"}],"replies":[{"embeddable":true,"href":"https:\/\/akunq.net\/tr\/index.php?rest_route=%2Fwp%2Fv2%2Fcomments&post=23155"}],"version-history":[{"count":1,"href":"https:\/\/akunq.net\/tr\/index.php?rest_route=\/wp\/v2\/posts\/23155\/revisions"}],"predecessor-version":[{"id":23157,"href":"https:\/\/akunq.net\/tr\/index.php?rest_route=\/wp\/v2\/posts\/23155\/revisions\/23157"}],"wp:attachment":[{"href":"https:\/\/akunq.net\/tr\/index.php?rest_route=%2Fwp%2Fv2%2Fmedia&parent=23155"}],"wp:term":[{"taxonomy":"category","embeddable":true,"href":"https:\/\/akunq.net\/tr\/index.php?rest_route=%2Fwp%2Fv2%2Fcategories&post=23155"},{"taxonomy":"post_tag","embeddable":true,"href":"https:\/\/akunq.net\/tr\/index.php?rest_route=%2Fwp%2Fv2%2Ftags&post=23155"}],"curies":[{"name":"wp","href":"https:\/\/api.w.org\/{rel}","templated":true}]}}