{"id":23074,"date":"2013-04-25T03:52:11","date_gmt":"2013-04-25T08:52:11","guid":{"rendered":"http:\/\/akunq.net\/tr\/?p=23074"},"modified":"2013-04-25T03:52:34","modified_gmt":"2013-04-25T08:52:34","slug":"sevag-da-olumunun-ikinci-yilinda-anildi","status":"publish","type":"post","link":"https:\/\/akunq.net\/tr\/?p=23074","title":{"rendered":"Sevag da \u00f6l\u00fcm\u00fcn\u00fcn ikinci y\u0131l\u0131nda an\u0131ld\u0131"},"content":{"rendered":"<p style=\"text-align: justify;\"><b><i><a href=\"http:\/\/akunq.net\/tr\/?attachment_id=23075\" rel=\"attachment wp-att-23075\"><img loading=\"lazy\" decoding=\"async\" class=\"alignright size-full wp-image-23075\" alt=\"Sevag\" src=\"http:\/\/akunq.net\/tr\/wp-content\/uploads\/2013\/04\/Sevag.jpg\" width=\"292\" height=\"201\" \/><\/a>Batman&#8217;da askerli\u011fini yapt\u0131\u011f\u0131 s\u0131rada bir ba\u015fka asker taraf\u0131ndan vurularak \u00f6ld\u00fcr\u00fclen Ermeni as\u0131ll\u0131 Sevag \u015eahin Bal\u0131k\u00e7\u0131, mezar\u0131 ba\u015f\u0131nda an\u0131ld\u0131.<\/i><\/b><i><br \/>\n<\/i>Batman&#8217;\u0131n Kozluk il\u00e7esi G\u00fcm\u00fc\u015f\u00f6rg\u00fc Jandarma Karakolu&#8217;nda vatani g\u00f6revini yaparken, er K\u0131van\u00e7 A.&#8217;n\u0131n silah\u0131ndan \u00e7\u0131kan kur\u015funla ya\u015fam\u0131n\u0131 yitiren Ermeni as\u0131ll\u0131 er Sevag \u015eahin Bal\u0131k\u00e7\u0131, \u00f6l\u00fcm\u00fcn\u00fcn ikinci y\u0131l\u0131nda mezar\u0131 ba\u015f\u0131nda an\u0131ld\u0131.<\/p>\n<p style=\"text-align: justify;\">Sevag Bal\u0131k\u00e7\u0131&#8217;n\u0131n mezar\u0131n\u0131n bulundu\u011fu \u015ei\u015fli&#8217;deki Gregoryan Ermeni Mezarl\u0131\u011f\u0131&#8217;ndaki t\u00f6rene babas\u0131 Garabet, annesi Ani, ablas\u0131 Lerna \u00d6zder&#8217;in yan\u0131 s\u0131ra Avrupa <a href=\"http:\/\/www.cnnturk.com\/guncel.konular\/irkcilik\/167\/index.html\">Irk\u00e7\u0131l\u0131k<\/a> Kar\u015f\u0131t\u0131 Hareketler A\u011f\u0131 Delegasyonu&#8217;ndan Benjamin Abtan, \u0130HD \u0130stanbul \u015eube Ba\u015fkan\u0131 \u00dcmit Efe, Irk\u00e7\u0131l\u0131\u011fa Kar\u015f\u0131 Dur de Giri\u015fimi \u00fcyeleri ile Ermeni tarih\u00e7i Ara Sarafian&#8217;\u0131n da aralar\u0131nda bulundu\u011fu bir grup kat\u0131ld\u0131. Mezar ba\u015f\u0131nda okunan dualar\u0131n ard\u0131ndan, kat\u0131lanlara helva da\u011f\u0131t\u0131ld\u0131.<\/p>\n<p style=\"text-align: justify;\">Avrupa <a href=\"http:\/\/www.cnnturk.com\/guncel.konular\/irkcilik\/167\/index.html\">Irk\u00e7\u0131l\u0131k<\/a> Kar\u015f\u0131t\u0131 Hareketler A\u011f\u0131 Delegasyonu&#8217;ndan Benjamin Abtan, Sevag \u015eahin Bal\u0131k\u00e7\u0131&#8217;n\u0131n dava s\u00fcrecini en ba\u015f\u0131ndan beri takip ettiklerini belirterek, &#8220;Gelme amac\u0131m\u0131z <a href=\"http:\/\/www.cnnturk.com\/guncel.konular\/soykirimi.inkar.yasasi\/843\/index.html\">Ermeni Soyk\u0131r\u0131m\u0131<\/a>&#8216;n\u0131n anmas\u0131nda yer almak. Irk\u00e7\u0131l\u0131\u011fa kar\u015f\u0131 m\u00fccadele edenlerle birlikte olmak. Hi\u00e7bir \u00e7ocu\u011fun \u00f6l\u00fcm\u00fc me\u015fru olamaz. Bir \u00e7ocuk kaybedildikten sonra \u00e7ok da yapabilece\u011fimiz pek bir \u015fey yok. Onu geri getirebilmemiz m\u00fcmk\u00fcn de\u011fil. Ama burada olma sebebimiz, soyk\u0131r\u0131mda katledilen di\u011fer anne-babalara oldu\u011fu gibi, yard\u0131mc\u0131 olabilmek. Onlar\u0131n bu soyk\u0131r\u0131m\u0131n son kurban\u0131 olmalar\u0131n\u0131 sa\u011flayabilmek. Ba\u015fka \u00f6l\u00fcmlerin olmas\u0131n\u0131 engellemek&#8221; dedi.<\/p>\n<p style=\"text-align: justify;\">Sevag Bal\u0131k\u00e7\u0131&#8217;n\u0131n babas\u0131 Garabet Bal\u0131k\u00e7\u0131 da, &#8220;Dava s\u00fcrecini be\u011fenmiyorum. Ger\u00e7ekler ortaya \u00e7\u0131kmad\u0131. \u00c7\u0131karmak m\u0131 istemiyorlar? Veyahut ger\u00e7ekleri s\u00f6ylemek mi istemiyorlar? Sevag&#8217;\u0131n \u00f6ld\u00fcr\u00fclmesi \u0131rk\u00e7\u0131l\u0131\u011f\u0131n bir noktas\u0131d\u0131r. Soyk\u0131r\u0131m\u0131n 96&#8217;\u0131nc\u0131 y\u0131l\u0131nda ve Paskalya Bayram\u0131&#8217;na denk gelmesi, bir Ermeni&#8217;nin bug\u00fcn \u00f6ld\u00fcr\u00fclmesi \u0131rk\u00e7\u0131l\u0131\u011fa delalettir&#8221; diye konu\u015ftu.<\/p>\n<p style=\"text-align: justify;\">Sevag Bal\u0131k\u00e7\u0131&#8217;n\u0131n annesi Ani Bal\u0131k\u00e7\u0131 ise &#8220;Ac\u0131m\u0131z\u0131 payla\u015ft\u0131\u011f\u0131 i\u00e7in Benjamin Abtan&#8217;a te\u015fekk\u00fcr ediyorum. <a href=\"http:\/\/www.cnnturk.com\/guncel.konular\/23.nisan\/326\/index.html\">23 Nisan<\/a> Bayram\u0131&#8217;nda bir \u00e7ocuk \u00f6lmesi gerekiyordu. Tam ertesi g\u00fcn\u00fc, evet bir \u00e7ocuk katledildi. S\u0131rf Ermeni oldu\u011fu i\u00e7in. Halbuki o \u00f6nce insan, sonra Ermeniydi. Bunlar\u0131 d\u00fc\u015f\u00fcnmek gerekiyordu. Kendisi bunu se\u00e7memi\u015fti. Do\u011fu\u015fu \u00f6yleydi. Ne yapabilirdi ki&#8221; dedi.<\/p>\n<p style=\"text-align: justify;\"><b><i>http:\/\/www.cnnturk.com\/2013\/guncel\/04\/24\/sevag.da.olumunun.ikinci.yilinda.anildi\/705468.0\/index.html<\/i><\/b><\/p>\n","protected":false},"excerpt":{"rendered":"<p>Batman&#8217;da askerli\u011fini yapt\u0131\u011f\u0131 s\u0131rada bir ba\u015fka asker taraf\u0131ndan vurularak \u00f6ld\u00fcr\u00fclen Ermeni as\u0131ll\u0131 Sevag \u015eahin Bal\u0131k\u00e7\u0131, mezar\u0131 ba\u015f\u0131nda an\u0131ld\u0131. Batman&#8217;\u0131n Kozluk il\u00e7esi G\u00fcm\u00fc\u015f\u00f6rg\u00fc Jandarma Karakolu&#8217;nda vatani g\u00f6revini yaparken, er K\u0131van\u00e7 A.&#8217;n\u0131n silah\u0131ndan \u00e7\u0131kan kur\u015funla ya\u015fam\u0131n\u0131 yitiren Ermeni as\u0131ll\u0131 er Sevag \u015eahin Bal\u0131k\u00e7\u0131, \u00f6l\u00fcm\u00fcn\u00fcn ikinci y\u0131l\u0131nda mezar\u0131 ba\u015f\u0131nda an\u0131ld\u0131. Sevag Bal\u0131k\u00e7\u0131&#8217;n\u0131n mezar\u0131n\u0131n bulundu\u011fu \u015ei\u015fli&#8217;deki Gregoryan Ermeni Mezarl\u0131\u011f\u0131&#8217;ndaki [&hellip;]<\/p>\n","protected":false},"author":7,"featured_media":0,"comment_status":"open","ping_status":"open","sticky":false,"template":"","format":"standard","meta":{"footnotes":""},"categories":[1],"tags":[],"class_list":["post-23074","post","type-post","status-publish","format-standard","hentry","category-haberler"],"yoast_head":"<!-- This site is optimized with the Yoast SEO plugin v27.4 - https:\/\/yoast.com\/product\/yoast-seo-wordpress\/ -->\n<title>Sevag da \u00f6l\u00fcm\u00fcn\u00fcn ikinci y\u0131l\u0131nda an\u0131ld\u0131 - Bati Ermenistan Ve Bati Ermenileri Sorunlari Ara\u015ftirmalar Merkezi<\/title>\n<meta name=\"robots\" content=\"index, follow, max-snippet:-1, max-image-preview:large, max-video-preview:-1\" \/>\n<link rel=\"canonical\" href=\"https:\/\/akunq.net\/tr\/?p=23074\" \/>\n<meta property=\"og:locale\" content=\"en_US\" \/>\n<meta property=\"og:type\" content=\"article\" \/>\n<meta property=\"og:title\" content=\"Sevag da \u00f6l\u00fcm\u00fcn\u00fcn ikinci y\u0131l\u0131nda an\u0131ld\u0131 - Bati Ermenistan Ve Bati Ermenileri Sorunlari Ara\u015ftirmalar Merkezi\" \/>\n<meta property=\"og:description\" content=\"Batman&#8217;da askerli\u011fini yapt\u0131\u011f\u0131 s\u0131rada bir ba\u015fka asker taraf\u0131ndan vurularak \u00f6ld\u00fcr\u00fclen Ermeni as\u0131ll\u0131 Sevag \u015eahin Bal\u0131k\u00e7\u0131, mezar\u0131 ba\u015f\u0131nda an\u0131ld\u0131. Batman&#8217;\u0131n Kozluk il\u00e7esi G\u00fcm\u00fc\u015f\u00f6rg\u00fc Jandarma Karakolu&#8217;nda vatani g\u00f6revini yaparken, er K\u0131van\u00e7 A.&#8217;n\u0131n silah\u0131ndan \u00e7\u0131kan kur\u015funla ya\u015fam\u0131n\u0131 yitiren Ermeni as\u0131ll\u0131 er Sevag \u015eahin Bal\u0131k\u00e7\u0131, \u00f6l\u00fcm\u00fcn\u00fcn ikinci y\u0131l\u0131nda mezar\u0131 ba\u015f\u0131nda an\u0131ld\u0131. Sevag Bal\u0131k\u00e7\u0131&#8217;n\u0131n mezar\u0131n\u0131n bulundu\u011fu \u015ei\u015fli&#8217;deki Gregoryan Ermeni Mezarl\u0131\u011f\u0131&#8217;ndaki [&hellip;]\" \/>\n<meta property=\"og:url\" content=\"https:\/\/akunq.net\/tr\/?p=23074\" \/>\n<meta property=\"og:site_name\" content=\"Bati Ermenistan Ve Bati Ermenileri Sorunlari Ara\u015ftirmalar Merkezi\" \/>\n<meta property=\"article:published_time\" content=\"2013-04-25T08:52:11+00:00\" \/>\n<meta property=\"article:modified_time\" content=\"2013-04-25T08:52:34+00:00\" \/>\n<meta property=\"og:image\" content=\"http:\/\/akunq.net\/tr\/wp-content\/uploads\/2013\/04\/Sevag.jpg\" \/>\n<meta name=\"author\" content=\"admin\" \/>\n<meta name=\"twitter:card\" content=\"summary_large_image\" \/>\n<meta name=\"twitter:label1\" content=\"Written by\" \/>\n\t<meta name=\"twitter:data1\" content=\"admin\" \/>\n\t<meta name=\"twitter:label2\" content=\"Est. reading time\" \/>\n\t<meta name=\"twitter:data2\" content=\"2 minutes\" \/>\n<script type=\"application\/ld+json\" class=\"yoast-schema-graph\">{\"@context\":\"https:\\\/\\\/schema.org\",\"@graph\":[{\"@type\":\"Article\",\"@id\":\"https:\\\/\\\/akunq.net\\\/tr\\\/?p=23074#article\",\"isPartOf\":{\"@id\":\"https:\\\/\\\/akunq.net\\\/tr\\\/?p=23074\"},\"author\":{\"name\":\"admin\",\"@id\":\"https:\\\/\\\/akunq.net\\\/tr\\\/#\\\/schema\\\/person\\\/096f1d38a12cce57fb855b485ed24c9e\"},\"headline\":\"Sevag da \u00f6l\u00fcm\u00fcn\u00fcn ikinci y\u0131l\u0131nda an\u0131ld\u0131\",\"datePublished\":\"2013-04-25T08:52:11+00:00\",\"dateModified\":\"2013-04-25T08:52:34+00:00\",\"mainEntityOfPage\":{\"@id\":\"https:\\\/\\\/akunq.net\\\/tr\\\/?p=23074\"},\"wordCount\":443,\"commentCount\":0,\"image\":{\"@id\":\"https:\\\/\\\/akunq.net\\\/tr\\\/?p=23074#primaryimage\"},\"thumbnailUrl\":\"http:\\\/\\\/akunq.net\\\/tr\\\/wp-content\\\/uploads\\\/2013\\\/04\\\/Sevag.jpg\",\"articleSection\":[\"Haberler\"],\"inLanguage\":\"en-US\",\"potentialAction\":[{\"@type\":\"CommentAction\",\"name\":\"Comment\",\"target\":[\"https:\\\/\\\/akunq.net\\\/tr\\\/?p=23074#respond\"]}]},{\"@type\":\"WebPage\",\"@id\":\"https:\\\/\\\/akunq.net\\\/tr\\\/?p=23074\",\"url\":\"https:\\\/\\\/akunq.net\\\/tr\\\/?p=23074\",\"name\":\"Sevag da \u00f6l\u00fcm\u00fcn\u00fcn ikinci y\u0131l\u0131nda an\u0131ld\u0131 - Bati Ermenistan Ve Bati Ermenileri Sorunlari Ara\u015ftirmalar Merkezi\",\"isPartOf\":{\"@id\":\"https:\\\/\\\/akunq.net\\\/tr\\\/#website\"},\"primaryImageOfPage\":{\"@id\":\"https:\\\/\\\/akunq.net\\\/tr\\\/?p=23074#primaryimage\"},\"image\":{\"@id\":\"https:\\\/\\\/akunq.net\\\/tr\\\/?p=23074#primaryimage\"},\"thumbnailUrl\":\"http:\\\/\\\/akunq.net\\\/tr\\\/wp-content\\\/uploads\\\/2013\\\/04\\\/Sevag.jpg\",\"datePublished\":\"2013-04-25T08:52:11+00:00\",\"dateModified\":\"2013-04-25T08:52:34+00:00\",\"author\":{\"@id\":\"https:\\\/\\\/akunq.net\\\/tr\\\/#\\\/schema\\\/person\\\/096f1d38a12cce57fb855b485ed24c9e\"},\"breadcrumb\":{\"@id\":\"https:\\\/\\\/akunq.net\\\/tr\\\/?p=23074#breadcrumb\"},\"inLanguage\":\"en-US\",\"potentialAction\":[{\"@type\":\"ReadAction\",\"target\":[\"https:\\\/\\\/akunq.net\\\/tr\\\/?p=23074\"]}]},{\"@type\":\"ImageObject\",\"inLanguage\":\"en-US\",\"@id\":\"https:\\\/\\\/akunq.net\\\/tr\\\/?p=23074#primaryimage\",\"url\":\"https:\\\/\\\/akunq.net\\\/tr\\\/wp-content\\\/uploads\\\/sites\\\/6\\\/2013\\\/04\\\/Sevag.jpg\",\"contentUrl\":\"https:\\\/\\\/akunq.net\\\/tr\\\/wp-content\\\/uploads\\\/sites\\\/6\\\/2013\\\/04\\\/Sevag.jpg\",\"width\":292,\"height\":201},{\"@type\":\"BreadcrumbList\",\"@id\":\"https:\\\/\\\/akunq.net\\\/tr\\\/?p=23074#breadcrumb\",\"itemListElement\":[{\"@type\":\"ListItem\",\"position\":1,\"name\":\"Home\",\"item\":\"https:\\\/\\\/akunq.net\\\/tr\"},{\"@type\":\"ListItem\",\"position\":2,\"name\":\"Sevag da \u00f6l\u00fcm\u00fcn\u00fcn ikinci y\u0131l\u0131nda an\u0131ld\u0131\"}]},{\"@type\":\"WebSite\",\"@id\":\"https:\\\/\\\/akunq.net\\\/tr\\\/#website\",\"url\":\"https:\\\/\\\/akunq.net\\\/tr\\\/\",\"name\":\"Bati Ermenistan Ve Bati Ermenileri Sorunlari Ara\u015ftirmalar Merkezi\",\"description\":\"\",\"potentialAction\":[{\"@type\":\"SearchAction\",\"target\":{\"@type\":\"EntryPoint\",\"urlTemplate\":\"https:\\\/\\\/akunq.net\\\/tr\\\/?s={search_term_string}\"},\"query-input\":{\"@type\":\"PropertyValueSpecification\",\"valueRequired\":true,\"valueName\":\"search_term_string\"}}],\"inLanguage\":\"en-US\"},{\"@type\":\"Person\",\"@id\":\"https:\\\/\\\/akunq.net\\\/tr\\\/#\\\/schema\\\/person\\\/096f1d38a12cce57fb855b485ed24c9e\",\"name\":\"admin\",\"url\":\"https:\\\/\\\/akunq.net\\\/tr\\\/?author=7\"}]}<\/script>\n<!-- \/ Yoast SEO plugin. -->","yoast_head_json":{"title":"Sevag da \u00f6l\u00fcm\u00fcn\u00fcn ikinci y\u0131l\u0131nda an\u0131ld\u0131 - Bati Ermenistan Ve Bati Ermenileri Sorunlari Ara\u015ftirmalar Merkezi","robots":{"index":"index","follow":"follow","max-snippet":"max-snippet:-1","max-image-preview":"max-image-preview:large","max-video-preview":"max-video-preview:-1"},"canonical":"https:\/\/akunq.net\/tr\/?p=23074","og_locale":"en_US","og_type":"article","og_title":"Sevag da \u00f6l\u00fcm\u00fcn\u00fcn ikinci y\u0131l\u0131nda an\u0131ld\u0131 - Bati Ermenistan Ve Bati Ermenileri Sorunlari Ara\u015ftirmalar Merkezi","og_description":"Batman&#8217;da askerli\u011fini yapt\u0131\u011f\u0131 s\u0131rada bir ba\u015fka asker taraf\u0131ndan vurularak \u00f6ld\u00fcr\u00fclen Ermeni as\u0131ll\u0131 Sevag \u015eahin Bal\u0131k\u00e7\u0131, mezar\u0131 ba\u015f\u0131nda an\u0131ld\u0131. Batman&#8217;\u0131n Kozluk il\u00e7esi G\u00fcm\u00fc\u015f\u00f6rg\u00fc Jandarma Karakolu&#8217;nda vatani g\u00f6revini yaparken, er K\u0131van\u00e7 A.&#8217;n\u0131n silah\u0131ndan \u00e7\u0131kan kur\u015funla ya\u015fam\u0131n\u0131 yitiren Ermeni as\u0131ll\u0131 er Sevag \u015eahin Bal\u0131k\u00e7\u0131, \u00f6l\u00fcm\u00fcn\u00fcn ikinci y\u0131l\u0131nda mezar\u0131 ba\u015f\u0131nda an\u0131ld\u0131. Sevag Bal\u0131k\u00e7\u0131&#8217;n\u0131n mezar\u0131n\u0131n bulundu\u011fu \u015ei\u015fli&#8217;deki Gregoryan Ermeni Mezarl\u0131\u011f\u0131&#8217;ndaki [&hellip;]","og_url":"https:\/\/akunq.net\/tr\/?p=23074","og_site_name":"Bati Ermenistan Ve Bati Ermenileri Sorunlari Ara\u015ftirmalar Merkezi","article_published_time":"2013-04-25T08:52:11+00:00","article_modified_time":"2013-04-25T08:52:34+00:00","og_image":[{"url":"http:\/\/akunq.net\/tr\/wp-content\/uploads\/2013\/04\/Sevag.jpg","type":"","width":"","height":""}],"author":"admin","twitter_card":"summary_large_image","twitter_misc":{"Written by":"admin","Est. reading time":"2 minutes"},"schema":{"@context":"https:\/\/schema.org","@graph":[{"@type":"Article","@id":"https:\/\/akunq.net\/tr\/?p=23074#article","isPartOf":{"@id":"https:\/\/akunq.net\/tr\/?p=23074"},"author":{"name":"admin","@id":"https:\/\/akunq.net\/tr\/#\/schema\/person\/096f1d38a12cce57fb855b485ed24c9e"},"headline":"Sevag da \u00f6l\u00fcm\u00fcn\u00fcn ikinci y\u0131l\u0131nda an\u0131ld\u0131","datePublished":"2013-04-25T08:52:11+00:00","dateModified":"2013-04-25T08:52:34+00:00","mainEntityOfPage":{"@id":"https:\/\/akunq.net\/tr\/?p=23074"},"wordCount":443,"commentCount":0,"image":{"@id":"https:\/\/akunq.net\/tr\/?p=23074#primaryimage"},"thumbnailUrl":"http:\/\/akunq.net\/tr\/wp-content\/uploads\/2013\/04\/Sevag.jpg","articleSection":["Haberler"],"inLanguage":"en-US","potentialAction":[{"@type":"CommentAction","name":"Comment","target":["https:\/\/akunq.net\/tr\/?p=23074#respond"]}]},{"@type":"WebPage","@id":"https:\/\/akunq.net\/tr\/?p=23074","url":"https:\/\/akunq.net\/tr\/?p=23074","name":"Sevag da \u00f6l\u00fcm\u00fcn\u00fcn ikinci y\u0131l\u0131nda an\u0131ld\u0131 - Bati Ermenistan Ve Bati Ermenileri Sorunlari Ara\u015ftirmalar Merkezi","isPartOf":{"@id":"https:\/\/akunq.net\/tr\/#website"},"primaryImageOfPage":{"@id":"https:\/\/akunq.net\/tr\/?p=23074#primaryimage"},"image":{"@id":"https:\/\/akunq.net\/tr\/?p=23074#primaryimage"},"thumbnailUrl":"http:\/\/akunq.net\/tr\/wp-content\/uploads\/2013\/04\/Sevag.jpg","datePublished":"2013-04-25T08:52:11+00:00","dateModified":"2013-04-25T08:52:34+00:00","author":{"@id":"https:\/\/akunq.net\/tr\/#\/schema\/person\/096f1d38a12cce57fb855b485ed24c9e"},"breadcrumb":{"@id":"https:\/\/akunq.net\/tr\/?p=23074#breadcrumb"},"inLanguage":"en-US","potentialAction":[{"@type":"ReadAction","target":["https:\/\/akunq.net\/tr\/?p=23074"]}]},{"@type":"ImageObject","inLanguage":"en-US","@id":"https:\/\/akunq.net\/tr\/?p=23074#primaryimage","url":"https:\/\/akunq.net\/tr\/wp-content\/uploads\/sites\/6\/2013\/04\/Sevag.jpg","contentUrl":"https:\/\/akunq.net\/tr\/wp-content\/uploads\/sites\/6\/2013\/04\/Sevag.jpg","width":292,"height":201},{"@type":"BreadcrumbList","@id":"https:\/\/akunq.net\/tr\/?p=23074#breadcrumb","itemListElement":[{"@type":"ListItem","position":1,"name":"Home","item":"https:\/\/akunq.net\/tr"},{"@type":"ListItem","position":2,"name":"Sevag da \u00f6l\u00fcm\u00fcn\u00fcn ikinci y\u0131l\u0131nda an\u0131ld\u0131"}]},{"@type":"WebSite","@id":"https:\/\/akunq.net\/tr\/#website","url":"https:\/\/akunq.net\/tr\/","name":"Bati Ermenistan Ve Bati Ermenileri Sorunlari Ara\u015ftirmalar Merkezi","description":"","potentialAction":[{"@type":"SearchAction","target":{"@type":"EntryPoint","urlTemplate":"https:\/\/akunq.net\/tr\/?s={search_term_string}"},"query-input":{"@type":"PropertyValueSpecification","valueRequired":true,"valueName":"search_term_string"}}],"inLanguage":"en-US"},{"@type":"Person","@id":"https:\/\/akunq.net\/tr\/#\/schema\/person\/096f1d38a12cce57fb855b485ed24c9e","name":"admin","url":"https:\/\/akunq.net\/tr\/?author=7"}]}},"_links":{"self":[{"href":"https:\/\/akunq.net\/tr\/index.php?rest_route=\/wp\/v2\/posts\/23074","targetHints":{"allow":["GET"]}}],"collection":[{"href":"https:\/\/akunq.net\/tr\/index.php?rest_route=\/wp\/v2\/posts"}],"about":[{"href":"https:\/\/akunq.net\/tr\/index.php?rest_route=\/wp\/v2\/types\/post"}],"author":[{"embeddable":true,"href":"https:\/\/akunq.net\/tr\/index.php?rest_route=\/wp\/v2\/users\/7"}],"replies":[{"embeddable":true,"href":"https:\/\/akunq.net\/tr\/index.php?rest_route=%2Fwp%2Fv2%2Fcomments&post=23074"}],"version-history":[{"count":2,"href":"https:\/\/akunq.net\/tr\/index.php?rest_route=\/wp\/v2\/posts\/23074\/revisions"}],"predecessor-version":[{"id":23077,"href":"https:\/\/akunq.net\/tr\/index.php?rest_route=\/wp\/v2\/posts\/23074\/revisions\/23077"}],"wp:attachment":[{"href":"https:\/\/akunq.net\/tr\/index.php?rest_route=%2Fwp%2Fv2%2Fmedia&parent=23074"}],"wp:term":[{"taxonomy":"category","embeddable":true,"href":"https:\/\/akunq.net\/tr\/index.php?rest_route=%2Fwp%2Fv2%2Fcategories&post=23074"},{"taxonomy":"post_tag","embeddable":true,"href":"https:\/\/akunq.net\/tr\/index.php?rest_route=%2Fwp%2Fv2%2Ftags&post=23074"}],"curies":[{"name":"wp","href":"https:\/\/api.w.org\/{rel}","templated":true}]}}