{"id":22727,"date":"2013-04-04T04:58:58","date_gmt":"2013-04-04T09:58:58","guid":{"rendered":"http:\/\/akunq.net\/tr\/?p=22727"},"modified":"2013-04-04T04:58:58","modified_gmt":"2013-04-04T09:58:58","slug":"tarihi-van-evleri-tarihe-karisti","status":"publish","type":"post","link":"https:\/\/akunq.net\/tr\/?p=22727","title":{"rendered":"Tarihi Van evleri tarihe kar\u0131\u015ft\u0131!"},"content":{"rendered":"<p style=\"text-align: justify;\"><b><i><a href=\"http:\/\/akunq.net\/tr\/?attachment_id=22728\" rel=\"attachment wp-att-22728\"><img loading=\"lazy\" decoding=\"async\" class=\"alignright size-medium wp-image-22728\" alt=\"Tarihi Van evleri\" src=\"http:\/\/akunq.net\/tr\/wp-content\/uploads\/2013\/04\/Tarihi-Van-evleri-300x141.jpg\" width=\"300\" height=\"141\" srcset=\"https:\/\/akunq.net\/tr\/wp-content\/uploads\/sites\/6\/2013\/04\/Tarihi-Van-evleri-300x141.jpg 300w, https:\/\/akunq.net\/tr\/wp-content\/uploads\/sites\/6\/2013\/04\/Tarihi-Van-evleri.jpg 326w\" sizes=\"auto, (max-width: 300px) 100vw, 300px\" \/><\/a>&#8220;T\u00fcm tarihi yap\u0131lar\u0131n tescillenmesi gerekiyor. Bunlar Ermeniler&#8217;den kalma yap\u0131lar oldu\u011fu i\u00e7in bak\u0131ma al\u0131nmad\u0131. Van Kalesi kenar\u0131nda valilik taraf\u0131ndan yapt\u0131r\u0131lan tarihi Van evi \u00f6rne\u011fi ise T\u00fcrk bayraklar\u0131 ile s\u00fcsleniyor&#8221; dedi. <\/i><\/b><\/p>\n<p style=\"text-align: justify;\">Kerpi\u00e7 ve ah\u015fap yap\u0131l\u0131 tarihi Van evlerinin \u00e7o\u011fu bak\u0131ms\u0131zl\u0131ktan y\u0131k\u0131ld\u0131. 1990 y\u0131l\u0131nda say\u0131s\u0131 19 olan bu tarihi evlerden sadece geriye 2&#8217;si kald\u0131. Orta Anadolu mimari \u00f6zelli\u011fini ta\u015f\u0131yan bu evleri art\u0131k Van&#8217;da g\u00f6rmek m\u00fcmk\u00fcn de\u011fil. Ermeni k\u00fclt\u00fcr\u00fcn\u00fc yans\u0131tan bu evlerin baz\u0131lar\u0131 da deprem nedeniyle y\u0131k\u0131ld\u0131. Mimar \u0130dris Canbay, 1900&#8217;l\u00fc y\u0131llar\u0131n ba\u015f\u0131nda Van Kalesi&#8217;nin do\u011fusunda kalan tarihi Van evlerinin yo\u011fun olarak yap\u0131ld\u0131\u011f\u0131n\u0131 ifade ederek, \u015fu bilgileri verdi: &#8220;1915-18 y\u0131llar\u0131 aras\u0131ndaki k\u0131y\u0131mda neredeyse, Tu\u015fba kentinin hepsi yok edildi. Mimari yap\u0131lar\u0131 da kalmad\u0131. Osmanl\u0131 d\u00f6neminde Tu\u015fba Kenti&#8217;nde yap\u0131lan ta\u015f yap\u0131lardan geriye kalanlar ise sadece camiler. Van merkezde kalan evlerde 1972&#8217;ye kadar kullan\u0131l\u0131yordu. 1974 y\u0131l\u0131nda yap\u0131lan ilk imar plan\u0131 bu yap\u0131lar\u0131 koruma amac\u0131 g\u00fctmedi\u011fi i\u00e7in buradaki yap\u0131lar, imar plan\u0131 ile beraber yok edildi. Van evlerinin korunmas\u0131na ili\u015fkin herhangi bir \u00e7al\u0131\u015fmalar\u0131n\u0131n olmamas\u0131ndan kaynakl\u0131 bu yap\u0131lar imar plan\u0131 \u00fczerinde g\u00f6r\u00fclmedi.&#8221; G\u00fcn\u00fcm\u00fczde Ermeniler taraf\u0131ndan yap\u0131lan bu evlerden sadece 2 tane kald\u0131\u011f\u0131na dikkat \u00e7eken Canbay, &#8220;Bunlarda kullan\u0131lmad\u0131\u011f\u0131 ve bak\u0131lmad\u0131\u011f\u0131 i\u00e7in \u00e7ok k\u0131sa bir s\u00fcre i\u00e7erisinde yok olup gidecektir&#8221; dedi.<\/p>\n<p style=\"text-align: justify;\"><b>&#8216;Tarihi yap\u0131lar yeniden \u015fekillendirilmelidir&#8217;<\/b><\/p>\n<p style=\"text-align: justify;\">Van&#8217;\u0131n geleneksel k\u00fclt\u00fcr\u00fcn\u00fc temsil eden bu t\u00fcr yap\u0131lar\u0131n yeniden in\u015fa edilmesi gerekti\u011fine dikkat \u00e7eken Canbay, \u015funlar\u0131 s\u00f6yledi: &#8220;Tarihi Van evleri, genellikle 2 katl\u0131 olarak in\u015fa edilirken, ana malzeme de kerpi\u00e7 ve ah\u015faptan olu\u015fuyor. Bu \u00f6zellikler itibariyle b\u00f6lge mimarisinden \u00e7ok farkl\u0131 bir \u00f6zellik sergileyen Van evleri, Bitlis ve Erzurum sivil mimarl\u0131k \u00f6rneklerinden farkl\u0131. \u00d6rne\u011fin harem-selaml\u0131k ili\u015fkisini Van evlerinde g\u00f6rmemiz m\u00fcmk\u00fcn de\u011fil. Tamamen soka\u011fa a\u00e7\u0131k bir anlay\u0131\u015f s\u00f6z konusu. Van evlerinde, yap\u0131m \u00f6zelli\u011fi olarak daha \u00e7ok Orta Anadolu&#8217;nun mimari \u00f6zelli\u011fi g\u00f6ze \u00e7arpmakta.&#8221;<\/p>\n<p style=\"text-align: justify;\"><b>&#8216;Evler tescillenmeli&#8217;<\/b><\/p>\n<p style=\"text-align: justify;\">Geleneksel yap\u0131lar\u0131n tescillenerek korunmas\u0131 gerekti\u011fini ifade eden Canbay, \u015fu bilgileri verdi: &#8220;Geleneksel Van evlerinin tescillenmesi gerekiyor. Bunlar Ermenilerden kalma yap\u0131lar oldu\u011fu i\u00e7in bak\u0131m\u0131 yap\u0131lmad\u0131. Bu bak\u0131ms\u0131zl\u0131k evleri yok etti. Van Kalesi kenar\u0131nda valilik taraf\u0131ndan yap\u0131lan tarihi Van evi \u00f6rne\u011fi ise T\u00fcrk bayraklar\u0131 ile s\u00fcsleniyor. Evlerinin tam yerlerinin tespit edilmesi, yada belgelendirilebilen evlerin yeniden bir restorasyon edilmesi gerekir. Bunun i\u00e7inde yerel y\u00f6netimlerin kendi b\u00fcnyelerinde Koruma, Uygulama ve De\u011ferlendirme Birimi (KUD), olu\u015fturmalar\u0131 gerekiyor. Belediyeler bu konuda duyarl\u0131 olmal\u0131d\u0131r. Yap\u0131lar\u0131n tescillenmesi i\u00e7in K\u00fclt\u00fcr ve Tabiat Varl\u0131klar\u0131 Koruma Kurulu ile g\u00f6r\u00fc\u015f\u00fclmesi gerekiyor. K\u00fclt\u00fcr ve Turizm Bakanl\u0131\u011f\u0131 da giri\u015fimlerde bulunmas\u0131 gerekiyor. Mimarlar Odas\u0131ndan destek al\u0131narak, STK&#8217;lar\u0131n ve halk\u0131nda buna destek sunarak, ge\u00e7mi\u015fimizi gelece\u011fimize ta\u015f\u0131mak i\u00e7in ad\u0131m atmal\u0131y\u0131z&#8221;<\/p>\n<p style=\"text-align: justify;\"><b><i>http:\/\/www.haberfx.net\/tarihi-van-evleri-tarihe-karisti-haber-821978\/<\/i><\/b><\/p>\n","protected":false},"excerpt":{"rendered":"<p>&#8220;T\u00fcm tarihi yap\u0131lar\u0131n tescillenmesi gerekiyor. Bunlar Ermeniler&#8217;den kalma yap\u0131lar oldu\u011fu i\u00e7in bak\u0131ma al\u0131nmad\u0131. Van Kalesi kenar\u0131nda valilik taraf\u0131ndan yapt\u0131r\u0131lan tarihi Van evi \u00f6rne\u011fi ise T\u00fcrk bayraklar\u0131 ile s\u00fcsleniyor&#8221; dedi. Kerpi\u00e7 ve ah\u015fap yap\u0131l\u0131 tarihi Van evlerinin \u00e7o\u011fu bak\u0131ms\u0131zl\u0131ktan y\u0131k\u0131ld\u0131. 1990 y\u0131l\u0131nda say\u0131s\u0131 19 olan bu tarihi evlerden sadece geriye 2&#8217;si kald\u0131. Orta Anadolu mimari \u00f6zelli\u011fini [&hellip;]<\/p>\n","protected":false},"author":7,"featured_media":0,"comment_status":"open","ping_status":"open","sticky":false,"template":"","format":"standard","meta":{"footnotes":""},"categories":[22,1],"tags":[],"class_list":["post-22727","post","type-post","status-publish","format-standard","hentry","category-gunumuzde-bati-ermenistan","category-haberler"],"yoast_head":"<!-- This site is optimized with the Yoast SEO plugin v27.4 - https:\/\/yoast.com\/product\/yoast-seo-wordpress\/ -->\n<title>Tarihi Van evleri tarihe kar\u0131\u015ft\u0131! - Bati Ermenistan Ve Bati Ermenileri Sorunlari Ara\u015ftirmalar Merkezi<\/title>\n<meta name=\"robots\" content=\"index, follow, max-snippet:-1, max-image-preview:large, max-video-preview:-1\" \/>\n<link rel=\"canonical\" href=\"https:\/\/akunq.net\/tr\/?p=22727\" \/>\n<meta property=\"og:locale\" content=\"en_US\" \/>\n<meta property=\"og:type\" content=\"article\" \/>\n<meta property=\"og:title\" content=\"Tarihi Van evleri tarihe kar\u0131\u015ft\u0131! - Bati Ermenistan Ve Bati Ermenileri Sorunlari Ara\u015ftirmalar Merkezi\" \/>\n<meta property=\"og:description\" content=\"&#8220;T\u00fcm tarihi yap\u0131lar\u0131n tescillenmesi gerekiyor. Bunlar Ermeniler&#8217;den kalma yap\u0131lar oldu\u011fu i\u00e7in bak\u0131ma al\u0131nmad\u0131. Van Kalesi kenar\u0131nda valilik taraf\u0131ndan yapt\u0131r\u0131lan tarihi Van evi \u00f6rne\u011fi ise T\u00fcrk bayraklar\u0131 ile s\u00fcsleniyor&#8221; dedi. Kerpi\u00e7 ve ah\u015fap yap\u0131l\u0131 tarihi Van evlerinin \u00e7o\u011fu bak\u0131ms\u0131zl\u0131ktan y\u0131k\u0131ld\u0131. 1990 y\u0131l\u0131nda say\u0131s\u0131 19 olan bu tarihi evlerden sadece geriye 2&#8217;si kald\u0131. Orta Anadolu mimari \u00f6zelli\u011fini [&hellip;]\" \/>\n<meta property=\"og:url\" content=\"https:\/\/akunq.net\/tr\/?p=22727\" \/>\n<meta property=\"og:site_name\" content=\"Bati Ermenistan Ve Bati Ermenileri Sorunlari Ara\u015ftirmalar Merkezi\" \/>\n<meta property=\"article:published_time\" content=\"2013-04-04T09:58:58+00:00\" \/>\n<meta property=\"og:image\" content=\"http:\/\/akunq.net\/tr\/wp-content\/uploads\/2013\/04\/Tarihi-Van-evleri-300x141.jpg\" \/>\n<meta name=\"author\" content=\"admin\" \/>\n<meta name=\"twitter:card\" content=\"summary_large_image\" \/>\n<meta name=\"twitter:label1\" content=\"Written by\" \/>\n\t<meta name=\"twitter:data1\" content=\"admin\" \/>\n\t<meta name=\"twitter:label2\" content=\"Est. reading time\" \/>\n\t<meta name=\"twitter:data2\" content=\"3 minutes\" \/>\n<script type=\"application\/ld+json\" class=\"yoast-schema-graph\">{\"@context\":\"https:\\\/\\\/schema.org\",\"@graph\":[{\"@type\":\"Article\",\"@id\":\"https:\\\/\\\/akunq.net\\\/tr\\\/?p=22727#article\",\"isPartOf\":{\"@id\":\"https:\\\/\\\/akunq.net\\\/tr\\\/?p=22727\"},\"author\":{\"name\":\"admin\",\"@id\":\"https:\\\/\\\/akunq.net\\\/tr\\\/#\\\/schema\\\/person\\\/096f1d38a12cce57fb855b485ed24c9e\"},\"headline\":\"Tarihi Van evleri tarihe kar\u0131\u015ft\u0131!\",\"datePublished\":\"2013-04-04T09:58:58+00:00\",\"mainEntityOfPage\":{\"@id\":\"https:\\\/\\\/akunq.net\\\/tr\\\/?p=22727\"},\"wordCount\":558,\"commentCount\":0,\"image\":{\"@id\":\"https:\\\/\\\/akunq.net\\\/tr\\\/?p=22727#primaryimage\"},\"thumbnailUrl\":\"http:\\\/\\\/akunq.net\\\/tr\\\/wp-content\\\/uploads\\\/2013\\\/04\\\/Tarihi-Van-evleri-300x141.jpg\",\"articleSection\":[\"G\u00fcn\u00fcm\u00fczde Bat\u0131 Ermenistan\",\"Haberler\"],\"inLanguage\":\"en-US\",\"potentialAction\":[{\"@type\":\"CommentAction\",\"name\":\"Comment\",\"target\":[\"https:\\\/\\\/akunq.net\\\/tr\\\/?p=22727#respond\"]}]},{\"@type\":\"WebPage\",\"@id\":\"https:\\\/\\\/akunq.net\\\/tr\\\/?p=22727\",\"url\":\"https:\\\/\\\/akunq.net\\\/tr\\\/?p=22727\",\"name\":\"Tarihi Van evleri tarihe kar\u0131\u015ft\u0131! - Bati Ermenistan Ve Bati Ermenileri Sorunlari Ara\u015ftirmalar Merkezi\",\"isPartOf\":{\"@id\":\"https:\\\/\\\/akunq.net\\\/tr\\\/#website\"},\"primaryImageOfPage\":{\"@id\":\"https:\\\/\\\/akunq.net\\\/tr\\\/?p=22727#primaryimage\"},\"image\":{\"@id\":\"https:\\\/\\\/akunq.net\\\/tr\\\/?p=22727#primaryimage\"},\"thumbnailUrl\":\"http:\\\/\\\/akunq.net\\\/tr\\\/wp-content\\\/uploads\\\/2013\\\/04\\\/Tarihi-Van-evleri-300x141.jpg\",\"datePublished\":\"2013-04-04T09:58:58+00:00\",\"author\":{\"@id\":\"https:\\\/\\\/akunq.net\\\/tr\\\/#\\\/schema\\\/person\\\/096f1d38a12cce57fb855b485ed24c9e\"},\"breadcrumb\":{\"@id\":\"https:\\\/\\\/akunq.net\\\/tr\\\/?p=22727#breadcrumb\"},\"inLanguage\":\"en-US\",\"potentialAction\":[{\"@type\":\"ReadAction\",\"target\":[\"https:\\\/\\\/akunq.net\\\/tr\\\/?p=22727\"]}]},{\"@type\":\"ImageObject\",\"inLanguage\":\"en-US\",\"@id\":\"https:\\\/\\\/akunq.net\\\/tr\\\/?p=22727#primaryimage\",\"url\":\"https:\\\/\\\/akunq.net\\\/tr\\\/wp-content\\\/uploads\\\/sites\\\/6\\\/2013\\\/04\\\/Tarihi-Van-evleri.jpg\",\"contentUrl\":\"https:\\\/\\\/akunq.net\\\/tr\\\/wp-content\\\/uploads\\\/sites\\\/6\\\/2013\\\/04\\\/Tarihi-Van-evleri.jpg\",\"width\":326,\"height\":154},{\"@type\":\"BreadcrumbList\",\"@id\":\"https:\\\/\\\/akunq.net\\\/tr\\\/?p=22727#breadcrumb\",\"itemListElement\":[{\"@type\":\"ListItem\",\"position\":1,\"name\":\"Home\",\"item\":\"https:\\\/\\\/akunq.net\\\/tr\"},{\"@type\":\"ListItem\",\"position\":2,\"name\":\"Tarihi Van evleri tarihe kar\u0131\u015ft\u0131!\"}]},{\"@type\":\"WebSite\",\"@id\":\"https:\\\/\\\/akunq.net\\\/tr\\\/#website\",\"url\":\"https:\\\/\\\/akunq.net\\\/tr\\\/\",\"name\":\"Bati Ermenistan Ve Bati Ermenileri Sorunlari Ara\u015ftirmalar Merkezi\",\"description\":\"\",\"potentialAction\":[{\"@type\":\"SearchAction\",\"target\":{\"@type\":\"EntryPoint\",\"urlTemplate\":\"https:\\\/\\\/akunq.net\\\/tr\\\/?s={search_term_string}\"},\"query-input\":{\"@type\":\"PropertyValueSpecification\",\"valueRequired\":true,\"valueName\":\"search_term_string\"}}],\"inLanguage\":\"en-US\"},{\"@type\":\"Person\",\"@id\":\"https:\\\/\\\/akunq.net\\\/tr\\\/#\\\/schema\\\/person\\\/096f1d38a12cce57fb855b485ed24c9e\",\"name\":\"admin\",\"url\":\"https:\\\/\\\/akunq.net\\\/tr\\\/?author=7\"}]}<\/script>\n<!-- \/ Yoast SEO plugin. -->","yoast_head_json":{"title":"Tarihi Van evleri tarihe kar\u0131\u015ft\u0131! - Bati Ermenistan Ve Bati Ermenileri Sorunlari Ara\u015ftirmalar Merkezi","robots":{"index":"index","follow":"follow","max-snippet":"max-snippet:-1","max-image-preview":"max-image-preview:large","max-video-preview":"max-video-preview:-1"},"canonical":"https:\/\/akunq.net\/tr\/?p=22727","og_locale":"en_US","og_type":"article","og_title":"Tarihi Van evleri tarihe kar\u0131\u015ft\u0131! - Bati Ermenistan Ve Bati Ermenileri Sorunlari Ara\u015ftirmalar Merkezi","og_description":"&#8220;T\u00fcm tarihi yap\u0131lar\u0131n tescillenmesi gerekiyor. Bunlar Ermeniler&#8217;den kalma yap\u0131lar oldu\u011fu i\u00e7in bak\u0131ma al\u0131nmad\u0131. Van Kalesi kenar\u0131nda valilik taraf\u0131ndan yapt\u0131r\u0131lan tarihi Van evi \u00f6rne\u011fi ise T\u00fcrk bayraklar\u0131 ile s\u00fcsleniyor&#8221; dedi. Kerpi\u00e7 ve ah\u015fap yap\u0131l\u0131 tarihi Van evlerinin \u00e7o\u011fu bak\u0131ms\u0131zl\u0131ktan y\u0131k\u0131ld\u0131. 1990 y\u0131l\u0131nda say\u0131s\u0131 19 olan bu tarihi evlerden sadece geriye 2&#8217;si kald\u0131. Orta Anadolu mimari \u00f6zelli\u011fini [&hellip;]","og_url":"https:\/\/akunq.net\/tr\/?p=22727","og_site_name":"Bati Ermenistan Ve Bati Ermenileri Sorunlari Ara\u015ftirmalar Merkezi","article_published_time":"2013-04-04T09:58:58+00:00","og_image":[{"url":"http:\/\/akunq.net\/tr\/wp-content\/uploads\/2013\/04\/Tarihi-Van-evleri-300x141.jpg","type":"","width":"","height":""}],"author":"admin","twitter_card":"summary_large_image","twitter_misc":{"Written by":"admin","Est. reading time":"3 minutes"},"schema":{"@context":"https:\/\/schema.org","@graph":[{"@type":"Article","@id":"https:\/\/akunq.net\/tr\/?p=22727#article","isPartOf":{"@id":"https:\/\/akunq.net\/tr\/?p=22727"},"author":{"name":"admin","@id":"https:\/\/akunq.net\/tr\/#\/schema\/person\/096f1d38a12cce57fb855b485ed24c9e"},"headline":"Tarihi Van evleri tarihe kar\u0131\u015ft\u0131!","datePublished":"2013-04-04T09:58:58+00:00","mainEntityOfPage":{"@id":"https:\/\/akunq.net\/tr\/?p=22727"},"wordCount":558,"commentCount":0,"image":{"@id":"https:\/\/akunq.net\/tr\/?p=22727#primaryimage"},"thumbnailUrl":"http:\/\/akunq.net\/tr\/wp-content\/uploads\/2013\/04\/Tarihi-Van-evleri-300x141.jpg","articleSection":["G\u00fcn\u00fcm\u00fczde Bat\u0131 Ermenistan","Haberler"],"inLanguage":"en-US","potentialAction":[{"@type":"CommentAction","name":"Comment","target":["https:\/\/akunq.net\/tr\/?p=22727#respond"]}]},{"@type":"WebPage","@id":"https:\/\/akunq.net\/tr\/?p=22727","url":"https:\/\/akunq.net\/tr\/?p=22727","name":"Tarihi Van evleri tarihe kar\u0131\u015ft\u0131! - Bati Ermenistan Ve Bati Ermenileri Sorunlari Ara\u015ftirmalar Merkezi","isPartOf":{"@id":"https:\/\/akunq.net\/tr\/#website"},"primaryImageOfPage":{"@id":"https:\/\/akunq.net\/tr\/?p=22727#primaryimage"},"image":{"@id":"https:\/\/akunq.net\/tr\/?p=22727#primaryimage"},"thumbnailUrl":"http:\/\/akunq.net\/tr\/wp-content\/uploads\/2013\/04\/Tarihi-Van-evleri-300x141.jpg","datePublished":"2013-04-04T09:58:58+00:00","author":{"@id":"https:\/\/akunq.net\/tr\/#\/schema\/person\/096f1d38a12cce57fb855b485ed24c9e"},"breadcrumb":{"@id":"https:\/\/akunq.net\/tr\/?p=22727#breadcrumb"},"inLanguage":"en-US","potentialAction":[{"@type":"ReadAction","target":["https:\/\/akunq.net\/tr\/?p=22727"]}]},{"@type":"ImageObject","inLanguage":"en-US","@id":"https:\/\/akunq.net\/tr\/?p=22727#primaryimage","url":"https:\/\/akunq.net\/tr\/wp-content\/uploads\/sites\/6\/2013\/04\/Tarihi-Van-evleri.jpg","contentUrl":"https:\/\/akunq.net\/tr\/wp-content\/uploads\/sites\/6\/2013\/04\/Tarihi-Van-evleri.jpg","width":326,"height":154},{"@type":"BreadcrumbList","@id":"https:\/\/akunq.net\/tr\/?p=22727#breadcrumb","itemListElement":[{"@type":"ListItem","position":1,"name":"Home","item":"https:\/\/akunq.net\/tr"},{"@type":"ListItem","position":2,"name":"Tarihi Van evleri tarihe kar\u0131\u015ft\u0131!"}]},{"@type":"WebSite","@id":"https:\/\/akunq.net\/tr\/#website","url":"https:\/\/akunq.net\/tr\/","name":"Bati Ermenistan Ve Bati Ermenileri Sorunlari Ara\u015ftirmalar Merkezi","description":"","potentialAction":[{"@type":"SearchAction","target":{"@type":"EntryPoint","urlTemplate":"https:\/\/akunq.net\/tr\/?s={search_term_string}"},"query-input":{"@type":"PropertyValueSpecification","valueRequired":true,"valueName":"search_term_string"}}],"inLanguage":"en-US"},{"@type":"Person","@id":"https:\/\/akunq.net\/tr\/#\/schema\/person\/096f1d38a12cce57fb855b485ed24c9e","name":"admin","url":"https:\/\/akunq.net\/tr\/?author=7"}]}},"_links":{"self":[{"href":"https:\/\/akunq.net\/tr\/index.php?rest_route=\/wp\/v2\/posts\/22727","targetHints":{"allow":["GET"]}}],"collection":[{"href":"https:\/\/akunq.net\/tr\/index.php?rest_route=\/wp\/v2\/posts"}],"about":[{"href":"https:\/\/akunq.net\/tr\/index.php?rest_route=\/wp\/v2\/types\/post"}],"author":[{"embeddable":true,"href":"https:\/\/akunq.net\/tr\/index.php?rest_route=\/wp\/v2\/users\/7"}],"replies":[{"embeddable":true,"href":"https:\/\/akunq.net\/tr\/index.php?rest_route=%2Fwp%2Fv2%2Fcomments&post=22727"}],"version-history":[{"count":2,"href":"https:\/\/akunq.net\/tr\/index.php?rest_route=\/wp\/v2\/posts\/22727\/revisions"}],"predecessor-version":[{"id":22730,"href":"https:\/\/akunq.net\/tr\/index.php?rest_route=\/wp\/v2\/posts\/22727\/revisions\/22730"}],"wp:attachment":[{"href":"https:\/\/akunq.net\/tr\/index.php?rest_route=%2Fwp%2Fv2%2Fmedia&parent=22727"}],"wp:term":[{"taxonomy":"category","embeddable":true,"href":"https:\/\/akunq.net\/tr\/index.php?rest_route=%2Fwp%2Fv2%2Fcategories&post=22727"},{"taxonomy":"post_tag","embeddable":true,"href":"https:\/\/akunq.net\/tr\/index.php?rest_route=%2Fwp%2Fv2%2Ftags&post=22727"}],"curies":[{"name":"wp","href":"https:\/\/api.w.org\/{rel}","templated":true}]}}