{"id":19880,"date":"2012-11-10T02:07:18","date_gmt":"2012-11-10T07:07:18","guid":{"rendered":"http:\/\/akunq.net\/tr\/?p=19880"},"modified":"2012-11-10T02:07:18","modified_gmt":"2012-11-10T07:07:18","slug":"kaya-karsin-essiz-turizm-potansiyeli-degerlendirilemiyor","status":"publish","type":"post","link":"https:\/\/akunq.net\/tr\/?p=19880","title":{"rendered":"Kaya: Kars&#8217;\u0131n E\u015fsiz Turizm Potansiyeli De\u011ferlendirilemiyor"},"content":{"rendered":"<p style=\"text-align: justify;\"><em><strong><a href=\"http:\/\/akunq.net\/tr\/?attachment_id=19881\" rel=\"attachment wp-att-19881\"><img loading=\"lazy\" decoding=\"async\" class=\"alignright size-medium wp-image-19881\" title=\"\u053f\u0561\u0580\u057d\u056b \u0566\u0562\u0578\u057d\u0561\u0577\u0580\u057b\u0561\u0575\u056b\u0576 \u057a\u0578\u057f\u0565\u0576\u0581\u056b\u0561\u056c\u0568\" src=\"http:\/\/akunq.net\/tr\/wp-content\/uploads\/2012\/11\/\u053f\u0561\u0580\u057d\u056b-\u0566\u0562\u0578\u057d\u0561\u0577\u0580\u057b\u0561\u0575\u056b\u0576-\u057a\u0578\u057f\u0565\u0576\u0581\u056b\u0561\u056c\u0568-300x206.jpg\" alt=\"\" width=\"300\" height=\"206\" srcset=\"https:\/\/akunq.net\/tr\/wp-content\/uploads\/sites\/6\/2012\/11\/\u053f\u0561\u0580\u057d\u056b-\u0566\u0562\u0578\u057d\u0561\u0577\u0580\u057b\u0561\u0575\u056b\u0576-\u057a\u0578\u057f\u0565\u0576\u0581\u056b\u0561\u056c\u0568-300x206.jpg 300w, https:\/\/akunq.net\/tr\/wp-content\/uploads\/sites\/6\/2012\/11\/\u053f\u0561\u0580\u057d\u056b-\u0566\u0562\u0578\u057d\u0561\u0577\u0580\u057b\u0561\u0575\u056b\u0576-\u057a\u0578\u057f\u0565\u0576\u0581\u056b\u0561\u056c\u0568.jpg 307w\" sizes=\"auto, (max-width: 300px) 100vw, 300px\" \/><\/a>Kafkas Sanayici ve \u0130\u015fadamlar\u0131 Derne\u011fi ( KARS\u0130AD) Genel Sekreteri Cengiz Kaya, Kars&#8217;\u0131n turizm potansiyelinin de\u011ferlendirilmesi i\u00e7in harekete ge\u00e7ilmesini istedi.<\/strong><\/em><br \/>\nKARS\u0130AD Genel Sekreteri Kaya, turizm denilince akla ilk gelen \u015feyin &#8216;deniz kenar\u0131) olmad\u0131\u011f\u0131n\u0131, bunu anlatmakta g\u00fc\u00e7l\u00fck \u00e7ektiklerini s\u00f6yledi. Kaya, turizm ad\u0131na Kars&#8217;ta deniz haricinde her \u015feyin var oldu\u011funa dikkati \u00e7ekerek, &#8220;Mevlana&#8217;n\u0131n Hocas\u0131 Ebu&#8217;l Hasan Harakani Hazretleri&#8217;nin ve on binlerce \u015fehidin verildi\u011fi \u00c7anakkale gibi bir Sar\u0131kam\u0131\u015f&#8217;\u0131n Kars&#8217;ta bulundu\u011funu s\u00f6yledi. Bu de\u011ferlerin inan\u00e7 turizmi i\u00e7in bulunmaz nimetler oldu\u011funu lakin ne kadar de\u011ferlendirildi\u011finin tart\u0131\u015f\u0131labilece\u011fine vurgu yapan Kaya,&#8221; Bu ba\u011flamda bizler dernek olarak elimizden geleni yap\u0131yoruz. Bak\u0131n\u0131z, Kars\u0131m\u0131zda, tarihi yap\u0131lar\u0131 ile bilinen bir Mardin gibi Osmanl\u0131 eserleri ve Balt\u0131k mimari tarz\u0131nda yap\u0131lan ta\u015f yap\u0131lar\u0131m\u0131z bulunuyor. \u0130zmir Efes antik \u015fehri gibi bir Ani antik \u015fehri serhat \u015fehrimizin T\u00fcrkiye ile Ermenistan s\u0131n\u0131r\u0131n\u0131 ay\u0131ran Arpa\u00e7ay kenar\u0131nda turizme ger\u00e7ek manada kazand\u0131r\u0131lmay\u0131 bekliyor. Yan\u0131 s\u0131ra k\u0131\u015f turizmi ile \u00f6n plana \u00e7\u0131kan Bursa Uluda\u011f ve Erzurum Paland\u00f6ken&#8217;e rakip sar\u0131\u00e7amlar i\u00e7erisinde e\u015fsiz do\u011fas\u0131yla ve hediyelik obsidyen ta\u015f\u0131 ile Sar\u0131kam\u0131\u015f Kars ekonomisine g\u00f6z k\u0131rp\u0131yor. ve yine elmas\u0131 ile bilinen Amasya gibi de\u011fi\u015fik tad\u0131 ve \u015fekli ile Ka\u011f\u0131zman il\u00e7emizin uzun elmas\u0131 ve bez bebekleri b\u00f6lge ekonomisine kazand\u0131r\u0131lmay\u0131 bekliyor.&#8221; \u015feklinde konu\u015ftu.<br \/>\n<em><strong>http:\/\/haberler.com\/kaya-kars-in-essiz-turizm-potansiyeli-4076437-haberi\/<\/strong><\/em><\/p>\n","protected":false},"excerpt":{"rendered":"<p>Kafkas Sanayici ve \u0130\u015fadamlar\u0131 Derne\u011fi ( KARS\u0130AD) Genel Sekreteri Cengiz Kaya, Kars&#8217;\u0131n turizm potansiyelinin de\u011ferlendirilmesi i\u00e7in harekete ge\u00e7ilmesini istedi. KARS\u0130AD Genel Sekreteri Kaya, turizm denilince akla ilk gelen \u015feyin &#8216;deniz kenar\u0131) olmad\u0131\u011f\u0131n\u0131, bunu anlatmakta g\u00fc\u00e7l\u00fck \u00e7ektiklerini s\u00f6yledi. Kaya, turizm ad\u0131na Kars&#8217;ta deniz haricinde her \u015feyin var oldu\u011funa dikkati \u00e7ekerek, &#8220;Mevlana&#8217;n\u0131n Hocas\u0131 Ebu&#8217;l Hasan Harakani Hazretleri&#8217;nin [&hellip;]<\/p>\n","protected":false},"author":7,"featured_media":0,"comment_status":"open","ping_status":"open","sticky":false,"template":"","format":"standard","meta":{"footnotes":""},"categories":[22,1],"tags":[],"class_list":["post-19880","post","type-post","status-publish","format-standard","hentry","category-gunumuzde-bati-ermenistan","category-haberler"],"yoast_head":"<!-- This site is optimized with the Yoast SEO plugin v27.4 - https:\/\/yoast.com\/product\/yoast-seo-wordpress\/ -->\n<title>Kaya: Kars&#039;\u0131n E\u015fsiz Turizm Potansiyeli De\u011ferlendirilemiyor - Bati Ermenistan Ve Bati Ermenileri Sorunlari Ara\u015ftirmalar Merkezi<\/title>\n<meta name=\"robots\" content=\"index, follow, max-snippet:-1, max-image-preview:large, max-video-preview:-1\" \/>\n<link rel=\"canonical\" href=\"https:\/\/akunq.net\/tr\/?p=19880\" \/>\n<meta property=\"og:locale\" content=\"en_US\" \/>\n<meta property=\"og:type\" content=\"article\" \/>\n<meta property=\"og:title\" content=\"Kaya: Kars&#039;\u0131n E\u015fsiz Turizm Potansiyeli De\u011ferlendirilemiyor - Bati Ermenistan Ve Bati Ermenileri Sorunlari Ara\u015ftirmalar Merkezi\" \/>\n<meta property=\"og:description\" content=\"Kafkas Sanayici ve \u0130\u015fadamlar\u0131 Derne\u011fi ( KARS\u0130AD) Genel Sekreteri Cengiz Kaya, Kars&#8217;\u0131n turizm potansiyelinin de\u011ferlendirilmesi i\u00e7in harekete ge\u00e7ilmesini istedi. KARS\u0130AD Genel Sekreteri Kaya, turizm denilince akla ilk gelen \u015feyin &#8216;deniz kenar\u0131) olmad\u0131\u011f\u0131n\u0131, bunu anlatmakta g\u00fc\u00e7l\u00fck \u00e7ektiklerini s\u00f6yledi. Kaya, turizm ad\u0131na Kars&#8217;ta deniz haricinde her \u015feyin var oldu\u011funa dikkati \u00e7ekerek, &#8220;Mevlana&#8217;n\u0131n Hocas\u0131 Ebu&#8217;l Hasan Harakani Hazretleri&#8217;nin [&hellip;]\" \/>\n<meta property=\"og:url\" content=\"https:\/\/akunq.net\/tr\/?p=19880\" \/>\n<meta property=\"og:site_name\" content=\"Bati Ermenistan Ve Bati Ermenileri Sorunlari Ara\u015ftirmalar Merkezi\" \/>\n<meta property=\"article:published_time\" content=\"2012-11-10T07:07:18+00:00\" \/>\n<meta name=\"author\" content=\"admin\" \/>\n<meta name=\"twitter:card\" content=\"summary_large_image\" \/>\n<meta name=\"twitter:label1\" content=\"Written by\" \/>\n\t<meta name=\"twitter:data1\" content=\"admin\" \/>\n\t<meta name=\"twitter:label2\" content=\"Est. reading time\" \/>\n\t<meta name=\"twitter:data2\" content=\"1 minute\" \/>\n<script type=\"application\/ld+json\" class=\"yoast-schema-graph\">{\"@context\":\"https:\\\/\\\/schema.org\",\"@graph\":[{\"@type\":\"Article\",\"@id\":\"https:\\\/\\\/akunq.net\\\/tr\\\/?p=19880#article\",\"isPartOf\":{\"@id\":\"https:\\\/\\\/akunq.net\\\/tr\\\/?p=19880\"},\"author\":{\"name\":\"admin\",\"@id\":\"https:\\\/\\\/akunq.net\\\/tr\\\/#\\\/schema\\\/person\\\/096f1d38a12cce57fb855b485ed24c9e\"},\"headline\":\"Kaya: Kars&#8217;\u0131n E\u015fsiz Turizm Potansiyeli De\u011ferlendirilemiyor\",\"datePublished\":\"2012-11-10T07:07:18+00:00\",\"mainEntityOfPage\":{\"@id\":\"https:\\\/\\\/akunq.net\\\/tr\\\/?p=19880\"},\"wordCount\":268,\"commentCount\":0,\"articleSection\":[\"G\u00fcn\u00fcm\u00fczde Bat\u0131 Ermenistan\",\"Haberler\"],\"inLanguage\":\"en-US\",\"potentialAction\":[{\"@type\":\"CommentAction\",\"name\":\"Comment\",\"target\":[\"https:\\\/\\\/akunq.net\\\/tr\\\/?p=19880#respond\"]}]},{\"@type\":\"WebPage\",\"@id\":\"https:\\\/\\\/akunq.net\\\/tr\\\/?p=19880\",\"url\":\"https:\\\/\\\/akunq.net\\\/tr\\\/?p=19880\",\"name\":\"Kaya: Kars'\u0131n E\u015fsiz Turizm Potansiyeli De\u011ferlendirilemiyor - Bati Ermenistan Ve Bati Ermenileri Sorunlari Ara\u015ftirmalar Merkezi\",\"isPartOf\":{\"@id\":\"https:\\\/\\\/akunq.net\\\/tr\\\/#website\"},\"datePublished\":\"2012-11-10T07:07:18+00:00\",\"author\":{\"@id\":\"https:\\\/\\\/akunq.net\\\/tr\\\/#\\\/schema\\\/person\\\/096f1d38a12cce57fb855b485ed24c9e\"},\"breadcrumb\":{\"@id\":\"https:\\\/\\\/akunq.net\\\/tr\\\/?p=19880#breadcrumb\"},\"inLanguage\":\"en-US\",\"potentialAction\":[{\"@type\":\"ReadAction\",\"target\":[\"https:\\\/\\\/akunq.net\\\/tr\\\/?p=19880\"]}]},{\"@type\":\"BreadcrumbList\",\"@id\":\"https:\\\/\\\/akunq.net\\\/tr\\\/?p=19880#breadcrumb\",\"itemListElement\":[{\"@type\":\"ListItem\",\"position\":1,\"name\":\"Home\",\"item\":\"https:\\\/\\\/akunq.net\\\/tr\"},{\"@type\":\"ListItem\",\"position\":2,\"name\":\"Kaya: Kars&#8217;\u0131n E\u015fsiz Turizm Potansiyeli De\u011ferlendirilemiyor\"}]},{\"@type\":\"WebSite\",\"@id\":\"https:\\\/\\\/akunq.net\\\/tr\\\/#website\",\"url\":\"https:\\\/\\\/akunq.net\\\/tr\\\/\",\"name\":\"Bati Ermenistan Ve Bati Ermenileri Sorunlari Ara\u015ftirmalar Merkezi\",\"description\":\"\",\"potentialAction\":[{\"@type\":\"SearchAction\",\"target\":{\"@type\":\"EntryPoint\",\"urlTemplate\":\"https:\\\/\\\/akunq.net\\\/tr\\\/?s={search_term_string}\"},\"query-input\":{\"@type\":\"PropertyValueSpecification\",\"valueRequired\":true,\"valueName\":\"search_term_string\"}}],\"inLanguage\":\"en-US\"},{\"@type\":\"Person\",\"@id\":\"https:\\\/\\\/akunq.net\\\/tr\\\/#\\\/schema\\\/person\\\/096f1d38a12cce57fb855b485ed24c9e\",\"name\":\"admin\",\"url\":\"https:\\\/\\\/akunq.net\\\/tr\\\/?author=7\"}]}<\/script>\n<!-- \/ Yoast SEO plugin. -->","yoast_head_json":{"title":"Kaya: Kars'\u0131n E\u015fsiz Turizm Potansiyeli De\u011ferlendirilemiyor - Bati Ermenistan Ve Bati Ermenileri Sorunlari Ara\u015ftirmalar Merkezi","robots":{"index":"index","follow":"follow","max-snippet":"max-snippet:-1","max-image-preview":"max-image-preview:large","max-video-preview":"max-video-preview:-1"},"canonical":"https:\/\/akunq.net\/tr\/?p=19880","og_locale":"en_US","og_type":"article","og_title":"Kaya: Kars'\u0131n E\u015fsiz Turizm Potansiyeli De\u011ferlendirilemiyor - Bati Ermenistan Ve Bati Ermenileri Sorunlari Ara\u015ftirmalar Merkezi","og_description":"Kafkas Sanayici ve \u0130\u015fadamlar\u0131 Derne\u011fi ( KARS\u0130AD) Genel Sekreteri Cengiz Kaya, Kars&#8217;\u0131n turizm potansiyelinin de\u011ferlendirilmesi i\u00e7in harekete ge\u00e7ilmesini istedi. KARS\u0130AD Genel Sekreteri Kaya, turizm denilince akla ilk gelen \u015feyin &#8216;deniz kenar\u0131) olmad\u0131\u011f\u0131n\u0131, bunu anlatmakta g\u00fc\u00e7l\u00fck \u00e7ektiklerini s\u00f6yledi. Kaya, turizm ad\u0131na Kars&#8217;ta deniz haricinde her \u015feyin var oldu\u011funa dikkati \u00e7ekerek, &#8220;Mevlana&#8217;n\u0131n Hocas\u0131 Ebu&#8217;l Hasan Harakani Hazretleri&#8217;nin [&hellip;]","og_url":"https:\/\/akunq.net\/tr\/?p=19880","og_site_name":"Bati Ermenistan Ve Bati Ermenileri Sorunlari Ara\u015ftirmalar Merkezi","article_published_time":"2012-11-10T07:07:18+00:00","author":"admin","twitter_card":"summary_large_image","twitter_misc":{"Written by":"admin","Est. reading time":"1 minute"},"schema":{"@context":"https:\/\/schema.org","@graph":[{"@type":"Article","@id":"https:\/\/akunq.net\/tr\/?p=19880#article","isPartOf":{"@id":"https:\/\/akunq.net\/tr\/?p=19880"},"author":{"name":"admin","@id":"https:\/\/akunq.net\/tr\/#\/schema\/person\/096f1d38a12cce57fb855b485ed24c9e"},"headline":"Kaya: Kars&#8217;\u0131n E\u015fsiz Turizm Potansiyeli De\u011ferlendirilemiyor","datePublished":"2012-11-10T07:07:18+00:00","mainEntityOfPage":{"@id":"https:\/\/akunq.net\/tr\/?p=19880"},"wordCount":268,"commentCount":0,"articleSection":["G\u00fcn\u00fcm\u00fczde Bat\u0131 Ermenistan","Haberler"],"inLanguage":"en-US","potentialAction":[{"@type":"CommentAction","name":"Comment","target":["https:\/\/akunq.net\/tr\/?p=19880#respond"]}]},{"@type":"WebPage","@id":"https:\/\/akunq.net\/tr\/?p=19880","url":"https:\/\/akunq.net\/tr\/?p=19880","name":"Kaya: Kars'\u0131n E\u015fsiz Turizm Potansiyeli De\u011ferlendirilemiyor - Bati Ermenistan Ve Bati Ermenileri Sorunlari Ara\u015ftirmalar Merkezi","isPartOf":{"@id":"https:\/\/akunq.net\/tr\/#website"},"datePublished":"2012-11-10T07:07:18+00:00","author":{"@id":"https:\/\/akunq.net\/tr\/#\/schema\/person\/096f1d38a12cce57fb855b485ed24c9e"},"breadcrumb":{"@id":"https:\/\/akunq.net\/tr\/?p=19880#breadcrumb"},"inLanguage":"en-US","potentialAction":[{"@type":"ReadAction","target":["https:\/\/akunq.net\/tr\/?p=19880"]}]},{"@type":"BreadcrumbList","@id":"https:\/\/akunq.net\/tr\/?p=19880#breadcrumb","itemListElement":[{"@type":"ListItem","position":1,"name":"Home","item":"https:\/\/akunq.net\/tr"},{"@type":"ListItem","position":2,"name":"Kaya: Kars&#8217;\u0131n E\u015fsiz Turizm Potansiyeli De\u011ferlendirilemiyor"}]},{"@type":"WebSite","@id":"https:\/\/akunq.net\/tr\/#website","url":"https:\/\/akunq.net\/tr\/","name":"Bati Ermenistan Ve Bati Ermenileri Sorunlari Ara\u015ftirmalar Merkezi","description":"","potentialAction":[{"@type":"SearchAction","target":{"@type":"EntryPoint","urlTemplate":"https:\/\/akunq.net\/tr\/?s={search_term_string}"},"query-input":{"@type":"PropertyValueSpecification","valueRequired":true,"valueName":"search_term_string"}}],"inLanguage":"en-US"},{"@type":"Person","@id":"https:\/\/akunq.net\/tr\/#\/schema\/person\/096f1d38a12cce57fb855b485ed24c9e","name":"admin","url":"https:\/\/akunq.net\/tr\/?author=7"}]}},"_links":{"self":[{"href":"https:\/\/akunq.net\/tr\/index.php?rest_route=\/wp\/v2\/posts\/19880","targetHints":{"allow":["GET"]}}],"collection":[{"href":"https:\/\/akunq.net\/tr\/index.php?rest_route=\/wp\/v2\/posts"}],"about":[{"href":"https:\/\/akunq.net\/tr\/index.php?rest_route=\/wp\/v2\/types\/post"}],"author":[{"embeddable":true,"href":"https:\/\/akunq.net\/tr\/index.php?rest_route=\/wp\/v2\/users\/7"}],"replies":[{"embeddable":true,"href":"https:\/\/akunq.net\/tr\/index.php?rest_route=%2Fwp%2Fv2%2Fcomments&post=19880"}],"version-history":[{"count":1,"href":"https:\/\/akunq.net\/tr\/index.php?rest_route=\/wp\/v2\/posts\/19880\/revisions"}],"predecessor-version":[{"id":19882,"href":"https:\/\/akunq.net\/tr\/index.php?rest_route=\/wp\/v2\/posts\/19880\/revisions\/19882"}],"wp:attachment":[{"href":"https:\/\/akunq.net\/tr\/index.php?rest_route=%2Fwp%2Fv2%2Fmedia&parent=19880"}],"wp:term":[{"taxonomy":"category","embeddable":true,"href":"https:\/\/akunq.net\/tr\/index.php?rest_route=%2Fwp%2Fv2%2Fcategories&post=19880"},{"taxonomy":"post_tag","embeddable":true,"href":"https:\/\/akunq.net\/tr\/index.php?rest_route=%2Fwp%2Fv2%2Ftags&post=19880"}],"curies":[{"name":"wp","href":"https:\/\/api.w.org\/{rel}","templated":true}]}}