{"id":19800,"date":"2012-11-06T02:31:11","date_gmt":"2012-11-06T07:31:11","guid":{"rendered":"http:\/\/akunq.net\/tr\/?p=19800"},"modified":"2012-11-06T02:31:11","modified_gmt":"2012-11-06T07:31:11","slug":"ermeni-kilisesinde-97-yil-sonra-ilk-can-sesi","status":"publish","type":"post","link":"https:\/\/akunq.net\/tr\/?p=19800","title":{"rendered":"Ermeni Kilisesi&#8217;nde 97 y\u0131l sonra ilk \u00e7an sesi!"},"content":{"rendered":"<p style=\"text-align: justify;\"><strong><em><a href=\"http:\/\/akunq.net\/tr\/?attachment_id=19801\" rel=\"attachment wp-att-19801\"><img loading=\"lazy\" decoding=\"async\" class=\"size-medium wp-image-19801 alignright\" title=\"\u054f\u056b\u0563\u0580\u0561\u0576\u0561\u056f\u0565\u0580\u057f\u056b \u054d\u0562 \u053f\u056b\u0580\u0561\u056f\u0578\u057d \u0565\u056f\u0565\u0572\u0565\u0581\u056b\" src=\"http:\/\/akunq.net\/tr\/wp-content\/uploads\/2012\/11\/\u054f\u056b\u0563\u0580\u0561\u0576\u0561\u056f\u0565\u0580\u057f\u056b-\u054d\u0562-\u053f\u056b\u0580\u0561\u056f\u0578\u057d-\u0565\u056f\u0565\u0572\u0565\u0581\u056b-300x225.jpg\" alt=\"\" width=\"300\" height=\"225\" srcset=\"https:\/\/akunq.net\/tr\/wp-content\/uploads\/sites\/6\/2012\/11\/\u054f\u056b\u0563\u0580\u0561\u0576\u0561\u056f\u0565\u0580\u057f\u056b-\u054d\u0562-\u053f\u056b\u0580\u0561\u056f\u0578\u057d-\u0565\u056f\u0565\u0572\u0565\u0581\u056b-300x225.jpg 300w, https:\/\/akunq.net\/tr\/wp-content\/uploads\/sites\/6\/2012\/11\/\u054f\u056b\u0563\u0580\u0561\u0576\u0561\u056f\u0565\u0580\u057f\u056b-\u054d\u0562-\u053f\u056b\u0580\u0561\u056f\u0578\u057d-\u0565\u056f\u0565\u0572\u0565\u0581\u056b-600x450.jpg 600w, https:\/\/akunq.net\/tr\/wp-content\/uploads\/sites\/6\/2012\/11\/\u054f\u056b\u0563\u0580\u0561\u0576\u0561\u056f\u0565\u0580\u057f\u056b-\u054d\u0562-\u053f\u056b\u0580\u0561\u056f\u0578\u057d-\u0565\u056f\u0565\u0572\u0565\u0581\u056b.jpg 960w\" sizes=\"auto, (max-width: 300px) 100vw, 300px\" \/><\/a>Amed &#8211;<\/em><\/strong><strong> <\/strong>Diyarbak\u0131r&#8217;da bulunan Surp Giragos Ermeni Kilisesi 32 y\u0131l aradan sonra bug\u00fcn yeniden ibadete a\u00e7\u0131l\u0131rken, 1915 y\u0131l\u0131nda cami minarelerinden y\u00fcksek oldu\u011fu gerek\u00e7esiyle top at\u0131\u015f\u0131 ile y\u0131k\u0131lan \u00e7an kulesindeki \u00e7an\u0131n birebir ayn\u0131s\u0131 olarak Rusya&#8217;da \u00f6zel olarak yapt\u0131r\u0131lan \u00e7an da 97 y\u0131l aradan sonra ilk kez \u00e7ald\u0131. Yap\u0131lan ayini T\u00fcrkiye Ermenileri Patrik Vekili Aram Ate\u015fyan y\u00f6netti.<\/p>\n<p>Ermeni cemaatinin Ortado\u011fu&#8217;daki en b\u00fcy\u00fck kilisesi olan ve ge\u00e7mi\u015fte metropolitlik olarak kullan\u0131lan Diyarbak\u0131r&#8217;daki Surp Giragos Ermeni Kilisesi, 2.5 y\u0131l s\u00fcren onar\u0131m ve restorasyon \u00e7al\u0131\u015fmas\u0131n\u0131n ard\u0131ndan 32 y\u0131l sonra bug\u00fcn t\u00f6renle ibadete a\u00e7\u0131ld\u0131. Surp Giragos K\u00fc\u00e7\u00fck Ermeni Kilisesi Vakf\u0131 taraf\u0131ndan 2010 y\u0131l\u0131nda ba\u015flat\u0131lan ve Diyarbak\u0131r B\u00fcy\u00fck\u015fehir Belediyesi&#8217;nin de 1 milyon TL katk\u0131 verdi\u011fi restorasyon \u00e7al\u0131\u015fmas\u0131nda b\u00fcy\u00fck kilise binas\u0131 tamamlan\u0131p daha \u00f6nce a\u00e7\u0131l\u0131\u015f\u0131 yap\u0131l\u0131rken, 97 y\u0131l aradan sonra ilk kez bug\u00fcn klisede a\u00e7\u0131l\u0131\u015f t\u00f6reni ve ayin i\u00e7in \u00e7an \u00e7ald\u0131.<\/p>\n<p>1915 y\u0131l\u0131nda Diyarbak\u0131r&#8217;daki cami minarelerinden y\u00fcksek oldu\u011fu gerek\u00e7esiyle top ate\u015fi ile y\u0131k\u0131lan \u00e7an kulesinde bulunan \u00e7an\u0131n ayn\u0131s\u0131, Moskova&#8217;da \u00f6zel olarak yapt\u0131r\u0131l\u0131p Diyarbak\u0131r&#8217;a getirildi. 100 kilo a\u011f\u0131rl\u0131\u011f\u0131nda olan &#8216;so\u011fan ba\u015fl\u0131&#8217; bronz \u00e7an, bug\u00fcn 97 y\u0131l aradan sonra yeniden \u00e7almaya ba\u015flad\u0131.<\/p>\n<p>T\u00fcrkiye&#8217;nin yan\u0131 s\u0131ra ABD, Ermenistan ve Kanada&#8217;da ya\u015fayan Ermeni&#8217;lerin kat\u0131ld\u0131\u011f\u0131 ilk ayini T\u00fcrkiye Ermenileri Patrik Vekili Aram Ate\u015fyan y\u00f6netti. Ate\u015fyan&#8217;n\u0131n y\u00f6netti\u011fi ayinde &#8216;Dinler aras\u0131 bar\u0131\u015f ve karde\u015flik&#8217; i\u00e7in dualar edildi.<\/p>\n<p>Surp Giragos Ermeni Kilisesi&#8217;nde d\u00fczenlenen ilk ayini \u00e7ok say\u0131da M\u00fcsl\u00fcman da izlerken, sivil polislerin de kilise i\u00e7inde olmas\u0131 dikkat \u00e7ekti.<\/p>\n<p>Diyarbak\u0131r Surp Gragos Ermeni Kilisesi 1376 y\u0131l\u0131nda yap\u0131ld\u0131. Tarihi Sur \u0130l\u00e7esi&#8217;nde Ermenilerin yo\u011fun ya\u015fad\u0131\u011f\u0131 Fatihpa\u015fa Mahallesi&#8217;ndeki kilise, 27 May\u0131s 1915 tarihindeki Tehcir Kanunu&#8217;na kadar Ermeniler taraf\u0131ndan kullan\u0131ld\u0131. Kilesinin \u00e7an kulesi ise cami minarelerinden y\u00fcksek oldu\u011fu i\u00e7in 1915 y\u0131l\u0131nda top at\u0131\u015flar\u0131 ile y\u0131k\u0131ld\u0131.<\/p>\n<p>1.D\u00fcnya Sava\u015f\u0131 s\u0131ras\u0131nda Alman ordular\u0131n\u0131n karargah\u0131 olan kilise, daha sonra ise S\u00fcmerbank&#8217;\u0131n pamuk deposu olarak kullan\u0131ld\u0131. 1960 y\u0131l\u0131ndan itibaren tekrar ibadete a\u00e7\u0131lan 3 bin metrekarelik alan \u00fczerindeki Surp Giragos Ermeni Kilisesi, 1980 y\u0131l\u0131ndan sonra kendi kaderine terk edildi.<\/p>\n<p>Cemaati olmad\u0131\u011f\u0131 i\u00e7in ayin yap\u0131lmayan ve zaman zaman h\u0131rs\u0131zl\u0131k olaylar\u0131n\u0131n ya\u015fand\u0131\u011f\u0131 kilise, bak\u0131ms\u0131zl\u0131k nedeniyle baz\u0131 yerleri \u00e7\u00f6kt\u00fc ve kullan\u0131lamaz hale geldi. 1990&#8217;l\u0131 y\u0131llar\u0131n sonlar\u0131nda tamamen harabeye d\u00f6nen kilise Surp Giragos K\u00fc\u00e7\u00fck Ermeni Kilisesi Vakf\u0131 ve Diyarbak\u0131r B\u00fcy\u00fck\u015fehir Belediyesi taraf\u0131ndan onar\u0131ld\u0131.<\/p>\n<p style=\"text-align: justify;\"><strong><em>http:\/\/firatnews.com\/index.php?rupel=nuce&amp;nuceID=70850<\/em><\/strong><\/p>\n","protected":false},"excerpt":{"rendered":"<p>Amed &#8211; Diyarbak\u0131r&#8217;da bulunan Surp Giragos Ermeni Kilisesi 32 y\u0131l aradan sonra bug\u00fcn yeniden ibadete a\u00e7\u0131l\u0131rken, 1915 y\u0131l\u0131nda cami minarelerinden y\u00fcksek oldu\u011fu gerek\u00e7esiyle top at\u0131\u015f\u0131 ile y\u0131k\u0131lan \u00e7an kulesindeki \u00e7an\u0131n birebir ayn\u0131s\u0131 olarak Rusya&#8217;da \u00f6zel olarak yapt\u0131r\u0131lan \u00e7an da 97 y\u0131l aradan sonra ilk kez \u00e7ald\u0131. Yap\u0131lan ayini T\u00fcrkiye Ermenileri Patrik Vekili Aram Ate\u015fyan y\u00f6netti. [&hellip;]<\/p>\n","protected":false},"author":7,"featured_media":0,"comment_status":"open","ping_status":"open","sticky":false,"template":"","format":"standard","meta":{"footnotes":""},"categories":[22,1],"tags":[],"class_list":["post-19800","post","type-post","status-publish","format-standard","hentry","category-gunumuzde-bati-ermenistan","category-haberler"],"yoast_head":"<!-- This site is optimized with the Yoast SEO plugin v27.4 - https:\/\/yoast.com\/product\/yoast-seo-wordpress\/ -->\n<title>Ermeni Kilisesi&#039;nde 97 y\u0131l sonra ilk \u00e7an sesi! - Bati Ermenistan Ve Bati Ermenileri Sorunlari Ara\u015ftirmalar Merkezi<\/title>\n<meta name=\"robots\" content=\"index, follow, max-snippet:-1, max-image-preview:large, max-video-preview:-1\" \/>\n<link rel=\"canonical\" href=\"https:\/\/akunq.net\/tr\/?p=19800\" \/>\n<meta property=\"og:locale\" content=\"en_US\" \/>\n<meta property=\"og:type\" content=\"article\" \/>\n<meta property=\"og:title\" content=\"Ermeni Kilisesi&#039;nde 97 y\u0131l sonra ilk \u00e7an sesi! - Bati Ermenistan Ve Bati Ermenileri Sorunlari Ara\u015ftirmalar Merkezi\" \/>\n<meta property=\"og:description\" content=\"Amed &#8211; Diyarbak\u0131r&#8217;da bulunan Surp Giragos Ermeni Kilisesi 32 y\u0131l aradan sonra bug\u00fcn yeniden ibadete a\u00e7\u0131l\u0131rken, 1915 y\u0131l\u0131nda cami minarelerinden y\u00fcksek oldu\u011fu gerek\u00e7esiyle top at\u0131\u015f\u0131 ile y\u0131k\u0131lan \u00e7an kulesindeki \u00e7an\u0131n birebir ayn\u0131s\u0131 olarak Rusya&#8217;da \u00f6zel olarak yapt\u0131r\u0131lan \u00e7an da 97 y\u0131l aradan sonra ilk kez \u00e7ald\u0131. Yap\u0131lan ayini T\u00fcrkiye Ermenileri Patrik Vekili Aram Ate\u015fyan y\u00f6netti. [&hellip;]\" \/>\n<meta property=\"og:url\" content=\"https:\/\/akunq.net\/tr\/?p=19800\" \/>\n<meta property=\"og:site_name\" content=\"Bati Ermenistan Ve Bati Ermenileri Sorunlari Ara\u015ftirmalar Merkezi\" \/>\n<meta property=\"article:published_time\" content=\"2012-11-06T07:31:11+00:00\" \/>\n<meta name=\"author\" content=\"admin\" \/>\n<meta name=\"twitter:card\" content=\"summary_large_image\" \/>\n<meta name=\"twitter:label1\" content=\"Written by\" \/>\n\t<meta name=\"twitter:data1\" content=\"admin\" \/>\n\t<meta name=\"twitter:label2\" content=\"Est. reading time\" \/>\n\t<meta name=\"twitter:data2\" content=\"2 minutes\" \/>\n<script type=\"application\/ld+json\" class=\"yoast-schema-graph\">{\"@context\":\"https:\\\/\\\/schema.org\",\"@graph\":[{\"@type\":\"Article\",\"@id\":\"https:\\\/\\\/akunq.net\\\/tr\\\/?p=19800#article\",\"isPartOf\":{\"@id\":\"https:\\\/\\\/akunq.net\\\/tr\\\/?p=19800\"},\"author\":{\"name\":\"admin\",\"@id\":\"https:\\\/\\\/akunq.net\\\/tr\\\/#\\\/schema\\\/person\\\/096f1d38a12cce57fb855b485ed24c9e\"},\"headline\":\"Ermeni Kilisesi&#8217;nde 97 y\u0131l sonra ilk \u00e7an sesi!\",\"datePublished\":\"2012-11-06T07:31:11+00:00\",\"mainEntityOfPage\":{\"@id\":\"https:\\\/\\\/akunq.net\\\/tr\\\/?p=19800\"},\"wordCount\":499,\"commentCount\":0,\"articleSection\":[\"G\u00fcn\u00fcm\u00fczde Bat\u0131 Ermenistan\",\"Haberler\"],\"inLanguage\":\"en-US\",\"potentialAction\":[{\"@type\":\"CommentAction\",\"name\":\"Comment\",\"target\":[\"https:\\\/\\\/akunq.net\\\/tr\\\/?p=19800#respond\"]}]},{\"@type\":\"WebPage\",\"@id\":\"https:\\\/\\\/akunq.net\\\/tr\\\/?p=19800\",\"url\":\"https:\\\/\\\/akunq.net\\\/tr\\\/?p=19800\",\"name\":\"Ermeni Kilisesi'nde 97 y\u0131l sonra ilk \u00e7an sesi! - Bati Ermenistan Ve Bati Ermenileri Sorunlari Ara\u015ftirmalar Merkezi\",\"isPartOf\":{\"@id\":\"https:\\\/\\\/akunq.net\\\/tr\\\/#website\"},\"datePublished\":\"2012-11-06T07:31:11+00:00\",\"author\":{\"@id\":\"https:\\\/\\\/akunq.net\\\/tr\\\/#\\\/schema\\\/person\\\/096f1d38a12cce57fb855b485ed24c9e\"},\"breadcrumb\":{\"@id\":\"https:\\\/\\\/akunq.net\\\/tr\\\/?p=19800#breadcrumb\"},\"inLanguage\":\"en-US\",\"potentialAction\":[{\"@type\":\"ReadAction\",\"target\":[\"https:\\\/\\\/akunq.net\\\/tr\\\/?p=19800\"]}]},{\"@type\":\"BreadcrumbList\",\"@id\":\"https:\\\/\\\/akunq.net\\\/tr\\\/?p=19800#breadcrumb\",\"itemListElement\":[{\"@type\":\"ListItem\",\"position\":1,\"name\":\"Home\",\"item\":\"https:\\\/\\\/akunq.net\\\/tr\"},{\"@type\":\"ListItem\",\"position\":2,\"name\":\"Ermeni Kilisesi&#8217;nde 97 y\u0131l sonra ilk \u00e7an sesi!\"}]},{\"@type\":\"WebSite\",\"@id\":\"https:\\\/\\\/akunq.net\\\/tr\\\/#website\",\"url\":\"https:\\\/\\\/akunq.net\\\/tr\\\/\",\"name\":\"Bati Ermenistan Ve Bati Ermenileri Sorunlari Ara\u015ftirmalar Merkezi\",\"description\":\"\",\"potentialAction\":[{\"@type\":\"SearchAction\",\"target\":{\"@type\":\"EntryPoint\",\"urlTemplate\":\"https:\\\/\\\/akunq.net\\\/tr\\\/?s={search_term_string}\"},\"query-input\":{\"@type\":\"PropertyValueSpecification\",\"valueRequired\":true,\"valueName\":\"search_term_string\"}}],\"inLanguage\":\"en-US\"},{\"@type\":\"Person\",\"@id\":\"https:\\\/\\\/akunq.net\\\/tr\\\/#\\\/schema\\\/person\\\/096f1d38a12cce57fb855b485ed24c9e\",\"name\":\"admin\",\"url\":\"https:\\\/\\\/akunq.net\\\/tr\\\/?author=7\"}]}<\/script>\n<!-- \/ Yoast SEO plugin. -->","yoast_head_json":{"title":"Ermeni Kilisesi'nde 97 y\u0131l sonra ilk \u00e7an sesi! - Bati Ermenistan Ve Bati Ermenileri Sorunlari Ara\u015ftirmalar Merkezi","robots":{"index":"index","follow":"follow","max-snippet":"max-snippet:-1","max-image-preview":"max-image-preview:large","max-video-preview":"max-video-preview:-1"},"canonical":"https:\/\/akunq.net\/tr\/?p=19800","og_locale":"en_US","og_type":"article","og_title":"Ermeni Kilisesi'nde 97 y\u0131l sonra ilk \u00e7an sesi! - Bati Ermenistan Ve Bati Ermenileri Sorunlari Ara\u015ftirmalar Merkezi","og_description":"Amed &#8211; Diyarbak\u0131r&#8217;da bulunan Surp Giragos Ermeni Kilisesi 32 y\u0131l aradan sonra bug\u00fcn yeniden ibadete a\u00e7\u0131l\u0131rken, 1915 y\u0131l\u0131nda cami minarelerinden y\u00fcksek oldu\u011fu gerek\u00e7esiyle top at\u0131\u015f\u0131 ile y\u0131k\u0131lan \u00e7an kulesindeki \u00e7an\u0131n birebir ayn\u0131s\u0131 olarak Rusya&#8217;da \u00f6zel olarak yapt\u0131r\u0131lan \u00e7an da 97 y\u0131l aradan sonra ilk kez \u00e7ald\u0131. Yap\u0131lan ayini T\u00fcrkiye Ermenileri Patrik Vekili Aram Ate\u015fyan y\u00f6netti. [&hellip;]","og_url":"https:\/\/akunq.net\/tr\/?p=19800","og_site_name":"Bati Ermenistan Ve Bati Ermenileri Sorunlari Ara\u015ftirmalar Merkezi","article_published_time":"2012-11-06T07:31:11+00:00","author":"admin","twitter_card":"summary_large_image","twitter_misc":{"Written by":"admin","Est. reading time":"2 minutes"},"schema":{"@context":"https:\/\/schema.org","@graph":[{"@type":"Article","@id":"https:\/\/akunq.net\/tr\/?p=19800#article","isPartOf":{"@id":"https:\/\/akunq.net\/tr\/?p=19800"},"author":{"name":"admin","@id":"https:\/\/akunq.net\/tr\/#\/schema\/person\/096f1d38a12cce57fb855b485ed24c9e"},"headline":"Ermeni Kilisesi&#8217;nde 97 y\u0131l sonra ilk \u00e7an sesi!","datePublished":"2012-11-06T07:31:11+00:00","mainEntityOfPage":{"@id":"https:\/\/akunq.net\/tr\/?p=19800"},"wordCount":499,"commentCount":0,"articleSection":["G\u00fcn\u00fcm\u00fczde Bat\u0131 Ermenistan","Haberler"],"inLanguage":"en-US","potentialAction":[{"@type":"CommentAction","name":"Comment","target":["https:\/\/akunq.net\/tr\/?p=19800#respond"]}]},{"@type":"WebPage","@id":"https:\/\/akunq.net\/tr\/?p=19800","url":"https:\/\/akunq.net\/tr\/?p=19800","name":"Ermeni Kilisesi'nde 97 y\u0131l sonra ilk \u00e7an sesi! - Bati Ermenistan Ve Bati Ermenileri Sorunlari Ara\u015ftirmalar Merkezi","isPartOf":{"@id":"https:\/\/akunq.net\/tr\/#website"},"datePublished":"2012-11-06T07:31:11+00:00","author":{"@id":"https:\/\/akunq.net\/tr\/#\/schema\/person\/096f1d38a12cce57fb855b485ed24c9e"},"breadcrumb":{"@id":"https:\/\/akunq.net\/tr\/?p=19800#breadcrumb"},"inLanguage":"en-US","potentialAction":[{"@type":"ReadAction","target":["https:\/\/akunq.net\/tr\/?p=19800"]}]},{"@type":"BreadcrumbList","@id":"https:\/\/akunq.net\/tr\/?p=19800#breadcrumb","itemListElement":[{"@type":"ListItem","position":1,"name":"Home","item":"https:\/\/akunq.net\/tr"},{"@type":"ListItem","position":2,"name":"Ermeni Kilisesi&#8217;nde 97 y\u0131l sonra ilk \u00e7an sesi!"}]},{"@type":"WebSite","@id":"https:\/\/akunq.net\/tr\/#website","url":"https:\/\/akunq.net\/tr\/","name":"Bati Ermenistan Ve Bati Ermenileri Sorunlari Ara\u015ftirmalar Merkezi","description":"","potentialAction":[{"@type":"SearchAction","target":{"@type":"EntryPoint","urlTemplate":"https:\/\/akunq.net\/tr\/?s={search_term_string}"},"query-input":{"@type":"PropertyValueSpecification","valueRequired":true,"valueName":"search_term_string"}}],"inLanguage":"en-US"},{"@type":"Person","@id":"https:\/\/akunq.net\/tr\/#\/schema\/person\/096f1d38a12cce57fb855b485ed24c9e","name":"admin","url":"https:\/\/akunq.net\/tr\/?author=7"}]}},"_links":{"self":[{"href":"https:\/\/akunq.net\/tr\/index.php?rest_route=\/wp\/v2\/posts\/19800","targetHints":{"allow":["GET"]}}],"collection":[{"href":"https:\/\/akunq.net\/tr\/index.php?rest_route=\/wp\/v2\/posts"}],"about":[{"href":"https:\/\/akunq.net\/tr\/index.php?rest_route=\/wp\/v2\/types\/post"}],"author":[{"embeddable":true,"href":"https:\/\/akunq.net\/tr\/index.php?rest_route=\/wp\/v2\/users\/7"}],"replies":[{"embeddable":true,"href":"https:\/\/akunq.net\/tr\/index.php?rest_route=%2Fwp%2Fv2%2Fcomments&post=19800"}],"version-history":[{"count":1,"href":"https:\/\/akunq.net\/tr\/index.php?rest_route=\/wp\/v2\/posts\/19800\/revisions"}],"predecessor-version":[{"id":19802,"href":"https:\/\/akunq.net\/tr\/index.php?rest_route=\/wp\/v2\/posts\/19800\/revisions\/19802"}],"wp:attachment":[{"href":"https:\/\/akunq.net\/tr\/index.php?rest_route=%2Fwp%2Fv2%2Fmedia&parent=19800"}],"wp:term":[{"taxonomy":"category","embeddable":true,"href":"https:\/\/akunq.net\/tr\/index.php?rest_route=%2Fwp%2Fv2%2Fcategories&post=19800"},{"taxonomy":"post_tag","embeddable":true,"href":"https:\/\/akunq.net\/tr\/index.php?rest_route=%2Fwp%2Fv2%2Ftags&post=19800"}],"curies":[{"name":"wp","href":"https:\/\/api.w.org\/{rel}","templated":true}]}}