{"id":19635,"date":"2012-10-31T03:16:11","date_gmt":"2012-10-31T08:16:11","guid":{"rendered":"http:\/\/akunq.net\/tr\/?p=19635"},"modified":"2012-10-31T03:30:31","modified_gmt":"2012-10-31T08:30:31","slug":"azinliklar-hala-hain-ve-bolucu","status":"publish","type":"post","link":"https:\/\/akunq.net\/tr\/?p=19635","title":{"rendered":"Az\u0131nl\u0131klar h\u00e2l\u00e2 \u2018hain\u2019 ve \u2018b\u00f6l\u00fcc\u00fc\u2019"},"content":{"rendered":"<p style=\"text-align: justify;\"><strong><a href=\"http:\/\/akunq.net\/tr\/?attachment_id=19636\" rel=\"attachment wp-att-19636\"><img loading=\"lazy\" decoding=\"async\" class=\"alignright size-full wp-image-19636\" title=\"Az\u0131nl\u0131klar h\u00e2l\u00e2 \u2018hain\u2019 ve \u2018b\u00f6l\u00fcc\u00fc\u2019\" src=\"http:\/\/akunq.net\/tr\/wp-content\/uploads\/2012\/10\/Az\u0131nl\u0131klar-h\u00e2l\u00e2-\u2018hain\u2019-ve-\u2018b\u00f6l\u00fcc\u00fc\u2019.jpg\" alt=\"\" width=\"300\" height=\"422\" \/><\/a>EMRE ERTAN\u0130<\/strong><\/p>\n<p style=\"text-align: justify;\"><strong><em>S\u00fcryani Dernekler Federasyonu (S\u00dcDEF) ge\u00e7en y\u0131l, 10. s\u0131n\u0131f tarih ders kitab\u0131ndaki S\u00fcryanilere y\u00f6nelik \u0131rk\u00e7\u0131 ve k\u0131\u015fk\u0131rt\u0131c\u0131 ifadelerle ilgili Milli E\u011fitim Bakanl\u0131\u011f\u0131\u2019ndan bu yanl\u0131\u015f\u0131n d\u00fczeltilmesi y\u00f6n\u00fcndeki talebini tekrarlard\u0131. Ermeni, Rum ve S\u00fcryanileri \u2018hain\u2019 ve \u2018b\u00f6l\u00fcc\u00fc\u2019 olarak g\u00f6steren kitab\u0131n de\u011fi\u015ftirilmesi konusunda Milli E\u011fitim Bakan\u0131 \u00d6mer Din\u00e7er ve h\u00fck\u00fcmetin s\u00f6z vermesine ra\u011fmen h\u00e2l\u00e2 okullarda okutuluyor.<\/em><\/strong><\/p>\n<p style=\"text-align: justify;\">S\u00dcDEF taraf\u0131ndan yap\u0131lan a\u00e7\u0131klamada, Milli E\u011fitim Bakanl\u0131\u011f\u0131 Talim ve Terbiye Kurulu Ba\u015fkan\u0131 Emin Karip\u2019in ge\u00e7en y\u0131l kendilerine bir yaz\u0131 g\u00f6nderdi\u011fi ve 2012-2013 i\u00e7in haz\u0131rlanacak ders kitaplar\u0131nda gerekli d\u00fczeltmelerin yap\u0131laca\u011f\u0131n\u0131n a\u00e7\u0131k bir \u015fekilde belirtti\u011fi dile getirilerek \u015fu ifadelere yer verildi:<\/p>\n<p style=\"text-align: justify;\">\u201cAncak bu e\u011fitim d\u00f6neminde \u00e7ocuklara da\u011f\u0131t\u0131lan 10. s\u0131n\u0131f tarih ders kitaplar\u0131na bakt\u0131\u011f\u0131m\u0131zda verilen s\u00f6zlerin yerine getirilmedi\u011fini \u00fcz\u00fclerek g\u00f6rmekteyiz. \u00c7\u00fcnk\u00fc de\u011fi\u015fiklik yap\u0131ld\u0131\u011f\u0131 iddia edilen b\u00f6l\u00fcmlerde; kelimelerde de\u011fi\u015fiklik yap\u0131lmakla birlikte yakla\u015f\u0131m ve anlay\u0131\u015fta S\u00fcryanilere h\u00e2l\u00e2 \u2018hain\u2019 ve \u2018i\u015fbirlik\u00e7i\u2019 g\u00f6z\u00fcyle bak\u0131lmaktad\u0131r. Dolay\u0131s\u0131yla ge\u00e7mi\u015fte \u00e7ocuklar\u0131n beynine yerle\u015ftirilmeye \u00e7al\u0131\u015f\u0131lan kin ve nefret tohumlar\u0131n\u0131n g\u00fcn\u00fcm\u00fczde de ekilmeye \u00e7al\u0131\u015f\u0131ld\u0131\u011f\u0131na \u015fahit oluyoruz. \u00a0Ge\u00e7mi\u015fte yarat\u0131lan bu kin ve nefret tohumlar\u0131 ile b\u00fcy\u00fcyen nesiller, S\u00fcryanilere her t\u00fcrl\u00fc bask\u0131y\u0131 reva g\u00f6rm\u00fc\u015f ve kendi \u00fclkelerinde ya\u015famalar\u0131na izin vermemi\u015ftir.\u201d<\/p>\n<p style=\"text-align: justify;\">Her t\u00fcrl\u00fc bask\u0131ya ra\u011fmen, binlerce y\u0131ld\u0131r bu topraklarda ya\u015fayan ve ya\u015fam\u0131 boyunca yaratt\u0131\u011f\u0131 de\u011ferlerle S\u00fcryanilerin insanl\u0131\u011fa hizmet etti\u011fine dikkat \u00e7ekilen a\u00e7\u0131klamada,\u00a0 \u201cHayal mahsul\u00fc ve ger\u00e7ek d\u0131\u015f\u0131 bu s\u00f6ylemleri de\u011ferlerimize yap\u0131lm\u0131\u015f bir hakaret olarak g\u00f6r\u00fcyoruz. Bir an \u00f6nce bu durumun d\u00fczeltilmesini istiyoruz\u201d dendi.<\/p>\n<p style=\"text-align: justify;\"><strong>Ermeni, Rum ve S\u00fcryaniler\u00a0\u2018d\u0131\u015f g\u00fc\u00e7lerin emrinde\u2019<\/strong><\/p>\n<p style=\"text-align: justify;\">\u00d6te yandan kitapta, S\u00fcryanilerin yan\u0131 s\u0131ra Ermeni ve Rumlarla ilgili nefret s\u00f6ylemi olarak tan\u0131mlanacak ifadeler de yer al\u0131yor. Ermeni, Rum ve S\u00fcryaniler \u2018hain\u2019, \u2018d\u0131\u015f g\u00fc\u00e7lerin emrinde\u2019 ve \u2018b\u00f6l\u00fcc\u00fc\u2019 olarak g\u00f6steriliyor.<\/p>\n<p style=\"text-align: justify;\">Lise ikinci s\u0131n\u0131f \u00f6\u011frencilerine okutulan tarih kitab\u0131n\u0131n 65 ve 66. sayfalar\u0131nda \u2018Osmanl\u0131 Devleti\u2019nde S\u00fcryanilerin Durumu\u2019 ba\u015fl\u0131kl\u0131 b\u00f6l\u00fcmde Birinci D\u00fcnya Sava\u015f\u0131 s\u00fcrecinde \u00f6zellikle Ruslar\u0131n ve Avrupal\u0131 devletlerin k\u0131\u015fk\u0131rtmas\u0131yla S\u00fcryanilerin ayakland\u0131\u011f\u0131, ba\u015far\u0131l\u0131 olamay\u0131nca b\u00fcy\u00fck \u00e7o\u011funlu\u011funun Anadolu\u2019dan ayr\u0131ld\u0131\u011f\u0131 ifade ediliyor.<\/p>\n<p style=\"text-align: justify;\">Yine 10. s\u0131n\u0131f tarih kitab\u0131n\u0131n 179. sayfas\u0131nda \u2018Ermenilerin K\u0131\u015fk\u0131rt\u0131lmas\u0131 ve \u00d6rg\u00fctlenmeleri\u2019 ba\u015fl\u0131\u011f\u0131nda Rusya\u2019n\u0131n, Ermenileri k\u0131\u015fk\u0131rtmak i\u00e7in propaganda yapmaya ba\u015flad\u0131\u011f\u0131, bu propagandan\u0131n da Ermeniler \u00fczerinde k\u0131sa zamanda etki g\u00f6sterdi\u011fi anlat\u0131l\u0131yor.<\/p>\n<p style=\"text-align: justify;\">\u2018Ermenilerin \u00c7\u0131kard\u0131\u011f\u0131 Olaylar\u2019 ba\u015fl\u0131\u011f\u0131 alt\u0131nda, Ermenilerce, ayaklanmalar \u00e7\u0131kart\u0131ld\u0131\u011f\u0131, Osmanl\u0131 Devleti\u2019nin isyan\u0131 bast\u0131rma \u00e7abalar\u0131n\u0131n, Avrupa\u2019ya \u201cErmeniler katlediliyor\u201d diye duyuruldu\u011fu ifade ediliyor.<\/p>\n<p style=\"text-align: justify;\">\u00dclkenin her taraf\u0131nda Ermeni okullar\u0131n\u0131n oldu\u011fu ve bu okullar\u0131n Ermeni \u00e7eteleri taraf\u0131ndan cephane deposu ve kararg\u00e2h olarak kullan\u0131ld\u0131\u011f\u0131 da \u00e7ocuklara \u00f6\u011fretilen \u2018tarihsel ger\u00e7ekliler\u2019 aras\u0131nda.<\/p>\n<p style=\"text-align: justify;\"><a href=\"mailto:emreertani@agos.com.tr\"><strong><em>emreertani@agos.com.tr<\/em><\/strong><\/a><strong><em><\/em><\/strong><\/p>\n<p style=\"text-align: justify;\"><strong><em>http:\/\/agos.com.tr\/haber.php?seo=azinliklar-hl-hain-ve-bolucu&amp;haberid=3150<\/em><\/strong><\/p>\n<p style=\"text-align: justify;\"><strong><em>\u00a0<\/em><\/strong><\/p>\n","protected":false},"excerpt":{"rendered":"<p>EMRE ERTAN\u0130 S\u00fcryani Dernekler Federasyonu (S\u00dcDEF) ge\u00e7en y\u0131l, 10. s\u0131n\u0131f tarih ders kitab\u0131ndaki S\u00fcryanilere y\u00f6nelik \u0131rk\u00e7\u0131 ve k\u0131\u015fk\u0131rt\u0131c\u0131 ifadelerle ilgili Milli E\u011fitim Bakanl\u0131\u011f\u0131\u2019ndan bu yanl\u0131\u015f\u0131n d\u00fczeltilmesi y\u00f6n\u00fcndeki talebini tekrarlard\u0131. Ermeni, Rum ve S\u00fcryanileri \u2018hain\u2019 ve \u2018b\u00f6l\u00fcc\u00fc\u2019 olarak g\u00f6steren kitab\u0131n de\u011fi\u015ftirilmesi konusunda Milli E\u011fitim Bakan\u0131 \u00d6mer Din\u00e7er ve h\u00fck\u00fcmetin s\u00f6z vermesine ra\u011fmen h\u00e2l\u00e2 okullarda okutuluyor. S\u00dcDEF [&hellip;]<\/p>\n","protected":false},"author":7,"featured_media":0,"comment_status":"open","ping_status":"open","sticky":false,"template":"","format":"standard","meta":{"footnotes":""},"categories":[1,54,53],"tags":[],"class_list":["post-19635","post","type-post","status-publish","format-standard","hentry","category-haberler","category-kitaplar-elestiriler","category-turkiyede-azinliklar"],"yoast_head":"<!-- This site is optimized with the Yoast SEO plugin v27.4 - https:\/\/yoast.com\/product\/yoast-seo-wordpress\/ -->\n<title>Az\u0131nl\u0131klar h\u00e2l\u00e2 \u2018hain\u2019 ve \u2018b\u00f6l\u00fcc\u00fc\u2019 - Bati Ermenistan Ve Bati Ermenileri Sorunlari Ara\u015ftirmalar Merkezi<\/title>\n<meta name=\"robots\" content=\"index, follow, max-snippet:-1, max-image-preview:large, max-video-preview:-1\" \/>\n<link rel=\"canonical\" href=\"https:\/\/akunq.net\/tr\/?p=19635\" \/>\n<meta property=\"og:locale\" content=\"en_US\" \/>\n<meta property=\"og:type\" content=\"article\" \/>\n<meta property=\"og:title\" content=\"Az\u0131nl\u0131klar h\u00e2l\u00e2 \u2018hain\u2019 ve \u2018b\u00f6l\u00fcc\u00fc\u2019 - Bati Ermenistan Ve Bati Ermenileri Sorunlari Ara\u015ftirmalar Merkezi\" \/>\n<meta property=\"og:description\" content=\"EMRE ERTAN\u0130 S\u00fcryani Dernekler Federasyonu (S\u00dcDEF) ge\u00e7en y\u0131l, 10. s\u0131n\u0131f tarih ders kitab\u0131ndaki S\u00fcryanilere y\u00f6nelik \u0131rk\u00e7\u0131 ve k\u0131\u015fk\u0131rt\u0131c\u0131 ifadelerle ilgili Milli E\u011fitim Bakanl\u0131\u011f\u0131\u2019ndan bu yanl\u0131\u015f\u0131n d\u00fczeltilmesi y\u00f6n\u00fcndeki talebini tekrarlard\u0131. Ermeni, Rum ve S\u00fcryanileri \u2018hain\u2019 ve \u2018b\u00f6l\u00fcc\u00fc\u2019 olarak g\u00f6steren kitab\u0131n de\u011fi\u015ftirilmesi konusunda Milli E\u011fitim Bakan\u0131 \u00d6mer Din\u00e7er ve h\u00fck\u00fcmetin s\u00f6z vermesine ra\u011fmen h\u00e2l\u00e2 okullarda okutuluyor. S\u00dcDEF [&hellip;]\" \/>\n<meta property=\"og:url\" content=\"https:\/\/akunq.net\/tr\/?p=19635\" \/>\n<meta property=\"og:site_name\" content=\"Bati Ermenistan Ve Bati Ermenileri Sorunlari Ara\u015ftirmalar Merkezi\" \/>\n<meta property=\"article:published_time\" content=\"2012-10-31T08:16:11+00:00\" \/>\n<meta property=\"article:modified_time\" content=\"2012-10-31T08:30:31+00:00\" \/>\n<meta name=\"author\" content=\"admin\" \/>\n<meta name=\"twitter:card\" content=\"summary_large_image\" \/>\n<meta name=\"twitter:label1\" content=\"Written by\" \/>\n\t<meta name=\"twitter:data1\" content=\"admin\" \/>\n\t<meta name=\"twitter:label2\" content=\"Est. reading time\" \/>\n\t<meta name=\"twitter:data2\" content=\"3 minutes\" \/>\n<script type=\"application\/ld+json\" class=\"yoast-schema-graph\">{\"@context\":\"https:\\\/\\\/schema.org\",\"@graph\":[{\"@type\":\"Article\",\"@id\":\"https:\\\/\\\/akunq.net\\\/tr\\\/?p=19635#article\",\"isPartOf\":{\"@id\":\"https:\\\/\\\/akunq.net\\\/tr\\\/?p=19635\"},\"author\":{\"name\":\"admin\",\"@id\":\"https:\\\/\\\/akunq.net\\\/tr\\\/#\\\/schema\\\/person\\\/096f1d38a12cce57fb855b485ed24c9e\"},\"headline\":\"Az\u0131nl\u0131klar h\u00e2l\u00e2 \u2018hain\u2019 ve \u2018b\u00f6l\u00fcc\u00fc\u2019\",\"datePublished\":\"2012-10-31T08:16:11+00:00\",\"dateModified\":\"2012-10-31T08:30:31+00:00\",\"mainEntityOfPage\":{\"@id\":\"https:\\\/\\\/akunq.net\\\/tr\\\/?p=19635\"},\"wordCount\":585,\"commentCount\":0,\"articleSection\":[\"Haberler\",\"Kitaplar-Ele\u015ftiriler\",\"T\u00fcrkiye\u2019de Az\u0131nl\u0131klar\"],\"inLanguage\":\"en-US\",\"potentialAction\":[{\"@type\":\"CommentAction\",\"name\":\"Comment\",\"target\":[\"https:\\\/\\\/akunq.net\\\/tr\\\/?p=19635#respond\"]}]},{\"@type\":\"WebPage\",\"@id\":\"https:\\\/\\\/akunq.net\\\/tr\\\/?p=19635\",\"url\":\"https:\\\/\\\/akunq.net\\\/tr\\\/?p=19635\",\"name\":\"Az\u0131nl\u0131klar h\u00e2l\u00e2 \u2018hain\u2019 ve \u2018b\u00f6l\u00fcc\u00fc\u2019 - Bati Ermenistan Ve Bati Ermenileri Sorunlari Ara\u015ftirmalar Merkezi\",\"isPartOf\":{\"@id\":\"https:\\\/\\\/akunq.net\\\/tr\\\/#website\"},\"datePublished\":\"2012-10-31T08:16:11+00:00\",\"dateModified\":\"2012-10-31T08:30:31+00:00\",\"author\":{\"@id\":\"https:\\\/\\\/akunq.net\\\/tr\\\/#\\\/schema\\\/person\\\/096f1d38a12cce57fb855b485ed24c9e\"},\"breadcrumb\":{\"@id\":\"https:\\\/\\\/akunq.net\\\/tr\\\/?p=19635#breadcrumb\"},\"inLanguage\":\"en-US\",\"potentialAction\":[{\"@type\":\"ReadAction\",\"target\":[\"https:\\\/\\\/akunq.net\\\/tr\\\/?p=19635\"]}]},{\"@type\":\"BreadcrumbList\",\"@id\":\"https:\\\/\\\/akunq.net\\\/tr\\\/?p=19635#breadcrumb\",\"itemListElement\":[{\"@type\":\"ListItem\",\"position\":1,\"name\":\"Home\",\"item\":\"https:\\\/\\\/akunq.net\\\/tr\"},{\"@type\":\"ListItem\",\"position\":2,\"name\":\"Az\u0131nl\u0131klar h\u00e2l\u00e2 \u2018hain\u2019 ve \u2018b\u00f6l\u00fcc\u00fc\u2019\"}]},{\"@type\":\"WebSite\",\"@id\":\"https:\\\/\\\/akunq.net\\\/tr\\\/#website\",\"url\":\"https:\\\/\\\/akunq.net\\\/tr\\\/\",\"name\":\"Bati Ermenistan Ve Bati Ermenileri Sorunlari Ara\u015ftirmalar Merkezi\",\"description\":\"\",\"potentialAction\":[{\"@type\":\"SearchAction\",\"target\":{\"@type\":\"EntryPoint\",\"urlTemplate\":\"https:\\\/\\\/akunq.net\\\/tr\\\/?s={search_term_string}\"},\"query-input\":{\"@type\":\"PropertyValueSpecification\",\"valueRequired\":true,\"valueName\":\"search_term_string\"}}],\"inLanguage\":\"en-US\"},{\"@type\":\"Person\",\"@id\":\"https:\\\/\\\/akunq.net\\\/tr\\\/#\\\/schema\\\/person\\\/096f1d38a12cce57fb855b485ed24c9e\",\"name\":\"admin\",\"url\":\"https:\\\/\\\/akunq.net\\\/tr\\\/?author=7\"}]}<\/script>\n<!-- \/ Yoast SEO plugin. -->","yoast_head_json":{"title":"Az\u0131nl\u0131klar h\u00e2l\u00e2 \u2018hain\u2019 ve \u2018b\u00f6l\u00fcc\u00fc\u2019 - Bati Ermenistan Ve Bati Ermenileri Sorunlari Ara\u015ftirmalar Merkezi","robots":{"index":"index","follow":"follow","max-snippet":"max-snippet:-1","max-image-preview":"max-image-preview:large","max-video-preview":"max-video-preview:-1"},"canonical":"https:\/\/akunq.net\/tr\/?p=19635","og_locale":"en_US","og_type":"article","og_title":"Az\u0131nl\u0131klar h\u00e2l\u00e2 \u2018hain\u2019 ve \u2018b\u00f6l\u00fcc\u00fc\u2019 - Bati Ermenistan Ve Bati Ermenileri Sorunlari Ara\u015ftirmalar Merkezi","og_description":"EMRE ERTAN\u0130 S\u00fcryani Dernekler Federasyonu (S\u00dcDEF) ge\u00e7en y\u0131l, 10. s\u0131n\u0131f tarih ders kitab\u0131ndaki S\u00fcryanilere y\u00f6nelik \u0131rk\u00e7\u0131 ve k\u0131\u015fk\u0131rt\u0131c\u0131 ifadelerle ilgili Milli E\u011fitim Bakanl\u0131\u011f\u0131\u2019ndan bu yanl\u0131\u015f\u0131n d\u00fczeltilmesi y\u00f6n\u00fcndeki talebini tekrarlard\u0131. Ermeni, Rum ve S\u00fcryanileri \u2018hain\u2019 ve \u2018b\u00f6l\u00fcc\u00fc\u2019 olarak g\u00f6steren kitab\u0131n de\u011fi\u015ftirilmesi konusunda Milli E\u011fitim Bakan\u0131 \u00d6mer Din\u00e7er ve h\u00fck\u00fcmetin s\u00f6z vermesine ra\u011fmen h\u00e2l\u00e2 okullarda okutuluyor. S\u00dcDEF [&hellip;]","og_url":"https:\/\/akunq.net\/tr\/?p=19635","og_site_name":"Bati Ermenistan Ve Bati Ermenileri Sorunlari Ara\u015ftirmalar Merkezi","article_published_time":"2012-10-31T08:16:11+00:00","article_modified_time":"2012-10-31T08:30:31+00:00","author":"admin","twitter_card":"summary_large_image","twitter_misc":{"Written by":"admin","Est. reading time":"3 minutes"},"schema":{"@context":"https:\/\/schema.org","@graph":[{"@type":"Article","@id":"https:\/\/akunq.net\/tr\/?p=19635#article","isPartOf":{"@id":"https:\/\/akunq.net\/tr\/?p=19635"},"author":{"name":"admin","@id":"https:\/\/akunq.net\/tr\/#\/schema\/person\/096f1d38a12cce57fb855b485ed24c9e"},"headline":"Az\u0131nl\u0131klar h\u00e2l\u00e2 \u2018hain\u2019 ve \u2018b\u00f6l\u00fcc\u00fc\u2019","datePublished":"2012-10-31T08:16:11+00:00","dateModified":"2012-10-31T08:30:31+00:00","mainEntityOfPage":{"@id":"https:\/\/akunq.net\/tr\/?p=19635"},"wordCount":585,"commentCount":0,"articleSection":["Haberler","Kitaplar-Ele\u015ftiriler","T\u00fcrkiye\u2019de Az\u0131nl\u0131klar"],"inLanguage":"en-US","potentialAction":[{"@type":"CommentAction","name":"Comment","target":["https:\/\/akunq.net\/tr\/?p=19635#respond"]}]},{"@type":"WebPage","@id":"https:\/\/akunq.net\/tr\/?p=19635","url":"https:\/\/akunq.net\/tr\/?p=19635","name":"Az\u0131nl\u0131klar h\u00e2l\u00e2 \u2018hain\u2019 ve \u2018b\u00f6l\u00fcc\u00fc\u2019 - Bati Ermenistan Ve Bati Ermenileri Sorunlari Ara\u015ftirmalar Merkezi","isPartOf":{"@id":"https:\/\/akunq.net\/tr\/#website"},"datePublished":"2012-10-31T08:16:11+00:00","dateModified":"2012-10-31T08:30:31+00:00","author":{"@id":"https:\/\/akunq.net\/tr\/#\/schema\/person\/096f1d38a12cce57fb855b485ed24c9e"},"breadcrumb":{"@id":"https:\/\/akunq.net\/tr\/?p=19635#breadcrumb"},"inLanguage":"en-US","potentialAction":[{"@type":"ReadAction","target":["https:\/\/akunq.net\/tr\/?p=19635"]}]},{"@type":"BreadcrumbList","@id":"https:\/\/akunq.net\/tr\/?p=19635#breadcrumb","itemListElement":[{"@type":"ListItem","position":1,"name":"Home","item":"https:\/\/akunq.net\/tr"},{"@type":"ListItem","position":2,"name":"Az\u0131nl\u0131klar h\u00e2l\u00e2 \u2018hain\u2019 ve \u2018b\u00f6l\u00fcc\u00fc\u2019"}]},{"@type":"WebSite","@id":"https:\/\/akunq.net\/tr\/#website","url":"https:\/\/akunq.net\/tr\/","name":"Bati Ermenistan Ve Bati Ermenileri Sorunlari Ara\u015ftirmalar Merkezi","description":"","potentialAction":[{"@type":"SearchAction","target":{"@type":"EntryPoint","urlTemplate":"https:\/\/akunq.net\/tr\/?s={search_term_string}"},"query-input":{"@type":"PropertyValueSpecification","valueRequired":true,"valueName":"search_term_string"}}],"inLanguage":"en-US"},{"@type":"Person","@id":"https:\/\/akunq.net\/tr\/#\/schema\/person\/096f1d38a12cce57fb855b485ed24c9e","name":"admin","url":"https:\/\/akunq.net\/tr\/?author=7"}]}},"_links":{"self":[{"href":"https:\/\/akunq.net\/tr\/index.php?rest_route=\/wp\/v2\/posts\/19635","targetHints":{"allow":["GET"]}}],"collection":[{"href":"https:\/\/akunq.net\/tr\/index.php?rest_route=\/wp\/v2\/posts"}],"about":[{"href":"https:\/\/akunq.net\/tr\/index.php?rest_route=\/wp\/v2\/types\/post"}],"author":[{"embeddable":true,"href":"https:\/\/akunq.net\/tr\/index.php?rest_route=\/wp\/v2\/users\/7"}],"replies":[{"embeddable":true,"href":"https:\/\/akunq.net\/tr\/index.php?rest_route=%2Fwp%2Fv2%2Fcomments&post=19635"}],"version-history":[{"count":3,"href":"https:\/\/akunq.net\/tr\/index.php?rest_route=\/wp\/v2\/posts\/19635\/revisions"}],"predecessor-version":[{"id":19639,"href":"https:\/\/akunq.net\/tr\/index.php?rest_route=\/wp\/v2\/posts\/19635\/revisions\/19639"}],"wp:attachment":[{"href":"https:\/\/akunq.net\/tr\/index.php?rest_route=%2Fwp%2Fv2%2Fmedia&parent=19635"}],"wp:term":[{"taxonomy":"category","embeddable":true,"href":"https:\/\/akunq.net\/tr\/index.php?rest_route=%2Fwp%2Fv2%2Fcategories&post=19635"},{"taxonomy":"post_tag","embeddable":true,"href":"https:\/\/akunq.net\/tr\/index.php?rest_route=%2Fwp%2Fv2%2Ftags&post=19635"}],"curies":[{"name":"wp","href":"https:\/\/api.w.org\/{rel}","templated":true}]}}