{"id":19612,"date":"2012-10-30T04:17:12","date_gmt":"2012-10-30T09:17:12","guid":{"rendered":"http:\/\/akunq.net\/tr\/?p=19612"},"modified":"2012-10-30T04:17:12","modified_gmt":"2012-10-30T09:17:12","slug":"bakanliga-gore-yikilan-ermeni-mezarliginin-hicbir-degeri-yok","status":"publish","type":"post","link":"https:\/\/akunq.net\/tr\/?p=19612","title":{"rendered":"Bakanl\u0131\u011fa g\u00f6re y\u0131k\u0131lan Ermeni Mezarl\u0131\u011f\u0131&#8217;n\u0131n hi\u00e7bir de\u011feri yok!"},"content":{"rendered":"<p style=\"text-align: justify;\"><strong><em><a href=\"http:\/\/akunq.net\/tr\/?attachment_id=19613\" rel=\"attachment wp-att-19613\"><img loading=\"lazy\" decoding=\"async\" class=\"alignright size-medium wp-image-19613\" title=\"Ermeni Mezarl\u0131\u011f\u0131\" src=\"http:\/\/akunq.net\/tr\/wp-content\/uploads\/2012\/10\/Ermeni-Mezarl\u0131\u011f\u0131-300x199.jpg\" alt=\"\" width=\"300\" height=\"199\" srcset=\"https:\/\/akunq.net\/tr\/wp-content\/uploads\/sites\/6\/2012\/10\/Ermeni-Mezarl\u0131\u011f\u0131-300x199.jpg 300w, https:\/\/akunq.net\/tr\/wp-content\/uploads\/sites\/6\/2012\/10\/Ermeni-Mezarl\u0131\u011f\u0131-600x399.jpg 600w, https:\/\/akunq.net\/tr\/wp-content\/uploads\/sites\/6\/2012\/10\/Ermeni-Mezarl\u0131\u011f\u0131.jpg 692w\" sizes=\"auto, (max-width: 300px) 100vw, 300px\" \/><\/a>\u00dclkenin kadim halk\u0131 olan ve \u00fclkeden tehcir edilen Ermenilere ait mezarl\u0131\u011fa &#8220;Korunmas\u0131 gerekli ta\u015f\u0131nmaz k\u00fclt\u00fcr varl\u0131\u011f\u0131&#8221; s\u0131fat\u0131n\u0131 bile \u00e7ok g\u00f6ren Bakanl\u0131k bu yolla An\u0131tkabir&#8217;i de ayn\u0131 kefeye koymu\u015f durumdad\u0131r. Madem \u00fclkede bulunan insan mezarlar\u0131 herhangi bir de\u011fer ta\u015f\u0131m\u0131yor; ve madem Bakanl\u0131k \u00e7ifte standart ve \u00e7eli\u015fki i\u00e7inde de\u011fil; o zaman &#8220;An\u0131tkabir&#8217;in ve di\u011fer t\u00fcm mezarl\u0131klar\u0131n \u00fczerinden duble yollarla ge\u00e7ilmesi farzd\u0131r&#8221; ibareli bir y\u00f6netmelik \u00e7\u0131karmal\u0131d\u0131r.<\/em><\/strong><\/p>\n<p style=\"text-align: justify;\">Temmuz ay\u0131nda Siirt\/Eruh civar\u0131ndaki &#8220;Xert&#8221; k\u00f6y\u00fc civar\u0131nda Karayollar\u0131&#8217;n\u0131n yol yap\u0131m \u00e7al\u0131\u015fmalar\u0131 esnas\u0131nda tahrip edilen ve y\u0131k\u0131lan, insan kemiklerinin bi\u00e7imsiz \u015fekilde etrafa sa\u00e7\u0131ld\u0131\u011f\u0131 Ermeni Mezarl\u0131\u011f\u0131 konusunda yapt\u0131\u011f\u0131m\u0131z <a href=\"http:\/\/www.aykiridogrular.com\/haber-259-Bir-Ermeni-Mezarligi-Daha-Parcalandi.html\" target=\"_blank\">Bir Ermeni Mezarl\u0131\u011f\u0131 Daha Par\u00e7aland\u0131<\/a> haberine istinaden Bakanl\u011fa ba\u011fl\u0131 K\u00fclt\u00fcr Varl\u0131klar\u0131n\u0131 Koruma B\u00f6lge Kurulu taraf\u0131ndan bize g\u00f6nderilen e-posta&#8217;da, tahrip edilen Ermeni Mezarl\u0131\u011f\u0131n\u0131n &#8220;Korunmas\u0131 gerekli ta\u015f\u0131nmaz k\u00fclt\u00fcr varl\u0131\u011f\u0131&#8221; g\u00f6stermedi\u011fi ve bu y\u0131k\u0131m\u0131n K\u00fclt\u00fcr Bakanl\u0131\u011f\u0131&#8217;n\u0131 ilgilendirmedi\u011fini belirten bir cevap geldi.<br \/>\nBu cevapla \u00fclkenin tarihi, k\u00fclt\u00fcrel ve estetik de\u011ferlerine sahip \u00e7\u0131kmas\u0131 gereken Bakanl\u0131k topu adeta taca atm\u0131\u015ft\u0131r. Ayn\u0131 zamanda bu cevab\u0131yla Bakanl\u0131k, \u00fclkenin tarihine, ge\u00e7mi\u015fine, k\u00fclt\u00fcr\u00fcne, \u00f6l\u00fclerine ve onlardan geriye kalanlara en b\u00fcy\u00fck sayg\u0131s\u0131zl\u0131\u011f\u0131 g\u00f6stermi\u015ftir.<br \/>\n\u00dclkenin kadim halk\u0131 olan ve \u00fclkeden tehcir edilen Ermenilere ait mezarl\u0131\u011fa &#8220;Korunmas\u0131 gerekli ta\u015f\u0131nmaz k\u00fclt\u00fcr varl\u0131\u011f\u0131&#8221; s\u0131fat\u0131n\u0131 bile \u00e7ok g\u00f6ren Bakanl\u0131k bu yolla An\u0131tkabir&#8217;i de ayn\u0131 kefeye koymu\u015f durumdad\u0131r. Madem \u00fclkede bulunan insan mezarlar\u0131 herhangi bir de\u011fer ta\u015f\u0131m\u0131yor; ve madem Bakanl\u0131k \u00e7ifte standart ve \u00e7eli\u015fki i\u00e7inde de\u011fil; o zaman &#8220;An\u0131tkabir&#8217;in ve di\u011fer t\u00fcm mezarl\u0131klar\u0131n \u00fczerinden duble yollarla ge\u00e7ilmesi farzd\u0131r&#8221; ibareli bir y\u00f6netmelik \u00e7\u0131karmal\u0131d\u0131r.<br \/>\nHer alanda \u00fclkenin asl\u00ee unsurlar\u0131n\u0131 kendi egemen dayatma k\u00fclt\u00fcr\u00fc i\u00e7erisinde eritme gayretinde olan bu \u00e7eli\u015fkisel yap\u0131 y\u0131\u011f\u0131nlar\u0131 bu t\u00fcr mant\u0131k ve insani tepki fukaras\u0131 kararlar\u0131n\u0131 g\u00f6zden ge\u00e7irmek zorundad\u0131r; ki e\u011fer o \u00e7ok de\u011fersiz g\u00f6rd\u00fckleri mezarlara onurlu bir \u015fekilde girmek istiyorlarsa.<strong><em><\/em><\/strong><\/p>\n<p style=\"text-align: justify;\"><strong><em><a href=\"http:\/\/www.aykiridogrular.com\/haber-972-Bakanliga-gore-yikilan-Ermeni-Mezarliginin-hicbir-degeri-yok.html\">http:\/\/www.aykiridogrular.com\/haber-972-Bakanliga-gore-yikilan-Ermeni-Mezarliginin-hicbir-degeri-yok.html<\/a><\/em><\/strong><\/p>\n","protected":false},"excerpt":{"rendered":"<p>\u00dclkenin kadim halk\u0131 olan ve \u00fclkeden tehcir edilen Ermenilere ait mezarl\u0131\u011fa &#8220;Korunmas\u0131 gerekli ta\u015f\u0131nmaz k\u00fclt\u00fcr varl\u0131\u011f\u0131&#8221; s\u0131fat\u0131n\u0131 bile \u00e7ok g\u00f6ren Bakanl\u0131k bu yolla An\u0131tkabir&#8217;i de ayn\u0131 kefeye koymu\u015f durumdad\u0131r. Madem \u00fclkede bulunan insan mezarlar\u0131 herhangi bir de\u011fer ta\u015f\u0131m\u0131yor; ve madem Bakanl\u0131k \u00e7ifte standart ve \u00e7eli\u015fki i\u00e7inde de\u011fil; o zaman &#8220;An\u0131tkabir&#8217;in ve di\u011fer t\u00fcm mezarl\u0131klar\u0131n \u00fczerinden [&hellip;]<\/p>\n","protected":false},"author":7,"featured_media":0,"comment_status":"open","ping_status":"open","sticky":false,"template":"","format":"standard","meta":{"footnotes":""},"categories":[22,1],"tags":[],"class_list":["post-19612","post","type-post","status-publish","format-standard","hentry","category-gunumuzde-bati-ermenistan","category-haberler"],"yoast_head":"<!-- This site is optimized with the Yoast SEO plugin v27.4 - https:\/\/yoast.com\/product\/yoast-seo-wordpress\/ -->\n<title>Bakanl\u0131\u011fa g\u00f6re y\u0131k\u0131lan Ermeni Mezarl\u0131\u011f\u0131&#039;n\u0131n hi\u00e7bir de\u011feri yok! - Bati Ermenistan Ve Bati Ermenileri Sorunlari Ara\u015ftirmalar Merkezi<\/title>\n<meta name=\"robots\" content=\"index, follow, max-snippet:-1, max-image-preview:large, max-video-preview:-1\" \/>\n<link rel=\"canonical\" href=\"https:\/\/akunq.net\/tr\/?p=19612\" \/>\n<meta property=\"og:locale\" content=\"en_US\" \/>\n<meta property=\"og:type\" content=\"article\" \/>\n<meta property=\"og:title\" content=\"Bakanl\u0131\u011fa g\u00f6re y\u0131k\u0131lan Ermeni Mezarl\u0131\u011f\u0131&#039;n\u0131n hi\u00e7bir de\u011feri yok! - Bati Ermenistan Ve Bati Ermenileri Sorunlari Ara\u015ftirmalar Merkezi\" \/>\n<meta property=\"og:description\" content=\"\u00dclkenin kadim halk\u0131 olan ve \u00fclkeden tehcir edilen Ermenilere ait mezarl\u0131\u011fa &#8220;Korunmas\u0131 gerekli ta\u015f\u0131nmaz k\u00fclt\u00fcr varl\u0131\u011f\u0131&#8221; s\u0131fat\u0131n\u0131 bile \u00e7ok g\u00f6ren Bakanl\u0131k bu yolla An\u0131tkabir&#8217;i de ayn\u0131 kefeye koymu\u015f durumdad\u0131r. Madem \u00fclkede bulunan insan mezarlar\u0131 herhangi bir de\u011fer ta\u015f\u0131m\u0131yor; ve madem Bakanl\u0131k \u00e7ifte standart ve \u00e7eli\u015fki i\u00e7inde de\u011fil; o zaman &#8220;An\u0131tkabir&#8217;in ve di\u011fer t\u00fcm mezarl\u0131klar\u0131n \u00fczerinden [&hellip;]\" \/>\n<meta property=\"og:url\" content=\"https:\/\/akunq.net\/tr\/?p=19612\" \/>\n<meta property=\"og:site_name\" content=\"Bati Ermenistan Ve Bati Ermenileri Sorunlari Ara\u015ftirmalar Merkezi\" \/>\n<meta property=\"article:published_time\" content=\"2012-10-30T09:17:12+00:00\" \/>\n<meta name=\"author\" content=\"admin\" \/>\n<meta name=\"twitter:card\" content=\"summary_large_image\" \/>\n<meta name=\"twitter:label1\" content=\"Written by\" \/>\n\t<meta name=\"twitter:data1\" content=\"admin\" \/>\n\t<meta name=\"twitter:label2\" content=\"Est. reading time\" \/>\n\t<meta name=\"twitter:data2\" content=\"2 minutes\" \/>\n<script type=\"application\/ld+json\" class=\"yoast-schema-graph\">{\"@context\":\"https:\\\/\\\/schema.org\",\"@graph\":[{\"@type\":\"Article\",\"@id\":\"https:\\\/\\\/akunq.net\\\/tr\\\/?p=19612#article\",\"isPartOf\":{\"@id\":\"https:\\\/\\\/akunq.net\\\/tr\\\/?p=19612\"},\"author\":{\"name\":\"admin\",\"@id\":\"https:\\\/\\\/akunq.net\\\/tr\\\/#\\\/schema\\\/person\\\/096f1d38a12cce57fb855b485ed24c9e\"},\"headline\":\"Bakanl\u0131\u011fa g\u00f6re y\u0131k\u0131lan Ermeni Mezarl\u0131\u011f\u0131&#8217;n\u0131n hi\u00e7bir de\u011feri yok!\",\"datePublished\":\"2012-10-30T09:17:12+00:00\",\"mainEntityOfPage\":{\"@id\":\"https:\\\/\\\/akunq.net\\\/tr\\\/?p=19612\"},\"wordCount\":417,\"commentCount\":0,\"articleSection\":[\"G\u00fcn\u00fcm\u00fczde Bat\u0131 Ermenistan\",\"Haberler\"],\"inLanguage\":\"en-US\",\"potentialAction\":[{\"@type\":\"CommentAction\",\"name\":\"Comment\",\"target\":[\"https:\\\/\\\/akunq.net\\\/tr\\\/?p=19612#respond\"]}]},{\"@type\":\"WebPage\",\"@id\":\"https:\\\/\\\/akunq.net\\\/tr\\\/?p=19612\",\"url\":\"https:\\\/\\\/akunq.net\\\/tr\\\/?p=19612\",\"name\":\"Bakanl\u0131\u011fa g\u00f6re y\u0131k\u0131lan Ermeni Mezarl\u0131\u011f\u0131'n\u0131n hi\u00e7bir de\u011feri yok! - Bati Ermenistan Ve Bati Ermenileri Sorunlari Ara\u015ftirmalar Merkezi\",\"isPartOf\":{\"@id\":\"https:\\\/\\\/akunq.net\\\/tr\\\/#website\"},\"datePublished\":\"2012-10-30T09:17:12+00:00\",\"author\":{\"@id\":\"https:\\\/\\\/akunq.net\\\/tr\\\/#\\\/schema\\\/person\\\/096f1d38a12cce57fb855b485ed24c9e\"},\"breadcrumb\":{\"@id\":\"https:\\\/\\\/akunq.net\\\/tr\\\/?p=19612#breadcrumb\"},\"inLanguage\":\"en-US\",\"potentialAction\":[{\"@type\":\"ReadAction\",\"target\":[\"https:\\\/\\\/akunq.net\\\/tr\\\/?p=19612\"]}]},{\"@type\":\"BreadcrumbList\",\"@id\":\"https:\\\/\\\/akunq.net\\\/tr\\\/?p=19612#breadcrumb\",\"itemListElement\":[{\"@type\":\"ListItem\",\"position\":1,\"name\":\"Home\",\"item\":\"https:\\\/\\\/akunq.net\\\/tr\"},{\"@type\":\"ListItem\",\"position\":2,\"name\":\"Bakanl\u0131\u011fa g\u00f6re y\u0131k\u0131lan Ermeni Mezarl\u0131\u011f\u0131&#8217;n\u0131n hi\u00e7bir de\u011feri yok!\"}]},{\"@type\":\"WebSite\",\"@id\":\"https:\\\/\\\/akunq.net\\\/tr\\\/#website\",\"url\":\"https:\\\/\\\/akunq.net\\\/tr\\\/\",\"name\":\"Bati Ermenistan Ve Bati Ermenileri Sorunlari Ara\u015ftirmalar Merkezi\",\"description\":\"\",\"potentialAction\":[{\"@type\":\"SearchAction\",\"target\":{\"@type\":\"EntryPoint\",\"urlTemplate\":\"https:\\\/\\\/akunq.net\\\/tr\\\/?s={search_term_string}\"},\"query-input\":{\"@type\":\"PropertyValueSpecification\",\"valueRequired\":true,\"valueName\":\"search_term_string\"}}],\"inLanguage\":\"en-US\"},{\"@type\":\"Person\",\"@id\":\"https:\\\/\\\/akunq.net\\\/tr\\\/#\\\/schema\\\/person\\\/096f1d38a12cce57fb855b485ed24c9e\",\"name\":\"admin\",\"url\":\"https:\\\/\\\/akunq.net\\\/tr\\\/?author=7\"}]}<\/script>\n<!-- \/ Yoast SEO plugin. -->","yoast_head_json":{"title":"Bakanl\u0131\u011fa g\u00f6re y\u0131k\u0131lan Ermeni Mezarl\u0131\u011f\u0131'n\u0131n hi\u00e7bir de\u011feri yok! - Bati Ermenistan Ve Bati Ermenileri Sorunlari Ara\u015ftirmalar Merkezi","robots":{"index":"index","follow":"follow","max-snippet":"max-snippet:-1","max-image-preview":"max-image-preview:large","max-video-preview":"max-video-preview:-1"},"canonical":"https:\/\/akunq.net\/tr\/?p=19612","og_locale":"en_US","og_type":"article","og_title":"Bakanl\u0131\u011fa g\u00f6re y\u0131k\u0131lan Ermeni Mezarl\u0131\u011f\u0131'n\u0131n hi\u00e7bir de\u011feri yok! - Bati Ermenistan Ve Bati Ermenileri Sorunlari Ara\u015ftirmalar Merkezi","og_description":"\u00dclkenin kadim halk\u0131 olan ve \u00fclkeden tehcir edilen Ermenilere ait mezarl\u0131\u011fa &#8220;Korunmas\u0131 gerekli ta\u015f\u0131nmaz k\u00fclt\u00fcr varl\u0131\u011f\u0131&#8221; s\u0131fat\u0131n\u0131 bile \u00e7ok g\u00f6ren Bakanl\u0131k bu yolla An\u0131tkabir&#8217;i de ayn\u0131 kefeye koymu\u015f durumdad\u0131r. Madem \u00fclkede bulunan insan mezarlar\u0131 herhangi bir de\u011fer ta\u015f\u0131m\u0131yor; ve madem Bakanl\u0131k \u00e7ifte standart ve \u00e7eli\u015fki i\u00e7inde de\u011fil; o zaman &#8220;An\u0131tkabir&#8217;in ve di\u011fer t\u00fcm mezarl\u0131klar\u0131n \u00fczerinden [&hellip;]","og_url":"https:\/\/akunq.net\/tr\/?p=19612","og_site_name":"Bati Ermenistan Ve Bati Ermenileri Sorunlari Ara\u015ftirmalar Merkezi","article_published_time":"2012-10-30T09:17:12+00:00","author":"admin","twitter_card":"summary_large_image","twitter_misc":{"Written by":"admin","Est. reading time":"2 minutes"},"schema":{"@context":"https:\/\/schema.org","@graph":[{"@type":"Article","@id":"https:\/\/akunq.net\/tr\/?p=19612#article","isPartOf":{"@id":"https:\/\/akunq.net\/tr\/?p=19612"},"author":{"name":"admin","@id":"https:\/\/akunq.net\/tr\/#\/schema\/person\/096f1d38a12cce57fb855b485ed24c9e"},"headline":"Bakanl\u0131\u011fa g\u00f6re y\u0131k\u0131lan Ermeni Mezarl\u0131\u011f\u0131&#8217;n\u0131n hi\u00e7bir de\u011feri yok!","datePublished":"2012-10-30T09:17:12+00:00","mainEntityOfPage":{"@id":"https:\/\/akunq.net\/tr\/?p=19612"},"wordCount":417,"commentCount":0,"articleSection":["G\u00fcn\u00fcm\u00fczde Bat\u0131 Ermenistan","Haberler"],"inLanguage":"en-US","potentialAction":[{"@type":"CommentAction","name":"Comment","target":["https:\/\/akunq.net\/tr\/?p=19612#respond"]}]},{"@type":"WebPage","@id":"https:\/\/akunq.net\/tr\/?p=19612","url":"https:\/\/akunq.net\/tr\/?p=19612","name":"Bakanl\u0131\u011fa g\u00f6re y\u0131k\u0131lan Ermeni Mezarl\u0131\u011f\u0131'n\u0131n hi\u00e7bir de\u011feri yok! - Bati Ermenistan Ve Bati Ermenileri Sorunlari Ara\u015ftirmalar Merkezi","isPartOf":{"@id":"https:\/\/akunq.net\/tr\/#website"},"datePublished":"2012-10-30T09:17:12+00:00","author":{"@id":"https:\/\/akunq.net\/tr\/#\/schema\/person\/096f1d38a12cce57fb855b485ed24c9e"},"breadcrumb":{"@id":"https:\/\/akunq.net\/tr\/?p=19612#breadcrumb"},"inLanguage":"en-US","potentialAction":[{"@type":"ReadAction","target":["https:\/\/akunq.net\/tr\/?p=19612"]}]},{"@type":"BreadcrumbList","@id":"https:\/\/akunq.net\/tr\/?p=19612#breadcrumb","itemListElement":[{"@type":"ListItem","position":1,"name":"Home","item":"https:\/\/akunq.net\/tr"},{"@type":"ListItem","position":2,"name":"Bakanl\u0131\u011fa g\u00f6re y\u0131k\u0131lan Ermeni Mezarl\u0131\u011f\u0131&#8217;n\u0131n hi\u00e7bir de\u011feri yok!"}]},{"@type":"WebSite","@id":"https:\/\/akunq.net\/tr\/#website","url":"https:\/\/akunq.net\/tr\/","name":"Bati Ermenistan Ve Bati Ermenileri Sorunlari Ara\u015ftirmalar Merkezi","description":"","potentialAction":[{"@type":"SearchAction","target":{"@type":"EntryPoint","urlTemplate":"https:\/\/akunq.net\/tr\/?s={search_term_string}"},"query-input":{"@type":"PropertyValueSpecification","valueRequired":true,"valueName":"search_term_string"}}],"inLanguage":"en-US"},{"@type":"Person","@id":"https:\/\/akunq.net\/tr\/#\/schema\/person\/096f1d38a12cce57fb855b485ed24c9e","name":"admin","url":"https:\/\/akunq.net\/tr\/?author=7"}]}},"_links":{"self":[{"href":"https:\/\/akunq.net\/tr\/index.php?rest_route=\/wp\/v2\/posts\/19612","targetHints":{"allow":["GET"]}}],"collection":[{"href":"https:\/\/akunq.net\/tr\/index.php?rest_route=\/wp\/v2\/posts"}],"about":[{"href":"https:\/\/akunq.net\/tr\/index.php?rest_route=\/wp\/v2\/types\/post"}],"author":[{"embeddable":true,"href":"https:\/\/akunq.net\/tr\/index.php?rest_route=\/wp\/v2\/users\/7"}],"replies":[{"embeddable":true,"href":"https:\/\/akunq.net\/tr\/index.php?rest_route=%2Fwp%2Fv2%2Fcomments&post=19612"}],"version-history":[{"count":1,"href":"https:\/\/akunq.net\/tr\/index.php?rest_route=\/wp\/v2\/posts\/19612\/revisions"}],"predecessor-version":[{"id":19614,"href":"https:\/\/akunq.net\/tr\/index.php?rest_route=\/wp\/v2\/posts\/19612\/revisions\/19614"}],"wp:attachment":[{"href":"https:\/\/akunq.net\/tr\/index.php?rest_route=%2Fwp%2Fv2%2Fmedia&parent=19612"}],"wp:term":[{"taxonomy":"category","embeddable":true,"href":"https:\/\/akunq.net\/tr\/index.php?rest_route=%2Fwp%2Fv2%2Fcategories&post=19612"},{"taxonomy":"post_tag","embeddable":true,"href":"https:\/\/akunq.net\/tr\/index.php?rest_route=%2Fwp%2Fv2%2Ftags&post=19612"}],"curies":[{"name":"wp","href":"https:\/\/api.w.org\/{rel}","templated":true}]}}