{"id":19575,"date":"2012-10-29T04:08:31","date_gmt":"2012-10-29T09:08:31","guid":{"rendered":"http:\/\/akunq.net\/tr\/?p=19575"},"modified":"2012-10-29T04:08:31","modified_gmt":"2012-10-29T09:08:31","slug":"suriye-ile-ilgili-abd-askeri-yok","status":"publish","type":"post","link":"https:\/\/akunq.net\/tr\/?p=19575","title":{"rendered":"&#8216;Suriye ile ilgili ABD askeri yok&#8217;"},"content":{"rendered":"<p style=\"text-align: justify;\"><strong><em><a href=\"http:\/\/akunq.net\/tr\/?attachment_id=19576\" rel=\"attachment wp-att-19576\"><img loading=\"lazy\" decoding=\"async\" class=\"alignright size-full wp-image-19576\" title=\"\u0539\u0578\u0582\u0580\u0584\u056b\u0561\u0576 \u0570\u0565\u0580\u0584\u0565\u056c \u0567\" src=\"http:\/\/akunq.net\/tr\/wp-content\/uploads\/2012\/10\/\u0539\u0578\u0582\u0580\u0584\u056b\u0561\u0576-\u0570\u0565\u0580\u0584\u0565\u056c-\u0567.jpg\" alt=\"\" width=\"200\" height=\"172\" \/><\/a>General Hertling&#8217;in &#8220;Az say\u0131da personeli k\u0131sa s\u00fcre \u00f6nce T\u00fcrkiye&#8217;ye yollad\u0131k&#8221; s\u00f6zleri \u00fczerine a\u00e7\u0131klama yapan Genelkurmay &#8220;Suriye&#8217;deki geli\u015fmelerle ilgili ABD personeli yok&#8221; dedi.<\/em><\/strong><\/p>\n<p style=\"text-align: justify;\">Genelkurmay Ba\u015fkanl\u0131\u011f\u0131, ABD&#8217;nin Avrupa Kuvvetleri Komutan\u0131 General Mark Hertling&#8217;in &#8220;Avrupa b\u00f6lgesinden \u00e7ok az say\u0131da personeli k\u0131sa s\u00fcre \u00f6nce T\u00fcrkiye&#8217;ye yollad\u0131k. Bunun bir k\u0131sm\u0131 istihbarat payla\u015f\u0131m\u0131 ile ilgili&#8221; s\u00f6zleri hakk\u0131nda a\u00e7\u0131klama yapt\u0131. TSK&#8217;n\u0131n internet sitesinden yap\u0131lan a\u00e7\u0131klamada T\u00fcrkiye&#8217;de Suriye konusunda g\u00f6revlendirilmi\u015f ABD askeri bulunmad\u0131\u011f\u0131 belirtildi. A\u00e7\u0131klamada &#8220;dost ve m\u00fcttefik \u00fclke&#8221; olarak tan\u0131mlanan ABD ile yap\u0131lan 2 anla\u015fma kapsam\u0131nda T\u00fcrkiye&#8217;de asker bulundu\u011fu; ayr\u0131ca b\u00fcy\u00fckel\u00e7ilikteki Savunma Ofisi&#8217;nde \u00e7al\u0131\u015fan askeri personel oldu\u011fu ifade edildi. Genelkurmay Ba\u015fkanl\u0131\u011f\u0131&#8217;n\u0131n a\u00e7\u0131klamas\u0131na g\u00f6re 11 Aral\u0131k 1980&#8217;de imzalanan Savunma ve Ekonomik \u0130\u015fbirli\u011fi Anla\u015fmas\u0131 (SE\u0130A) kapsam\u0131nda Adana \u0130ncirlik \u00dcss\u00fc&#8217;nde, 14 Eyl\u00fcl 2011&#8217;de imzalanan protokole g\u00f6re Malatya K\u00fcrecik&#8217;te ve ABD&#8217;nin Ankara B\u00fcy\u00fckel\u00e7ili\u011fi nezdinde faaliyet g\u00f6steren Savunma \u0130\u015fbirli\u011fi Ofisi Ba\u015fkanl\u0131\u011f\u0131&#8217;nda (ODC) askeri personel g\u00f6rev yap\u0131yor. A\u00e7\u0131klamada, bu \u00fc\u00e7 alandaki personelin d\u0131\u015f\u0131nda, Suriye&#8217;de meydana gelen geli\u015fmeler kapsam\u0131nda T\u00fcrkiye&#8217;de g\u00f6revlendirilen ABD askeri personeli ve birli\u011fi bulunmad\u0131\u011f\u0131 ifade edildi.<br \/>\n<strong><br \/>\nYILMAZ DA YALANLADI <\/strong><\/p>\n<p style=\"text-align: justify;\">Milli Savunma Bakan\u0131 \u0130smet Y\u0131lmaz, Suriye&#8217;de meydana gelen geli\u015fmeler kapsam\u0131nda ABD&#8217;nin T\u00fcrkiye&#8217;ye asker g\u00f6nderdi\u011fi y\u00f6n\u00fcndeki iddialarla ilgili, &#8220;Amerika&#8217;n\u0131n burada ODC dedi\u011fimiz Savunma \u0130\u015fbirli\u011fi Ofisi var. Bunun d\u0131\u015f\u0131nda Amerika&#8217;n\u0131n T\u00fcrkiye&#8217;ye g\u00f6nderilmi\u015f ne bir askeri birli\u011fi vard\u0131r, ne de bir g\u00fcc\u00fc vard\u0131r&#8221; dedi. Sivas&#8217;ta bayramla\u015fma program\u0131na kat\u0131lan Y\u0131lmaz, &#8220;Genelkurmay Ba\u015fkanl\u0131\u011f\u0131 a\u00e7\u0131klama yapt\u0131. T\u00fcrkiye&#8217;de mevcut anla\u015fmalar d\u0131\u015f\u0131nda, \u00f6zellikle de Suriye&#8217;yle ilgili g\u00f6nderilmi\u015f herhangi bir askeri g\u00fcc\u00fc de herhangi bir askeri birli\u011fi de s\u00f6z konusu de\u011fildir&#8221; \u015feklinde konu\u015ftu.<\/p>\n<p><strong>\u0130ran medyas\u0131: S\u0131n\u0131rda CIA ajanlar\u0131 cirit at\u0131yor<\/strong><\/p>\n<p style=\"text-align: justify;\">\u0130ran devlet kanal\u0131 PressTV, ABD&#8217;li tarih\u00e7i ve yazar Webster Griffin Tarpley&#8217;in &#8220;ABD&#8217;nin aylarca aktif bi\u00e7imde silah g\u00f6nderdi\u011fini, silahlar\u0131n \u0130ncirlik \u00dcss\u00fc \u00fczerinden&#8221; geldi\u011fini savunurken sarf etti\u011fi &#8220;S\u0131n\u0131ra yak\u0131n b\u00f6lgede de trafik polisi gibi faaliyet g\u00f6steren ABD&#8217;li CIA \u00f6zel kuvvetleri ve di\u011fer g\u00f6revlilerimiz var&#8221; y\u00f6n\u00fcndeki savlar\u0131n\u0131 da aktard\u0131. Tarpley, Suriye&#8217;de ate\u015fkesin imkans\u0131z oldu\u011funu savundu\u011fu de\u011ferlendirmelerinde ABD&#8217;nin Suriyeli muhalefete silah g\u00f6nderdi\u011fini &#8220;aylarca&#8221; bildiklerini s\u00f6yledikten sonra \u015fu iddialarda bulundu: &#8220;Silahlar, NATO&#8217;nun T\u00fcrkiye&#8217;deki \u0130ncirlik \u00dcss\u00fc \u00fczerinden geliyor, s\u0131n\u0131ra yak\u0131n b\u00f6lgede de trafik polisi gibi faaliyet g\u00f6steren ABD&#8217;li CIA \u00f6zel kuvvetleri ve di\u011fer g\u00f6revlilerimiz var. Bunun da, silahlar\u0131 demokrakle\u015fmi\u015f muhalefet g\u00fc\u00e7lerine iletebilmek i\u00e7in oldu\u011funu s\u00f6yl\u00fcyorlar. Bu (demokratikle\u015fmi\u015f) g\u00fc\u00e7lerin var oldu\u011funu sanm\u0131yorum. Silahlar\u0131 El Kaide&#8217;nin en agresif unsurlar\u0131na verdiklerini d\u00fc\u015f\u00fcn\u00fcyorum \u00e7\u00fcnk\u00fc bunlar elbette ki Suriye&#8217;de faaliyet g\u00f6steriyor.&#8221;<\/p>\n<p style=\"text-align: justify;\"><strong><em>http:\/\/www.sabah.com.tr\/Gundem\/2012\/10\/28\/suriye-ile-ilgili-abd-askeri-yok<\/em><\/strong><\/p>\n","protected":false},"excerpt":{"rendered":"<p>General Hertling&#8217;in &#8220;Az say\u0131da personeli k\u0131sa s\u00fcre \u00f6nce T\u00fcrkiye&#8217;ye yollad\u0131k&#8221; s\u00f6zleri \u00fczerine a\u00e7\u0131klama yapan Genelkurmay &#8220;Suriye&#8217;deki geli\u015fmelerle ilgili ABD personeli yok&#8221; dedi. Genelkurmay Ba\u015fkanl\u0131\u011f\u0131, ABD&#8217;nin Avrupa Kuvvetleri Komutan\u0131 General Mark Hertling&#8217;in &#8220;Avrupa b\u00f6lgesinden \u00e7ok az say\u0131da personeli k\u0131sa s\u00fcre \u00f6nce T\u00fcrkiye&#8217;ye yollad\u0131k. Bunun bir k\u0131sm\u0131 istihbarat payla\u015f\u0131m\u0131 ile ilgili&#8221; s\u00f6zleri hakk\u0131nda a\u00e7\u0131klama yapt\u0131. TSK&#8217;n\u0131n internet [&hellip;]<\/p>\n","protected":false},"author":7,"featured_media":19576,"comment_status":"open","ping_status":"open","sticky":false,"template":"","format":"standard","meta":{"footnotes":""},"categories":[22,1],"tags":[],"class_list":["post-19575","post","type-post","status-publish","format-standard","has-post-thumbnail","hentry","category-gunumuzde-bati-ermenistan","category-haberler"],"yoast_head":"<!-- This site is optimized with the Yoast SEO plugin v27.4 - https:\/\/yoast.com\/product\/yoast-seo-wordpress\/ -->\n<title>&#039;Suriye ile ilgili ABD askeri yok&#039; - Bati Ermenistan Ve Bati Ermenileri Sorunlari Ara\u015ftirmalar Merkezi<\/title>\n<meta name=\"robots\" content=\"index, follow, max-snippet:-1, max-image-preview:large, max-video-preview:-1\" \/>\n<link rel=\"canonical\" href=\"https:\/\/akunq.net\/tr\/?p=19575\" \/>\n<meta property=\"og:locale\" content=\"en_US\" \/>\n<meta property=\"og:type\" content=\"article\" \/>\n<meta property=\"og:title\" content=\"&#039;Suriye ile ilgili ABD askeri yok&#039; - Bati Ermenistan Ve Bati Ermenileri Sorunlari Ara\u015ftirmalar Merkezi\" \/>\n<meta property=\"og:description\" content=\"General Hertling&#8217;in &#8220;Az say\u0131da personeli k\u0131sa s\u00fcre \u00f6nce T\u00fcrkiye&#8217;ye yollad\u0131k&#8221; s\u00f6zleri \u00fczerine a\u00e7\u0131klama yapan Genelkurmay &#8220;Suriye&#8217;deki geli\u015fmelerle ilgili ABD personeli yok&#8221; dedi. Genelkurmay Ba\u015fkanl\u0131\u011f\u0131, ABD&#8217;nin Avrupa Kuvvetleri Komutan\u0131 General Mark Hertling&#8217;in &#8220;Avrupa b\u00f6lgesinden \u00e7ok az say\u0131da personeli k\u0131sa s\u00fcre \u00f6nce T\u00fcrkiye&#8217;ye yollad\u0131k. Bunun bir k\u0131sm\u0131 istihbarat payla\u015f\u0131m\u0131 ile ilgili&#8221; s\u00f6zleri hakk\u0131nda a\u00e7\u0131klama yapt\u0131. TSK&#8217;n\u0131n internet [&hellip;]\" \/>\n<meta property=\"og:url\" content=\"https:\/\/akunq.net\/tr\/?p=19575\" \/>\n<meta property=\"og:site_name\" content=\"Bati Ermenistan Ve Bati Ermenileri Sorunlari Ara\u015ftirmalar Merkezi\" \/>\n<meta property=\"article:published_time\" content=\"2012-10-29T09:08:31+00:00\" \/>\n<meta property=\"og:image\" content=\"https:\/\/akunq.net\/tr\/wp-content\/uploads\/sites\/6\/2012\/10\/\u0539\u0578\u0582\u0580\u0584\u056b\u0561\u0576-\u0570\u0565\u0580\u0584\u0565\u056c-\u0567.jpg\" \/>\n\t<meta property=\"og:image:width\" content=\"200\" \/>\n\t<meta property=\"og:image:height\" content=\"172\" \/>\n\t<meta property=\"og:image:type\" content=\"image\/jpeg\" \/>\n<meta name=\"author\" content=\"admin\" \/>\n<meta name=\"twitter:card\" content=\"summary_large_image\" \/>\n<meta name=\"twitter:label1\" content=\"Written by\" \/>\n\t<meta name=\"twitter:data1\" content=\"admin\" \/>\n\t<meta name=\"twitter:label2\" content=\"Est. reading time\" \/>\n\t<meta name=\"twitter:data2\" content=\"3 minutes\" \/>\n<script type=\"application\/ld+json\" class=\"yoast-schema-graph\">{\"@context\":\"https:\\\/\\\/schema.org\",\"@graph\":[{\"@type\":\"Article\",\"@id\":\"https:\\\/\\\/akunq.net\\\/tr\\\/?p=19575#article\",\"isPartOf\":{\"@id\":\"https:\\\/\\\/akunq.net\\\/tr\\\/?p=19575\"},\"author\":{\"name\":\"admin\",\"@id\":\"https:\\\/\\\/akunq.net\\\/tr\\\/#\\\/schema\\\/person\\\/096f1d38a12cce57fb855b485ed24c9e\"},\"headline\":\"&#8216;Suriye ile ilgili ABD askeri yok&#8217;\",\"datePublished\":\"2012-10-29T09:08:31+00:00\",\"mainEntityOfPage\":{\"@id\":\"https:\\\/\\\/akunq.net\\\/tr\\\/?p=19575\"},\"wordCount\":523,\"commentCount\":0,\"image\":{\"@id\":\"https:\\\/\\\/akunq.net\\\/tr\\\/?p=19575#primaryimage\"},\"thumbnailUrl\":\"https:\\\/\\\/akunq.net\\\/tr\\\/wp-content\\\/uploads\\\/sites\\\/6\\\/2012\\\/10\\\/\u0539\u0578\u0582\u0580\u0584\u056b\u0561\u0576-\u0570\u0565\u0580\u0584\u0565\u056c-\u0567.jpg\",\"articleSection\":[\"G\u00fcn\u00fcm\u00fczde Bat\u0131 Ermenistan\",\"Haberler\"],\"inLanguage\":\"en-US\",\"potentialAction\":[{\"@type\":\"CommentAction\",\"name\":\"Comment\",\"target\":[\"https:\\\/\\\/akunq.net\\\/tr\\\/?p=19575#respond\"]}]},{\"@type\":\"WebPage\",\"@id\":\"https:\\\/\\\/akunq.net\\\/tr\\\/?p=19575\",\"url\":\"https:\\\/\\\/akunq.net\\\/tr\\\/?p=19575\",\"name\":\"'Suriye ile ilgili ABD askeri yok' - Bati Ermenistan Ve Bati Ermenileri Sorunlari Ara\u015ftirmalar Merkezi\",\"isPartOf\":{\"@id\":\"https:\\\/\\\/akunq.net\\\/tr\\\/#website\"},\"primaryImageOfPage\":{\"@id\":\"https:\\\/\\\/akunq.net\\\/tr\\\/?p=19575#primaryimage\"},\"image\":{\"@id\":\"https:\\\/\\\/akunq.net\\\/tr\\\/?p=19575#primaryimage\"},\"thumbnailUrl\":\"https:\\\/\\\/akunq.net\\\/tr\\\/wp-content\\\/uploads\\\/sites\\\/6\\\/2012\\\/10\\\/\u0539\u0578\u0582\u0580\u0584\u056b\u0561\u0576-\u0570\u0565\u0580\u0584\u0565\u056c-\u0567.jpg\",\"datePublished\":\"2012-10-29T09:08:31+00:00\",\"author\":{\"@id\":\"https:\\\/\\\/akunq.net\\\/tr\\\/#\\\/schema\\\/person\\\/096f1d38a12cce57fb855b485ed24c9e\"},\"breadcrumb\":{\"@id\":\"https:\\\/\\\/akunq.net\\\/tr\\\/?p=19575#breadcrumb\"},\"inLanguage\":\"en-US\",\"potentialAction\":[{\"@type\":\"ReadAction\",\"target\":[\"https:\\\/\\\/akunq.net\\\/tr\\\/?p=19575\"]}]},{\"@type\":\"ImageObject\",\"inLanguage\":\"en-US\",\"@id\":\"https:\\\/\\\/akunq.net\\\/tr\\\/?p=19575#primaryimage\",\"url\":\"https:\\\/\\\/akunq.net\\\/tr\\\/wp-content\\\/uploads\\\/sites\\\/6\\\/2012\\\/10\\\/\u0539\u0578\u0582\u0580\u0584\u056b\u0561\u0576-\u0570\u0565\u0580\u0584\u0565\u056c-\u0567.jpg\",\"contentUrl\":\"https:\\\/\\\/akunq.net\\\/tr\\\/wp-content\\\/uploads\\\/sites\\\/6\\\/2012\\\/10\\\/\u0539\u0578\u0582\u0580\u0584\u056b\u0561\u0576-\u0570\u0565\u0580\u0584\u0565\u056c-\u0567.jpg\",\"width\":\"200\",\"height\":\"172\"},{\"@type\":\"BreadcrumbList\",\"@id\":\"https:\\\/\\\/akunq.net\\\/tr\\\/?p=19575#breadcrumb\",\"itemListElement\":[{\"@type\":\"ListItem\",\"position\":1,\"name\":\"Home\",\"item\":\"https:\\\/\\\/akunq.net\\\/tr\"},{\"@type\":\"ListItem\",\"position\":2,\"name\":\"&#8216;Suriye ile ilgili ABD askeri yok&#8217;\"}]},{\"@type\":\"WebSite\",\"@id\":\"https:\\\/\\\/akunq.net\\\/tr\\\/#website\",\"url\":\"https:\\\/\\\/akunq.net\\\/tr\\\/\",\"name\":\"Bati Ermenistan Ve Bati Ermenileri Sorunlari Ara\u015ftirmalar Merkezi\",\"description\":\"\",\"potentialAction\":[{\"@type\":\"SearchAction\",\"target\":{\"@type\":\"EntryPoint\",\"urlTemplate\":\"https:\\\/\\\/akunq.net\\\/tr\\\/?s={search_term_string}\"},\"query-input\":{\"@type\":\"PropertyValueSpecification\",\"valueRequired\":true,\"valueName\":\"search_term_string\"}}],\"inLanguage\":\"en-US\"},{\"@type\":\"Person\",\"@id\":\"https:\\\/\\\/akunq.net\\\/tr\\\/#\\\/schema\\\/person\\\/096f1d38a12cce57fb855b485ed24c9e\",\"name\":\"admin\",\"url\":\"https:\\\/\\\/akunq.net\\\/tr\\\/?author=7\"}]}<\/script>\n<!-- \/ Yoast SEO plugin. -->","yoast_head_json":{"title":"'Suriye ile ilgili ABD askeri yok' - Bati Ermenistan Ve Bati Ermenileri Sorunlari Ara\u015ftirmalar Merkezi","robots":{"index":"index","follow":"follow","max-snippet":"max-snippet:-1","max-image-preview":"max-image-preview:large","max-video-preview":"max-video-preview:-1"},"canonical":"https:\/\/akunq.net\/tr\/?p=19575","og_locale":"en_US","og_type":"article","og_title":"'Suriye ile ilgili ABD askeri yok' - Bati Ermenistan Ve Bati Ermenileri Sorunlari Ara\u015ftirmalar Merkezi","og_description":"General Hertling&#8217;in &#8220;Az say\u0131da personeli k\u0131sa s\u00fcre \u00f6nce T\u00fcrkiye&#8217;ye yollad\u0131k&#8221; s\u00f6zleri \u00fczerine a\u00e7\u0131klama yapan Genelkurmay &#8220;Suriye&#8217;deki geli\u015fmelerle ilgili ABD personeli yok&#8221; dedi. Genelkurmay Ba\u015fkanl\u0131\u011f\u0131, ABD&#8217;nin Avrupa Kuvvetleri Komutan\u0131 General Mark Hertling&#8217;in &#8220;Avrupa b\u00f6lgesinden \u00e7ok az say\u0131da personeli k\u0131sa s\u00fcre \u00f6nce T\u00fcrkiye&#8217;ye yollad\u0131k. Bunun bir k\u0131sm\u0131 istihbarat payla\u015f\u0131m\u0131 ile ilgili&#8221; s\u00f6zleri hakk\u0131nda a\u00e7\u0131klama yapt\u0131. TSK&#8217;n\u0131n internet [&hellip;]","og_url":"https:\/\/akunq.net\/tr\/?p=19575","og_site_name":"Bati Ermenistan Ve Bati Ermenileri Sorunlari Ara\u015ftirmalar Merkezi","article_published_time":"2012-10-29T09:08:31+00:00","og_image":[{"width":200,"height":172,"url":"https:\/\/akunq.net\/tr\/wp-content\/uploads\/sites\/6\/2012\/10\/\u0539\u0578\u0582\u0580\u0584\u056b\u0561\u0576-\u0570\u0565\u0580\u0584\u0565\u056c-\u0567.jpg","type":"image\/jpeg"}],"author":"admin","twitter_card":"summary_large_image","twitter_misc":{"Written by":"admin","Est. reading time":"3 minutes"},"schema":{"@context":"https:\/\/schema.org","@graph":[{"@type":"Article","@id":"https:\/\/akunq.net\/tr\/?p=19575#article","isPartOf":{"@id":"https:\/\/akunq.net\/tr\/?p=19575"},"author":{"name":"admin","@id":"https:\/\/akunq.net\/tr\/#\/schema\/person\/096f1d38a12cce57fb855b485ed24c9e"},"headline":"&#8216;Suriye ile ilgili ABD askeri yok&#8217;","datePublished":"2012-10-29T09:08:31+00:00","mainEntityOfPage":{"@id":"https:\/\/akunq.net\/tr\/?p=19575"},"wordCount":523,"commentCount":0,"image":{"@id":"https:\/\/akunq.net\/tr\/?p=19575#primaryimage"},"thumbnailUrl":"https:\/\/akunq.net\/tr\/wp-content\/uploads\/sites\/6\/2012\/10\/\u0539\u0578\u0582\u0580\u0584\u056b\u0561\u0576-\u0570\u0565\u0580\u0584\u0565\u056c-\u0567.jpg","articleSection":["G\u00fcn\u00fcm\u00fczde Bat\u0131 Ermenistan","Haberler"],"inLanguage":"en-US","potentialAction":[{"@type":"CommentAction","name":"Comment","target":["https:\/\/akunq.net\/tr\/?p=19575#respond"]}]},{"@type":"WebPage","@id":"https:\/\/akunq.net\/tr\/?p=19575","url":"https:\/\/akunq.net\/tr\/?p=19575","name":"'Suriye ile ilgili ABD askeri yok' - Bati Ermenistan Ve Bati Ermenileri Sorunlari Ara\u015ftirmalar Merkezi","isPartOf":{"@id":"https:\/\/akunq.net\/tr\/#website"},"primaryImageOfPage":{"@id":"https:\/\/akunq.net\/tr\/?p=19575#primaryimage"},"image":{"@id":"https:\/\/akunq.net\/tr\/?p=19575#primaryimage"},"thumbnailUrl":"https:\/\/akunq.net\/tr\/wp-content\/uploads\/sites\/6\/2012\/10\/\u0539\u0578\u0582\u0580\u0584\u056b\u0561\u0576-\u0570\u0565\u0580\u0584\u0565\u056c-\u0567.jpg","datePublished":"2012-10-29T09:08:31+00:00","author":{"@id":"https:\/\/akunq.net\/tr\/#\/schema\/person\/096f1d38a12cce57fb855b485ed24c9e"},"breadcrumb":{"@id":"https:\/\/akunq.net\/tr\/?p=19575#breadcrumb"},"inLanguage":"en-US","potentialAction":[{"@type":"ReadAction","target":["https:\/\/akunq.net\/tr\/?p=19575"]}]},{"@type":"ImageObject","inLanguage":"en-US","@id":"https:\/\/akunq.net\/tr\/?p=19575#primaryimage","url":"https:\/\/akunq.net\/tr\/wp-content\/uploads\/sites\/6\/2012\/10\/\u0539\u0578\u0582\u0580\u0584\u056b\u0561\u0576-\u0570\u0565\u0580\u0584\u0565\u056c-\u0567.jpg","contentUrl":"https:\/\/akunq.net\/tr\/wp-content\/uploads\/sites\/6\/2012\/10\/\u0539\u0578\u0582\u0580\u0584\u056b\u0561\u0576-\u0570\u0565\u0580\u0584\u0565\u056c-\u0567.jpg","width":"200","height":"172"},{"@type":"BreadcrumbList","@id":"https:\/\/akunq.net\/tr\/?p=19575#breadcrumb","itemListElement":[{"@type":"ListItem","position":1,"name":"Home","item":"https:\/\/akunq.net\/tr"},{"@type":"ListItem","position":2,"name":"&#8216;Suriye ile ilgili ABD askeri yok&#8217;"}]},{"@type":"WebSite","@id":"https:\/\/akunq.net\/tr\/#website","url":"https:\/\/akunq.net\/tr\/","name":"Bati Ermenistan Ve Bati Ermenileri Sorunlari Ara\u015ftirmalar Merkezi","description":"","potentialAction":[{"@type":"SearchAction","target":{"@type":"EntryPoint","urlTemplate":"https:\/\/akunq.net\/tr\/?s={search_term_string}"},"query-input":{"@type":"PropertyValueSpecification","valueRequired":true,"valueName":"search_term_string"}}],"inLanguage":"en-US"},{"@type":"Person","@id":"https:\/\/akunq.net\/tr\/#\/schema\/person\/096f1d38a12cce57fb855b485ed24c9e","name":"admin","url":"https:\/\/akunq.net\/tr\/?author=7"}]}},"_links":{"self":[{"href":"https:\/\/akunq.net\/tr\/index.php?rest_route=\/wp\/v2\/posts\/19575","targetHints":{"allow":["GET"]}}],"collection":[{"href":"https:\/\/akunq.net\/tr\/index.php?rest_route=\/wp\/v2\/posts"}],"about":[{"href":"https:\/\/akunq.net\/tr\/index.php?rest_route=\/wp\/v2\/types\/post"}],"author":[{"embeddable":true,"href":"https:\/\/akunq.net\/tr\/index.php?rest_route=\/wp\/v2\/users\/7"}],"replies":[{"embeddable":true,"href":"https:\/\/akunq.net\/tr\/index.php?rest_route=%2Fwp%2Fv2%2Fcomments&post=19575"}],"version-history":[{"count":2,"href":"https:\/\/akunq.net\/tr\/index.php?rest_route=\/wp\/v2\/posts\/19575\/revisions"}],"predecessor-version":[{"id":19578,"href":"https:\/\/akunq.net\/tr\/index.php?rest_route=\/wp\/v2\/posts\/19575\/revisions\/19578"}],"wp:featuredmedia":[{"embeddable":true,"href":"https:\/\/akunq.net\/tr\/index.php?rest_route=\/wp\/v2\/media\/19576"}],"wp:attachment":[{"href":"https:\/\/akunq.net\/tr\/index.php?rest_route=%2Fwp%2Fv2%2Fmedia&parent=19575"}],"wp:term":[{"taxonomy":"category","embeddable":true,"href":"https:\/\/akunq.net\/tr\/index.php?rest_route=%2Fwp%2Fv2%2Fcategories&post=19575"},{"taxonomy":"post_tag","embeddable":true,"href":"https:\/\/akunq.net\/tr\/index.php?rest_route=%2Fwp%2Fv2%2Ftags&post=19575"}],"curies":[{"name":"wp","href":"https:\/\/api.w.org\/{rel}","templated":true}]}}