{"id":18788,"date":"2012-10-03T01:42:26","date_gmt":"2012-10-03T06:42:26","guid":{"rendered":"http:\/\/akunq.net\/tr\/?p=18788"},"modified":"2012-10-03T01:42:26","modified_gmt":"2012-10-03T06:42:26","slug":"turkiyenin-tek-ermeni-koyune-vakifevi-yapiliyor","status":"publish","type":"post","link":"https:\/\/akunq.net\/tr\/?p=18788","title":{"rendered":"T\u00fcrkiye&#8217;nin Tek Ermeni K\u00f6y\u00fcne &#8216;Vak\u0131fevi&#8217; Yap\u0131l\u0131yor"},"content":{"rendered":"<p style=\"text-align: justify;\"><em><strong><a href=\"http:\/\/akunq.net\/tr\/?attachment_id=18789\" rel=\"attachment wp-att-18789\"><img loading=\"lazy\" decoding=\"async\" class=\"alignright size-medium wp-image-18789\" title=\"Vak\u0131fl\u0131\" src=\"http:\/\/akunq.net\/tr\/wp-content\/uploads\/2012\/10\/Vak\u0131fl\u0131-300x199.jpg\" alt=\"\" width=\"300\" height=\"199\" srcset=\"https:\/\/akunq.net\/tr\/wp-content\/uploads\/sites\/6\/2012\/10\/Vak\u0131fl\u0131-300x199.jpg 300w, https:\/\/akunq.net\/tr\/wp-content\/uploads\/sites\/6\/2012\/10\/Vak\u0131fl\u0131.jpg 400w\" sizes=\"auto, (max-width: 300px) 100vw, 300px\" \/><\/a>T\u00fcrkiye&#8217;nin tek Ermeni k\u00f6y\u00fc olma \u00f6zelli\u011fini ta\u015f\u0131yan Hatay&#8217;\u0131n Samanda\u011f il\u00e7esine ba\u011fl\u0131 Vak\u0131fl\u0131&#8217;da bulunan tescilli tarihi binada restorasyon \u00e7al\u0131\u015fmalar\u0131 ba\u015flad\u0131.<\/strong><\/em><br \/>\nT\u00fcrkiye&#8217;nin tek Ermeni k\u00f6y\u00fc olma \u00f6zelli\u011fini ta\u015f\u0131yan Hatay&#8217;\u0131n Samanda\u011f il\u00e7esine ba\u011fl\u0131 Vak\u0131fl\u0131&#8217;da bulunan tescilli tarihi binada restorasyon \u00e7al\u0131\u015fmalar\u0131 ba\u015flad\u0131. M\u00fclkiyeti Vak\u0131flar Genel M\u00fcd\u00fcrl\u00fc\u011f\u00fcne ait olan tarihi Vak\u0131fevi&#8217;nin restorasyonunun maliyetinin y\u00fczde 75&#8217;i kalk\u0131nma ajans\u0131 geri kalan\u0131 ise il \u00f6zel idaresi taraf\u0131nda kar\u015f\u0131lanacak. Samanda\u011f Kaymakaml\u0131\u011f\u0131 taraf\u0131ndan haz\u0131rlanan &#8216;Turizm Alt Yap\u0131s\u0131n\u0131 \u0130yile\u015ftirme Projesi&#8217; kapsam\u0131nda Do\u011fu Akdeniz Kalk\u0131nma Ajans\u0131&#8217;na sunulan Vak\u0131fevi Projesi kapsam\u0131nda onar\u0131lacak bina, ziyaret\u00e7ilerin taleplerine uygun konaklama, dinlenme, yeme ve i\u00e7me gibi ihtiya\u00e7lar\u0131n\u0131 kar\u015f\u0131lamak \u00fczere restore edilecek. Yap\u0131lan \u00e7al\u0131\u015fmalar\u0131n ard\u0131ndan 4 odal\u0131 pansiyon, restoran ve kafeteryadan olu\u015facak Vak\u0131fevi, proje tamamland\u0131\u011f\u0131nda k\u00f6y t\u00fczel ki\u015fili\u011fine teslim edilecek. Yap\u0131lan restorasyonla ilgili bilgi veren Samanda\u011f Kaymakam\u0131 S\u00fcleyman \u00d6z\u00e7ak\u0131c\u0131, projenin aks \u00fczerinde yap\u0131m\u0131 s\u00fcren Defne Yolu ile birlikte \u00f6nemli bir cazibe merkezi haline gelece\u011fini s\u00f6yledi. T\u00fcrkiye&#8217;nin tek Ermeni k\u00f6y\u00fc olma \u00f6zelli\u011fini ta\u015f\u0131yan Vak\u0131fl\u0131&#8217;da \u00f6nemli bir eksi\u011fin tamamlanaca\u011f\u0131n\u0131 ifade eden Kaymakam \u00c7ak\u0131c\u0131, Vak\u0131fevi&#8217;ndeki \u00e7al\u0131\u015fmalar\u0131 iki ay gibi k\u0131sa bir s\u00fcrede tamamlamay\u0131 d\u00fc\u015f\u00fcnd\u00fcklerini kaydetti.<br \/>\n<em><strong>Cihan Haber Ajans\u0131<\/strong><\/em><\/p>\n","protected":false},"excerpt":{"rendered":"<p>T\u00fcrkiye&#8217;nin tek Ermeni k\u00f6y\u00fc olma \u00f6zelli\u011fini ta\u015f\u0131yan Hatay&#8217;\u0131n Samanda\u011f il\u00e7esine ba\u011fl\u0131 Vak\u0131fl\u0131&#8217;da bulunan tescilli tarihi binada restorasyon \u00e7al\u0131\u015fmalar\u0131 ba\u015flad\u0131. T\u00fcrkiye&#8217;nin tek Ermeni k\u00f6y\u00fc olma \u00f6zelli\u011fini ta\u015f\u0131yan Hatay&#8217;\u0131n Samanda\u011f il\u00e7esine ba\u011fl\u0131 Vak\u0131fl\u0131&#8217;da bulunan tescilli tarihi binada restorasyon \u00e7al\u0131\u015fmalar\u0131 ba\u015flad\u0131. M\u00fclkiyeti Vak\u0131flar Genel M\u00fcd\u00fcrl\u00fc\u011f\u00fcne ait olan tarihi Vak\u0131fevi&#8217;nin restorasyonunun maliyetinin y\u00fczde 75&#8217;i kalk\u0131nma ajans\u0131 geri kalan\u0131 ise [&hellip;]<\/p>\n","protected":false},"author":7,"featured_media":0,"comment_status":"open","ping_status":"open","sticky":false,"template":"","format":"standard","meta":{"footnotes":""},"categories":[22,1],"tags":[],"class_list":["post-18788","post","type-post","status-publish","format-standard","hentry","category-gunumuzde-bati-ermenistan","category-haberler"],"yoast_head":"<!-- This site is optimized with the Yoast SEO plugin v27.4 - https:\/\/yoast.com\/product\/yoast-seo-wordpress\/ -->\n<title>T\u00fcrkiye&#039;nin Tek Ermeni K\u00f6y\u00fcne &#039;Vak\u0131fevi&#039; Yap\u0131l\u0131yor - Bati Ermenistan Ve Bati Ermenileri Sorunlari Ara\u015ftirmalar Merkezi<\/title>\n<meta name=\"robots\" content=\"index, follow, max-snippet:-1, max-image-preview:large, max-video-preview:-1\" \/>\n<link rel=\"canonical\" href=\"https:\/\/akunq.net\/tr\/?p=18788\" \/>\n<meta property=\"og:locale\" content=\"en_US\" \/>\n<meta property=\"og:type\" content=\"article\" \/>\n<meta property=\"og:title\" content=\"T\u00fcrkiye&#039;nin Tek Ermeni K\u00f6y\u00fcne &#039;Vak\u0131fevi&#039; Yap\u0131l\u0131yor - Bati Ermenistan Ve Bati Ermenileri Sorunlari Ara\u015ftirmalar Merkezi\" \/>\n<meta property=\"og:description\" content=\"T\u00fcrkiye&#8217;nin tek Ermeni k\u00f6y\u00fc olma \u00f6zelli\u011fini ta\u015f\u0131yan Hatay&#8217;\u0131n Samanda\u011f il\u00e7esine ba\u011fl\u0131 Vak\u0131fl\u0131&#8217;da bulunan tescilli tarihi binada restorasyon \u00e7al\u0131\u015fmalar\u0131 ba\u015flad\u0131. T\u00fcrkiye&#8217;nin tek Ermeni k\u00f6y\u00fc olma \u00f6zelli\u011fini ta\u015f\u0131yan Hatay&#8217;\u0131n Samanda\u011f il\u00e7esine ba\u011fl\u0131 Vak\u0131fl\u0131&#8217;da bulunan tescilli tarihi binada restorasyon \u00e7al\u0131\u015fmalar\u0131 ba\u015flad\u0131. M\u00fclkiyeti Vak\u0131flar Genel M\u00fcd\u00fcrl\u00fc\u011f\u00fcne ait olan tarihi Vak\u0131fevi&#8217;nin restorasyonunun maliyetinin y\u00fczde 75&#8217;i kalk\u0131nma ajans\u0131 geri kalan\u0131 ise [&hellip;]\" \/>\n<meta property=\"og:url\" content=\"https:\/\/akunq.net\/tr\/?p=18788\" \/>\n<meta property=\"og:site_name\" content=\"Bati Ermenistan Ve Bati Ermenileri Sorunlari Ara\u015ftirmalar Merkezi\" \/>\n<meta property=\"article:published_time\" content=\"2012-10-03T06:42:26+00:00\" \/>\n<meta name=\"author\" content=\"admin\" \/>\n<meta name=\"twitter:card\" content=\"summary_large_image\" \/>\n<meta name=\"twitter:label1\" content=\"Written by\" \/>\n\t<meta name=\"twitter:data1\" content=\"admin\" \/>\n\t<meta name=\"twitter:label2\" content=\"Est. reading time\" \/>\n\t<meta name=\"twitter:data2\" content=\"1 minute\" \/>\n<script type=\"application\/ld+json\" class=\"yoast-schema-graph\">{\"@context\":\"https:\\\/\\\/schema.org\",\"@graph\":[{\"@type\":\"Article\",\"@id\":\"https:\\\/\\\/akunq.net\\\/tr\\\/?p=18788#article\",\"isPartOf\":{\"@id\":\"https:\\\/\\\/akunq.net\\\/tr\\\/?p=18788\"},\"author\":{\"name\":\"admin\",\"@id\":\"https:\\\/\\\/akunq.net\\\/tr\\\/#\\\/schema\\\/person\\\/096f1d38a12cce57fb855b485ed24c9e\"},\"headline\":\"T\u00fcrkiye&#8217;nin Tek Ermeni K\u00f6y\u00fcne &#8216;Vak\u0131fevi&#8217; Yap\u0131l\u0131yor\",\"datePublished\":\"2012-10-03T06:42:26+00:00\",\"mainEntityOfPage\":{\"@id\":\"https:\\\/\\\/akunq.net\\\/tr\\\/?p=18788\"},\"wordCount\":261,\"commentCount\":0,\"articleSection\":[\"G\u00fcn\u00fcm\u00fczde Bat\u0131 Ermenistan\",\"Haberler\"],\"inLanguage\":\"en-US\",\"potentialAction\":[{\"@type\":\"CommentAction\",\"name\":\"Comment\",\"target\":[\"https:\\\/\\\/akunq.net\\\/tr\\\/?p=18788#respond\"]}]},{\"@type\":\"WebPage\",\"@id\":\"https:\\\/\\\/akunq.net\\\/tr\\\/?p=18788\",\"url\":\"https:\\\/\\\/akunq.net\\\/tr\\\/?p=18788\",\"name\":\"T\u00fcrkiye'nin Tek Ermeni K\u00f6y\u00fcne 'Vak\u0131fevi' Yap\u0131l\u0131yor - Bati Ermenistan Ve Bati Ermenileri Sorunlari Ara\u015ftirmalar Merkezi\",\"isPartOf\":{\"@id\":\"https:\\\/\\\/akunq.net\\\/tr\\\/#website\"},\"datePublished\":\"2012-10-03T06:42:26+00:00\",\"author\":{\"@id\":\"https:\\\/\\\/akunq.net\\\/tr\\\/#\\\/schema\\\/person\\\/096f1d38a12cce57fb855b485ed24c9e\"},\"breadcrumb\":{\"@id\":\"https:\\\/\\\/akunq.net\\\/tr\\\/?p=18788#breadcrumb\"},\"inLanguage\":\"en-US\",\"potentialAction\":[{\"@type\":\"ReadAction\",\"target\":[\"https:\\\/\\\/akunq.net\\\/tr\\\/?p=18788\"]}]},{\"@type\":\"BreadcrumbList\",\"@id\":\"https:\\\/\\\/akunq.net\\\/tr\\\/?p=18788#breadcrumb\",\"itemListElement\":[{\"@type\":\"ListItem\",\"position\":1,\"name\":\"Home\",\"item\":\"https:\\\/\\\/akunq.net\\\/tr\"},{\"@type\":\"ListItem\",\"position\":2,\"name\":\"T\u00fcrkiye&#8217;nin Tek Ermeni K\u00f6y\u00fcne &#8216;Vak\u0131fevi&#8217; Yap\u0131l\u0131yor\"}]},{\"@type\":\"WebSite\",\"@id\":\"https:\\\/\\\/akunq.net\\\/tr\\\/#website\",\"url\":\"https:\\\/\\\/akunq.net\\\/tr\\\/\",\"name\":\"Bati Ermenistan Ve Bati Ermenileri Sorunlari Ara\u015ftirmalar Merkezi\",\"description\":\"\",\"potentialAction\":[{\"@type\":\"SearchAction\",\"target\":{\"@type\":\"EntryPoint\",\"urlTemplate\":\"https:\\\/\\\/akunq.net\\\/tr\\\/?s={search_term_string}\"},\"query-input\":{\"@type\":\"PropertyValueSpecification\",\"valueRequired\":true,\"valueName\":\"search_term_string\"}}],\"inLanguage\":\"en-US\"},{\"@type\":\"Person\",\"@id\":\"https:\\\/\\\/akunq.net\\\/tr\\\/#\\\/schema\\\/person\\\/096f1d38a12cce57fb855b485ed24c9e\",\"name\":\"admin\",\"url\":\"https:\\\/\\\/akunq.net\\\/tr\\\/?author=7\"}]}<\/script>\n<!-- \/ Yoast SEO plugin. -->","yoast_head_json":{"title":"T\u00fcrkiye'nin Tek Ermeni K\u00f6y\u00fcne 'Vak\u0131fevi' Yap\u0131l\u0131yor - Bati Ermenistan Ve Bati Ermenileri Sorunlari Ara\u015ftirmalar Merkezi","robots":{"index":"index","follow":"follow","max-snippet":"max-snippet:-1","max-image-preview":"max-image-preview:large","max-video-preview":"max-video-preview:-1"},"canonical":"https:\/\/akunq.net\/tr\/?p=18788","og_locale":"en_US","og_type":"article","og_title":"T\u00fcrkiye'nin Tek Ermeni K\u00f6y\u00fcne 'Vak\u0131fevi' Yap\u0131l\u0131yor - Bati Ermenistan Ve Bati Ermenileri Sorunlari Ara\u015ftirmalar Merkezi","og_description":"T\u00fcrkiye&#8217;nin tek Ermeni k\u00f6y\u00fc olma \u00f6zelli\u011fini ta\u015f\u0131yan Hatay&#8217;\u0131n Samanda\u011f il\u00e7esine ba\u011fl\u0131 Vak\u0131fl\u0131&#8217;da bulunan tescilli tarihi binada restorasyon \u00e7al\u0131\u015fmalar\u0131 ba\u015flad\u0131. T\u00fcrkiye&#8217;nin tek Ermeni k\u00f6y\u00fc olma \u00f6zelli\u011fini ta\u015f\u0131yan Hatay&#8217;\u0131n Samanda\u011f il\u00e7esine ba\u011fl\u0131 Vak\u0131fl\u0131&#8217;da bulunan tescilli tarihi binada restorasyon \u00e7al\u0131\u015fmalar\u0131 ba\u015flad\u0131. M\u00fclkiyeti Vak\u0131flar Genel M\u00fcd\u00fcrl\u00fc\u011f\u00fcne ait olan tarihi Vak\u0131fevi&#8217;nin restorasyonunun maliyetinin y\u00fczde 75&#8217;i kalk\u0131nma ajans\u0131 geri kalan\u0131 ise [&hellip;]","og_url":"https:\/\/akunq.net\/tr\/?p=18788","og_site_name":"Bati Ermenistan Ve Bati Ermenileri Sorunlari Ara\u015ftirmalar Merkezi","article_published_time":"2012-10-03T06:42:26+00:00","author":"admin","twitter_card":"summary_large_image","twitter_misc":{"Written by":"admin","Est. reading time":"1 minute"},"schema":{"@context":"https:\/\/schema.org","@graph":[{"@type":"Article","@id":"https:\/\/akunq.net\/tr\/?p=18788#article","isPartOf":{"@id":"https:\/\/akunq.net\/tr\/?p=18788"},"author":{"name":"admin","@id":"https:\/\/akunq.net\/tr\/#\/schema\/person\/096f1d38a12cce57fb855b485ed24c9e"},"headline":"T\u00fcrkiye&#8217;nin Tek Ermeni K\u00f6y\u00fcne &#8216;Vak\u0131fevi&#8217; Yap\u0131l\u0131yor","datePublished":"2012-10-03T06:42:26+00:00","mainEntityOfPage":{"@id":"https:\/\/akunq.net\/tr\/?p=18788"},"wordCount":261,"commentCount":0,"articleSection":["G\u00fcn\u00fcm\u00fczde Bat\u0131 Ermenistan","Haberler"],"inLanguage":"en-US","potentialAction":[{"@type":"CommentAction","name":"Comment","target":["https:\/\/akunq.net\/tr\/?p=18788#respond"]}]},{"@type":"WebPage","@id":"https:\/\/akunq.net\/tr\/?p=18788","url":"https:\/\/akunq.net\/tr\/?p=18788","name":"T\u00fcrkiye'nin Tek Ermeni K\u00f6y\u00fcne 'Vak\u0131fevi' Yap\u0131l\u0131yor - Bati Ermenistan Ve Bati Ermenileri Sorunlari Ara\u015ftirmalar Merkezi","isPartOf":{"@id":"https:\/\/akunq.net\/tr\/#website"},"datePublished":"2012-10-03T06:42:26+00:00","author":{"@id":"https:\/\/akunq.net\/tr\/#\/schema\/person\/096f1d38a12cce57fb855b485ed24c9e"},"breadcrumb":{"@id":"https:\/\/akunq.net\/tr\/?p=18788#breadcrumb"},"inLanguage":"en-US","potentialAction":[{"@type":"ReadAction","target":["https:\/\/akunq.net\/tr\/?p=18788"]}]},{"@type":"BreadcrumbList","@id":"https:\/\/akunq.net\/tr\/?p=18788#breadcrumb","itemListElement":[{"@type":"ListItem","position":1,"name":"Home","item":"https:\/\/akunq.net\/tr"},{"@type":"ListItem","position":2,"name":"T\u00fcrkiye&#8217;nin Tek Ermeni K\u00f6y\u00fcne &#8216;Vak\u0131fevi&#8217; Yap\u0131l\u0131yor"}]},{"@type":"WebSite","@id":"https:\/\/akunq.net\/tr\/#website","url":"https:\/\/akunq.net\/tr\/","name":"Bati Ermenistan Ve Bati Ermenileri Sorunlari Ara\u015ftirmalar Merkezi","description":"","potentialAction":[{"@type":"SearchAction","target":{"@type":"EntryPoint","urlTemplate":"https:\/\/akunq.net\/tr\/?s={search_term_string}"},"query-input":{"@type":"PropertyValueSpecification","valueRequired":true,"valueName":"search_term_string"}}],"inLanguage":"en-US"},{"@type":"Person","@id":"https:\/\/akunq.net\/tr\/#\/schema\/person\/096f1d38a12cce57fb855b485ed24c9e","name":"admin","url":"https:\/\/akunq.net\/tr\/?author=7"}]}},"_links":{"self":[{"href":"https:\/\/akunq.net\/tr\/index.php?rest_route=\/wp\/v2\/posts\/18788","targetHints":{"allow":["GET"]}}],"collection":[{"href":"https:\/\/akunq.net\/tr\/index.php?rest_route=\/wp\/v2\/posts"}],"about":[{"href":"https:\/\/akunq.net\/tr\/index.php?rest_route=\/wp\/v2\/types\/post"}],"author":[{"embeddable":true,"href":"https:\/\/akunq.net\/tr\/index.php?rest_route=\/wp\/v2\/users\/7"}],"replies":[{"embeddable":true,"href":"https:\/\/akunq.net\/tr\/index.php?rest_route=%2Fwp%2Fv2%2Fcomments&post=18788"}],"version-history":[{"count":2,"href":"https:\/\/akunq.net\/tr\/index.php?rest_route=\/wp\/v2\/posts\/18788\/revisions"}],"predecessor-version":[{"id":18791,"href":"https:\/\/akunq.net\/tr\/index.php?rest_route=\/wp\/v2\/posts\/18788\/revisions\/18791"}],"wp:attachment":[{"href":"https:\/\/akunq.net\/tr\/index.php?rest_route=%2Fwp%2Fv2%2Fmedia&parent=18788"}],"wp:term":[{"taxonomy":"category","embeddable":true,"href":"https:\/\/akunq.net\/tr\/index.php?rest_route=%2Fwp%2Fv2%2Fcategories&post=18788"},{"taxonomy":"post_tag","embeddable":true,"href":"https:\/\/akunq.net\/tr\/index.php?rest_route=%2Fwp%2Fv2%2Ftags&post=18788"}],"curies":[{"name":"wp","href":"https:\/\/api.w.org\/{rel}","templated":true}]}}