{"id":18696,"date":"2012-10-01T01:36:43","date_gmt":"2012-10-01T06:36:43","guid":{"rendered":"http:\/\/akunq.net\/tr\/?p=18696"},"modified":"2012-10-01T01:36:43","modified_gmt":"2012-10-01T06:36:43","slug":"edremitte-60-teknelik-marina-yapiliyor","status":"publish","type":"post","link":"https:\/\/akunq.net\/tr\/?p=18696","title":{"rendered":"Edremit&#8217;te &#8220;60 Teknelik&#8221; Marina Yap\u0131l\u0131yor"},"content":{"rendered":"<p style=\"text-align: justify;\"><em><strong><a href=\"http:\/\/akunq.net\/tr\/?attachment_id=18697\" rel=\"attachment wp-att-18697\"><img loading=\"lazy\" decoding=\"async\" class=\"alignright size-medium wp-image-18697\" title=\"\u054e\u0561\u0576\u0561 \u056c\u0573\u0578\u0582\u0574 \u0576\u0561\u057e\u0561\u0570\u0561\u0576\u0563\u056b\u057d\u057f-\u056f\u0572\u0566\u056b\" src=\"http:\/\/akunq.net\/tr\/wp-content\/uploads\/2012\/10\/\u054e\u0561\u0576\u0561-\u056c\u0573\u0578\u0582\u0574-\u0576\u0561\u057e\u0561\u0570\u0561\u0576\u0563\u056b\u057d\u057f-\u056f\u0572\u0566\u056b-300x206.jpg\" alt=\"\" width=\"300\" height=\"206\" srcset=\"https:\/\/akunq.net\/tr\/wp-content\/uploads\/sites\/6\/2012\/10\/\u054e\u0561\u0576\u0561-\u056c\u0573\u0578\u0582\u0574-\u0576\u0561\u057e\u0561\u0570\u0561\u0576\u0563\u056b\u057d\u057f-\u056f\u0572\u0566\u056b-300x206.jpg 300w, https:\/\/akunq.net\/tr\/wp-content\/uploads\/sites\/6\/2012\/10\/\u054e\u0561\u0576\u0561-\u056c\u0573\u0578\u0582\u0574-\u0576\u0561\u057e\u0561\u0570\u0561\u0576\u0563\u056b\u057d\u057f-\u056f\u0572\u0566\u056b.jpg 307w\" sizes=\"auto, (max-width: 300px) 100vw, 300px\" \/><\/a>Sahillerinin g\u00fczelli\u011fiyle \u00f6ne \u00e7\u0131kan Edremit il\u00e7esinde, 60 teknelik yat ve bal\u0131k\u00e7\u0131 teknesinin bar\u0131nabilece\u011fi Marina Yat Liman\u0131&#8217;n\u0131 yap\u0131l\u0131yor.<\/strong><\/em><br \/>\nSahillerinin g\u00fczelli\u011fiyle \u00f6ne \u00e7\u0131kan Edremit il\u00e7esinde, 60 teknelik yat ve bal\u0131k\u00e7\u0131 teknesinin bar\u0131nabilece\u011fi Marina Yat Liman\u0131&#8217;n\u0131 yap\u0131l\u0131yor.<br \/>\nUla\u015ft\u0131rma Denizcilik ve Haberle\u015fme Bakanl\u0131\u011f\u0131&#8217;nca ge\u00e7en y\u0131l Van&#8217;\u0131n Edremit il\u00e7esine 5 milyon liraya ihalesi yap\u0131lan marinan\u0131n yap\u0131m \u00e7al\u0131\u015fmalar\u0131 ba\u015fland\u0131.<br \/>\nY\u00fcklenici firman\u0131n sorumlusu m\u00fchendis Vedat Y\u0131lmaz, AA muhabirine yapt\u0131\u011f\u0131 a\u00e7\u0131klamada, tekne bar\u0131na\u011f\u0131 olan liman\u0131n 470 metre dalga k\u0131randan olu\u015ftu\u011funu s\u00f6yledi. Dalga k\u0131ran\u0131n uzunlu\u011fu boyunca \u00fcst k\u0131sm\u0131nda 3 metrelik y\u00fcr\u00fcy\u00fc\u015f parkuru yapacaklar\u0131n\u0131 ifade eden Y\u0131lmaz, teknelerin durup, dinlenip, y\u00fck indirip bindirme ve bak\u0131mlar\u0131n\u0131n yap\u0131laca\u011f\u0131 alanlar olu\u015fturulaca\u011f\u0131n\u0131 kaydetti.<br \/>\n\u0130\u00e7 k\u0131sm\u0131nda yakla\u015f\u0131k 23 bin metrekare g\u00f6let alan\u0131 oldu\u011funu dile getiren Y\u0131lmaz, \u015funlar\u0131 s\u00f6yledi:<br \/>\n&#8220;D\u0131\u015f k\u0131sm\u0131nda ise 3 bin 500 metrekare bir geri saha yap\u0131lacak. Bu saha da sosyal faaliyetler i\u00e7in bir alan olu\u015fturulacak. Dalga k\u0131ranlar\u0131n u\u00e7lar\u0131nda ise 2 adet deniz feneri olacak. 720 i\u015f g\u00fcn\u00fc i\u00e7inde bu i\u015fi tamamlamak istiyoruz. Ekip takviyesi yaparak i\u015fi de h\u0131zland\u0131rarak bir y\u0131l i\u00e7erisinde bitirmeyi planl\u0131yoruz. Ayr\u0131ca 60 teknelik yapt\u0131\u011f\u0131m\u0131z bu marinay\u0131 100 teknelik olarak da b\u00fcy\u00fctme ihtimalimiz var.&#8221;<br \/>\nY\u0131lmaz, yap\u0131lan ana dalga k\u0131ran\u0131n dalgalara kar\u015f\u0131 daha etkili olabilmesi i\u00e7in yakla\u015f\u0131k a\u011f\u0131rl\u0131klar\u0131 2 ile 4 ton aras\u0131nda de\u011fi\u015fen kayalar kullan\u0131larak yap\u0131ld\u0131\u011f\u0131n\u0131 anlatt\u0131.<\/p>\n<p style=\"text-align: justify;\"><em><strong>Muhabir: \u00d6zkan Bilgin \/ Yahya \u00d6ylek<\/strong><\/em><br \/>\n<em><strong>Yay\u0131nc\u0131: M\u00fcrsel \u00c7etin &#8211; Van<\/strong><\/em><br \/>\n<em><strong>Anadolu Ajans\u0131<\/strong><\/em><\/p>\n","protected":false},"excerpt":{"rendered":"<p>Sahillerinin g\u00fczelli\u011fiyle \u00f6ne \u00e7\u0131kan Edremit il\u00e7esinde, 60 teknelik yat ve bal\u0131k\u00e7\u0131 teknesinin bar\u0131nabilece\u011fi Marina Yat Liman\u0131&#8217;n\u0131 yap\u0131l\u0131yor. Sahillerinin g\u00fczelli\u011fiyle \u00f6ne \u00e7\u0131kan Edremit il\u00e7esinde, 60 teknelik yat ve bal\u0131k\u00e7\u0131 teknesinin bar\u0131nabilece\u011fi Marina Yat Liman\u0131&#8217;n\u0131 yap\u0131l\u0131yor. Ula\u015ft\u0131rma Denizcilik ve Haberle\u015fme Bakanl\u0131\u011f\u0131&#8217;nca ge\u00e7en y\u0131l Van&#8217;\u0131n Edremit il\u00e7esine 5 milyon liraya ihalesi yap\u0131lan marinan\u0131n yap\u0131m \u00e7al\u0131\u015fmalar\u0131 ba\u015fland\u0131. Y\u00fcklenici firman\u0131n [&hellip;]<\/p>\n","protected":false},"author":7,"featured_media":0,"comment_status":"open","ping_status":"open","sticky":false,"template":"","format":"standard","meta":{"footnotes":""},"categories":[22,1],"tags":[],"class_list":["post-18696","post","type-post","status-publish","format-standard","hentry","category-gunumuzde-bati-ermenistan","category-haberler"],"yoast_head":"<!-- This site is optimized with the Yoast SEO plugin v27.4 - https:\/\/yoast.com\/product\/yoast-seo-wordpress\/ -->\n<title>Edremit&#039;te &quot;60 Teknelik&quot; Marina Yap\u0131l\u0131yor - Bati Ermenistan Ve Bati Ermenileri Sorunlari Ara\u015ftirmalar Merkezi<\/title>\n<meta name=\"robots\" content=\"index, follow, max-snippet:-1, max-image-preview:large, max-video-preview:-1\" \/>\n<link rel=\"canonical\" href=\"https:\/\/akunq.net\/tr\/?p=18696\" \/>\n<meta property=\"og:locale\" content=\"en_US\" \/>\n<meta property=\"og:type\" content=\"article\" \/>\n<meta property=\"og:title\" content=\"Edremit&#039;te &quot;60 Teknelik&quot; Marina Yap\u0131l\u0131yor - Bati Ermenistan Ve Bati Ermenileri Sorunlari Ara\u015ftirmalar Merkezi\" \/>\n<meta property=\"og:description\" content=\"Sahillerinin g\u00fczelli\u011fiyle \u00f6ne \u00e7\u0131kan Edremit il\u00e7esinde, 60 teknelik yat ve bal\u0131k\u00e7\u0131 teknesinin bar\u0131nabilece\u011fi Marina Yat Liman\u0131&#8217;n\u0131 yap\u0131l\u0131yor. Sahillerinin g\u00fczelli\u011fiyle \u00f6ne \u00e7\u0131kan Edremit il\u00e7esinde, 60 teknelik yat ve bal\u0131k\u00e7\u0131 teknesinin bar\u0131nabilece\u011fi Marina Yat Liman\u0131&#8217;n\u0131 yap\u0131l\u0131yor. Ula\u015ft\u0131rma Denizcilik ve Haberle\u015fme Bakanl\u0131\u011f\u0131&#8217;nca ge\u00e7en y\u0131l Van&#8217;\u0131n Edremit il\u00e7esine 5 milyon liraya ihalesi yap\u0131lan marinan\u0131n yap\u0131m \u00e7al\u0131\u015fmalar\u0131 ba\u015fland\u0131. Y\u00fcklenici firman\u0131n [&hellip;]\" \/>\n<meta property=\"og:url\" content=\"https:\/\/akunq.net\/tr\/?p=18696\" \/>\n<meta property=\"og:site_name\" content=\"Bati Ermenistan Ve Bati Ermenileri Sorunlari Ara\u015ftirmalar Merkezi\" \/>\n<meta property=\"article:published_time\" content=\"2012-10-01T06:36:43+00:00\" \/>\n<meta name=\"author\" content=\"admin\" \/>\n<meta name=\"twitter:card\" content=\"summary_large_image\" \/>\n<meta name=\"twitter:label1\" content=\"Written by\" \/>\n\t<meta name=\"twitter:data1\" content=\"admin\" \/>\n\t<meta name=\"twitter:label2\" content=\"Est. reading time\" \/>\n\t<meta name=\"twitter:data2\" content=\"1 minute\" \/>\n<script type=\"application\/ld+json\" class=\"yoast-schema-graph\">{\"@context\":\"https:\\\/\\\/schema.org\",\"@graph\":[{\"@type\":\"Article\",\"@id\":\"https:\\\/\\\/akunq.net\\\/tr\\\/?p=18696#article\",\"isPartOf\":{\"@id\":\"https:\\\/\\\/akunq.net\\\/tr\\\/?p=18696\"},\"author\":{\"name\":\"admin\",\"@id\":\"https:\\\/\\\/akunq.net\\\/tr\\\/#\\\/schema\\\/person\\\/096f1d38a12cce57fb855b485ed24c9e\"},\"headline\":\"Edremit&#8217;te &#8220;60 Teknelik&#8221; Marina Yap\u0131l\u0131yor\",\"datePublished\":\"2012-10-01T06:36:43+00:00\",\"mainEntityOfPage\":{\"@id\":\"https:\\\/\\\/akunq.net\\\/tr\\\/?p=18696\"},\"wordCount\":304,\"commentCount\":0,\"articleSection\":[\"G\u00fcn\u00fcm\u00fczde Bat\u0131 Ermenistan\",\"Haberler\"],\"inLanguage\":\"en-US\",\"potentialAction\":[{\"@type\":\"CommentAction\",\"name\":\"Comment\",\"target\":[\"https:\\\/\\\/akunq.net\\\/tr\\\/?p=18696#respond\"]}]},{\"@type\":\"WebPage\",\"@id\":\"https:\\\/\\\/akunq.net\\\/tr\\\/?p=18696\",\"url\":\"https:\\\/\\\/akunq.net\\\/tr\\\/?p=18696\",\"name\":\"Edremit'te \\\"60 Teknelik\\\" Marina Yap\u0131l\u0131yor - Bati Ermenistan Ve Bati Ermenileri Sorunlari Ara\u015ftirmalar Merkezi\",\"isPartOf\":{\"@id\":\"https:\\\/\\\/akunq.net\\\/tr\\\/#website\"},\"datePublished\":\"2012-10-01T06:36:43+00:00\",\"author\":{\"@id\":\"https:\\\/\\\/akunq.net\\\/tr\\\/#\\\/schema\\\/person\\\/096f1d38a12cce57fb855b485ed24c9e\"},\"breadcrumb\":{\"@id\":\"https:\\\/\\\/akunq.net\\\/tr\\\/?p=18696#breadcrumb\"},\"inLanguage\":\"en-US\",\"potentialAction\":[{\"@type\":\"ReadAction\",\"target\":[\"https:\\\/\\\/akunq.net\\\/tr\\\/?p=18696\"]}]},{\"@type\":\"BreadcrumbList\",\"@id\":\"https:\\\/\\\/akunq.net\\\/tr\\\/?p=18696#breadcrumb\",\"itemListElement\":[{\"@type\":\"ListItem\",\"position\":1,\"name\":\"Home\",\"item\":\"https:\\\/\\\/akunq.net\\\/tr\"},{\"@type\":\"ListItem\",\"position\":2,\"name\":\"Edremit&#8217;te &#8220;60 Teknelik&#8221; Marina Yap\u0131l\u0131yor\"}]},{\"@type\":\"WebSite\",\"@id\":\"https:\\\/\\\/akunq.net\\\/tr\\\/#website\",\"url\":\"https:\\\/\\\/akunq.net\\\/tr\\\/\",\"name\":\"Bati Ermenistan Ve Bati Ermenileri Sorunlari Ara\u015ftirmalar Merkezi\",\"description\":\"\",\"potentialAction\":[{\"@type\":\"SearchAction\",\"target\":{\"@type\":\"EntryPoint\",\"urlTemplate\":\"https:\\\/\\\/akunq.net\\\/tr\\\/?s={search_term_string}\"},\"query-input\":{\"@type\":\"PropertyValueSpecification\",\"valueRequired\":true,\"valueName\":\"search_term_string\"}}],\"inLanguage\":\"en-US\"},{\"@type\":\"Person\",\"@id\":\"https:\\\/\\\/akunq.net\\\/tr\\\/#\\\/schema\\\/person\\\/096f1d38a12cce57fb855b485ed24c9e\",\"name\":\"admin\",\"url\":\"https:\\\/\\\/akunq.net\\\/tr\\\/?author=7\"}]}<\/script>\n<!-- \/ Yoast SEO plugin. -->","yoast_head_json":{"title":"Edremit'te \"60 Teknelik\" Marina Yap\u0131l\u0131yor - Bati Ermenistan Ve Bati Ermenileri Sorunlari Ara\u015ftirmalar Merkezi","robots":{"index":"index","follow":"follow","max-snippet":"max-snippet:-1","max-image-preview":"max-image-preview:large","max-video-preview":"max-video-preview:-1"},"canonical":"https:\/\/akunq.net\/tr\/?p=18696","og_locale":"en_US","og_type":"article","og_title":"Edremit'te \"60 Teknelik\" Marina Yap\u0131l\u0131yor - Bati Ermenistan Ve Bati Ermenileri Sorunlari Ara\u015ftirmalar Merkezi","og_description":"Sahillerinin g\u00fczelli\u011fiyle \u00f6ne \u00e7\u0131kan Edremit il\u00e7esinde, 60 teknelik yat ve bal\u0131k\u00e7\u0131 teknesinin bar\u0131nabilece\u011fi Marina Yat Liman\u0131&#8217;n\u0131 yap\u0131l\u0131yor. Sahillerinin g\u00fczelli\u011fiyle \u00f6ne \u00e7\u0131kan Edremit il\u00e7esinde, 60 teknelik yat ve bal\u0131k\u00e7\u0131 teknesinin bar\u0131nabilece\u011fi Marina Yat Liman\u0131&#8217;n\u0131 yap\u0131l\u0131yor. Ula\u015ft\u0131rma Denizcilik ve Haberle\u015fme Bakanl\u0131\u011f\u0131&#8217;nca ge\u00e7en y\u0131l Van&#8217;\u0131n Edremit il\u00e7esine 5 milyon liraya ihalesi yap\u0131lan marinan\u0131n yap\u0131m \u00e7al\u0131\u015fmalar\u0131 ba\u015fland\u0131. Y\u00fcklenici firman\u0131n [&hellip;]","og_url":"https:\/\/akunq.net\/tr\/?p=18696","og_site_name":"Bati Ermenistan Ve Bati Ermenileri Sorunlari Ara\u015ftirmalar Merkezi","article_published_time":"2012-10-01T06:36:43+00:00","author":"admin","twitter_card":"summary_large_image","twitter_misc":{"Written by":"admin","Est. reading time":"1 minute"},"schema":{"@context":"https:\/\/schema.org","@graph":[{"@type":"Article","@id":"https:\/\/akunq.net\/tr\/?p=18696#article","isPartOf":{"@id":"https:\/\/akunq.net\/tr\/?p=18696"},"author":{"name":"admin","@id":"https:\/\/akunq.net\/tr\/#\/schema\/person\/096f1d38a12cce57fb855b485ed24c9e"},"headline":"Edremit&#8217;te &#8220;60 Teknelik&#8221; Marina Yap\u0131l\u0131yor","datePublished":"2012-10-01T06:36:43+00:00","mainEntityOfPage":{"@id":"https:\/\/akunq.net\/tr\/?p=18696"},"wordCount":304,"commentCount":0,"articleSection":["G\u00fcn\u00fcm\u00fczde Bat\u0131 Ermenistan","Haberler"],"inLanguage":"en-US","potentialAction":[{"@type":"CommentAction","name":"Comment","target":["https:\/\/akunq.net\/tr\/?p=18696#respond"]}]},{"@type":"WebPage","@id":"https:\/\/akunq.net\/tr\/?p=18696","url":"https:\/\/akunq.net\/tr\/?p=18696","name":"Edremit'te \"60 Teknelik\" Marina Yap\u0131l\u0131yor - Bati Ermenistan Ve Bati Ermenileri Sorunlari Ara\u015ftirmalar Merkezi","isPartOf":{"@id":"https:\/\/akunq.net\/tr\/#website"},"datePublished":"2012-10-01T06:36:43+00:00","author":{"@id":"https:\/\/akunq.net\/tr\/#\/schema\/person\/096f1d38a12cce57fb855b485ed24c9e"},"breadcrumb":{"@id":"https:\/\/akunq.net\/tr\/?p=18696#breadcrumb"},"inLanguage":"en-US","potentialAction":[{"@type":"ReadAction","target":["https:\/\/akunq.net\/tr\/?p=18696"]}]},{"@type":"BreadcrumbList","@id":"https:\/\/akunq.net\/tr\/?p=18696#breadcrumb","itemListElement":[{"@type":"ListItem","position":1,"name":"Home","item":"https:\/\/akunq.net\/tr"},{"@type":"ListItem","position":2,"name":"Edremit&#8217;te &#8220;60 Teknelik&#8221; Marina Yap\u0131l\u0131yor"}]},{"@type":"WebSite","@id":"https:\/\/akunq.net\/tr\/#website","url":"https:\/\/akunq.net\/tr\/","name":"Bati Ermenistan Ve Bati Ermenileri Sorunlari Ara\u015ftirmalar Merkezi","description":"","potentialAction":[{"@type":"SearchAction","target":{"@type":"EntryPoint","urlTemplate":"https:\/\/akunq.net\/tr\/?s={search_term_string}"},"query-input":{"@type":"PropertyValueSpecification","valueRequired":true,"valueName":"search_term_string"}}],"inLanguage":"en-US"},{"@type":"Person","@id":"https:\/\/akunq.net\/tr\/#\/schema\/person\/096f1d38a12cce57fb855b485ed24c9e","name":"admin","url":"https:\/\/akunq.net\/tr\/?author=7"}]}},"_links":{"self":[{"href":"https:\/\/akunq.net\/tr\/index.php?rest_route=\/wp\/v2\/posts\/18696","targetHints":{"allow":["GET"]}}],"collection":[{"href":"https:\/\/akunq.net\/tr\/index.php?rest_route=\/wp\/v2\/posts"}],"about":[{"href":"https:\/\/akunq.net\/tr\/index.php?rest_route=\/wp\/v2\/types\/post"}],"author":[{"embeddable":true,"href":"https:\/\/akunq.net\/tr\/index.php?rest_route=\/wp\/v2\/users\/7"}],"replies":[{"embeddable":true,"href":"https:\/\/akunq.net\/tr\/index.php?rest_route=%2Fwp%2Fv2%2Fcomments&post=18696"}],"version-history":[{"count":2,"href":"https:\/\/akunq.net\/tr\/index.php?rest_route=\/wp\/v2\/posts\/18696\/revisions"}],"predecessor-version":[{"id":18699,"href":"https:\/\/akunq.net\/tr\/index.php?rest_route=\/wp\/v2\/posts\/18696\/revisions\/18699"}],"wp:attachment":[{"href":"https:\/\/akunq.net\/tr\/index.php?rest_route=%2Fwp%2Fv2%2Fmedia&parent=18696"}],"wp:term":[{"taxonomy":"category","embeddable":true,"href":"https:\/\/akunq.net\/tr\/index.php?rest_route=%2Fwp%2Fv2%2Fcategories&post=18696"},{"taxonomy":"post_tag","embeddable":true,"href":"https:\/\/akunq.net\/tr\/index.php?rest_route=%2Fwp%2Fv2%2Ftags&post=18696"}],"curies":[{"name":"wp","href":"https:\/\/api.w.org\/{rel}","templated":true}]}}