{"id":18525,"date":"2012-09-24T03:01:48","date_gmt":"2012-09-24T08:01:48","guid":{"rendered":"http:\/\/akunq.net\/tr\/?p=18525"},"modified":"2012-09-24T03:01:48","modified_gmt":"2012-09-24T08:01:48","slug":"ne-olacak-fatihin-kilisesinin-bu-hali","status":"publish","type":"post","link":"https:\/\/akunq.net\/tr\/?p=18525","title":{"rendered":"Ne olacak Fatih\u2019in kilisesinin bu hali"},"content":{"rendered":"<p style=\"text-align: justify;\"><strong><em><a href=\"http:\/\/akunq.net\/tr\/?attachment_id=18526\" rel=\"attachment wp-att-18526\"><img loading=\"lazy\" decoding=\"async\" class=\"alignright size-full wp-image-18526\" title=\"Yedi Kilise\" src=\"http:\/\/akunq.net\/tr\/wp-content\/uploads\/2012\/09\/Yedi-Kilise.jpg\" alt=\"\" width=\"620\" height=\"230\" srcset=\"https:\/\/akunq.net\/tr\/wp-content\/uploads\/sites\/6\/2012\/09\/Yedi-Kilise.jpg 620w, https:\/\/akunq.net\/tr\/wp-content\/uploads\/sites\/6\/2012\/09\/Yedi-Kilise-300x111.jpg 300w, https:\/\/akunq.net\/tr\/wp-content\/uploads\/sites\/6\/2012\/09\/Yedi-Kilise-600x222.jpg 600w\" sizes=\"auto, (max-width: 620px) 100vw, 620px\" \/><\/a>Van\u2019daki Yedi Kilise\u2019nin restorasyonu i\u00e7in sahibine ula\u015fmaya \u00e7al\u0131\u015fan \u0130l K\u00fclt\u00fcr M\u00fcd\u00fcrl\u00fc\u011f\u00fc, kimseyi bulamay\u0131nca \u00e7al\u0131\u015fmaya ba\u015flayamad\u0131. Kilisenin Fatih Altayl\u0131\u2019ya ait oldu\u011fu ortaya \u00e7\u0131kt\u0131.<\/em><\/strong><\/p>\n<p style=\"text-align: justify;\">Van\u2019\u0131n, Yukar\u0131 Bakra\u00e7l\u0131 k\u00f6y\u00fcnde bulunan ve \u201cYedi Kilise\u201d olarak an\u0131lan kilisenin restorasyon i\u015flemleri tapuya tak\u0131l\u0131nca kilisenin ve bulundu\u011fu k\u00f6y\u00fcn sahibi olan H\u00fcsamettin Altayl\u0131 adl\u0131 vatanda\u015f\u0131n varisleri aranmaya ba\u015fland\u0131. Kilisenin tapusunun H\u00fcsamettin Altayl\u0131\u2019n\u0131n torunu, Habert\u00fcrk gazetesi Genel Yay\u0131n Y\u00f6netmeni Fatih Altayl\u0131\u2019da oldu\u011fu ortaya \u00e7\u0131kt\u0131. Taraf\u2019\u0131n sorular\u0131n\u0131 yan\u0131tlayan Altayl\u0131, \u201cEvet kilise benim\u201d dedi.<\/p>\n<p style=\"text-align: justify;\"><strong>Restorasyon gecikiyor<\/strong><strong><\/strong><\/p>\n<p style=\"text-align: justify;\">Ge\u00e7en y\u0131lki depremde hasar g\u00f6ren Yukar\u0131 Bakra\u00e7l\u0131 K\u00f6y\u00fc\u2019ndeki 200 y\u0131ll\u0131k Yedi Kilise\u2019yi restore ettirmek isteyen Van \u0130l K\u00fclt\u00fcr M\u00fcd\u00fcrl\u00fc\u011f\u00fc, \u00e7al\u0131\u015fmalar\u0131n ba\u015flayabilmesi i\u00e7in Van Tapu Kadastro M\u00fcd\u00fcrl\u00fc\u011f\u00fc\u2019ne ba\u015fvurdu. H\u00fcsamettin Altayl\u0131\u2019n\u0131n m\u00fclk\u00fc olarak g\u00f6r\u00fcnen kilisede restorasyon ba\u015flayabilmesi i\u00e7in varislerinin bulunmas\u0131 gerekiyordu. Ancak aradan uzun bir zaman ge\u00e7mesine ra\u011fmen kimseye ula\u015f\u0131lamad\u0131.<\/p>\n<p style=\"text-align: justify;\"><strong>Dedemin kilisesi<\/strong><strong><\/strong><\/p>\n<p style=\"text-align: justify;\">Anadolu halklar\u0131n\u0131n mimari miras\u0131 konusunda \u00e7al\u0131\u015fmalar yapan, yay\u0131nc\u0131 Osman K\u00f6ker\u2019e g\u00f6re Ermeniler g\u00f6\u00e7 ettirildikten sonra kilisenin de i\u00e7inde yer ald\u0131\u011f\u0131 k\u00f6y\u00fcn tapusu T\u00fcrk ya da T\u00fcrkmen oldu\u011fu tahmin edilen H\u00fcsamettin Altayl\u0131\u2019ya ge\u00e7ti. \u0130l M\u00fcd\u00fcrl\u00fc\u011f\u00fc\u2019n\u00fcn \u201cvarisleri bulam\u0131yoruz\u201d a\u00e7\u0131klamas\u0131n\u0131n ger\u00e7ek\u00e7i olmad\u0131\u011f\u0131n\u0131 belirten K\u00f6ker, \u201cVan\u2019da herkes o k\u00f6y\u00fcn bir zamanlar H\u00fcsamettin Altayl\u0131\u2019ya ait oldu\u011funu bilir. H\u00fcsamettin Bey, gazeteci Fatih Altayl\u0131\u2019n\u0131n dedesidir. Her gitti\u011fimde kiliseyi biraz daha hasara u\u011fram\u0131\u015f g\u00f6r\u00fcyorum. Ge\u00e7en y\u0131lki Van depreminde ise giri\u015f k\u0131sm\u0131 tamamen y\u0131k\u0131ld\u0131. Restorasyonun gecikmesi y\u00fcz\u00fcnden, binalar g\u00fcn ge\u00e7tik\u00e7e geri d\u00f6n\u00fclmez bir bi\u00e7imde yok olmakta\u201d diye konu\u015ftu.<\/p>\n<p style=\"text-align: justify;\">Taraf\u2019\u0131n ula\u015ft\u0131\u011f\u0131 Fatih Altayl\u0131 ise K\u00f6ker\u2019i do\u011frulad\u0131. \u201cKilise bana ait\u201d diyen Altayl\u0131, restorasyon i\u00e7in kimsenin kendisine ula\u015fmad\u0131\u011f\u0131n\u0131 belirtti. Altayl\u0131 \u015funlar\u0131 s\u00f6yledi:<\/p>\n<p style=\"text-align: justify;\"><strong>Yaps\u0131nlar dursun orada<\/strong><\/p>\n<p style=\"text-align: justify;\">\u00a0\u201cKilisenin tapusu bende. Dedeme aitti oras\u0131. Dedemden babama kald\u0131, babam \u00f6l\u00fcnce de bana kald\u0131. 40-50 y\u0131l \u00f6nce dedem oradaki kiliseleri tamir ettirmi\u015fti y\u0131k\u0131lmas\u0131n diye. Bir daha kimse ellemedi, \u00f6ylece kald\u0131. K\u00f6y de bize ait. Ama ne gidiyorum ne g\u00f6r\u00fcyorum, haberim yok. Van\u2019a uzun s\u00fcredir gitmedim. Bu olaydan da sizin sayenizde haberim oldu.\u201d<\/p>\n<p style=\"text-align: justify;\">Kendisine ula\u015f\u0131lmas\u0131 halinde restorasyon i\u00e7in yasal prosed\u00fcr neyse ona uyaca\u011f\u0131n\u0131 belirten Altayl\u0131, \u201cBeni ne kimse arad\u0131 ne de bir \u015fey sordu. Haberim yok, hi\u00e7bir \u015feyden. Ne gerekiyorsa izin veririz. Sat\u0131n diyorlarsa satar\u0131z. Yani ne istiyorlarsa onu yapar\u0131z. Kilise orda duruyor, ben ne yapaca\u011f\u0131m kiliseyi. Yani kiliseyi tamir edecek param da yok benim. Yaps\u0131nlar dursun orada\u201d diye konu\u015ftu.<\/p>\n<p style=\"text-align: justify;\">Eski ad\u0131 Yedi Kilise olan Yukar\u0131 Bakra\u00e7l\u0131 K\u00f6y\u00fc, Fatih Altayl\u0131\u2019n\u0131n dedesi H\u00fcsamettin Altayl\u0131\u2019ya ait. Yedi Kilise olarak an\u0131lan mabed, i\u00e7inde be\u015f adet k\u00fc\u00e7\u00fck kilisenin bulundu\u011fu bir manast\u0131r. Yedi Kilise ge\u00e7en y\u0131l ger\u00e7ekle\u015fen ve Van\u2019\u0131n bir\u00e7ok il\u00e7esini yerle bir eden depremde a\u011f\u0131r hasar g\u00f6rd\u00fc.\u00a0<\/p>\n<p style=\"text-align: justify;\">\u00a0<strong><em>Taraf<\/em><\/strong><\/p>\n","protected":false},"excerpt":{"rendered":"<p>Van\u2019daki Yedi Kilise\u2019nin restorasyonu i\u00e7in sahibine ula\u015fmaya \u00e7al\u0131\u015fan \u0130l K\u00fclt\u00fcr M\u00fcd\u00fcrl\u00fc\u011f\u00fc, kimseyi bulamay\u0131nca \u00e7al\u0131\u015fmaya ba\u015flayamad\u0131. Kilisenin Fatih Altayl\u0131\u2019ya ait oldu\u011fu ortaya \u00e7\u0131kt\u0131. Van\u2019\u0131n, Yukar\u0131 Bakra\u00e7l\u0131 k\u00f6y\u00fcnde bulunan ve \u201cYedi Kilise\u201d olarak an\u0131lan kilisenin restorasyon i\u015flemleri tapuya tak\u0131l\u0131nca kilisenin ve bulundu\u011fu k\u00f6y\u00fcn sahibi olan H\u00fcsamettin Altayl\u0131 adl\u0131 vatanda\u015f\u0131n varisleri aranmaya ba\u015fland\u0131. Kilisenin tapusunun H\u00fcsamettin Altayl\u0131\u2019n\u0131n torunu, [&hellip;]<\/p>\n","protected":false},"author":7,"featured_media":0,"comment_status":"open","ping_status":"open","sticky":false,"template":"","format":"standard","meta":{"footnotes":""},"categories":[22,1],"tags":[],"class_list":["post-18525","post","type-post","status-publish","format-standard","hentry","category-gunumuzde-bati-ermenistan","category-haberler"],"yoast_head":"<!-- This site is optimized with the Yoast SEO plugin v27.4 - https:\/\/yoast.com\/product\/yoast-seo-wordpress\/ -->\n<title>Ne olacak Fatih\u2019in kilisesinin bu hali - Bati Ermenistan Ve Bati Ermenileri Sorunlari Ara\u015ftirmalar Merkezi<\/title>\n<meta name=\"robots\" content=\"index, follow, max-snippet:-1, max-image-preview:large, max-video-preview:-1\" \/>\n<link rel=\"canonical\" href=\"https:\/\/akunq.net\/tr\/?p=18525\" \/>\n<meta property=\"og:locale\" content=\"en_US\" \/>\n<meta property=\"og:type\" content=\"article\" \/>\n<meta property=\"og:title\" content=\"Ne olacak Fatih\u2019in kilisesinin bu hali - Bati Ermenistan Ve Bati Ermenileri Sorunlari Ara\u015ftirmalar Merkezi\" \/>\n<meta property=\"og:description\" content=\"Van\u2019daki Yedi Kilise\u2019nin restorasyonu i\u00e7in sahibine ula\u015fmaya \u00e7al\u0131\u015fan \u0130l K\u00fclt\u00fcr M\u00fcd\u00fcrl\u00fc\u011f\u00fc, kimseyi bulamay\u0131nca \u00e7al\u0131\u015fmaya ba\u015flayamad\u0131. Kilisenin Fatih Altayl\u0131\u2019ya ait oldu\u011fu ortaya \u00e7\u0131kt\u0131. Van\u2019\u0131n, Yukar\u0131 Bakra\u00e7l\u0131 k\u00f6y\u00fcnde bulunan ve \u201cYedi Kilise\u201d olarak an\u0131lan kilisenin restorasyon i\u015flemleri tapuya tak\u0131l\u0131nca kilisenin ve bulundu\u011fu k\u00f6y\u00fcn sahibi olan H\u00fcsamettin Altayl\u0131 adl\u0131 vatanda\u015f\u0131n varisleri aranmaya ba\u015fland\u0131. Kilisenin tapusunun H\u00fcsamettin Altayl\u0131\u2019n\u0131n torunu, [&hellip;]\" \/>\n<meta property=\"og:url\" content=\"https:\/\/akunq.net\/tr\/?p=18525\" \/>\n<meta property=\"og:site_name\" content=\"Bati Ermenistan Ve Bati Ermenileri Sorunlari Ara\u015ftirmalar Merkezi\" \/>\n<meta property=\"article:published_time\" content=\"2012-09-24T08:01:48+00:00\" \/>\n<meta property=\"og:image\" content=\"http:\/\/akunq.net\/tr\/wp-content\/uploads\/2012\/09\/Yedi-Kilise.jpg\" \/>\n<meta name=\"author\" content=\"admin\" \/>\n<meta name=\"twitter:card\" content=\"summary_large_image\" \/>\n<meta name=\"twitter:label1\" content=\"Written by\" \/>\n\t<meta name=\"twitter:data1\" content=\"admin\" \/>\n\t<meta name=\"twitter:label2\" content=\"Est. reading time\" \/>\n\t<meta name=\"twitter:data2\" content=\"3 minutes\" \/>\n<script type=\"application\/ld+json\" class=\"yoast-schema-graph\">{\"@context\":\"https:\\\/\\\/schema.org\",\"@graph\":[{\"@type\":\"Article\",\"@id\":\"https:\\\/\\\/akunq.net\\\/tr\\\/?p=18525#article\",\"isPartOf\":{\"@id\":\"https:\\\/\\\/akunq.net\\\/tr\\\/?p=18525\"},\"author\":{\"name\":\"admin\",\"@id\":\"https:\\\/\\\/akunq.net\\\/tr\\\/#\\\/schema\\\/person\\\/096f1d38a12cce57fb855b485ed24c9e\"},\"headline\":\"Ne olacak Fatih\u2019in kilisesinin bu hali\",\"datePublished\":\"2012-09-24T08:01:48+00:00\",\"mainEntityOfPage\":{\"@id\":\"https:\\\/\\\/akunq.net\\\/tr\\\/?p=18525\"},\"wordCount\":575,\"commentCount\":0,\"image\":{\"@id\":\"https:\\\/\\\/akunq.net\\\/tr\\\/?p=18525#primaryimage\"},\"thumbnailUrl\":\"http:\\\/\\\/akunq.net\\\/tr\\\/wp-content\\\/uploads\\\/2012\\\/09\\\/Yedi-Kilise.jpg\",\"articleSection\":[\"G\u00fcn\u00fcm\u00fczde Bat\u0131 Ermenistan\",\"Haberler\"],\"inLanguage\":\"en-US\",\"potentialAction\":[{\"@type\":\"CommentAction\",\"name\":\"Comment\",\"target\":[\"https:\\\/\\\/akunq.net\\\/tr\\\/?p=18525#respond\"]}]},{\"@type\":\"WebPage\",\"@id\":\"https:\\\/\\\/akunq.net\\\/tr\\\/?p=18525\",\"url\":\"https:\\\/\\\/akunq.net\\\/tr\\\/?p=18525\",\"name\":\"Ne olacak Fatih\u2019in kilisesinin bu hali - Bati Ermenistan Ve Bati Ermenileri Sorunlari Ara\u015ftirmalar Merkezi\",\"isPartOf\":{\"@id\":\"https:\\\/\\\/akunq.net\\\/tr\\\/#website\"},\"primaryImageOfPage\":{\"@id\":\"https:\\\/\\\/akunq.net\\\/tr\\\/?p=18525#primaryimage\"},\"image\":{\"@id\":\"https:\\\/\\\/akunq.net\\\/tr\\\/?p=18525#primaryimage\"},\"thumbnailUrl\":\"http:\\\/\\\/akunq.net\\\/tr\\\/wp-content\\\/uploads\\\/2012\\\/09\\\/Yedi-Kilise.jpg\",\"datePublished\":\"2012-09-24T08:01:48+00:00\",\"author\":{\"@id\":\"https:\\\/\\\/akunq.net\\\/tr\\\/#\\\/schema\\\/person\\\/096f1d38a12cce57fb855b485ed24c9e\"},\"breadcrumb\":{\"@id\":\"https:\\\/\\\/akunq.net\\\/tr\\\/?p=18525#breadcrumb\"},\"inLanguage\":\"en-US\",\"potentialAction\":[{\"@type\":\"ReadAction\",\"target\":[\"https:\\\/\\\/akunq.net\\\/tr\\\/?p=18525\"]}]},{\"@type\":\"ImageObject\",\"inLanguage\":\"en-US\",\"@id\":\"https:\\\/\\\/akunq.net\\\/tr\\\/?p=18525#primaryimage\",\"url\":\"https:\\\/\\\/akunq.net\\\/tr\\\/wp-content\\\/uploads\\\/sites\\\/6\\\/2012\\\/09\\\/Yedi-Kilise.jpg\",\"contentUrl\":\"https:\\\/\\\/akunq.net\\\/tr\\\/wp-content\\\/uploads\\\/sites\\\/6\\\/2012\\\/09\\\/Yedi-Kilise.jpg\",\"width\":\"620\",\"height\":\"230\"},{\"@type\":\"BreadcrumbList\",\"@id\":\"https:\\\/\\\/akunq.net\\\/tr\\\/?p=18525#breadcrumb\",\"itemListElement\":[{\"@type\":\"ListItem\",\"position\":1,\"name\":\"Home\",\"item\":\"https:\\\/\\\/akunq.net\\\/tr\"},{\"@type\":\"ListItem\",\"position\":2,\"name\":\"Ne olacak Fatih\u2019in kilisesinin bu hali\"}]},{\"@type\":\"WebSite\",\"@id\":\"https:\\\/\\\/akunq.net\\\/tr\\\/#website\",\"url\":\"https:\\\/\\\/akunq.net\\\/tr\\\/\",\"name\":\"Bati Ermenistan Ve Bati Ermenileri Sorunlari Ara\u015ftirmalar Merkezi\",\"description\":\"\",\"potentialAction\":[{\"@type\":\"SearchAction\",\"target\":{\"@type\":\"EntryPoint\",\"urlTemplate\":\"https:\\\/\\\/akunq.net\\\/tr\\\/?s={search_term_string}\"},\"query-input\":{\"@type\":\"PropertyValueSpecification\",\"valueRequired\":true,\"valueName\":\"search_term_string\"}}],\"inLanguage\":\"en-US\"},{\"@type\":\"Person\",\"@id\":\"https:\\\/\\\/akunq.net\\\/tr\\\/#\\\/schema\\\/person\\\/096f1d38a12cce57fb855b485ed24c9e\",\"name\":\"admin\",\"url\":\"https:\\\/\\\/akunq.net\\\/tr\\\/?author=7\"}]}<\/script>\n<!-- \/ Yoast SEO plugin. -->","yoast_head_json":{"title":"Ne olacak Fatih\u2019in kilisesinin bu hali - Bati Ermenistan Ve Bati Ermenileri Sorunlari Ara\u015ftirmalar Merkezi","robots":{"index":"index","follow":"follow","max-snippet":"max-snippet:-1","max-image-preview":"max-image-preview:large","max-video-preview":"max-video-preview:-1"},"canonical":"https:\/\/akunq.net\/tr\/?p=18525","og_locale":"en_US","og_type":"article","og_title":"Ne olacak Fatih\u2019in kilisesinin bu hali - Bati Ermenistan Ve Bati Ermenileri Sorunlari Ara\u015ftirmalar Merkezi","og_description":"Van\u2019daki Yedi Kilise\u2019nin restorasyonu i\u00e7in sahibine ula\u015fmaya \u00e7al\u0131\u015fan \u0130l K\u00fclt\u00fcr M\u00fcd\u00fcrl\u00fc\u011f\u00fc, kimseyi bulamay\u0131nca \u00e7al\u0131\u015fmaya ba\u015flayamad\u0131. Kilisenin Fatih Altayl\u0131\u2019ya ait oldu\u011fu ortaya \u00e7\u0131kt\u0131. Van\u2019\u0131n, Yukar\u0131 Bakra\u00e7l\u0131 k\u00f6y\u00fcnde bulunan ve \u201cYedi Kilise\u201d olarak an\u0131lan kilisenin restorasyon i\u015flemleri tapuya tak\u0131l\u0131nca kilisenin ve bulundu\u011fu k\u00f6y\u00fcn sahibi olan H\u00fcsamettin Altayl\u0131 adl\u0131 vatanda\u015f\u0131n varisleri aranmaya ba\u015fland\u0131. Kilisenin tapusunun H\u00fcsamettin Altayl\u0131\u2019n\u0131n torunu, [&hellip;]","og_url":"https:\/\/akunq.net\/tr\/?p=18525","og_site_name":"Bati Ermenistan Ve Bati Ermenileri Sorunlari Ara\u015ftirmalar Merkezi","article_published_time":"2012-09-24T08:01:48+00:00","og_image":[{"url":"http:\/\/akunq.net\/tr\/wp-content\/uploads\/2012\/09\/Yedi-Kilise.jpg","type":"","width":"","height":""}],"author":"admin","twitter_card":"summary_large_image","twitter_misc":{"Written by":"admin","Est. reading time":"3 minutes"},"schema":{"@context":"https:\/\/schema.org","@graph":[{"@type":"Article","@id":"https:\/\/akunq.net\/tr\/?p=18525#article","isPartOf":{"@id":"https:\/\/akunq.net\/tr\/?p=18525"},"author":{"name":"admin","@id":"https:\/\/akunq.net\/tr\/#\/schema\/person\/096f1d38a12cce57fb855b485ed24c9e"},"headline":"Ne olacak Fatih\u2019in kilisesinin bu hali","datePublished":"2012-09-24T08:01:48+00:00","mainEntityOfPage":{"@id":"https:\/\/akunq.net\/tr\/?p=18525"},"wordCount":575,"commentCount":0,"image":{"@id":"https:\/\/akunq.net\/tr\/?p=18525#primaryimage"},"thumbnailUrl":"http:\/\/akunq.net\/tr\/wp-content\/uploads\/2012\/09\/Yedi-Kilise.jpg","articleSection":["G\u00fcn\u00fcm\u00fczde Bat\u0131 Ermenistan","Haberler"],"inLanguage":"en-US","potentialAction":[{"@type":"CommentAction","name":"Comment","target":["https:\/\/akunq.net\/tr\/?p=18525#respond"]}]},{"@type":"WebPage","@id":"https:\/\/akunq.net\/tr\/?p=18525","url":"https:\/\/akunq.net\/tr\/?p=18525","name":"Ne olacak Fatih\u2019in kilisesinin bu hali - Bati Ermenistan Ve Bati Ermenileri Sorunlari Ara\u015ftirmalar Merkezi","isPartOf":{"@id":"https:\/\/akunq.net\/tr\/#website"},"primaryImageOfPage":{"@id":"https:\/\/akunq.net\/tr\/?p=18525#primaryimage"},"image":{"@id":"https:\/\/akunq.net\/tr\/?p=18525#primaryimage"},"thumbnailUrl":"http:\/\/akunq.net\/tr\/wp-content\/uploads\/2012\/09\/Yedi-Kilise.jpg","datePublished":"2012-09-24T08:01:48+00:00","author":{"@id":"https:\/\/akunq.net\/tr\/#\/schema\/person\/096f1d38a12cce57fb855b485ed24c9e"},"breadcrumb":{"@id":"https:\/\/akunq.net\/tr\/?p=18525#breadcrumb"},"inLanguage":"en-US","potentialAction":[{"@type":"ReadAction","target":["https:\/\/akunq.net\/tr\/?p=18525"]}]},{"@type":"ImageObject","inLanguage":"en-US","@id":"https:\/\/akunq.net\/tr\/?p=18525#primaryimage","url":"https:\/\/akunq.net\/tr\/wp-content\/uploads\/sites\/6\/2012\/09\/Yedi-Kilise.jpg","contentUrl":"https:\/\/akunq.net\/tr\/wp-content\/uploads\/sites\/6\/2012\/09\/Yedi-Kilise.jpg","width":"620","height":"230"},{"@type":"BreadcrumbList","@id":"https:\/\/akunq.net\/tr\/?p=18525#breadcrumb","itemListElement":[{"@type":"ListItem","position":1,"name":"Home","item":"https:\/\/akunq.net\/tr"},{"@type":"ListItem","position":2,"name":"Ne olacak Fatih\u2019in kilisesinin bu hali"}]},{"@type":"WebSite","@id":"https:\/\/akunq.net\/tr\/#website","url":"https:\/\/akunq.net\/tr\/","name":"Bati Ermenistan Ve Bati Ermenileri Sorunlari Ara\u015ftirmalar Merkezi","description":"","potentialAction":[{"@type":"SearchAction","target":{"@type":"EntryPoint","urlTemplate":"https:\/\/akunq.net\/tr\/?s={search_term_string}"},"query-input":{"@type":"PropertyValueSpecification","valueRequired":true,"valueName":"search_term_string"}}],"inLanguage":"en-US"},{"@type":"Person","@id":"https:\/\/akunq.net\/tr\/#\/schema\/person\/096f1d38a12cce57fb855b485ed24c9e","name":"admin","url":"https:\/\/akunq.net\/tr\/?author=7"}]}},"_links":{"self":[{"href":"https:\/\/akunq.net\/tr\/index.php?rest_route=\/wp\/v2\/posts\/18525","targetHints":{"allow":["GET"]}}],"collection":[{"href":"https:\/\/akunq.net\/tr\/index.php?rest_route=\/wp\/v2\/posts"}],"about":[{"href":"https:\/\/akunq.net\/tr\/index.php?rest_route=\/wp\/v2\/types\/post"}],"author":[{"embeddable":true,"href":"https:\/\/akunq.net\/tr\/index.php?rest_route=\/wp\/v2\/users\/7"}],"replies":[{"embeddable":true,"href":"https:\/\/akunq.net\/tr\/index.php?rest_route=%2Fwp%2Fv2%2Fcomments&post=18525"}],"version-history":[{"count":2,"href":"https:\/\/akunq.net\/tr\/index.php?rest_route=\/wp\/v2\/posts\/18525\/revisions"}],"predecessor-version":[{"id":18528,"href":"https:\/\/akunq.net\/tr\/index.php?rest_route=\/wp\/v2\/posts\/18525\/revisions\/18528"}],"wp:attachment":[{"href":"https:\/\/akunq.net\/tr\/index.php?rest_route=%2Fwp%2Fv2%2Fmedia&parent=18525"}],"wp:term":[{"taxonomy":"category","embeddable":true,"href":"https:\/\/akunq.net\/tr\/index.php?rest_route=%2Fwp%2Fv2%2Fcategories&post=18525"},{"taxonomy":"post_tag","embeddable":true,"href":"https:\/\/akunq.net\/tr\/index.php?rest_route=%2Fwp%2Fv2%2Ftags&post=18525"}],"curies":[{"name":"wp","href":"https:\/\/api.w.org\/{rel}","templated":true}]}}