{"id":18365,"date":"2012-09-18T04:59:10","date_gmt":"2012-09-18T09:59:10","guid":{"rendered":"http:\/\/akunq.net\/tr\/?p=18365"},"modified":"2012-09-18T04:59:10","modified_gmt":"2012-09-18T09:59:10","slug":"van-golu-degil-tatvan-denizi","status":"publish","type":"post","link":"https:\/\/akunq.net\/tr\/?p=18365","title":{"rendered":"&#8216;Van G\u00f6l\u00fc&#8217; de\u011fil, &#8216;Tatvan Denizi&#8217;"},"content":{"rendered":"<p style=\"text-align: justify;\"><em><strong><a href=\"http:\/\/akunq.net\/tr\/?attachment_id=18366\" rel=\"attachment wp-att-18366\"><img loading=\"lazy\" decoding=\"async\" class=\"alignright size-medium wp-image-18366\" title=\"Van\" src=\"http:\/\/akunq.net\/tr\/wp-content\/uploads\/2012\/09\/Van-300x225.jpg\" alt=\"\" width=\"300\" height=\"225\" srcset=\"https:\/\/akunq.net\/tr\/wp-content\/uploads\/sites\/6\/2012\/09\/Van-300x225.jpg 300w, https:\/\/akunq.net\/tr\/wp-content\/uploads\/sites\/6\/2012\/09\/Van-600x450.jpg 600w, https:\/\/akunq.net\/tr\/wp-content\/uploads\/sites\/6\/2012\/09\/Van.jpg 800w\" sizes=\"auto, (max-width: 300px) 100vw, 300px\" \/><\/a>Bitlisli vatanda\u015flar, y\u00fczde 65&#8217;lik b\u00f6l\u00fcm\u00fc Bitlis il s\u0131n\u0131rlar\u0131 i\u00e7erisinde bulunan ve &#8220;Van G\u00f6l\u00fc&#8221; olarak bilinen g\u00f6l\u00fcn isminin &#8220;Tatvan Denizi&#8221; olarak de\u011fi\u015ftirilmesini istiyor.<\/strong><\/em><br \/>\nBitlis Belediye Ba\u015fkan\u0131 Fehmi Alayd\u0131n, Osmanl\u0131 ar\u015fivlerinden \u00e7\u0131kan belgelerden sonra &#8220;Tatvan Denizi mi, yoksa Van G\u00f6l\u00fc m\u00fc?&#8221; tart\u0131\u015fmalar\u0131n\u0131 de\u011ferlendirdi. Alayd\u0131n, &#8220;Tatvan Denizi&#8221; fikrine sahip \u00e7\u0131k\u0131lmas\u0131 durumunda g\u00f6l\u00fcn Bitlis&#8217;e ait olaca\u011f\u0131n\u0131 s\u00f6yledi ve ekledi: &#8220;Tatvan Denizi&#8217;ne sahip \u00e7\u0131kabiliyorsak g\u00f6l bizimdir. Sahip \u00e7\u0131kam\u0131yorsak bizim de\u011fildir.&#8221;<\/p>\n<p style=\"text-align: justify;\"><strong>&#8216;G\u00d6L\u00dc DE\u011eERLEND\u0130RMEL\u0130&#8217;<\/strong><br \/>\n\u0130simlere \u00e7ok da tak\u0131lmamak gerekti\u011fini ifade eden Ba\u015fkan Alayd\u0131n, \u015f\u00f6yle konu\u015ftu: &#8220;Ancak yeri geldi\u011finde de sahip \u00e7\u0131k\u0131lmas\u0131 gerekiyorsa sahip \u00e7\u0131kmam\u0131z gerekiyor ve sahip de \u00e7\u0131kar\u0131z. Ama \u00f6zellikle denizimize sahip \u00e7\u0131kmam\u0131z gerekir. Denizden para kazanmaya bizim ihtiyac\u0131m\u0131z var. \u0130n\u015fallah g\u00fcn\u00fc geldi\u011finde bunlar\u0131n hepsinden ziyadesiyle yararlanaca\u011f\u0131m\u0131za inan\u0131yorum. G\u00f6l\u00fcn 3&#8217;te ikilik k\u0131sm\u0131, yani y\u00fczde 65&#8217;i Bitlis il s\u0131n\u0131rlar\u0131 i\u00e7erisinde bulunuyor. Gelen misafirlerimize bunu anlatt\u0131\u011f\u0131m\u0131zda onlar\u0131n da g\u00f6l\u00fcn &#8216;Tatvan Denizi&#8217; mi yoksa &#8216;Van G\u00f6l\u00fc&#8217; m\u00fc oldu\u011fu konusunda kafalar\u0131 kar\u0131\u015f\u0131yor. Yak\u0131nda g\u00f6l\u00fcn &#8216;Tatvan G\u00f6l\u00fc&#8217; olarak adland\u0131r\u0131laca\u011f\u0131n\u0131 d\u00fc\u015f\u00fcyoruz.&#8221; Tatvan Kaymakam\u0131 Murat Erkan da konuyla ilgili \u015funlar\u0131 s\u00f6yledi: &#8220;\u00d6nemli olan g\u00f6l\u00fc, denizi ula\u015f\u0131m, sportif, k\u00fclt\u00fcr, do\u011fa anlam\u0131nda de\u011ferlendirerek insanlar\u0131n kullan\u0131m\u0131na a\u00e7makt\u0131r. Yani g\u00f6l\u00fcn tamam\u0131n\u0131 insanlar\u0131n kullan\u0131m\u0131na a\u00e7makt\u0131r. \u0130lk yap\u0131lmas\u0131 gereken buran\u0131n potansiyelinin herkese tan\u0131t\u0131lmas\u0131 olmal\u0131d\u0131r. G\u00f6l\u00fcn stratejik \u00f6nemi belli, zaten bu ama\u00e7la biz de elimizden geneli yapaca\u011f\u0131z. Yapaca\u011f\u0131m\u0131z tan\u0131t\u0131mlar\u0131n uzun vadede bize yarar sa\u011flayaca\u011f\u0131n\u0131 d\u00fc\u015f\u00fcn\u00fcyorum.&#8221; G\u00f6l isminde \u0131srarl\u0131 olan Bitlisliler yetkililerden ismin iadesi i\u00e7in ilgili yerlere ba\u015fvuruda bulunmas\u0131n\u0131 istiyor. Bitlisli vatanda\u015flardan Engin Sancak, &#8220;Van G\u00f6l\u00fc&#8221; isminin tarihte &#8220;Tatvan Denizi&#8221; olarak kaynaklarda yer ald\u0131\u011f\u0131n\u0131 ve bunun bilimsel dayana\u011f\u0131n\u0131n ortaya \u00e7\u0131kmas\u0131n\u0131n tarih ve Tatvan a\u00e7s\u0131ndan \u00f6nemli oldu\u011funu belirtti.<\/p>\n<p style=\"text-align: justify;\"><strong>&#8216;B\u0130L\u0130MSEL BELGELER VAR&#8217;<\/strong><br \/>\nSancak, &#8220;Bir \u00f6\u011fretim g\u00f6revlimizin, S\u00fcleymaniye K\u00fct\u00fcphanesi&#8217;nde yapt\u0131\u011f\u0131 ara\u015ft\u0131rmalar neticesinde, bu bilimsel belge bulundu. Bu belge, \u015fu an elimizde. B\u00f6ylece Tatvan ve \u00e7evresiyle ilgili \u00f6nemli bir bilgiyi de elde etmi\u015f olduk. Biz g\u00f6l\u00fcm\u00fcz\u00fcn isminin geri verilmesini istiyoruz. \u0130smi &#8216;Tatvan Denizi&#8217; olmayacaksa bile sadece &#8216;Van G\u00f6l\u00fc&#8217; olmas\u0131n, Bitlis &#8211; Van ya da Van- Bitlis G\u00f6l\u00fc olsun&#8221; ifadelerini kulland\u0131. Bitlisli vatanda\u015flardan Erol \u00dcnal ise \u015funlar\u0131 s\u00f6yledi: &#8220;G\u00f6l\u00fcn eski isimleri &#8216;Tatvan Denizi&#8217;, daha da eskiye giderseniz &#8216;Ahlat Denizi&#8217; olarak ge\u00e7iyor. Bu iki isim en son yap\u0131lan ara\u015ft\u0131rmalar neticesinde ortaya \u00e7\u0131kmaktad\u0131r.&#8221; Bitlisli di\u011fer vatanda\u015f Yavuz Ar\u0131kl\u0131, &#8220;Tarihte sadece Evliya \u00c7elebi Seyahatnamesi&#8217;nde &#8216;Van G\u00f6l\u00fc&#8217; olarak ge\u00e7iyor. Bunun sebebi ise Evliya \u00c7elebi&#8217;nin g\u00f6l ile ilgili ara\u015ft\u0131rmalar\u0131na Van&#8217;dan ba\u015flamas\u0131ndan kaynaklan\u0131yor. E\u011fer Bitlis&#8217;ten ba\u015flasayd\u0131 &#8216;Bitlis G\u00f6l\u00fc&#8217; diyecekti&#8221; \u015feklinde konu\u015ftu. Van G\u00f6l\u00fc&#8217;n\u00fcn tarihte &#8220;Tatvan Denizi&#8221; olarak ge\u00e7ti\u011fi y\u00f6n\u00fcnde iddialar vard\u0131. Ancak bu iddialar\u0131n asl\u0131nda sadece bir iddia olmad\u0131\u011f\u0131 ge\u00e7ti\u011fimiz g\u00fcnlerde S\u00fcleymaniye K\u00fct\u00fcphanesi&#8217;nde bulunan, &#8220;Tezkiret\u00fc&#8217;l-B\u00fcnyan&#8221; isimli el yazmas\u0131 eser sayesinde kan\u0131tlanm\u0131\u015f oldu. \u0130stanbul&#8217;daki S\u00fcleymaniye K\u00fct\u00fcphanesi&#8217;nde yer alan, tarih\u00e7i ve ayn\u0131 zamanda Mimar Sinan&#8217;\u0131n yak\u0131n dostu Sai Mustafa \u00c7elebi taraf\u0131ndan kaleme al\u0131nan Tezkiret\u00fcl- B\u00fcnyan isimli yazma eserde, Van G\u00f6l\u00fc&#8217;n\u00fcn, &#8220;Tatvan Denizi&#8221; veya &#8220;Tatvan Deryas\u0131&#8221; olarak ge\u00e7ti\u011fini g\u00f6r\u00fcl\u00fcyor. Mimar Sinan, Kanuni Sultan S\u00fcleyman d\u00f6neminde \u0130ran&#8217;a d\u00fczenlenen seferde g\u00f6rev alm\u0131\u015f ve g\u00f6lde ge\u00e7i\u015fi sa\u011flayacak gemilerin yap\u0131m\u0131 i\u00e7in \u00e7al\u0131\u015fm\u0131\u015ft\u0131. Bunu kaleme alan tarih\u00e7i Sai Mustafa \u00c7elebi de o d\u00f6nemde g\u00f6l\u00fcn ismini &#8220;Tatvan Denizi&#8221; olarak bir\u00e7ok kez kullanm\u0131\u015f. S\u00fcleymaniye K\u00fct\u00fcphanesi&#8217;nde Hac\u0131 Mahmut Efendi&#8217;nin yazd\u0131\u011f\u0131 4911 numarada kay\u0131tl\u0131 bulunan eserde de &#8220;Tatvan Denizi&#8221; ibaresine yer veriliyor<br \/>\n<em><strong>http:\/\/www.sabah.com.tr\/Yasam\/2012\/09\/18\/van-golu-degil-tatvan-denizi<\/strong><\/em><\/p>\n","protected":false},"excerpt":{"rendered":"<p>Bitlisli vatanda\u015flar, y\u00fczde 65&#8217;lik b\u00f6l\u00fcm\u00fc Bitlis il s\u0131n\u0131rlar\u0131 i\u00e7erisinde bulunan ve &#8220;Van G\u00f6l\u00fc&#8221; olarak bilinen g\u00f6l\u00fcn isminin &#8220;Tatvan Denizi&#8221; olarak de\u011fi\u015ftirilmesini istiyor. Bitlis Belediye Ba\u015fkan\u0131 Fehmi Alayd\u0131n, Osmanl\u0131 ar\u015fivlerinden \u00e7\u0131kan belgelerden sonra &#8220;Tatvan Denizi mi, yoksa Van G\u00f6l\u00fc m\u00fc?&#8221; tart\u0131\u015fmalar\u0131n\u0131 de\u011ferlendirdi. Alayd\u0131n, &#8220;Tatvan Denizi&#8221; fikrine sahip \u00e7\u0131k\u0131lmas\u0131 durumunda g\u00f6l\u00fcn Bitlis&#8217;e ait olaca\u011f\u0131n\u0131 s\u00f6yledi ve ekledi: [&hellip;]<\/p>\n","protected":false},"author":7,"featured_media":0,"comment_status":"open","ping_status":"open","sticky":false,"template":"","format":"standard","meta":{"footnotes":""},"categories":[22,1],"tags":[],"class_list":["post-18365","post","type-post","status-publish","format-standard","hentry","category-gunumuzde-bati-ermenistan","category-haberler"],"yoast_head":"<!-- This site is optimized with the Yoast SEO plugin v27.4 - https:\/\/yoast.com\/product\/yoast-seo-wordpress\/ -->\n<title>&#039;Van G\u00f6l\u00fc&#039; de\u011fil, &#039;Tatvan Denizi&#039; - Bati Ermenistan Ve Bati Ermenileri Sorunlari Ara\u015ftirmalar Merkezi<\/title>\n<meta name=\"robots\" content=\"index, follow, max-snippet:-1, max-image-preview:large, max-video-preview:-1\" \/>\n<link rel=\"canonical\" href=\"https:\/\/akunq.net\/tr\/?p=18365\" \/>\n<meta property=\"og:locale\" content=\"en_US\" \/>\n<meta property=\"og:type\" content=\"article\" \/>\n<meta property=\"og:title\" content=\"&#039;Van G\u00f6l\u00fc&#039; de\u011fil, &#039;Tatvan Denizi&#039; - Bati Ermenistan Ve Bati Ermenileri Sorunlari Ara\u015ftirmalar Merkezi\" \/>\n<meta property=\"og:description\" content=\"Bitlisli vatanda\u015flar, y\u00fczde 65&#8217;lik b\u00f6l\u00fcm\u00fc Bitlis il s\u0131n\u0131rlar\u0131 i\u00e7erisinde bulunan ve &#8220;Van G\u00f6l\u00fc&#8221; olarak bilinen g\u00f6l\u00fcn isminin &#8220;Tatvan Denizi&#8221; olarak de\u011fi\u015ftirilmesini istiyor. Bitlis Belediye Ba\u015fkan\u0131 Fehmi Alayd\u0131n, Osmanl\u0131 ar\u015fivlerinden \u00e7\u0131kan belgelerden sonra &#8220;Tatvan Denizi mi, yoksa Van G\u00f6l\u00fc m\u00fc?&#8221; tart\u0131\u015fmalar\u0131n\u0131 de\u011ferlendirdi. Alayd\u0131n, &#8220;Tatvan Denizi&#8221; fikrine sahip \u00e7\u0131k\u0131lmas\u0131 durumunda g\u00f6l\u00fcn Bitlis&#8217;e ait olaca\u011f\u0131n\u0131 s\u00f6yledi ve ekledi: [&hellip;]\" \/>\n<meta property=\"og:url\" content=\"https:\/\/akunq.net\/tr\/?p=18365\" \/>\n<meta property=\"og:site_name\" content=\"Bati Ermenistan Ve Bati Ermenileri Sorunlari Ara\u015ftirmalar Merkezi\" \/>\n<meta property=\"article:published_time\" content=\"2012-09-18T09:59:10+00:00\" \/>\n<meta property=\"og:image\" content=\"http:\/\/akunq.net\/tr\/wp-content\/uploads\/2012\/09\/Van-300x225.jpg\" \/>\n<meta name=\"author\" content=\"admin\" \/>\n<meta name=\"twitter:card\" content=\"summary_large_image\" \/>\n<meta name=\"twitter:label1\" content=\"Written by\" \/>\n\t<meta name=\"twitter:data1\" content=\"admin\" \/>\n\t<meta name=\"twitter:label2\" content=\"Est. reading time\" \/>\n\t<meta name=\"twitter:data2\" content=\"4 minutes\" \/>\n<script type=\"application\/ld+json\" class=\"yoast-schema-graph\">{\"@context\":\"https:\\\/\\\/schema.org\",\"@graph\":[{\"@type\":\"Article\",\"@id\":\"https:\\\/\\\/akunq.net\\\/tr\\\/?p=18365#article\",\"isPartOf\":{\"@id\":\"https:\\\/\\\/akunq.net\\\/tr\\\/?p=18365\"},\"author\":{\"name\":\"admin\",\"@id\":\"https:\\\/\\\/akunq.net\\\/tr\\\/#\\\/schema\\\/person\\\/096f1d38a12cce57fb855b485ed24c9e\"},\"headline\":\"&#8216;Van G\u00f6l\u00fc&#8217; de\u011fil, &#8216;Tatvan Denizi&#8217;\",\"datePublished\":\"2012-09-18T09:59:10+00:00\",\"mainEntityOfPage\":{\"@id\":\"https:\\\/\\\/akunq.net\\\/tr\\\/?p=18365\"},\"wordCount\":732,\"commentCount\":0,\"image\":{\"@id\":\"https:\\\/\\\/akunq.net\\\/tr\\\/?p=18365#primaryimage\"},\"thumbnailUrl\":\"http:\\\/\\\/akunq.net\\\/tr\\\/wp-content\\\/uploads\\\/2012\\\/09\\\/Van-300x225.jpg\",\"articleSection\":[\"G\u00fcn\u00fcm\u00fczde Bat\u0131 Ermenistan\",\"Haberler\"],\"inLanguage\":\"en-US\",\"potentialAction\":[{\"@type\":\"CommentAction\",\"name\":\"Comment\",\"target\":[\"https:\\\/\\\/akunq.net\\\/tr\\\/?p=18365#respond\"]}]},{\"@type\":\"WebPage\",\"@id\":\"https:\\\/\\\/akunq.net\\\/tr\\\/?p=18365\",\"url\":\"https:\\\/\\\/akunq.net\\\/tr\\\/?p=18365\",\"name\":\"'Van G\u00f6l\u00fc' de\u011fil, 'Tatvan Denizi' - Bati Ermenistan Ve Bati Ermenileri Sorunlari Ara\u015ftirmalar Merkezi\",\"isPartOf\":{\"@id\":\"https:\\\/\\\/akunq.net\\\/tr\\\/#website\"},\"primaryImageOfPage\":{\"@id\":\"https:\\\/\\\/akunq.net\\\/tr\\\/?p=18365#primaryimage\"},\"image\":{\"@id\":\"https:\\\/\\\/akunq.net\\\/tr\\\/?p=18365#primaryimage\"},\"thumbnailUrl\":\"http:\\\/\\\/akunq.net\\\/tr\\\/wp-content\\\/uploads\\\/2012\\\/09\\\/Van-300x225.jpg\",\"datePublished\":\"2012-09-18T09:59:10+00:00\",\"author\":{\"@id\":\"https:\\\/\\\/akunq.net\\\/tr\\\/#\\\/schema\\\/person\\\/096f1d38a12cce57fb855b485ed24c9e\"},\"breadcrumb\":{\"@id\":\"https:\\\/\\\/akunq.net\\\/tr\\\/?p=18365#breadcrumb\"},\"inLanguage\":\"en-US\",\"potentialAction\":[{\"@type\":\"ReadAction\",\"target\":[\"https:\\\/\\\/akunq.net\\\/tr\\\/?p=18365\"]}]},{\"@type\":\"ImageObject\",\"inLanguage\":\"en-US\",\"@id\":\"https:\\\/\\\/akunq.net\\\/tr\\\/?p=18365#primaryimage\",\"url\":\"https:\\\/\\\/akunq.net\\\/tr\\\/wp-content\\\/uploads\\\/sites\\\/6\\\/2012\\\/09\\\/Van.jpg\",\"contentUrl\":\"https:\\\/\\\/akunq.net\\\/tr\\\/wp-content\\\/uploads\\\/sites\\\/6\\\/2012\\\/09\\\/Van.jpg\",\"width\":\"800\",\"height\":\"600\"},{\"@type\":\"BreadcrumbList\",\"@id\":\"https:\\\/\\\/akunq.net\\\/tr\\\/?p=18365#breadcrumb\",\"itemListElement\":[{\"@type\":\"ListItem\",\"position\":1,\"name\":\"Home\",\"item\":\"https:\\\/\\\/akunq.net\\\/tr\"},{\"@type\":\"ListItem\",\"position\":2,\"name\":\"&#8216;Van G\u00f6l\u00fc&#8217; de\u011fil, &#8216;Tatvan Denizi&#8217;\"}]},{\"@type\":\"WebSite\",\"@id\":\"https:\\\/\\\/akunq.net\\\/tr\\\/#website\",\"url\":\"https:\\\/\\\/akunq.net\\\/tr\\\/\",\"name\":\"Bati Ermenistan Ve Bati Ermenileri Sorunlari Ara\u015ftirmalar Merkezi\",\"description\":\"\",\"potentialAction\":[{\"@type\":\"SearchAction\",\"target\":{\"@type\":\"EntryPoint\",\"urlTemplate\":\"https:\\\/\\\/akunq.net\\\/tr\\\/?s={search_term_string}\"},\"query-input\":{\"@type\":\"PropertyValueSpecification\",\"valueRequired\":true,\"valueName\":\"search_term_string\"}}],\"inLanguage\":\"en-US\"},{\"@type\":\"Person\",\"@id\":\"https:\\\/\\\/akunq.net\\\/tr\\\/#\\\/schema\\\/person\\\/096f1d38a12cce57fb855b485ed24c9e\",\"name\":\"admin\",\"url\":\"https:\\\/\\\/akunq.net\\\/tr\\\/?author=7\"}]}<\/script>\n<!-- \/ Yoast SEO plugin. -->","yoast_head_json":{"title":"'Van G\u00f6l\u00fc' de\u011fil, 'Tatvan Denizi' - Bati Ermenistan Ve Bati Ermenileri Sorunlari Ara\u015ftirmalar Merkezi","robots":{"index":"index","follow":"follow","max-snippet":"max-snippet:-1","max-image-preview":"max-image-preview:large","max-video-preview":"max-video-preview:-1"},"canonical":"https:\/\/akunq.net\/tr\/?p=18365","og_locale":"en_US","og_type":"article","og_title":"'Van G\u00f6l\u00fc' de\u011fil, 'Tatvan Denizi' - Bati Ermenistan Ve Bati Ermenileri Sorunlari Ara\u015ftirmalar Merkezi","og_description":"Bitlisli vatanda\u015flar, y\u00fczde 65&#8217;lik b\u00f6l\u00fcm\u00fc Bitlis il s\u0131n\u0131rlar\u0131 i\u00e7erisinde bulunan ve &#8220;Van G\u00f6l\u00fc&#8221; olarak bilinen g\u00f6l\u00fcn isminin &#8220;Tatvan Denizi&#8221; olarak de\u011fi\u015ftirilmesini istiyor. Bitlis Belediye Ba\u015fkan\u0131 Fehmi Alayd\u0131n, Osmanl\u0131 ar\u015fivlerinden \u00e7\u0131kan belgelerden sonra &#8220;Tatvan Denizi mi, yoksa Van G\u00f6l\u00fc m\u00fc?&#8221; tart\u0131\u015fmalar\u0131n\u0131 de\u011ferlendirdi. Alayd\u0131n, &#8220;Tatvan Denizi&#8221; fikrine sahip \u00e7\u0131k\u0131lmas\u0131 durumunda g\u00f6l\u00fcn Bitlis&#8217;e ait olaca\u011f\u0131n\u0131 s\u00f6yledi ve ekledi: [&hellip;]","og_url":"https:\/\/akunq.net\/tr\/?p=18365","og_site_name":"Bati Ermenistan Ve Bati Ermenileri Sorunlari Ara\u015ftirmalar Merkezi","article_published_time":"2012-09-18T09:59:10+00:00","og_image":[{"url":"http:\/\/akunq.net\/tr\/wp-content\/uploads\/2012\/09\/Van-300x225.jpg","type":"","width":"","height":""}],"author":"admin","twitter_card":"summary_large_image","twitter_misc":{"Written by":"admin","Est. reading time":"4 minutes"},"schema":{"@context":"https:\/\/schema.org","@graph":[{"@type":"Article","@id":"https:\/\/akunq.net\/tr\/?p=18365#article","isPartOf":{"@id":"https:\/\/akunq.net\/tr\/?p=18365"},"author":{"name":"admin","@id":"https:\/\/akunq.net\/tr\/#\/schema\/person\/096f1d38a12cce57fb855b485ed24c9e"},"headline":"&#8216;Van G\u00f6l\u00fc&#8217; de\u011fil, &#8216;Tatvan Denizi&#8217;","datePublished":"2012-09-18T09:59:10+00:00","mainEntityOfPage":{"@id":"https:\/\/akunq.net\/tr\/?p=18365"},"wordCount":732,"commentCount":0,"image":{"@id":"https:\/\/akunq.net\/tr\/?p=18365#primaryimage"},"thumbnailUrl":"http:\/\/akunq.net\/tr\/wp-content\/uploads\/2012\/09\/Van-300x225.jpg","articleSection":["G\u00fcn\u00fcm\u00fczde Bat\u0131 Ermenistan","Haberler"],"inLanguage":"en-US","potentialAction":[{"@type":"CommentAction","name":"Comment","target":["https:\/\/akunq.net\/tr\/?p=18365#respond"]}]},{"@type":"WebPage","@id":"https:\/\/akunq.net\/tr\/?p=18365","url":"https:\/\/akunq.net\/tr\/?p=18365","name":"'Van G\u00f6l\u00fc' de\u011fil, 'Tatvan Denizi' - Bati Ermenistan Ve Bati Ermenileri Sorunlari Ara\u015ftirmalar Merkezi","isPartOf":{"@id":"https:\/\/akunq.net\/tr\/#website"},"primaryImageOfPage":{"@id":"https:\/\/akunq.net\/tr\/?p=18365#primaryimage"},"image":{"@id":"https:\/\/akunq.net\/tr\/?p=18365#primaryimage"},"thumbnailUrl":"http:\/\/akunq.net\/tr\/wp-content\/uploads\/2012\/09\/Van-300x225.jpg","datePublished":"2012-09-18T09:59:10+00:00","author":{"@id":"https:\/\/akunq.net\/tr\/#\/schema\/person\/096f1d38a12cce57fb855b485ed24c9e"},"breadcrumb":{"@id":"https:\/\/akunq.net\/tr\/?p=18365#breadcrumb"},"inLanguage":"en-US","potentialAction":[{"@type":"ReadAction","target":["https:\/\/akunq.net\/tr\/?p=18365"]}]},{"@type":"ImageObject","inLanguage":"en-US","@id":"https:\/\/akunq.net\/tr\/?p=18365#primaryimage","url":"https:\/\/akunq.net\/tr\/wp-content\/uploads\/sites\/6\/2012\/09\/Van.jpg","contentUrl":"https:\/\/akunq.net\/tr\/wp-content\/uploads\/sites\/6\/2012\/09\/Van.jpg","width":"800","height":"600"},{"@type":"BreadcrumbList","@id":"https:\/\/akunq.net\/tr\/?p=18365#breadcrumb","itemListElement":[{"@type":"ListItem","position":1,"name":"Home","item":"https:\/\/akunq.net\/tr"},{"@type":"ListItem","position":2,"name":"&#8216;Van G\u00f6l\u00fc&#8217; de\u011fil, &#8216;Tatvan Denizi&#8217;"}]},{"@type":"WebSite","@id":"https:\/\/akunq.net\/tr\/#website","url":"https:\/\/akunq.net\/tr\/","name":"Bati Ermenistan Ve Bati Ermenileri Sorunlari Ara\u015ftirmalar Merkezi","description":"","potentialAction":[{"@type":"SearchAction","target":{"@type":"EntryPoint","urlTemplate":"https:\/\/akunq.net\/tr\/?s={search_term_string}"},"query-input":{"@type":"PropertyValueSpecification","valueRequired":true,"valueName":"search_term_string"}}],"inLanguage":"en-US"},{"@type":"Person","@id":"https:\/\/akunq.net\/tr\/#\/schema\/person\/096f1d38a12cce57fb855b485ed24c9e","name":"admin","url":"https:\/\/akunq.net\/tr\/?author=7"}]}},"_links":{"self":[{"href":"https:\/\/akunq.net\/tr\/index.php?rest_route=\/wp\/v2\/posts\/18365","targetHints":{"allow":["GET"]}}],"collection":[{"href":"https:\/\/akunq.net\/tr\/index.php?rest_route=\/wp\/v2\/posts"}],"about":[{"href":"https:\/\/akunq.net\/tr\/index.php?rest_route=\/wp\/v2\/types\/post"}],"author":[{"embeddable":true,"href":"https:\/\/akunq.net\/tr\/index.php?rest_route=\/wp\/v2\/users\/7"}],"replies":[{"embeddable":true,"href":"https:\/\/akunq.net\/tr\/index.php?rest_route=%2Fwp%2Fv2%2Fcomments&post=18365"}],"version-history":[{"count":2,"href":"https:\/\/akunq.net\/tr\/index.php?rest_route=\/wp\/v2\/posts\/18365\/revisions"}],"predecessor-version":[{"id":18368,"href":"https:\/\/akunq.net\/tr\/index.php?rest_route=\/wp\/v2\/posts\/18365\/revisions\/18368"}],"wp:attachment":[{"href":"https:\/\/akunq.net\/tr\/index.php?rest_route=%2Fwp%2Fv2%2Fmedia&parent=18365"}],"wp:term":[{"taxonomy":"category","embeddable":true,"href":"https:\/\/akunq.net\/tr\/index.php?rest_route=%2Fwp%2Fv2%2Fcategories&post=18365"},{"taxonomy":"post_tag","embeddable":true,"href":"https:\/\/akunq.net\/tr\/index.php?rest_route=%2Fwp%2Fv2%2Ftags&post=18365"}],"curies":[{"name":"wp","href":"https:\/\/api.w.org\/{rel}","templated":true}]}}