{"id":18361,"date":"2012-09-18T04:27:20","date_gmt":"2012-09-18T09:27:20","guid":{"rendered":"http:\/\/akunq.net\/tr\/?p=18361"},"modified":"2012-09-18T04:27:20","modified_gmt":"2012-09-18T09:27:20","slug":"tatul-anusyandan-van-evleri-cagrisi","status":"publish","type":"post","link":"https:\/\/akunq.net\/tr\/?p=18361","title":{"rendered":"Tatul Anu\u015fyan&#8221;dan Van Evleri \u00c7a\u011fr\u0131s\u0131"},"content":{"rendered":"<p style=\"text-align: justify;\"><strong><em><a href=\"http:\/\/akunq.net\/tr\/?attachment_id=18362\" rel=\"attachment wp-att-18362\"><img loading=\"lazy\" decoding=\"async\" class=\"alignright size-medium wp-image-18362\" title=\"Tatul Anu\u015fyan\" src=\"http:\/\/akunq.net\/tr\/wp-content\/uploads\/2012\/09\/Tatul-Anu\u015fyan-300x225.jpg\" alt=\"\" width=\"300\" height=\"225\" srcset=\"https:\/\/akunq.net\/tr\/wp-content\/uploads\/sites\/6\/2012\/09\/Tatul-Anu\u015fyan-300x225.jpg 300w, https:\/\/akunq.net\/tr\/wp-content\/uploads\/sites\/6\/2012\/09\/Tatul-Anu\u015fyan.jpg 400w\" sizes=\"auto, (max-width: 300px) 100vw, 300px\" \/><\/a>T\u00fcrkiye Ermenileri Patrikhanesi Ruhani Meclis Ba\u015fkan\u0131 Tatul Anu\u015fyan, ya\u015fanan deprem sonras\u0131 tarihi Van evlerinin y\u0131k\u0131lmas\u0131ndan duydu\u011fu \u00fcz\u00fcnt\u00fcy\u00fc dile getirerek, yeni Van evlerinin yap\u0131lmas\u0131 i\u00e7in \u00e7a\u011fr\u0131da bulundu. <\/em><\/strong><\/p>\n<p style=\"text-align: justify;\">Bu y\u0131l 3\u2019nc\u00fcs\u00fc ger\u00e7ekle\u015ftirilen Ermeni ayini sonras\u0131 \u0130HA muhabirine a\u00e7\u0131klamalarda bulunan T\u00fcrkiye Ermenileri Patrikhanesi Ruhani Meclis Ba\u015fkan\u0131 Tatul Anu\u015fyan, Van\u2019\u0131n \u00e7e\u015fitli mahallelerinde bulunan ve son ya\u015fanan depremden \u00e7o\u011funun y\u0131k\u0131ld\u0131\u011f\u0131 tarihi evleri g\u00f6rememenin \u00fcz\u00fcnt\u00fcs\u00fcn\u00fc ya\u015fad\u0131\u011f\u0131n\u0131 dile getirdi. Bu evlerin Van&#8217;\u0131n geleneksel mimarisinin \u00f6nemli unsurlardan biri oldu\u011funu anlatan Anu\u015fyan, \u201cBu tarihi evler Van\u2019\u0131n dokusuna \u00f6zg\u00fc evler. Biz bu yap\u0131lar\u0131 \u00e7ok seviyoruz. Van\u2019a \u00f6zg\u00fc Van evlerinin koruma alt\u0131na al\u0131nmas\u0131 istiyoruz. Ayin i\u00e7in geldi\u011fimiz bu d\u00f6nemde bu yap\u0131lar\u0131 g\u00f6rememenin \u00fcz\u00fcnt\u00fcs\u00fcn\u00fc ya\u015fad\u0131k. Umar\u0131m yetkili kurumlar bu konuda \u00e7al\u0131\u015fma yaparlar. Bu kentte yeni yeni tarihi Van evlerinin kazand\u0131r\u0131lmas\u0131 gerekti\u011fi g\u00f6r\u00fc\u015f\u00fcndeyiz. \u00c7\u00fcnk\u00fc ayine gelen ziyaret\u00e7iler de bu evler konusunda \u00e7ok hassaslar. Ayine yeni kat\u0131lanlar bu evleri g\u00f6remediklerini dile getirdiler. Biz bir sonraki ayine kadar bu evlerin yenisinin yap\u0131larak korunmalar\u0131n\u0131 bekliyoruz. Burada yetkili kurumlar\u0131m\u0131za \u00e7a\u011fr\u0131da bulunuyorum. L\u00fctfen bu tarihi evlerin yok olmalar\u0131na izin vermeyin\u201d dedi.<\/p>\n<p style=\"text-align: justify;\"><strong><em>ww.haberfx.net\/tatul-anusyandan-van-evleri-cagrisi-haberi-601081\/<\/em><\/strong><\/p>\n","protected":false},"excerpt":{"rendered":"<p>T\u00fcrkiye Ermenileri Patrikhanesi Ruhani Meclis Ba\u015fkan\u0131 Tatul Anu\u015fyan, ya\u015fanan deprem sonras\u0131 tarihi Van evlerinin y\u0131k\u0131lmas\u0131ndan duydu\u011fu \u00fcz\u00fcnt\u00fcy\u00fc dile getirerek, yeni Van evlerinin yap\u0131lmas\u0131 i\u00e7in \u00e7a\u011fr\u0131da bulundu. Bu y\u0131l 3\u2019nc\u00fcs\u00fc ger\u00e7ekle\u015ftirilen Ermeni ayini sonras\u0131 \u0130HA muhabirine a\u00e7\u0131klamalarda bulunan T\u00fcrkiye Ermenileri Patrikhanesi Ruhani Meclis Ba\u015fkan\u0131 Tatul Anu\u015fyan, Van\u2019\u0131n \u00e7e\u015fitli mahallelerinde bulunan ve son ya\u015fanan depremden \u00e7o\u011funun y\u0131k\u0131ld\u0131\u011f\u0131 [&hellip;]<\/p>\n","protected":false},"author":7,"featured_media":0,"comment_status":"open","ping_status":"open","sticky":false,"template":"","format":"standard","meta":{"footnotes":""},"categories":[22,1],"tags":[],"class_list":["post-18361","post","type-post","status-publish","format-standard","hentry","category-gunumuzde-bati-ermenistan","category-haberler"],"yoast_head":"<!-- This site is optimized with the Yoast SEO plugin v27.4 - https:\/\/yoast.com\/product\/yoast-seo-wordpress\/ -->\n<title>Tatul Anu\u015fyan&quot;dan Van Evleri \u00c7a\u011fr\u0131s\u0131 - Bati Ermenistan Ve Bati Ermenileri Sorunlari Ara\u015ftirmalar Merkezi<\/title>\n<meta name=\"robots\" content=\"index, follow, max-snippet:-1, max-image-preview:large, max-video-preview:-1\" \/>\n<link rel=\"canonical\" href=\"https:\/\/akunq.net\/tr\/?p=18361\" \/>\n<meta property=\"og:locale\" content=\"en_US\" \/>\n<meta property=\"og:type\" content=\"article\" \/>\n<meta property=\"og:title\" content=\"Tatul Anu\u015fyan&quot;dan Van Evleri \u00c7a\u011fr\u0131s\u0131 - Bati Ermenistan Ve Bati Ermenileri Sorunlari Ara\u015ftirmalar Merkezi\" \/>\n<meta property=\"og:description\" content=\"T\u00fcrkiye Ermenileri Patrikhanesi Ruhani Meclis Ba\u015fkan\u0131 Tatul Anu\u015fyan, ya\u015fanan deprem sonras\u0131 tarihi Van evlerinin y\u0131k\u0131lmas\u0131ndan duydu\u011fu \u00fcz\u00fcnt\u00fcy\u00fc dile getirerek, yeni Van evlerinin yap\u0131lmas\u0131 i\u00e7in \u00e7a\u011fr\u0131da bulundu. Bu y\u0131l 3\u2019nc\u00fcs\u00fc ger\u00e7ekle\u015ftirilen Ermeni ayini sonras\u0131 \u0130HA muhabirine a\u00e7\u0131klamalarda bulunan T\u00fcrkiye Ermenileri Patrikhanesi Ruhani Meclis Ba\u015fkan\u0131 Tatul Anu\u015fyan, Van\u2019\u0131n \u00e7e\u015fitli mahallelerinde bulunan ve son ya\u015fanan depremden \u00e7o\u011funun y\u0131k\u0131ld\u0131\u011f\u0131 [&hellip;]\" \/>\n<meta property=\"og:url\" content=\"https:\/\/akunq.net\/tr\/?p=18361\" \/>\n<meta property=\"og:site_name\" content=\"Bati Ermenistan Ve Bati Ermenileri Sorunlari Ara\u015ftirmalar Merkezi\" \/>\n<meta property=\"article:published_time\" content=\"2012-09-18T09:27:20+00:00\" \/>\n<meta name=\"author\" content=\"admin\" \/>\n<meta name=\"twitter:card\" content=\"summary_large_image\" \/>\n<meta name=\"twitter:label1\" content=\"Written by\" \/>\n\t<meta name=\"twitter:data1\" content=\"admin\" \/>\n\t<meta name=\"twitter:label2\" content=\"Est. reading time\" \/>\n\t<meta name=\"twitter:data2\" content=\"1 minute\" \/>\n<script type=\"application\/ld+json\" class=\"yoast-schema-graph\">{\"@context\":\"https:\\\/\\\/schema.org\",\"@graph\":[{\"@type\":\"Article\",\"@id\":\"https:\\\/\\\/akunq.net\\\/tr\\\/?p=18361#article\",\"isPartOf\":{\"@id\":\"https:\\\/\\\/akunq.net\\\/tr\\\/?p=18361\"},\"author\":{\"name\":\"admin\",\"@id\":\"https:\\\/\\\/akunq.net\\\/tr\\\/#\\\/schema\\\/person\\\/096f1d38a12cce57fb855b485ed24c9e\"},\"headline\":\"Tatul Anu\u015fyan&#8221;dan Van Evleri \u00c7a\u011fr\u0131s\u0131\",\"datePublished\":\"2012-09-18T09:27:20+00:00\",\"mainEntityOfPage\":{\"@id\":\"https:\\\/\\\/akunq.net\\\/tr\\\/?p=18361\"},\"wordCount\":246,\"commentCount\":0,\"articleSection\":[\"G\u00fcn\u00fcm\u00fczde Bat\u0131 Ermenistan\",\"Haberler\"],\"inLanguage\":\"en-US\",\"potentialAction\":[{\"@type\":\"CommentAction\",\"name\":\"Comment\",\"target\":[\"https:\\\/\\\/akunq.net\\\/tr\\\/?p=18361#respond\"]}]},{\"@type\":\"WebPage\",\"@id\":\"https:\\\/\\\/akunq.net\\\/tr\\\/?p=18361\",\"url\":\"https:\\\/\\\/akunq.net\\\/tr\\\/?p=18361\",\"name\":\"Tatul Anu\u015fyan\\\"dan Van Evleri \u00c7a\u011fr\u0131s\u0131 - Bati Ermenistan Ve Bati Ermenileri Sorunlari Ara\u015ftirmalar Merkezi\",\"isPartOf\":{\"@id\":\"https:\\\/\\\/akunq.net\\\/tr\\\/#website\"},\"datePublished\":\"2012-09-18T09:27:20+00:00\",\"author\":{\"@id\":\"https:\\\/\\\/akunq.net\\\/tr\\\/#\\\/schema\\\/person\\\/096f1d38a12cce57fb855b485ed24c9e\"},\"breadcrumb\":{\"@id\":\"https:\\\/\\\/akunq.net\\\/tr\\\/?p=18361#breadcrumb\"},\"inLanguage\":\"en-US\",\"potentialAction\":[{\"@type\":\"ReadAction\",\"target\":[\"https:\\\/\\\/akunq.net\\\/tr\\\/?p=18361\"]}]},{\"@type\":\"BreadcrumbList\",\"@id\":\"https:\\\/\\\/akunq.net\\\/tr\\\/?p=18361#breadcrumb\",\"itemListElement\":[{\"@type\":\"ListItem\",\"position\":1,\"name\":\"Home\",\"item\":\"https:\\\/\\\/akunq.net\\\/tr\"},{\"@type\":\"ListItem\",\"position\":2,\"name\":\"Tatul Anu\u015fyan&#8221;dan Van Evleri \u00c7a\u011fr\u0131s\u0131\"}]},{\"@type\":\"WebSite\",\"@id\":\"https:\\\/\\\/akunq.net\\\/tr\\\/#website\",\"url\":\"https:\\\/\\\/akunq.net\\\/tr\\\/\",\"name\":\"Bati Ermenistan Ve Bati Ermenileri Sorunlari Ara\u015ftirmalar Merkezi\",\"description\":\"\",\"potentialAction\":[{\"@type\":\"SearchAction\",\"target\":{\"@type\":\"EntryPoint\",\"urlTemplate\":\"https:\\\/\\\/akunq.net\\\/tr\\\/?s={search_term_string}\"},\"query-input\":{\"@type\":\"PropertyValueSpecification\",\"valueRequired\":true,\"valueName\":\"search_term_string\"}}],\"inLanguage\":\"en-US\"},{\"@type\":\"Person\",\"@id\":\"https:\\\/\\\/akunq.net\\\/tr\\\/#\\\/schema\\\/person\\\/096f1d38a12cce57fb855b485ed24c9e\",\"name\":\"admin\",\"url\":\"https:\\\/\\\/akunq.net\\\/tr\\\/?author=7\"}]}<\/script>\n<!-- \/ Yoast SEO plugin. -->","yoast_head_json":{"title":"Tatul Anu\u015fyan\"dan Van Evleri \u00c7a\u011fr\u0131s\u0131 - Bati Ermenistan Ve Bati Ermenileri Sorunlari Ara\u015ftirmalar Merkezi","robots":{"index":"index","follow":"follow","max-snippet":"max-snippet:-1","max-image-preview":"max-image-preview:large","max-video-preview":"max-video-preview:-1"},"canonical":"https:\/\/akunq.net\/tr\/?p=18361","og_locale":"en_US","og_type":"article","og_title":"Tatul Anu\u015fyan\"dan Van Evleri \u00c7a\u011fr\u0131s\u0131 - Bati Ermenistan Ve Bati Ermenileri Sorunlari Ara\u015ftirmalar Merkezi","og_description":"T\u00fcrkiye Ermenileri Patrikhanesi Ruhani Meclis Ba\u015fkan\u0131 Tatul Anu\u015fyan, ya\u015fanan deprem sonras\u0131 tarihi Van evlerinin y\u0131k\u0131lmas\u0131ndan duydu\u011fu \u00fcz\u00fcnt\u00fcy\u00fc dile getirerek, yeni Van evlerinin yap\u0131lmas\u0131 i\u00e7in \u00e7a\u011fr\u0131da bulundu. Bu y\u0131l 3\u2019nc\u00fcs\u00fc ger\u00e7ekle\u015ftirilen Ermeni ayini sonras\u0131 \u0130HA muhabirine a\u00e7\u0131klamalarda bulunan T\u00fcrkiye Ermenileri Patrikhanesi Ruhani Meclis Ba\u015fkan\u0131 Tatul Anu\u015fyan, Van\u2019\u0131n \u00e7e\u015fitli mahallelerinde bulunan ve son ya\u015fanan depremden \u00e7o\u011funun y\u0131k\u0131ld\u0131\u011f\u0131 [&hellip;]","og_url":"https:\/\/akunq.net\/tr\/?p=18361","og_site_name":"Bati Ermenistan Ve Bati Ermenileri Sorunlari Ara\u015ftirmalar Merkezi","article_published_time":"2012-09-18T09:27:20+00:00","author":"admin","twitter_card":"summary_large_image","twitter_misc":{"Written by":"admin","Est. reading time":"1 minute"},"schema":{"@context":"https:\/\/schema.org","@graph":[{"@type":"Article","@id":"https:\/\/akunq.net\/tr\/?p=18361#article","isPartOf":{"@id":"https:\/\/akunq.net\/tr\/?p=18361"},"author":{"name":"admin","@id":"https:\/\/akunq.net\/tr\/#\/schema\/person\/096f1d38a12cce57fb855b485ed24c9e"},"headline":"Tatul Anu\u015fyan&#8221;dan Van Evleri \u00c7a\u011fr\u0131s\u0131","datePublished":"2012-09-18T09:27:20+00:00","mainEntityOfPage":{"@id":"https:\/\/akunq.net\/tr\/?p=18361"},"wordCount":246,"commentCount":0,"articleSection":["G\u00fcn\u00fcm\u00fczde Bat\u0131 Ermenistan","Haberler"],"inLanguage":"en-US","potentialAction":[{"@type":"CommentAction","name":"Comment","target":["https:\/\/akunq.net\/tr\/?p=18361#respond"]}]},{"@type":"WebPage","@id":"https:\/\/akunq.net\/tr\/?p=18361","url":"https:\/\/akunq.net\/tr\/?p=18361","name":"Tatul Anu\u015fyan\"dan Van Evleri \u00c7a\u011fr\u0131s\u0131 - Bati Ermenistan Ve Bati Ermenileri Sorunlari Ara\u015ftirmalar Merkezi","isPartOf":{"@id":"https:\/\/akunq.net\/tr\/#website"},"datePublished":"2012-09-18T09:27:20+00:00","author":{"@id":"https:\/\/akunq.net\/tr\/#\/schema\/person\/096f1d38a12cce57fb855b485ed24c9e"},"breadcrumb":{"@id":"https:\/\/akunq.net\/tr\/?p=18361#breadcrumb"},"inLanguage":"en-US","potentialAction":[{"@type":"ReadAction","target":["https:\/\/akunq.net\/tr\/?p=18361"]}]},{"@type":"BreadcrumbList","@id":"https:\/\/akunq.net\/tr\/?p=18361#breadcrumb","itemListElement":[{"@type":"ListItem","position":1,"name":"Home","item":"https:\/\/akunq.net\/tr"},{"@type":"ListItem","position":2,"name":"Tatul Anu\u015fyan&#8221;dan Van Evleri \u00c7a\u011fr\u0131s\u0131"}]},{"@type":"WebSite","@id":"https:\/\/akunq.net\/tr\/#website","url":"https:\/\/akunq.net\/tr\/","name":"Bati Ermenistan Ve Bati Ermenileri Sorunlari Ara\u015ftirmalar Merkezi","description":"","potentialAction":[{"@type":"SearchAction","target":{"@type":"EntryPoint","urlTemplate":"https:\/\/akunq.net\/tr\/?s={search_term_string}"},"query-input":{"@type":"PropertyValueSpecification","valueRequired":true,"valueName":"search_term_string"}}],"inLanguage":"en-US"},{"@type":"Person","@id":"https:\/\/akunq.net\/tr\/#\/schema\/person\/096f1d38a12cce57fb855b485ed24c9e","name":"admin","url":"https:\/\/akunq.net\/tr\/?author=7"}]}},"_links":{"self":[{"href":"https:\/\/akunq.net\/tr\/index.php?rest_route=\/wp\/v2\/posts\/18361","targetHints":{"allow":["GET"]}}],"collection":[{"href":"https:\/\/akunq.net\/tr\/index.php?rest_route=\/wp\/v2\/posts"}],"about":[{"href":"https:\/\/akunq.net\/tr\/index.php?rest_route=\/wp\/v2\/types\/post"}],"author":[{"embeddable":true,"href":"https:\/\/akunq.net\/tr\/index.php?rest_route=\/wp\/v2\/users\/7"}],"replies":[{"embeddable":true,"href":"https:\/\/akunq.net\/tr\/index.php?rest_route=%2Fwp%2Fv2%2Fcomments&post=18361"}],"version-history":[{"count":2,"href":"https:\/\/akunq.net\/tr\/index.php?rest_route=\/wp\/v2\/posts\/18361\/revisions"}],"predecessor-version":[{"id":18364,"href":"https:\/\/akunq.net\/tr\/index.php?rest_route=\/wp\/v2\/posts\/18361\/revisions\/18364"}],"wp:attachment":[{"href":"https:\/\/akunq.net\/tr\/index.php?rest_route=%2Fwp%2Fv2%2Fmedia&parent=18361"}],"wp:term":[{"taxonomy":"category","embeddable":true,"href":"https:\/\/akunq.net\/tr\/index.php?rest_route=%2Fwp%2Fv2%2Fcategories&post=18361"},{"taxonomy":"post_tag","embeddable":true,"href":"https:\/\/akunq.net\/tr\/index.php?rest_route=%2Fwp%2Fv2%2Ftags&post=18361"}],"curies":[{"name":"wp","href":"https:\/\/api.w.org\/{rel}","templated":true}]}}