{"id":18290,"date":"2012-09-15T02:33:40","date_gmt":"2012-09-15T07:33:40","guid":{"rendered":"http:\/\/akunq.net\/tr\/?p=18290"},"modified":"2012-09-15T03:01:42","modified_gmt":"2012-09-15T08:01:42","slug":"fotograflarla-vakifli-koyu","status":"publish","type":"post","link":"https:\/\/akunq.net\/tr\/?p=18290","title":{"rendered":"Foto\u011fraflarla Vak\u0131fl\u0131 K\u00f6y\u00fc"},"content":{"rendered":"<p style=\"text-align: justify;\" align=\"center\"><a href=\"http:\/\/akunq.net\/tr\/?attachment_id=18291\" rel=\"attachment wp-att-18291\"><img loading=\"lazy\" decoding=\"async\" class=\"alignright size-medium wp-image-18291\" title=\"Foto\u011fraflarla Vak\u0131fl\u0131 K\u00f6y\u00fc 1\" src=\"http:\/\/akunq.net\/tr\/wp-content\/uploads\/2012\/09\/Foto\u011fraflarla-Vak\u0131fl\u0131-K\u00f6y\u00fc-1-300x155.jpg\" alt=\"\" width=\"300\" height=\"155\" srcset=\"https:\/\/akunq.net\/tr\/wp-content\/uploads\/sites\/6\/2012\/09\/Foto\u011fraflarla-Vak\u0131fl\u0131-K\u00f6y\u00fc-1-300x155.jpg 300w, https:\/\/akunq.net\/tr\/wp-content\/uploads\/sites\/6\/2012\/09\/Foto\u011fraflarla-Vak\u0131fl\u0131-K\u00f6y\u00fc-1.jpg 501w\" sizes=\"auto, (max-width: 300px) 100vw, 300px\" \/><\/a>T\u00fcrkiye&#8217;nin son Ermeni k\u00f6y\u00fc Vak\u0131fl\u0131 ile ilgili &#8220;Daralan bir Cemaat: Vak\u0131fl\u0131, T\u00fcrkiye&#8217;nin Son Ermeni K\u00f6y\u00fc&#8221; ba\u015fl\u0131kl\u0131 bir belgesel foto\u011fraf projesi haz\u0131rland\u0131.<\/p>\n<p style=\"text-align: justify;\">T\u00fcrkiye&#8217;nin son Ermeni k\u00f6y\u00fc <strong>Vak\u0131fl\u0131 <\/strong>ile ilgili Amerikal\u0131 yazar <strong>Caroline Trent-G\u00fcrb\u00fcz <\/strong>ve T\u00fcrkiyeli foto muhabiri <strong>Sait Serkan G\u00fcrb\u00fcz<\/strong> <strong>&#8220;Daralan bir Cemaat: Vak\u0131fl\u0131, T\u00fcrkiye&#8217;nin Son Ermeni K\u00f6y\u00fc&#8221; <\/strong>ba\u015fl\u0131kl\u0131 bir \u00a0belgesel foto\u011fraf projesi haz\u0131rlad\u0131.<\/p>\n<p style=\"text-align: justify;\">Hatay&#8217;daki T\u00fcrkiye&#8217;nin son Ermeni k\u00f6y\u00fc Vak\u0131fl\u0131&#8217;da gen\u00e7lerin \u00e7o\u011funlu\u011fu \u0130stanbul veya yurtd\u0131\u015f\u0131nda ya\u015famay\u0131 tercih ederken, yaln\u0131zca 130 k\u00f6yl\u00fcden m\u00fcte\u015fekkil bu k\u00fc\u00e7\u00fck etnik cemaat varl\u0131\u011f\u0131n\u0131 s\u00fcrd\u00fcrme umudunu neredeyse kaybetmi\u015f. Fertleri ya\u015flan\u0131rken, cemaat son 16 senede gen\u00e7li\u011fin kilometre ta\u015f\u0131 say\u0131labilecek tek bir k\u00f6y d\u00fc\u011f\u00fcn\u00fc g\u00f6rmemi\u015f.<\/p>\n<p style=\"text-align: justify;\"><a href=\"http:\/\/vakifli.com\/\" target=\"_blank\">Vak\u0131fl\u0131.com<\/a> adresinde yay\u0131mlanan projede, k\u00f6y\u00fcn genci ve ya\u015fl\u0131s\u0131 \u00f6zel hayatlar\u0131n\u0131, ge\u00e7mi\u015flerini, ihtiraslar\u0131n\u0131 ve kay\u0131plar\u0131n\u0131 anlatt\u0131lar.<\/p>\n<p style=\"text-align: justify;\">Foto\u011fraf alt\u0131ndaki hikayeler \u015fimdilik sadece \u0130ngilizce; yak\u0131n zamanda ba\u015fka dillere de \u00e7evrilecek.<\/p>\n<p style=\"text-align: justify;\"><strong>Projeyi kimler yapt\u0131?<\/strong><\/p>\n<p style=\"text-align: justify;\"><a href=\"http:\/\/akunq.net\/tr\/?attachment_id=18292\" rel=\"attachment wp-att-18292\"><img loading=\"lazy\" decoding=\"async\" class=\"alignright size-medium wp-image-18292\" title=\"Foto\u011fraflarla Vak\u0131fl\u0131 K\u00f6y\u00fc 2\" src=\"http:\/\/akunq.net\/tr\/wp-content\/uploads\/2012\/09\/Foto\u011fraflarla-Vak\u0131fl\u0131-K\u00f6y\u00fc-2-300x200.jpg\" alt=\"\" width=\"300\" height=\"200\" srcset=\"https:\/\/akunq.net\/tr\/wp-content\/uploads\/sites\/6\/2012\/09\/Foto\u011fraflarla-Vak\u0131fl\u0131-K\u00f6y\u00fc-2-300x200.jpg 300w, https:\/\/akunq.net\/tr\/wp-content\/uploads\/sites\/6\/2012\/09\/Foto\u011fraflarla-Vak\u0131fl\u0131-K\u00f6y\u00fc-2.jpg 490w\" sizes=\"auto, (max-width: 300px) 100vw, 300px\" \/><\/a>Sait Serkan G\u00fcrb\u00fcz: Uluslararas\u0131 ili\u015fkiler alan\u0131nda lisans derecesini Bilkent \u00dcniversitesi&#8217;nde kazand\u0131. Fulbright bursiyeri olarak foto muhabirli\u011fi \u00f6\u011frenimi g\u00f6rd\u00fc\u011f\u00fc A.B.D.&#8217;deki Missouri Gazetecilik Okulu&#8217;ndan y\u00fcksek lisans derecesini ald\u0131. Foto\u011fraflar\u0131, Reuters, Capa Pictures ve Anadolu Ajans\u0131 gibi ajanslar da dahil olmak \u00fczere \u00e7e\u015fitli mecralarda yay\u0131mland\u0131. Ankara \u00dcniversitesi \u0130leti\u015fim Fak\u00fcltesi&#8217;nde kendi tasarlad\u0131\u011f\u0131 Foto Muhabirli\u011fine Giri\u015f dersini verdi.<\/p>\n<p>Caroline Trent-G\u00fcrb\u00fcz: Drake \u00dcniversitesi&#8217;nden uluslararas\u0131 ili\u015fkiler ve m\u00fczik alanlar\u0131nda \u00e7ift anadal lisans diplomas\u0131n\u0131 kazand\u0131. Ba\u011f\u0131ms\u0131z yazar ve d\u00fczeltmen olan Caroline de Missouri Gazetecilik Okulu&#8217;ndan y\u00fcksek lisans derecesi sahibidir.<\/p>\n<p style=\"text-align: justify;\"><strong><em>http:\/\/www.bianet.org\/bianet\/sanat\/140856-fotograflarla-vakifli-koyu<\/em><\/strong><\/p>\n","protected":false},"excerpt":{"rendered":"<p>T\u00fcrkiye&#8217;nin son Ermeni k\u00f6y\u00fc Vak\u0131fl\u0131 ile ilgili &#8220;Daralan bir Cemaat: Vak\u0131fl\u0131, T\u00fcrkiye&#8217;nin Son Ermeni K\u00f6y\u00fc&#8221; ba\u015fl\u0131kl\u0131 bir belgesel foto\u011fraf projesi haz\u0131rland\u0131. T\u00fcrkiye&#8217;nin son Ermeni k\u00f6y\u00fc Vak\u0131fl\u0131 ile ilgili Amerikal\u0131 yazar Caroline Trent-G\u00fcrb\u00fcz ve T\u00fcrkiyeli foto muhabiri Sait Serkan G\u00fcrb\u00fcz &#8220;Daralan bir Cemaat: Vak\u0131fl\u0131, T\u00fcrkiye&#8217;nin Son Ermeni K\u00f6y\u00fc&#8221; ba\u015fl\u0131kl\u0131 bir \u00a0belgesel foto\u011fraf projesi haz\u0131rlad\u0131. Hatay&#8217;daki T\u00fcrkiye&#8217;nin [&hellip;]<\/p>\n","protected":false},"author":7,"featured_media":18291,"comment_status":"open","ping_status":"open","sticky":false,"template":"","format":"standard","meta":{"footnotes":""},"categories":[22,1],"tags":[],"class_list":["post-18290","post","type-post","status-publish","format-standard","has-post-thumbnail","hentry","category-gunumuzde-bati-ermenistan","category-haberler"],"yoast_head":"<!-- This site is optimized with the Yoast SEO plugin v27.4 - https:\/\/yoast.com\/product\/yoast-seo-wordpress\/ -->\n<title>Foto\u011fraflarla Vak\u0131fl\u0131 K\u00f6y\u00fc - Bati Ermenistan Ve Bati Ermenileri Sorunlari Ara\u015ftirmalar Merkezi<\/title>\n<meta name=\"robots\" content=\"index, follow, max-snippet:-1, max-image-preview:large, max-video-preview:-1\" \/>\n<link rel=\"canonical\" href=\"https:\/\/akunq.net\/tr\/?p=18290\" \/>\n<meta property=\"og:locale\" content=\"en_US\" \/>\n<meta property=\"og:type\" content=\"article\" \/>\n<meta property=\"og:title\" content=\"Foto\u011fraflarla Vak\u0131fl\u0131 K\u00f6y\u00fc - Bati Ermenistan Ve Bati Ermenileri Sorunlari Ara\u015ftirmalar Merkezi\" \/>\n<meta property=\"og:description\" content=\"T\u00fcrkiye&#8217;nin son Ermeni k\u00f6y\u00fc Vak\u0131fl\u0131 ile ilgili &#8220;Daralan bir Cemaat: Vak\u0131fl\u0131, T\u00fcrkiye&#8217;nin Son Ermeni K\u00f6y\u00fc&#8221; ba\u015fl\u0131kl\u0131 bir belgesel foto\u011fraf projesi haz\u0131rland\u0131. T\u00fcrkiye&#8217;nin son Ermeni k\u00f6y\u00fc Vak\u0131fl\u0131 ile ilgili Amerikal\u0131 yazar Caroline Trent-G\u00fcrb\u00fcz ve T\u00fcrkiyeli foto muhabiri Sait Serkan G\u00fcrb\u00fcz &#8220;Daralan bir Cemaat: Vak\u0131fl\u0131, T\u00fcrkiye&#8217;nin Son Ermeni K\u00f6y\u00fc&#8221; ba\u015fl\u0131kl\u0131 bir \u00a0belgesel foto\u011fraf projesi haz\u0131rlad\u0131. Hatay&#8217;daki T\u00fcrkiye&#8217;nin [&hellip;]\" \/>\n<meta property=\"og:url\" content=\"https:\/\/akunq.net\/tr\/?p=18290\" \/>\n<meta property=\"og:site_name\" content=\"Bati Ermenistan Ve Bati Ermenileri Sorunlari Ara\u015ftirmalar Merkezi\" \/>\n<meta property=\"article:published_time\" content=\"2012-09-15T07:33:40+00:00\" \/>\n<meta property=\"article:modified_time\" content=\"2012-09-15T08:01:42+00:00\" \/>\n<meta property=\"og:image\" content=\"https:\/\/akunq.net\/tr\/wp-content\/uploads\/sites\/6\/2012\/09\/Foto\u011fraflarla-Vak\u0131fl\u0131-K\u00f6y\u00fc-1.jpg\" \/>\n\t<meta property=\"og:image:width\" content=\"501\" \/>\n\t<meta property=\"og:image:height\" content=\"260\" \/>\n\t<meta property=\"og:image:type\" content=\"image\/jpeg\" \/>\n<meta name=\"author\" content=\"admin\" \/>\n<meta name=\"twitter:card\" content=\"summary_large_image\" \/>\n<meta name=\"twitter:label1\" content=\"Written by\" \/>\n\t<meta name=\"twitter:data1\" content=\"admin\" \/>\n\t<meta name=\"twitter:label2\" content=\"Est. reading time\" \/>\n\t<meta name=\"twitter:data2\" content=\"2 minutes\" \/>\n<script type=\"application\/ld+json\" class=\"yoast-schema-graph\">{\"@context\":\"https:\\\/\\\/schema.org\",\"@graph\":[{\"@type\":\"Article\",\"@id\":\"https:\\\/\\\/akunq.net\\\/tr\\\/?p=18290#article\",\"isPartOf\":{\"@id\":\"https:\\\/\\\/akunq.net\\\/tr\\\/?p=18290\"},\"author\":{\"name\":\"admin\",\"@id\":\"https:\\\/\\\/akunq.net\\\/tr\\\/#\\\/schema\\\/person\\\/096f1d38a12cce57fb855b485ed24c9e\"},\"headline\":\"Foto\u011fraflarla Vak\u0131fl\u0131 K\u00f6y\u00fc\",\"datePublished\":\"2012-09-15T07:33:40+00:00\",\"dateModified\":\"2012-09-15T08:01:42+00:00\",\"mainEntityOfPage\":{\"@id\":\"https:\\\/\\\/akunq.net\\\/tr\\\/?p=18290\"},\"wordCount\":312,\"commentCount\":0,\"image\":{\"@id\":\"https:\\\/\\\/akunq.net\\\/tr\\\/?p=18290#primaryimage\"},\"thumbnailUrl\":\"https:\\\/\\\/akunq.net\\\/tr\\\/wp-content\\\/uploads\\\/sites\\\/6\\\/2012\\\/09\\\/Foto\u011fraflarla-Vak\u0131fl\u0131-K\u00f6y\u00fc-1.jpg\",\"articleSection\":[\"G\u00fcn\u00fcm\u00fczde Bat\u0131 Ermenistan\",\"Haberler\"],\"inLanguage\":\"en-US\",\"potentialAction\":[{\"@type\":\"CommentAction\",\"name\":\"Comment\",\"target\":[\"https:\\\/\\\/akunq.net\\\/tr\\\/?p=18290#respond\"]}]},{\"@type\":\"WebPage\",\"@id\":\"https:\\\/\\\/akunq.net\\\/tr\\\/?p=18290\",\"url\":\"https:\\\/\\\/akunq.net\\\/tr\\\/?p=18290\",\"name\":\"Foto\u011fraflarla Vak\u0131fl\u0131 K\u00f6y\u00fc - Bati Ermenistan Ve Bati Ermenileri Sorunlari Ara\u015ftirmalar Merkezi\",\"isPartOf\":{\"@id\":\"https:\\\/\\\/akunq.net\\\/tr\\\/#website\"},\"primaryImageOfPage\":{\"@id\":\"https:\\\/\\\/akunq.net\\\/tr\\\/?p=18290#primaryimage\"},\"image\":{\"@id\":\"https:\\\/\\\/akunq.net\\\/tr\\\/?p=18290#primaryimage\"},\"thumbnailUrl\":\"https:\\\/\\\/akunq.net\\\/tr\\\/wp-content\\\/uploads\\\/sites\\\/6\\\/2012\\\/09\\\/Foto\u011fraflarla-Vak\u0131fl\u0131-K\u00f6y\u00fc-1.jpg\",\"datePublished\":\"2012-09-15T07:33:40+00:00\",\"dateModified\":\"2012-09-15T08:01:42+00:00\",\"author\":{\"@id\":\"https:\\\/\\\/akunq.net\\\/tr\\\/#\\\/schema\\\/person\\\/096f1d38a12cce57fb855b485ed24c9e\"},\"breadcrumb\":{\"@id\":\"https:\\\/\\\/akunq.net\\\/tr\\\/?p=18290#breadcrumb\"},\"inLanguage\":\"en-US\",\"potentialAction\":[{\"@type\":\"ReadAction\",\"target\":[\"https:\\\/\\\/akunq.net\\\/tr\\\/?p=18290\"]}]},{\"@type\":\"ImageObject\",\"inLanguage\":\"en-US\",\"@id\":\"https:\\\/\\\/akunq.net\\\/tr\\\/?p=18290#primaryimage\",\"url\":\"https:\\\/\\\/akunq.net\\\/tr\\\/wp-content\\\/uploads\\\/sites\\\/6\\\/2012\\\/09\\\/Foto\u011fraflarla-Vak\u0131fl\u0131-K\u00f6y\u00fc-1.jpg\",\"contentUrl\":\"https:\\\/\\\/akunq.net\\\/tr\\\/wp-content\\\/uploads\\\/sites\\\/6\\\/2012\\\/09\\\/Foto\u011fraflarla-Vak\u0131fl\u0131-K\u00f6y\u00fc-1.jpg\",\"width\":\"501\",\"height\":\"260\"},{\"@type\":\"BreadcrumbList\",\"@id\":\"https:\\\/\\\/akunq.net\\\/tr\\\/?p=18290#breadcrumb\",\"itemListElement\":[{\"@type\":\"ListItem\",\"position\":1,\"name\":\"Home\",\"item\":\"https:\\\/\\\/akunq.net\\\/tr\"},{\"@type\":\"ListItem\",\"position\":2,\"name\":\"Foto\u011fraflarla Vak\u0131fl\u0131 K\u00f6y\u00fc\"}]},{\"@type\":\"WebSite\",\"@id\":\"https:\\\/\\\/akunq.net\\\/tr\\\/#website\",\"url\":\"https:\\\/\\\/akunq.net\\\/tr\\\/\",\"name\":\"Bati Ermenistan Ve Bati Ermenileri Sorunlari Ara\u015ftirmalar Merkezi\",\"description\":\"\",\"potentialAction\":[{\"@type\":\"SearchAction\",\"target\":{\"@type\":\"EntryPoint\",\"urlTemplate\":\"https:\\\/\\\/akunq.net\\\/tr\\\/?s={search_term_string}\"},\"query-input\":{\"@type\":\"PropertyValueSpecification\",\"valueRequired\":true,\"valueName\":\"search_term_string\"}}],\"inLanguage\":\"en-US\"},{\"@type\":\"Person\",\"@id\":\"https:\\\/\\\/akunq.net\\\/tr\\\/#\\\/schema\\\/person\\\/096f1d38a12cce57fb855b485ed24c9e\",\"name\":\"admin\",\"url\":\"https:\\\/\\\/akunq.net\\\/tr\\\/?author=7\"}]}<\/script>\n<!-- \/ Yoast SEO plugin. -->","yoast_head_json":{"title":"Foto\u011fraflarla Vak\u0131fl\u0131 K\u00f6y\u00fc - Bati Ermenistan Ve Bati Ermenileri Sorunlari Ara\u015ftirmalar Merkezi","robots":{"index":"index","follow":"follow","max-snippet":"max-snippet:-1","max-image-preview":"max-image-preview:large","max-video-preview":"max-video-preview:-1"},"canonical":"https:\/\/akunq.net\/tr\/?p=18290","og_locale":"en_US","og_type":"article","og_title":"Foto\u011fraflarla Vak\u0131fl\u0131 K\u00f6y\u00fc - Bati Ermenistan Ve Bati Ermenileri Sorunlari Ara\u015ftirmalar Merkezi","og_description":"T\u00fcrkiye&#8217;nin son Ermeni k\u00f6y\u00fc Vak\u0131fl\u0131 ile ilgili &#8220;Daralan bir Cemaat: Vak\u0131fl\u0131, T\u00fcrkiye&#8217;nin Son Ermeni K\u00f6y\u00fc&#8221; ba\u015fl\u0131kl\u0131 bir belgesel foto\u011fraf projesi haz\u0131rland\u0131. T\u00fcrkiye&#8217;nin son Ermeni k\u00f6y\u00fc Vak\u0131fl\u0131 ile ilgili Amerikal\u0131 yazar Caroline Trent-G\u00fcrb\u00fcz ve T\u00fcrkiyeli foto muhabiri Sait Serkan G\u00fcrb\u00fcz &#8220;Daralan bir Cemaat: Vak\u0131fl\u0131, T\u00fcrkiye&#8217;nin Son Ermeni K\u00f6y\u00fc&#8221; ba\u015fl\u0131kl\u0131 bir \u00a0belgesel foto\u011fraf projesi haz\u0131rlad\u0131. Hatay&#8217;daki T\u00fcrkiye&#8217;nin [&hellip;]","og_url":"https:\/\/akunq.net\/tr\/?p=18290","og_site_name":"Bati Ermenistan Ve Bati Ermenileri Sorunlari Ara\u015ftirmalar Merkezi","article_published_time":"2012-09-15T07:33:40+00:00","article_modified_time":"2012-09-15T08:01:42+00:00","og_image":[{"width":501,"height":260,"url":"https:\/\/akunq.net\/tr\/wp-content\/uploads\/sites\/6\/2012\/09\/Foto\u011fraflarla-Vak\u0131fl\u0131-K\u00f6y\u00fc-1.jpg","type":"image\/jpeg"}],"author":"admin","twitter_card":"summary_large_image","twitter_misc":{"Written by":"admin","Est. reading time":"2 minutes"},"schema":{"@context":"https:\/\/schema.org","@graph":[{"@type":"Article","@id":"https:\/\/akunq.net\/tr\/?p=18290#article","isPartOf":{"@id":"https:\/\/akunq.net\/tr\/?p=18290"},"author":{"name":"admin","@id":"https:\/\/akunq.net\/tr\/#\/schema\/person\/096f1d38a12cce57fb855b485ed24c9e"},"headline":"Foto\u011fraflarla Vak\u0131fl\u0131 K\u00f6y\u00fc","datePublished":"2012-09-15T07:33:40+00:00","dateModified":"2012-09-15T08:01:42+00:00","mainEntityOfPage":{"@id":"https:\/\/akunq.net\/tr\/?p=18290"},"wordCount":312,"commentCount":0,"image":{"@id":"https:\/\/akunq.net\/tr\/?p=18290#primaryimage"},"thumbnailUrl":"https:\/\/akunq.net\/tr\/wp-content\/uploads\/sites\/6\/2012\/09\/Foto\u011fraflarla-Vak\u0131fl\u0131-K\u00f6y\u00fc-1.jpg","articleSection":["G\u00fcn\u00fcm\u00fczde Bat\u0131 Ermenistan","Haberler"],"inLanguage":"en-US","potentialAction":[{"@type":"CommentAction","name":"Comment","target":["https:\/\/akunq.net\/tr\/?p=18290#respond"]}]},{"@type":"WebPage","@id":"https:\/\/akunq.net\/tr\/?p=18290","url":"https:\/\/akunq.net\/tr\/?p=18290","name":"Foto\u011fraflarla Vak\u0131fl\u0131 K\u00f6y\u00fc - Bati Ermenistan Ve Bati Ermenileri Sorunlari Ara\u015ftirmalar Merkezi","isPartOf":{"@id":"https:\/\/akunq.net\/tr\/#website"},"primaryImageOfPage":{"@id":"https:\/\/akunq.net\/tr\/?p=18290#primaryimage"},"image":{"@id":"https:\/\/akunq.net\/tr\/?p=18290#primaryimage"},"thumbnailUrl":"https:\/\/akunq.net\/tr\/wp-content\/uploads\/sites\/6\/2012\/09\/Foto\u011fraflarla-Vak\u0131fl\u0131-K\u00f6y\u00fc-1.jpg","datePublished":"2012-09-15T07:33:40+00:00","dateModified":"2012-09-15T08:01:42+00:00","author":{"@id":"https:\/\/akunq.net\/tr\/#\/schema\/person\/096f1d38a12cce57fb855b485ed24c9e"},"breadcrumb":{"@id":"https:\/\/akunq.net\/tr\/?p=18290#breadcrumb"},"inLanguage":"en-US","potentialAction":[{"@type":"ReadAction","target":["https:\/\/akunq.net\/tr\/?p=18290"]}]},{"@type":"ImageObject","inLanguage":"en-US","@id":"https:\/\/akunq.net\/tr\/?p=18290#primaryimage","url":"https:\/\/akunq.net\/tr\/wp-content\/uploads\/sites\/6\/2012\/09\/Foto\u011fraflarla-Vak\u0131fl\u0131-K\u00f6y\u00fc-1.jpg","contentUrl":"https:\/\/akunq.net\/tr\/wp-content\/uploads\/sites\/6\/2012\/09\/Foto\u011fraflarla-Vak\u0131fl\u0131-K\u00f6y\u00fc-1.jpg","width":"501","height":"260"},{"@type":"BreadcrumbList","@id":"https:\/\/akunq.net\/tr\/?p=18290#breadcrumb","itemListElement":[{"@type":"ListItem","position":1,"name":"Home","item":"https:\/\/akunq.net\/tr"},{"@type":"ListItem","position":2,"name":"Foto\u011fraflarla Vak\u0131fl\u0131 K\u00f6y\u00fc"}]},{"@type":"WebSite","@id":"https:\/\/akunq.net\/tr\/#website","url":"https:\/\/akunq.net\/tr\/","name":"Bati Ermenistan Ve Bati Ermenileri Sorunlari Ara\u015ftirmalar Merkezi","description":"","potentialAction":[{"@type":"SearchAction","target":{"@type":"EntryPoint","urlTemplate":"https:\/\/akunq.net\/tr\/?s={search_term_string}"},"query-input":{"@type":"PropertyValueSpecification","valueRequired":true,"valueName":"search_term_string"}}],"inLanguage":"en-US"},{"@type":"Person","@id":"https:\/\/akunq.net\/tr\/#\/schema\/person\/096f1d38a12cce57fb855b485ed24c9e","name":"admin","url":"https:\/\/akunq.net\/tr\/?author=7"}]}},"_links":{"self":[{"href":"https:\/\/akunq.net\/tr\/index.php?rest_route=\/wp\/v2\/posts\/18290","targetHints":{"allow":["GET"]}}],"collection":[{"href":"https:\/\/akunq.net\/tr\/index.php?rest_route=\/wp\/v2\/posts"}],"about":[{"href":"https:\/\/akunq.net\/tr\/index.php?rest_route=\/wp\/v2\/types\/post"}],"author":[{"embeddable":true,"href":"https:\/\/akunq.net\/tr\/index.php?rest_route=\/wp\/v2\/users\/7"}],"replies":[{"embeddable":true,"href":"https:\/\/akunq.net\/tr\/index.php?rest_route=%2Fwp%2Fv2%2Fcomments&post=18290"}],"version-history":[{"count":4,"href":"https:\/\/akunq.net\/tr\/index.php?rest_route=\/wp\/v2\/posts\/18290\/revisions"}],"predecessor-version":[{"id":18312,"href":"https:\/\/akunq.net\/tr\/index.php?rest_route=\/wp\/v2\/posts\/18290\/revisions\/18312"}],"wp:featuredmedia":[{"embeddable":true,"href":"https:\/\/akunq.net\/tr\/index.php?rest_route=\/wp\/v2\/media\/18291"}],"wp:attachment":[{"href":"https:\/\/akunq.net\/tr\/index.php?rest_route=%2Fwp%2Fv2%2Fmedia&parent=18290"}],"wp:term":[{"taxonomy":"category","embeddable":true,"href":"https:\/\/akunq.net\/tr\/index.php?rest_route=%2Fwp%2Fv2%2Fcategories&post=18290"},{"taxonomy":"post_tag","embeddable":true,"href":"https:\/\/akunq.net\/tr\/index.php?rest_route=%2Fwp%2Fv2%2Ftags&post=18290"}],"curies":[{"name":"wp","href":"https:\/\/api.w.org\/{rel}","templated":true}]}}