{"id":18222,"date":"2012-09-13T03:47:45","date_gmt":"2012-09-13T08:47:45","guid":{"rendered":"http:\/\/akunq.net\/tr\/?p=18222"},"modified":"2012-09-13T03:47:45","modified_gmt":"2012-09-13T08:47:45","slug":"mereto-kilisesini-belediye-baskani-mi-yiktirdi","status":"publish","type":"post","link":"https:\/\/akunq.net\/tr\/?p=18222","title":{"rendered":"Mereto Kilisesini Belediye Ba\u015fkan\u0131 m\u0131 Y\u0131kt\u0131rd\u0131?"},"content":{"rendered":"<p style=\"text-align: justify;\"><strong><em><a href=\"http:\/\/akunq.net\/tr\/?attachment_id=18223\" rel=\"attachment wp-att-18223\"><img loading=\"lazy\" decoding=\"async\" class=\"alignnone size-large wp-image-18223\" title=\"\u0544\u0561\u0580\u0578\u0582\u0569\u0561 \u057d\u0561\u0580\" src=\"http:\/\/akunq.net\/tr\/wp-content\/uploads\/2012\/09\/\u0544\u0561\u0580\u0578\u0582\u0569\u0561-\u057d\u0561\u0580-600x398.jpg\" alt=\"\" width=\"555\" height=\"368\" srcset=\"https:\/\/akunq.net\/tr\/wp-content\/uploads\/sites\/6\/2012\/09\/\u0544\u0561\u0580\u0578\u0582\u0569\u0561-\u057d\u0561\u0580-600x398.jpg 600w, https:\/\/akunq.net\/tr\/wp-content\/uploads\/sites\/6\/2012\/09\/\u0544\u0561\u0580\u0578\u0582\u0569\u0561-\u057d\u0561\u0580-300x199.jpg 300w, https:\/\/akunq.net\/tr\/wp-content\/uploads\/sites\/6\/2012\/09\/\u0544\u0561\u0580\u0578\u0582\u0569\u0561-\u057d\u0561\u0580.jpg 2048w\" sizes=\"auto, (max-width: 555px) 100vw, 555px\" \/><\/a><\/em><\/strong><\/p>\n<p style=\"text-align: justify;\"><strong><em>Mereto Kilisesi&#8217;ne \u00e7\u0131kmak i\u00e7in herkes g\u00fcn sayarken, Ramazan ay\u0131na denk gelmesi sebebiyle bu seneki y\u00fcy\u00fcr\u00fc\u015f iptal edilmi\u015fti. Bizzat g\u00f6r\u00fc\u015ft\u00fc\u011f\u00fcm\u00fcz Belediye Ba\u015fkan\u0131 bunu s\u00f6yl\u00fcyordu. Sebebi de Ramazan ay\u0131na dek gelmesiydi s\u00f6zde. Oysa daha sonra da kilisenin b\u00fcy\u00fck bir b\u00f6l\u00fcm\u00fc bu a\u00e7\u0131klamalar\u0131n paralelinde y\u0131kt\u0131r\u0131ld\u0131.<\/em><\/strong><\/p>\n<p style=\"text-align: justify;\">Mereto\u00a0 Kilisesi&#8217;ne \u00e7\u0131kmak i\u00e7in herkes g\u00fcn sayarken, Ramazan ay\u0131na denk gelmesi sebebiyle bu seneki y\u00fcy\u00fcr\u00fc\u015f iptal edilmi\u015fti. Bizzat g\u00f6r\u00fc\u015ft\u00fc\u011f\u00fcm\u00fcz Belediye Ba\u015fkan\u0131 bunu s\u00f6yl\u00fcyordu. Sebebi de Ramazan ay\u0131na dek gelmesiydi s\u00f6zde. Oysa daha sonra da kilisenin b\u00fcy\u00fck bir b\u00f6l\u00fcm\u00fc bu a\u00e7\u0131klamalar\u0131n paralelinde y\u0131kt\u0131r\u0131ld\u0131.<\/p>\n<p style=\"text-align: justify;\">Ay\u0131n\u00a0 28&#8217;inde Ermenistan\u2019dan ve T\u00fcrkiye\u2019nin bir \u00e7ok ilinden gelen; ayn\u0131 zamanda Avrupa\u2019dan gelenler Mereto&#8217;ya \u00e7\u0131kt\u0131. Ziyaret bittikten birka\u00e7 g\u00fcn sonra Kilisenin tahrip edildi\u011fi ve y\u0131kt\u0131r\u0131ld\u0131\u011f\u0131 g\u00f6r\u00fcld\u00fc. Elbette ilk g\u00fcn de tahmin ediyorduk kimin yapt\u0131\u011f\u0131n\u0131; ama elimizde belge, bilgi, kan\u0131t ve etrafta g\u00f6rg\u00fc \u015fahidi yoktu. Daha sonra gidip bir bir k\u00f6yl\u00fclerle g\u00f6r\u00fc\u015ft\u00fck. G\u00f6rg\u00fc \u015fahitlerini bulduk, konu\u015ftuk. Bir k\u00f6yle yetinmedik civar k\u00f6ylerini de bir hafta dola\u015ft\u0131k. &#8220;Kim yapt\u0131&#8221; diye sordu\u011fumuz her k\u00f6yl\u00fc Belediye Ba\u015fkan\u0131 ve Kaymakam&#8217;\u0131 i\u015faret ediyordu.<\/p>\n<p style=\"text-align: justify;\">K\u00f6yl\u00fcler: &#8220;Daha bir hafta \u00f6nce burada y\u00fczleri maskeli ki\u015filer dola\u015f\u0131yordu, herkes bir birine soruyordu kim bunlar diye. Jandarmaya haber verdik ama Jandarma gelmedi.&#8221;<\/p>\n<p>Korucular kar\u0131\u015fm\u0131yor. K\u00f6yl\u00fcler buna dikkat \u00e7ekiyor. Sadece Sasun&#8217;da bin be\u015f y\u00fcz k\u00f6y korucusu var. Koruculardan habersiz ku\u015f u\u00e7maz diyorlar, bu kadar Korucu, Jandarma, polis ve g\u00fcpeg\u00fcnd\u00fcz y\u00fczleri maskeli ki\u015filer ortal\u0131kta dola\u015facak, kimse de kar\u0131\u015fmayacak, m\u00fcmk\u00fcn de\u011fil!<\/p>\n<p style=\"text-align: justify;\">Ayine gelen Ermenilerin bayrak diktiklerini iddia ediyor Belediye Ba\u015fkan\u0131. Bu g\u00fcne kadar hangi kiliseye bayrak as\u0131lm\u0131\u015f? S\u00f6zde k\u00f6yl\u00fclere teyit de ettirmi\u015f! Ya y\u00fczleri maskeli ki\u015filer!<\/p>\n<p>Zaten Korucular da Belediye Ba\u015fkan\u0131 ve Kaymakam&#8217;\u0131n adamlar\u0131. Birka\u00e7 Korucu n\u00f6bet tutarken di\u011fer korucular Kiliseyi y\u0131kt\u0131 g\u00fcpeg\u00fcnd\u00fcz.\u00a0 Belediye Ba\u015fkan\u0131 k\u00f6y sakinlerine de bu iddiay\u0131 do\u011frulatm\u0131\u015f. Kendi yalan\u0131yla da \u00e7eli\u015fiyor.<\/p>\n<p>Sasun Kaymakam\u0131 ve Belediye Ba\u015fkan\u0131, tarihin kirli sayfalar\u0131nda yerinizi \u00e7oktan ald\u0131n\u0131z tarih sizi hi\u00e7 unutmayacak.<\/p>\n<p style=\"text-align: justify;\"><strong><em>http:\/\/www.aykiridogrular.com\/haber-594-Mereto-Kilisesini-Belediye-Baskani-mi-Yiktirdi.html<\/em><\/strong><\/p>\n","protected":false},"excerpt":{"rendered":"<p>Mereto Kilisesi&#8217;ne \u00e7\u0131kmak i\u00e7in herkes g\u00fcn sayarken, Ramazan ay\u0131na denk gelmesi sebebiyle bu seneki y\u00fcy\u00fcr\u00fc\u015f iptal edilmi\u015fti. Bizzat g\u00f6r\u00fc\u015ft\u00fc\u011f\u00fcm\u00fcz Belediye Ba\u015fkan\u0131 bunu s\u00f6yl\u00fcyordu. Sebebi de Ramazan ay\u0131na dek gelmesiydi s\u00f6zde. Oysa daha sonra da kilisenin b\u00fcy\u00fck bir b\u00f6l\u00fcm\u00fc bu a\u00e7\u0131klamalar\u0131n paralelinde y\u0131kt\u0131r\u0131ld\u0131. Mereto\u00a0 Kilisesi&#8217;ne \u00e7\u0131kmak i\u00e7in herkes g\u00fcn sayarken, Ramazan ay\u0131na denk gelmesi sebebiyle bu [&hellip;]<\/p>\n","protected":false},"author":7,"featured_media":18223,"comment_status":"open","ping_status":"open","sticky":false,"template":"","format":"standard","meta":{"footnotes":""},"categories":[22,1],"tags":[],"class_list":["post-18222","post","type-post","status-publish","format-standard","has-post-thumbnail","hentry","category-gunumuzde-bati-ermenistan","category-haberler"],"yoast_head":"<!-- This site is optimized with the Yoast SEO plugin v27.4 - https:\/\/yoast.com\/product\/yoast-seo-wordpress\/ -->\n<title>Mereto Kilisesini Belediye Ba\u015fkan\u0131 m\u0131 Y\u0131kt\u0131rd\u0131? - Bati Ermenistan Ve Bati Ermenileri Sorunlari Ara\u015ftirmalar Merkezi<\/title>\n<meta name=\"robots\" content=\"index, follow, max-snippet:-1, max-image-preview:large, max-video-preview:-1\" \/>\n<link rel=\"canonical\" href=\"https:\/\/akunq.net\/tr\/?p=18222\" \/>\n<meta property=\"og:locale\" content=\"en_US\" \/>\n<meta property=\"og:type\" content=\"article\" \/>\n<meta property=\"og:title\" content=\"Mereto Kilisesini Belediye Ba\u015fkan\u0131 m\u0131 Y\u0131kt\u0131rd\u0131? - Bati Ermenistan Ve Bati Ermenileri Sorunlari Ara\u015ftirmalar Merkezi\" \/>\n<meta property=\"og:description\" content=\"Mereto Kilisesi&#8217;ne \u00e7\u0131kmak i\u00e7in herkes g\u00fcn sayarken, Ramazan ay\u0131na denk gelmesi sebebiyle bu seneki y\u00fcy\u00fcr\u00fc\u015f iptal edilmi\u015fti. Bizzat g\u00f6r\u00fc\u015ft\u00fc\u011f\u00fcm\u00fcz Belediye Ba\u015fkan\u0131 bunu s\u00f6yl\u00fcyordu. Sebebi de Ramazan ay\u0131na dek gelmesiydi s\u00f6zde. Oysa daha sonra da kilisenin b\u00fcy\u00fck bir b\u00f6l\u00fcm\u00fc bu a\u00e7\u0131klamalar\u0131n paralelinde y\u0131kt\u0131r\u0131ld\u0131. Mereto\u00a0 Kilisesi&#8217;ne \u00e7\u0131kmak i\u00e7in herkes g\u00fcn sayarken, Ramazan ay\u0131na denk gelmesi sebebiyle bu [&hellip;]\" \/>\n<meta property=\"og:url\" content=\"https:\/\/akunq.net\/tr\/?p=18222\" \/>\n<meta property=\"og:site_name\" content=\"Bati Ermenistan Ve Bati Ermenileri Sorunlari Ara\u015ftirmalar Merkezi\" \/>\n<meta property=\"article:published_time\" content=\"2012-09-13T08:47:45+00:00\" \/>\n<meta property=\"og:image\" content=\"https:\/\/akunq.net\/tr\/wp-content\/uploads\/sites\/6\/2012\/09\/\u0544\u0561\u0580\u0578\u0582\u0569\u0561-\u057d\u0561\u0580.jpg\" \/>\n\t<meta property=\"og:image:width\" content=\"2048\" \/>\n\t<meta property=\"og:image:height\" content=\"1360\" \/>\n\t<meta property=\"og:image:type\" content=\"image\/jpeg\" \/>\n<meta name=\"author\" content=\"admin\" \/>\n<meta name=\"twitter:card\" content=\"summary_large_image\" \/>\n<meta name=\"twitter:label1\" content=\"Written by\" \/>\n\t<meta name=\"twitter:data1\" content=\"admin\" \/>\n\t<meta name=\"twitter:label2\" content=\"Est. reading time\" \/>\n\t<meta name=\"twitter:data2\" content=\"2 minutes\" \/>\n<script type=\"application\/ld+json\" class=\"yoast-schema-graph\">{\"@context\":\"https:\\\/\\\/schema.org\",\"@graph\":[{\"@type\":\"Article\",\"@id\":\"https:\\\/\\\/akunq.net\\\/tr\\\/?p=18222#article\",\"isPartOf\":{\"@id\":\"https:\\\/\\\/akunq.net\\\/tr\\\/?p=18222\"},\"author\":{\"name\":\"admin\",\"@id\":\"https:\\\/\\\/akunq.net\\\/tr\\\/#\\\/schema\\\/person\\\/096f1d38a12cce57fb855b485ed24c9e\"},\"headline\":\"Mereto Kilisesini Belediye Ba\u015fkan\u0131 m\u0131 Y\u0131kt\u0131rd\u0131?\",\"datePublished\":\"2012-09-13T08:47:45+00:00\",\"mainEntityOfPage\":{\"@id\":\"https:\\\/\\\/akunq.net\\\/tr\\\/?p=18222\"},\"wordCount\":431,\"commentCount\":0,\"image\":{\"@id\":\"https:\\\/\\\/akunq.net\\\/tr\\\/?p=18222#primaryimage\"},\"thumbnailUrl\":\"https:\\\/\\\/akunq.net\\\/tr\\\/wp-content\\\/uploads\\\/sites\\\/6\\\/2012\\\/09\\\/\u0544\u0561\u0580\u0578\u0582\u0569\u0561-\u057d\u0561\u0580.jpg\",\"articleSection\":[\"G\u00fcn\u00fcm\u00fczde Bat\u0131 Ermenistan\",\"Haberler\"],\"inLanguage\":\"en-US\",\"potentialAction\":[{\"@type\":\"CommentAction\",\"name\":\"Comment\",\"target\":[\"https:\\\/\\\/akunq.net\\\/tr\\\/?p=18222#respond\"]}]},{\"@type\":\"WebPage\",\"@id\":\"https:\\\/\\\/akunq.net\\\/tr\\\/?p=18222\",\"url\":\"https:\\\/\\\/akunq.net\\\/tr\\\/?p=18222\",\"name\":\"Mereto Kilisesini Belediye Ba\u015fkan\u0131 m\u0131 Y\u0131kt\u0131rd\u0131? - Bati Ermenistan Ve Bati Ermenileri Sorunlari Ara\u015ftirmalar Merkezi\",\"isPartOf\":{\"@id\":\"https:\\\/\\\/akunq.net\\\/tr\\\/#website\"},\"primaryImageOfPage\":{\"@id\":\"https:\\\/\\\/akunq.net\\\/tr\\\/?p=18222#primaryimage\"},\"image\":{\"@id\":\"https:\\\/\\\/akunq.net\\\/tr\\\/?p=18222#primaryimage\"},\"thumbnailUrl\":\"https:\\\/\\\/akunq.net\\\/tr\\\/wp-content\\\/uploads\\\/sites\\\/6\\\/2012\\\/09\\\/\u0544\u0561\u0580\u0578\u0582\u0569\u0561-\u057d\u0561\u0580.jpg\",\"datePublished\":\"2012-09-13T08:47:45+00:00\",\"author\":{\"@id\":\"https:\\\/\\\/akunq.net\\\/tr\\\/#\\\/schema\\\/person\\\/096f1d38a12cce57fb855b485ed24c9e\"},\"breadcrumb\":{\"@id\":\"https:\\\/\\\/akunq.net\\\/tr\\\/?p=18222#breadcrumb\"},\"inLanguage\":\"en-US\",\"potentialAction\":[{\"@type\":\"ReadAction\",\"target\":[\"https:\\\/\\\/akunq.net\\\/tr\\\/?p=18222\"]}]},{\"@type\":\"ImageObject\",\"inLanguage\":\"en-US\",\"@id\":\"https:\\\/\\\/akunq.net\\\/tr\\\/?p=18222#primaryimage\",\"url\":\"https:\\\/\\\/akunq.net\\\/tr\\\/wp-content\\\/uploads\\\/sites\\\/6\\\/2012\\\/09\\\/\u0544\u0561\u0580\u0578\u0582\u0569\u0561-\u057d\u0561\u0580.jpg\",\"contentUrl\":\"https:\\\/\\\/akunq.net\\\/tr\\\/wp-content\\\/uploads\\\/sites\\\/6\\\/2012\\\/09\\\/\u0544\u0561\u0580\u0578\u0582\u0569\u0561-\u057d\u0561\u0580.jpg\",\"width\":\"2048\",\"height\":\"1360\"},{\"@type\":\"BreadcrumbList\",\"@id\":\"https:\\\/\\\/akunq.net\\\/tr\\\/?p=18222#breadcrumb\",\"itemListElement\":[{\"@type\":\"ListItem\",\"position\":1,\"name\":\"Home\",\"item\":\"https:\\\/\\\/akunq.net\\\/tr\"},{\"@type\":\"ListItem\",\"position\":2,\"name\":\"Mereto Kilisesini Belediye Ba\u015fkan\u0131 m\u0131 Y\u0131kt\u0131rd\u0131?\"}]},{\"@type\":\"WebSite\",\"@id\":\"https:\\\/\\\/akunq.net\\\/tr\\\/#website\",\"url\":\"https:\\\/\\\/akunq.net\\\/tr\\\/\",\"name\":\"Bati Ermenistan Ve Bati Ermenileri Sorunlari Ara\u015ftirmalar Merkezi\",\"description\":\"\",\"potentialAction\":[{\"@type\":\"SearchAction\",\"target\":{\"@type\":\"EntryPoint\",\"urlTemplate\":\"https:\\\/\\\/akunq.net\\\/tr\\\/?s={search_term_string}\"},\"query-input\":{\"@type\":\"PropertyValueSpecification\",\"valueRequired\":true,\"valueName\":\"search_term_string\"}}],\"inLanguage\":\"en-US\"},{\"@type\":\"Person\",\"@id\":\"https:\\\/\\\/akunq.net\\\/tr\\\/#\\\/schema\\\/person\\\/096f1d38a12cce57fb855b485ed24c9e\",\"name\":\"admin\",\"url\":\"https:\\\/\\\/akunq.net\\\/tr\\\/?author=7\"}]}<\/script>\n<!-- \/ Yoast SEO plugin. -->","yoast_head_json":{"title":"Mereto Kilisesini Belediye Ba\u015fkan\u0131 m\u0131 Y\u0131kt\u0131rd\u0131? - Bati Ermenistan Ve Bati Ermenileri Sorunlari Ara\u015ftirmalar Merkezi","robots":{"index":"index","follow":"follow","max-snippet":"max-snippet:-1","max-image-preview":"max-image-preview:large","max-video-preview":"max-video-preview:-1"},"canonical":"https:\/\/akunq.net\/tr\/?p=18222","og_locale":"en_US","og_type":"article","og_title":"Mereto Kilisesini Belediye Ba\u015fkan\u0131 m\u0131 Y\u0131kt\u0131rd\u0131? - Bati Ermenistan Ve Bati Ermenileri Sorunlari Ara\u015ftirmalar Merkezi","og_description":"Mereto Kilisesi&#8217;ne \u00e7\u0131kmak i\u00e7in herkes g\u00fcn sayarken, Ramazan ay\u0131na denk gelmesi sebebiyle bu seneki y\u00fcy\u00fcr\u00fc\u015f iptal edilmi\u015fti. Bizzat g\u00f6r\u00fc\u015ft\u00fc\u011f\u00fcm\u00fcz Belediye Ba\u015fkan\u0131 bunu s\u00f6yl\u00fcyordu. Sebebi de Ramazan ay\u0131na dek gelmesiydi s\u00f6zde. Oysa daha sonra da kilisenin b\u00fcy\u00fck bir b\u00f6l\u00fcm\u00fc bu a\u00e7\u0131klamalar\u0131n paralelinde y\u0131kt\u0131r\u0131ld\u0131. Mereto\u00a0 Kilisesi&#8217;ne \u00e7\u0131kmak i\u00e7in herkes g\u00fcn sayarken, Ramazan ay\u0131na denk gelmesi sebebiyle bu [&hellip;]","og_url":"https:\/\/akunq.net\/tr\/?p=18222","og_site_name":"Bati Ermenistan Ve Bati Ermenileri Sorunlari Ara\u015ftirmalar Merkezi","article_published_time":"2012-09-13T08:47:45+00:00","og_image":[{"width":2048,"height":1360,"url":"https:\/\/akunq.net\/tr\/wp-content\/uploads\/sites\/6\/2012\/09\/\u0544\u0561\u0580\u0578\u0582\u0569\u0561-\u057d\u0561\u0580.jpg","type":"image\/jpeg"}],"author":"admin","twitter_card":"summary_large_image","twitter_misc":{"Written by":"admin","Est. reading time":"2 minutes"},"schema":{"@context":"https:\/\/schema.org","@graph":[{"@type":"Article","@id":"https:\/\/akunq.net\/tr\/?p=18222#article","isPartOf":{"@id":"https:\/\/akunq.net\/tr\/?p=18222"},"author":{"name":"admin","@id":"https:\/\/akunq.net\/tr\/#\/schema\/person\/096f1d38a12cce57fb855b485ed24c9e"},"headline":"Mereto Kilisesini Belediye Ba\u015fkan\u0131 m\u0131 Y\u0131kt\u0131rd\u0131?","datePublished":"2012-09-13T08:47:45+00:00","mainEntityOfPage":{"@id":"https:\/\/akunq.net\/tr\/?p=18222"},"wordCount":431,"commentCount":0,"image":{"@id":"https:\/\/akunq.net\/tr\/?p=18222#primaryimage"},"thumbnailUrl":"https:\/\/akunq.net\/tr\/wp-content\/uploads\/sites\/6\/2012\/09\/\u0544\u0561\u0580\u0578\u0582\u0569\u0561-\u057d\u0561\u0580.jpg","articleSection":["G\u00fcn\u00fcm\u00fczde Bat\u0131 Ermenistan","Haberler"],"inLanguage":"en-US","potentialAction":[{"@type":"CommentAction","name":"Comment","target":["https:\/\/akunq.net\/tr\/?p=18222#respond"]}]},{"@type":"WebPage","@id":"https:\/\/akunq.net\/tr\/?p=18222","url":"https:\/\/akunq.net\/tr\/?p=18222","name":"Mereto Kilisesini Belediye Ba\u015fkan\u0131 m\u0131 Y\u0131kt\u0131rd\u0131? - Bati Ermenistan Ve Bati Ermenileri Sorunlari Ara\u015ftirmalar Merkezi","isPartOf":{"@id":"https:\/\/akunq.net\/tr\/#website"},"primaryImageOfPage":{"@id":"https:\/\/akunq.net\/tr\/?p=18222#primaryimage"},"image":{"@id":"https:\/\/akunq.net\/tr\/?p=18222#primaryimage"},"thumbnailUrl":"https:\/\/akunq.net\/tr\/wp-content\/uploads\/sites\/6\/2012\/09\/\u0544\u0561\u0580\u0578\u0582\u0569\u0561-\u057d\u0561\u0580.jpg","datePublished":"2012-09-13T08:47:45+00:00","author":{"@id":"https:\/\/akunq.net\/tr\/#\/schema\/person\/096f1d38a12cce57fb855b485ed24c9e"},"breadcrumb":{"@id":"https:\/\/akunq.net\/tr\/?p=18222#breadcrumb"},"inLanguage":"en-US","potentialAction":[{"@type":"ReadAction","target":["https:\/\/akunq.net\/tr\/?p=18222"]}]},{"@type":"ImageObject","inLanguage":"en-US","@id":"https:\/\/akunq.net\/tr\/?p=18222#primaryimage","url":"https:\/\/akunq.net\/tr\/wp-content\/uploads\/sites\/6\/2012\/09\/\u0544\u0561\u0580\u0578\u0582\u0569\u0561-\u057d\u0561\u0580.jpg","contentUrl":"https:\/\/akunq.net\/tr\/wp-content\/uploads\/sites\/6\/2012\/09\/\u0544\u0561\u0580\u0578\u0582\u0569\u0561-\u057d\u0561\u0580.jpg","width":"2048","height":"1360"},{"@type":"BreadcrumbList","@id":"https:\/\/akunq.net\/tr\/?p=18222#breadcrumb","itemListElement":[{"@type":"ListItem","position":1,"name":"Home","item":"https:\/\/akunq.net\/tr"},{"@type":"ListItem","position":2,"name":"Mereto Kilisesini Belediye Ba\u015fkan\u0131 m\u0131 Y\u0131kt\u0131rd\u0131?"}]},{"@type":"WebSite","@id":"https:\/\/akunq.net\/tr\/#website","url":"https:\/\/akunq.net\/tr\/","name":"Bati Ermenistan Ve Bati Ermenileri Sorunlari Ara\u015ftirmalar Merkezi","description":"","potentialAction":[{"@type":"SearchAction","target":{"@type":"EntryPoint","urlTemplate":"https:\/\/akunq.net\/tr\/?s={search_term_string}"},"query-input":{"@type":"PropertyValueSpecification","valueRequired":true,"valueName":"search_term_string"}}],"inLanguage":"en-US"},{"@type":"Person","@id":"https:\/\/akunq.net\/tr\/#\/schema\/person\/096f1d38a12cce57fb855b485ed24c9e","name":"admin","url":"https:\/\/akunq.net\/tr\/?author=7"}]}},"_links":{"self":[{"href":"https:\/\/akunq.net\/tr\/index.php?rest_route=\/wp\/v2\/posts\/18222","targetHints":{"allow":["GET"]}}],"collection":[{"href":"https:\/\/akunq.net\/tr\/index.php?rest_route=\/wp\/v2\/posts"}],"about":[{"href":"https:\/\/akunq.net\/tr\/index.php?rest_route=\/wp\/v2\/types\/post"}],"author":[{"embeddable":true,"href":"https:\/\/akunq.net\/tr\/index.php?rest_route=\/wp\/v2\/users\/7"}],"replies":[{"embeddable":true,"href":"https:\/\/akunq.net\/tr\/index.php?rest_route=%2Fwp%2Fv2%2Fcomments&post=18222"}],"version-history":[{"count":3,"href":"https:\/\/akunq.net\/tr\/index.php?rest_route=\/wp\/v2\/posts\/18222\/revisions"}],"predecessor-version":[{"id":18226,"href":"https:\/\/akunq.net\/tr\/index.php?rest_route=\/wp\/v2\/posts\/18222\/revisions\/18226"}],"wp:featuredmedia":[{"embeddable":true,"href":"https:\/\/akunq.net\/tr\/index.php?rest_route=\/wp\/v2\/media\/18223"}],"wp:attachment":[{"href":"https:\/\/akunq.net\/tr\/index.php?rest_route=%2Fwp%2Fv2%2Fmedia&parent=18222"}],"wp:term":[{"taxonomy":"category","embeddable":true,"href":"https:\/\/akunq.net\/tr\/index.php?rest_route=%2Fwp%2Fv2%2Fcategories&post=18222"},{"taxonomy":"post_tag","embeddable":true,"href":"https:\/\/akunq.net\/tr\/index.php?rest_route=%2Fwp%2Fv2%2Ftags&post=18222"}],"curies":[{"name":"wp","href":"https:\/\/api.w.org\/{rel}","templated":true}]}}