{"id":18185,"date":"2012-09-12T05:19:23","date_gmt":"2012-09-12T10:19:23","guid":{"rendered":"http:\/\/akunq.net\/tr\/?p=18185"},"modified":"2012-09-12T05:19:23","modified_gmt":"2012-09-12T10:19:23","slug":"mereto-kilisesi-tahrip-nedeni-itirafi-gibi-aciklama-ibretlik","status":"publish","type":"post","link":"https:\/\/akunq.net\/tr\/?p=18185","title":{"rendered":"Mereto Kilisesi Tahrip Nedeni \u0130tiraf\u0131 Gibi A\u00e7\u0131klama! \u0130bretlik"},"content":{"rendered":"<p style=\"text-align: justify;\"><strong><em><a href=\"http:\/\/akunq.net\/tr\/?attachment_id=18186\" rel=\"attachment wp-att-18186\"><img loading=\"lazy\" decoding=\"async\" class=\"alignright size-medium wp-image-18186\" title=\"\u0544\u0561\u0580\u0578\u0582\u0569\u0561 \u057d\u0561\u0580\u056b \u0565\u056f\u0565\u0572\u0565\u0581\u056b\u0576\" src=\"http:\/\/akunq.net\/tr\/wp-content\/uploads\/2012\/09\/\u0544\u0561\u0580\u0578\u0582\u0569\u0561-\u057d\u0561\u0580\u056b-\u0565\u056f\u0565\u0572\u0565\u0581\u056b\u0576-300x199.jpg\" alt=\"\" width=\"300\" height=\"199\" srcset=\"https:\/\/akunq.net\/tr\/wp-content\/uploads\/sites\/6\/2012\/09\/\u0544\u0561\u0580\u0578\u0582\u0569\u0561-\u057d\u0561\u0580\u056b-\u0565\u056f\u0565\u0572\u0565\u0581\u056b\u0576-300x199.jpg 300w, https:\/\/akunq.net\/tr\/wp-content\/uploads\/sites\/6\/2012\/09\/\u0544\u0561\u0580\u0578\u0582\u0569\u0561-\u057d\u0561\u0580\u056b-\u0565\u056f\u0565\u0572\u0565\u0581\u056b\u0576-600x398.jpg 600w, https:\/\/akunq.net\/tr\/wp-content\/uploads\/sites\/6\/2012\/09\/\u0544\u0561\u0580\u0578\u0582\u0569\u0561-\u057d\u0561\u0580\u056b-\u0565\u056f\u0565\u0572\u0565\u0581\u056b\u0576.jpg 2048w\" sizes=\"auto, (max-width: 300px) 100vw, 300px\" \/><\/a>Sason Belediyesi ve Kaymakaml\u0131\u011f\u0131 taraf\u0131ndan geleneksel olarak d\u00fczenlenen Mereto t\u0131rman\u0131\u015f\u0131 Ramazan Ay\u0131nda Mereto zirvesine \u00e7\u0131kan Ermeni vatanda\u015flar\u0131n zirvede Ermenistan bayra\u011f\u0131 a\u00e7t\u0131klar\u0131 \u015feklindeki iddialar\u0131 nedeniyle iptal edildi.<\/em><\/strong><\/p>\n<p style=\"text-align: justify;\">Sason Belediyesi ve Kaymakaml\u0131\u011f\u0131 taraf\u0131ndan geleneksel olarak d\u00fczenlenen Mereto t\u0131rman\u0131\u015f\u0131 Ramazan Ay\u0131nda Mereto zirvesine \u00e7\u0131kan Ermeni vatanda\u015flar\u0131n zirvede Ermenistan bayra\u011f\u0131 a\u00e7t\u0131klar\u0131 \u015feklindeki iddialar\u0131 nedeniyle iptal edildi.\u00a0<\/p>\n<p style=\"text-align: justify;\"><strong>ERMEN\u0130STAN BAYRA\u011eI TIRMANI\u015eI \u0130PTAL ETT\u0130<\/strong><\/p>\n<p style=\"text-align: justify;\">Mereto da\u011f\u0131n\u0131n ve \u00e7evresindeki tarihi mekanlar\u0131n turizme a\u00e7\u0131lmas\u0131 amac\u0131yla her y\u0131l geleneksel olarak d\u00fczenlenmeye ba\u015flayan Mereto Da\u011f\u0131 t\u0131rman\u0131\u015f\u0131 bu y\u0131l bayrak krizi nedeniyle iptal edildi. Ramazan ay\u0131nda Sason il\u00e7esine gelerek Mereto Da\u011f\u0131&#8217;na t\u0131rmanan ve zirvedeki manast\u0131rda dini ayin yapan Ermeni vatanda\u015flar\u0131n, ayin t\u00f6reninden sonra zirveye Ermenistan bayra\u011f\u0131 ast\u0131klar\u0131 iddia edildi. Sason Kaymakaml\u0131\u011f\u0131 ve Sason belediyesi, \u00e7evrede k\u00f6y sakinlerinin de iddiay\u0131 do\u011frulamas\u0131 \u00fczerine bu y\u0131l d\u00fczenlenmesi planlanan t\u0131rman\u0131\u015f\u0131 iptal ettiklerini a\u00e7\u0131klad\u0131lar.<\/p>\n<p style=\"text-align: justify;\"><strong>BAYRAK PROVOKASYON AMA\u00c7LI D\u0130K\u0130LD\u0130<\/strong><\/p>\n<p style=\"text-align: justify;\">T\u0131rman\u0131\u015f\u0131n iptal edildi\u011fini do\u011frulayan Sason Belediye Ba\u015fkan\u0131 Muzaffer Arslan, gerilimin tamamen provokasyon ama\u00e7l\u0131 yarat\u0131ld\u0131\u011f\u0131n\u0131 ifade etti. Ba\u015fkan Arslan &#8220;Sason&#8217;daki Tarihi mekanlar turizme a\u00e7mak, burada ya\u015fayan her inanca sahip insanlar\u0131 bir araya toplayarak sosyal bir kayna\u015fma sa\u011flamak amac\u0131yla son y\u0131llarda geleneksel hale getirilen t\u0131rman\u0131\u015f d\u00fczenliyorduk. Ancak bu kayna\u015fmadan rahats\u0131z olan bir kesim, bu bar\u0131\u015f havas\u0131n\u0131 bozmak i\u00e7in Mereto da\u011f\u0131 zirvesine Ermenistan Bayra\u011f\u0131 diktiler. \u00c7evre k\u00f6ylerdeki vatanda\u015flar\u0131n m\u00fcdahalesiyle provokasyon giri\u015fimi k\u0131sa s\u00fcrd\u00fc.Provokasyon ama\u00e7layanlara mesaj vermek i\u00e7in bu y\u0131l t\u0131rman\u0131\u015f\u0131 iptal ettik&#8221; \u015feklinde konu\u015ftu.<\/p>\n<p style=\"text-align: justify;\"><strong><em>http:\/\/aykiridogrular.com\/haber-590-Mereto-Kilisesi-Tahrip-Nedeni-Itirafi-Gibi&#8211;Aciklama-Ibretlik.html<\/em><\/strong><\/p>\n","protected":false},"excerpt":{"rendered":"<p>Sason Belediyesi ve Kaymakaml\u0131\u011f\u0131 taraf\u0131ndan geleneksel olarak d\u00fczenlenen Mereto t\u0131rman\u0131\u015f\u0131 Ramazan Ay\u0131nda Mereto zirvesine \u00e7\u0131kan Ermeni vatanda\u015flar\u0131n zirvede Ermenistan bayra\u011f\u0131 a\u00e7t\u0131klar\u0131 \u015feklindeki iddialar\u0131 nedeniyle iptal edildi. Sason Belediyesi ve Kaymakaml\u0131\u011f\u0131 taraf\u0131ndan geleneksel olarak d\u00fczenlenen Mereto t\u0131rman\u0131\u015f\u0131 Ramazan Ay\u0131nda Mereto zirvesine \u00e7\u0131kan Ermeni vatanda\u015flar\u0131n zirvede Ermenistan bayra\u011f\u0131 a\u00e7t\u0131klar\u0131 \u015feklindeki iddialar\u0131 nedeniyle iptal edildi.\u00a0 ERMEN\u0130STAN BAYRA\u011eI TIRMANI\u015eI [&hellip;]<\/p>\n","protected":false},"author":7,"featured_media":0,"comment_status":"open","ping_status":"open","sticky":false,"template":"","format":"standard","meta":{"footnotes":""},"categories":[22,1],"tags":[],"class_list":["post-18185","post","type-post","status-publish","format-standard","hentry","category-gunumuzde-bati-ermenistan","category-haberler"],"yoast_head":"<!-- This site is optimized with the Yoast SEO plugin v27.4 - https:\/\/yoast.com\/product\/yoast-seo-wordpress\/ -->\n<title>Mereto Kilisesi Tahrip Nedeni \u0130tiraf\u0131 Gibi A\u00e7\u0131klama! \u0130bretlik - Bati Ermenistan Ve Bati Ermenileri Sorunlari Ara\u015ftirmalar Merkezi<\/title>\n<meta name=\"robots\" content=\"index, follow, max-snippet:-1, max-image-preview:large, max-video-preview:-1\" \/>\n<link rel=\"canonical\" href=\"https:\/\/akunq.net\/tr\/?p=18185\" \/>\n<meta property=\"og:locale\" content=\"en_US\" \/>\n<meta property=\"og:type\" content=\"article\" \/>\n<meta property=\"og:title\" content=\"Mereto Kilisesi Tahrip Nedeni \u0130tiraf\u0131 Gibi A\u00e7\u0131klama! \u0130bretlik - Bati Ermenistan Ve Bati Ermenileri Sorunlari Ara\u015ftirmalar Merkezi\" \/>\n<meta property=\"og:description\" content=\"Sason Belediyesi ve Kaymakaml\u0131\u011f\u0131 taraf\u0131ndan geleneksel olarak d\u00fczenlenen Mereto t\u0131rman\u0131\u015f\u0131 Ramazan Ay\u0131nda Mereto zirvesine \u00e7\u0131kan Ermeni vatanda\u015flar\u0131n zirvede Ermenistan bayra\u011f\u0131 a\u00e7t\u0131klar\u0131 \u015feklindeki iddialar\u0131 nedeniyle iptal edildi. Sason Belediyesi ve Kaymakaml\u0131\u011f\u0131 taraf\u0131ndan geleneksel olarak d\u00fczenlenen Mereto t\u0131rman\u0131\u015f\u0131 Ramazan Ay\u0131nda Mereto zirvesine \u00e7\u0131kan Ermeni vatanda\u015flar\u0131n zirvede Ermenistan bayra\u011f\u0131 a\u00e7t\u0131klar\u0131 \u015feklindeki iddialar\u0131 nedeniyle iptal edildi.\u00a0 ERMEN\u0130STAN BAYRA\u011eI TIRMANI\u015eI [&hellip;]\" \/>\n<meta property=\"og:url\" content=\"https:\/\/akunq.net\/tr\/?p=18185\" \/>\n<meta property=\"og:site_name\" content=\"Bati Ermenistan Ve Bati Ermenileri Sorunlari Ara\u015ftirmalar Merkezi\" \/>\n<meta property=\"article:published_time\" content=\"2012-09-12T10:19:23+00:00\" \/>\n<meta name=\"author\" content=\"admin\" \/>\n<meta name=\"twitter:card\" content=\"summary_large_image\" \/>\n<meta name=\"twitter:label1\" content=\"Written by\" \/>\n\t<meta name=\"twitter:data1\" content=\"admin\" \/>\n\t<meta name=\"twitter:label2\" content=\"Est. reading time\" \/>\n\t<meta name=\"twitter:data2\" content=\"2 minutes\" \/>\n<script type=\"application\/ld+json\" class=\"yoast-schema-graph\">{\"@context\":\"https:\\\/\\\/schema.org\",\"@graph\":[{\"@type\":\"Article\",\"@id\":\"https:\\\/\\\/akunq.net\\\/tr\\\/?p=18185#article\",\"isPartOf\":{\"@id\":\"https:\\\/\\\/akunq.net\\\/tr\\\/?p=18185\"},\"author\":{\"name\":\"admin\",\"@id\":\"https:\\\/\\\/akunq.net\\\/tr\\\/#\\\/schema\\\/person\\\/096f1d38a12cce57fb855b485ed24c9e\"},\"headline\":\"Mereto Kilisesi Tahrip Nedeni \u0130tiraf\u0131 Gibi A\u00e7\u0131klama! \u0130bretlik\",\"datePublished\":\"2012-09-12T10:19:23+00:00\",\"mainEntityOfPage\":{\"@id\":\"https:\\\/\\\/akunq.net\\\/tr\\\/?p=18185\"},\"wordCount\":309,\"commentCount\":0,\"articleSection\":[\"G\u00fcn\u00fcm\u00fczde Bat\u0131 Ermenistan\",\"Haberler\"],\"inLanguage\":\"en-US\",\"potentialAction\":[{\"@type\":\"CommentAction\",\"name\":\"Comment\",\"target\":[\"https:\\\/\\\/akunq.net\\\/tr\\\/?p=18185#respond\"]}]},{\"@type\":\"WebPage\",\"@id\":\"https:\\\/\\\/akunq.net\\\/tr\\\/?p=18185\",\"url\":\"https:\\\/\\\/akunq.net\\\/tr\\\/?p=18185\",\"name\":\"Mereto Kilisesi Tahrip Nedeni \u0130tiraf\u0131 Gibi A\u00e7\u0131klama! \u0130bretlik - Bati Ermenistan Ve Bati Ermenileri Sorunlari Ara\u015ftirmalar Merkezi\",\"isPartOf\":{\"@id\":\"https:\\\/\\\/akunq.net\\\/tr\\\/#website\"},\"datePublished\":\"2012-09-12T10:19:23+00:00\",\"author\":{\"@id\":\"https:\\\/\\\/akunq.net\\\/tr\\\/#\\\/schema\\\/person\\\/096f1d38a12cce57fb855b485ed24c9e\"},\"breadcrumb\":{\"@id\":\"https:\\\/\\\/akunq.net\\\/tr\\\/?p=18185#breadcrumb\"},\"inLanguage\":\"en-US\",\"potentialAction\":[{\"@type\":\"ReadAction\",\"target\":[\"https:\\\/\\\/akunq.net\\\/tr\\\/?p=18185\"]}]},{\"@type\":\"BreadcrumbList\",\"@id\":\"https:\\\/\\\/akunq.net\\\/tr\\\/?p=18185#breadcrumb\",\"itemListElement\":[{\"@type\":\"ListItem\",\"position\":1,\"name\":\"Home\",\"item\":\"https:\\\/\\\/akunq.net\\\/tr\"},{\"@type\":\"ListItem\",\"position\":2,\"name\":\"Mereto Kilisesi Tahrip Nedeni \u0130tiraf\u0131 Gibi A\u00e7\u0131klama! \u0130bretlik\"}]},{\"@type\":\"WebSite\",\"@id\":\"https:\\\/\\\/akunq.net\\\/tr\\\/#website\",\"url\":\"https:\\\/\\\/akunq.net\\\/tr\\\/\",\"name\":\"Bati Ermenistan Ve Bati Ermenileri Sorunlari Ara\u015ftirmalar Merkezi\",\"description\":\"\",\"potentialAction\":[{\"@type\":\"SearchAction\",\"target\":{\"@type\":\"EntryPoint\",\"urlTemplate\":\"https:\\\/\\\/akunq.net\\\/tr\\\/?s={search_term_string}\"},\"query-input\":{\"@type\":\"PropertyValueSpecification\",\"valueRequired\":true,\"valueName\":\"search_term_string\"}}],\"inLanguage\":\"en-US\"},{\"@type\":\"Person\",\"@id\":\"https:\\\/\\\/akunq.net\\\/tr\\\/#\\\/schema\\\/person\\\/096f1d38a12cce57fb855b485ed24c9e\",\"name\":\"admin\",\"url\":\"https:\\\/\\\/akunq.net\\\/tr\\\/?author=7\"}]}<\/script>\n<!-- \/ Yoast SEO plugin. -->","yoast_head_json":{"title":"Mereto Kilisesi Tahrip Nedeni \u0130tiraf\u0131 Gibi A\u00e7\u0131klama! \u0130bretlik - Bati Ermenistan Ve Bati Ermenileri Sorunlari Ara\u015ftirmalar Merkezi","robots":{"index":"index","follow":"follow","max-snippet":"max-snippet:-1","max-image-preview":"max-image-preview:large","max-video-preview":"max-video-preview:-1"},"canonical":"https:\/\/akunq.net\/tr\/?p=18185","og_locale":"en_US","og_type":"article","og_title":"Mereto Kilisesi Tahrip Nedeni \u0130tiraf\u0131 Gibi A\u00e7\u0131klama! \u0130bretlik - Bati Ermenistan Ve Bati Ermenileri Sorunlari Ara\u015ftirmalar Merkezi","og_description":"Sason Belediyesi ve Kaymakaml\u0131\u011f\u0131 taraf\u0131ndan geleneksel olarak d\u00fczenlenen Mereto t\u0131rman\u0131\u015f\u0131 Ramazan Ay\u0131nda Mereto zirvesine \u00e7\u0131kan Ermeni vatanda\u015flar\u0131n zirvede Ermenistan bayra\u011f\u0131 a\u00e7t\u0131klar\u0131 \u015feklindeki iddialar\u0131 nedeniyle iptal edildi. Sason Belediyesi ve Kaymakaml\u0131\u011f\u0131 taraf\u0131ndan geleneksel olarak d\u00fczenlenen Mereto t\u0131rman\u0131\u015f\u0131 Ramazan Ay\u0131nda Mereto zirvesine \u00e7\u0131kan Ermeni vatanda\u015flar\u0131n zirvede Ermenistan bayra\u011f\u0131 a\u00e7t\u0131klar\u0131 \u015feklindeki iddialar\u0131 nedeniyle iptal edildi.\u00a0 ERMEN\u0130STAN BAYRA\u011eI TIRMANI\u015eI [&hellip;]","og_url":"https:\/\/akunq.net\/tr\/?p=18185","og_site_name":"Bati Ermenistan Ve Bati Ermenileri Sorunlari Ara\u015ftirmalar Merkezi","article_published_time":"2012-09-12T10:19:23+00:00","author":"admin","twitter_card":"summary_large_image","twitter_misc":{"Written by":"admin","Est. reading time":"2 minutes"},"schema":{"@context":"https:\/\/schema.org","@graph":[{"@type":"Article","@id":"https:\/\/akunq.net\/tr\/?p=18185#article","isPartOf":{"@id":"https:\/\/akunq.net\/tr\/?p=18185"},"author":{"name":"admin","@id":"https:\/\/akunq.net\/tr\/#\/schema\/person\/096f1d38a12cce57fb855b485ed24c9e"},"headline":"Mereto Kilisesi Tahrip Nedeni \u0130tiraf\u0131 Gibi A\u00e7\u0131klama! \u0130bretlik","datePublished":"2012-09-12T10:19:23+00:00","mainEntityOfPage":{"@id":"https:\/\/akunq.net\/tr\/?p=18185"},"wordCount":309,"commentCount":0,"articleSection":["G\u00fcn\u00fcm\u00fczde Bat\u0131 Ermenistan","Haberler"],"inLanguage":"en-US","potentialAction":[{"@type":"CommentAction","name":"Comment","target":["https:\/\/akunq.net\/tr\/?p=18185#respond"]}]},{"@type":"WebPage","@id":"https:\/\/akunq.net\/tr\/?p=18185","url":"https:\/\/akunq.net\/tr\/?p=18185","name":"Mereto Kilisesi Tahrip Nedeni \u0130tiraf\u0131 Gibi A\u00e7\u0131klama! \u0130bretlik - Bati Ermenistan Ve Bati Ermenileri Sorunlari Ara\u015ftirmalar Merkezi","isPartOf":{"@id":"https:\/\/akunq.net\/tr\/#website"},"datePublished":"2012-09-12T10:19:23+00:00","author":{"@id":"https:\/\/akunq.net\/tr\/#\/schema\/person\/096f1d38a12cce57fb855b485ed24c9e"},"breadcrumb":{"@id":"https:\/\/akunq.net\/tr\/?p=18185#breadcrumb"},"inLanguage":"en-US","potentialAction":[{"@type":"ReadAction","target":["https:\/\/akunq.net\/tr\/?p=18185"]}]},{"@type":"BreadcrumbList","@id":"https:\/\/akunq.net\/tr\/?p=18185#breadcrumb","itemListElement":[{"@type":"ListItem","position":1,"name":"Home","item":"https:\/\/akunq.net\/tr"},{"@type":"ListItem","position":2,"name":"Mereto Kilisesi Tahrip Nedeni \u0130tiraf\u0131 Gibi A\u00e7\u0131klama! \u0130bretlik"}]},{"@type":"WebSite","@id":"https:\/\/akunq.net\/tr\/#website","url":"https:\/\/akunq.net\/tr\/","name":"Bati Ermenistan Ve Bati Ermenileri Sorunlari Ara\u015ftirmalar Merkezi","description":"","potentialAction":[{"@type":"SearchAction","target":{"@type":"EntryPoint","urlTemplate":"https:\/\/akunq.net\/tr\/?s={search_term_string}"},"query-input":{"@type":"PropertyValueSpecification","valueRequired":true,"valueName":"search_term_string"}}],"inLanguage":"en-US"},{"@type":"Person","@id":"https:\/\/akunq.net\/tr\/#\/schema\/person\/096f1d38a12cce57fb855b485ed24c9e","name":"admin","url":"https:\/\/akunq.net\/tr\/?author=7"}]}},"_links":{"self":[{"href":"https:\/\/akunq.net\/tr\/index.php?rest_route=\/wp\/v2\/posts\/18185","targetHints":{"allow":["GET"]}}],"collection":[{"href":"https:\/\/akunq.net\/tr\/index.php?rest_route=\/wp\/v2\/posts"}],"about":[{"href":"https:\/\/akunq.net\/tr\/index.php?rest_route=\/wp\/v2\/types\/post"}],"author":[{"embeddable":true,"href":"https:\/\/akunq.net\/tr\/index.php?rest_route=\/wp\/v2\/users\/7"}],"replies":[{"embeddable":true,"href":"https:\/\/akunq.net\/tr\/index.php?rest_route=%2Fwp%2Fv2%2Fcomments&post=18185"}],"version-history":[{"count":2,"href":"https:\/\/akunq.net\/tr\/index.php?rest_route=\/wp\/v2\/posts\/18185\/revisions"}],"predecessor-version":[{"id":18188,"href":"https:\/\/akunq.net\/tr\/index.php?rest_route=\/wp\/v2\/posts\/18185\/revisions\/18188"}],"wp:attachment":[{"href":"https:\/\/akunq.net\/tr\/index.php?rest_route=%2Fwp%2Fv2%2Fmedia&parent=18185"}],"wp:term":[{"taxonomy":"category","embeddable":true,"href":"https:\/\/akunq.net\/tr\/index.php?rest_route=%2Fwp%2Fv2%2Fcategories&post=18185"},{"taxonomy":"post_tag","embeddable":true,"href":"https:\/\/akunq.net\/tr\/index.php?rest_route=%2Fwp%2Fv2%2Ftags&post=18185"}],"curies":[{"name":"wp","href":"https:\/\/api.w.org\/{rel}","templated":true}]}}