{"id":17962,"date":"2012-09-04T02:39:28","date_gmt":"2012-09-04T07:39:28","guid":{"rendered":"http:\/\/akunq.net\/tr\/?p=17962"},"modified":"2012-09-04T03:59:56","modified_gmt":"2012-09-04T08:59:56","slug":"karsta-defineciler-kalenin-altini-kazdi","status":"publish","type":"post","link":"https:\/\/akunq.net\/tr\/?p=17962","title":{"rendered":"Kars&#8217;ta Defineciler Kale&#8217;nin Alt\u0131n\u0131 Kazd\u0131"},"content":{"rendered":"<p style=\"text-align: justify;\"><strong><em><a href=\"http:\/\/akunq.net\/tr\/?attachment_id=17975\" rel=\"attachment wp-att-17975\"><img loading=\"lazy\" decoding=\"async\" class=\"alignright size-full wp-image-17975\" title=\"Kars\" src=\"http:\/\/akunq.net\/tr\/wp-content\/uploads\/2012\/09\/Kars.jpg\" alt=\"\" width=\"259\" height=\"194\" \/><\/a>Kars&#8217;ta define arayan kimli\u011fi belirsiz ki\u015fi veya ki\u015filer, tarihi kalenin arkas\u0131nda bulunan kayal\u0131klar\u0131n alt\u0131n\u0131 kazd\u0131. <\/em><\/strong><\/p>\n<p style=\"text-align: justify;\">Kars Kalesi\u2019nin arkas\u0131nda bulunan Kafkas \u00dcniversitesi Eski \u0130ktisat Fak\u00fcltesi giri\u015fi kimli\u011fi belirsiz ki\u015fi veya ki\u015filerce kaz\u0131ld\u0131. Kar\u015f\u0131s\u0131nda askeriye bulunan ve KA\u00dc eski \u0130ktisat Fak\u00fcltesi g\u00fcvenlik g\u00f6revlilerine ra\u011fmen kaz\u0131 yap\u0131lmas\u0131 ise dikkat \u00e7ekiyor.<br \/>\nKars\u2019ta bir \u00e7ok b\u00f6lgede tarihi bina ve \u00e7evrelerinde ka\u00e7ak kaz\u0131 yapan defineciler, bu sefer \u015fehir merkezinde herkesin g\u00f6zleri \u00f6n\u00fcnde kalenin yamac\u0131n\u0131 kazarak define arad\u0131. Defineciler kazd\u0131\u011f\u0131 yerde eski tand\u0131r par\u00e7alar\u0131, g\u00fcve\u00e7 par\u00e7alar\u0131 bulunurken, \u00e7ukurda yuvarlak iz bulunmas\u0131 ise ak\u0131llara; \u201cdefineciler buradan g\u00f6m\u00fc m\u00fc?\u201d \u00e7\u0131kard\u0131 sorusunu getiriyor.<br \/>\nKalenin hemen alt\u0131nda herkesin g\u00f6zleri \u00f6n\u00fcnde definecilerin kaz\u0131 yapmas\u0131, yetkililerin Kars\u2019taki tarihi tabya, kale ve binalara yeterince koruyamad\u0131klar\u0131n\u0131 da ortaya koyuyor.<\/p>\n<p style=\"text-align: justify;\"><strong><em>http:\/\/www.karsmanset.com\/haber\/karsta-defineciler-kalenin-altini-kazdi-13380.htm<\/em><\/strong><\/p>\n","protected":false},"excerpt":{"rendered":"<p>Kars&#8217;ta define arayan kimli\u011fi belirsiz ki\u015fi veya ki\u015filer, tarihi kalenin arkas\u0131nda bulunan kayal\u0131klar\u0131n alt\u0131n\u0131 kazd\u0131. Kars Kalesi\u2019nin arkas\u0131nda bulunan Kafkas \u00dcniversitesi Eski \u0130ktisat Fak\u00fcltesi giri\u015fi kimli\u011fi belirsiz ki\u015fi veya ki\u015filerce kaz\u0131ld\u0131. Kar\u015f\u0131s\u0131nda askeriye bulunan ve KA\u00dc eski \u0130ktisat Fak\u00fcltesi g\u00fcvenlik g\u00f6revlilerine ra\u011fmen kaz\u0131 yap\u0131lmas\u0131 ise dikkat \u00e7ekiyor. Kars\u2019ta bir \u00e7ok b\u00f6lgede tarihi bina ve \u00e7evrelerinde [&hellip;]<\/p>\n","protected":false},"author":7,"featured_media":0,"comment_status":"open","ping_status":"open","sticky":false,"template":"","format":"standard","meta":{"footnotes":""},"categories":[22,1],"tags":[],"class_list":["post-17962","post","type-post","status-publish","format-standard","hentry","category-gunumuzde-bati-ermenistan","category-haberler"],"yoast_head":"<!-- This site is optimized with the Yoast SEO plugin v27.4 - https:\/\/yoast.com\/product\/yoast-seo-wordpress\/ -->\n<title>Kars&#039;ta Defineciler Kale&#039;nin Alt\u0131n\u0131 Kazd\u0131 - Bati Ermenistan Ve Bati Ermenileri Sorunlari Ara\u015ftirmalar Merkezi<\/title>\n<meta name=\"robots\" content=\"index, follow, max-snippet:-1, max-image-preview:large, max-video-preview:-1\" \/>\n<link rel=\"canonical\" href=\"https:\/\/akunq.net\/tr\/?p=17962\" \/>\n<meta property=\"og:locale\" content=\"en_US\" \/>\n<meta property=\"og:type\" content=\"article\" \/>\n<meta property=\"og:title\" content=\"Kars&#039;ta Defineciler Kale&#039;nin Alt\u0131n\u0131 Kazd\u0131 - Bati Ermenistan Ve Bati Ermenileri Sorunlari Ara\u015ftirmalar Merkezi\" \/>\n<meta property=\"og:description\" content=\"Kars&#8217;ta define arayan kimli\u011fi belirsiz ki\u015fi veya ki\u015filer, tarihi kalenin arkas\u0131nda bulunan kayal\u0131klar\u0131n alt\u0131n\u0131 kazd\u0131. Kars Kalesi\u2019nin arkas\u0131nda bulunan Kafkas \u00dcniversitesi Eski \u0130ktisat Fak\u00fcltesi giri\u015fi kimli\u011fi belirsiz ki\u015fi veya ki\u015filerce kaz\u0131ld\u0131. Kar\u015f\u0131s\u0131nda askeriye bulunan ve KA\u00dc eski \u0130ktisat Fak\u00fcltesi g\u00fcvenlik g\u00f6revlilerine ra\u011fmen kaz\u0131 yap\u0131lmas\u0131 ise dikkat \u00e7ekiyor. Kars\u2019ta bir \u00e7ok b\u00f6lgede tarihi bina ve \u00e7evrelerinde [&hellip;]\" \/>\n<meta property=\"og:url\" content=\"https:\/\/akunq.net\/tr\/?p=17962\" \/>\n<meta property=\"og:site_name\" content=\"Bati Ermenistan Ve Bati Ermenileri Sorunlari Ara\u015ftirmalar Merkezi\" \/>\n<meta property=\"article:published_time\" content=\"2012-09-04T07:39:28+00:00\" \/>\n<meta property=\"article:modified_time\" content=\"2012-09-04T08:59:56+00:00\" \/>\n<meta property=\"og:image\" content=\"http:\/\/akunq.net\/tr\/wp-content\/uploads\/2012\/09\/Kars.jpg\" \/>\n<meta name=\"author\" content=\"admin\" \/>\n<meta name=\"twitter:card\" content=\"summary_large_image\" \/>\n<meta name=\"twitter:label1\" content=\"Written by\" \/>\n\t<meta name=\"twitter:data1\" content=\"admin\" \/>\n\t<meta name=\"twitter:label2\" content=\"Est. reading time\" \/>\n\t<meta name=\"twitter:data2\" content=\"1 minute\" \/>\n<script type=\"application\/ld+json\" class=\"yoast-schema-graph\">{\"@context\":\"https:\\\/\\\/schema.org\",\"@graph\":[{\"@type\":\"Article\",\"@id\":\"https:\\\/\\\/akunq.net\\\/tr\\\/?p=17962#article\",\"isPartOf\":{\"@id\":\"https:\\\/\\\/akunq.net\\\/tr\\\/?p=17962\"},\"author\":{\"name\":\"admin\",\"@id\":\"https:\\\/\\\/akunq.net\\\/tr\\\/#\\\/schema\\\/person\\\/096f1d38a12cce57fb855b485ed24c9e\"},\"headline\":\"Kars&#8217;ta Defineciler Kale&#8217;nin Alt\u0131n\u0131 Kazd\u0131\",\"datePublished\":\"2012-09-04T07:39:28+00:00\",\"dateModified\":\"2012-09-04T08:59:56+00:00\",\"mainEntityOfPage\":{\"@id\":\"https:\\\/\\\/akunq.net\\\/tr\\\/?p=17962\"},\"wordCount\":167,\"commentCount\":0,\"image\":{\"@id\":\"https:\\\/\\\/akunq.net\\\/tr\\\/?p=17962#primaryimage\"},\"thumbnailUrl\":\"http:\\\/\\\/akunq.net\\\/tr\\\/wp-content\\\/uploads\\\/2012\\\/09\\\/Kars.jpg\",\"articleSection\":[\"G\u00fcn\u00fcm\u00fczde Bat\u0131 Ermenistan\",\"Haberler\"],\"inLanguage\":\"en-US\",\"potentialAction\":[{\"@type\":\"CommentAction\",\"name\":\"Comment\",\"target\":[\"https:\\\/\\\/akunq.net\\\/tr\\\/?p=17962#respond\"]}]},{\"@type\":\"WebPage\",\"@id\":\"https:\\\/\\\/akunq.net\\\/tr\\\/?p=17962\",\"url\":\"https:\\\/\\\/akunq.net\\\/tr\\\/?p=17962\",\"name\":\"Kars'ta Defineciler Kale'nin Alt\u0131n\u0131 Kazd\u0131 - Bati Ermenistan Ve Bati Ermenileri Sorunlari Ara\u015ftirmalar Merkezi\",\"isPartOf\":{\"@id\":\"https:\\\/\\\/akunq.net\\\/tr\\\/#website\"},\"primaryImageOfPage\":{\"@id\":\"https:\\\/\\\/akunq.net\\\/tr\\\/?p=17962#primaryimage\"},\"image\":{\"@id\":\"https:\\\/\\\/akunq.net\\\/tr\\\/?p=17962#primaryimage\"},\"thumbnailUrl\":\"http:\\\/\\\/akunq.net\\\/tr\\\/wp-content\\\/uploads\\\/2012\\\/09\\\/Kars.jpg\",\"datePublished\":\"2012-09-04T07:39:28+00:00\",\"dateModified\":\"2012-09-04T08:59:56+00:00\",\"author\":{\"@id\":\"https:\\\/\\\/akunq.net\\\/tr\\\/#\\\/schema\\\/person\\\/096f1d38a12cce57fb855b485ed24c9e\"},\"breadcrumb\":{\"@id\":\"https:\\\/\\\/akunq.net\\\/tr\\\/?p=17962#breadcrumb\"},\"inLanguage\":\"en-US\",\"potentialAction\":[{\"@type\":\"ReadAction\",\"target\":[\"https:\\\/\\\/akunq.net\\\/tr\\\/?p=17962\"]}]},{\"@type\":\"ImageObject\",\"inLanguage\":\"en-US\",\"@id\":\"https:\\\/\\\/akunq.net\\\/tr\\\/?p=17962#primaryimage\",\"url\":\"https:\\\/\\\/akunq.net\\\/tr\\\/wp-content\\\/uploads\\\/sites\\\/6\\\/2012\\\/09\\\/Kars.jpg\",\"contentUrl\":\"https:\\\/\\\/akunq.net\\\/tr\\\/wp-content\\\/uploads\\\/sites\\\/6\\\/2012\\\/09\\\/Kars.jpg\",\"width\":\"259\",\"height\":\"194\"},{\"@type\":\"BreadcrumbList\",\"@id\":\"https:\\\/\\\/akunq.net\\\/tr\\\/?p=17962#breadcrumb\",\"itemListElement\":[{\"@type\":\"ListItem\",\"position\":1,\"name\":\"Home\",\"item\":\"https:\\\/\\\/akunq.net\\\/tr\"},{\"@type\":\"ListItem\",\"position\":2,\"name\":\"Kars&#8217;ta Defineciler Kale&#8217;nin Alt\u0131n\u0131 Kazd\u0131\"}]},{\"@type\":\"WebSite\",\"@id\":\"https:\\\/\\\/akunq.net\\\/tr\\\/#website\",\"url\":\"https:\\\/\\\/akunq.net\\\/tr\\\/\",\"name\":\"Bati Ermenistan Ve Bati Ermenileri Sorunlari Ara\u015ftirmalar Merkezi\",\"description\":\"\",\"potentialAction\":[{\"@type\":\"SearchAction\",\"target\":{\"@type\":\"EntryPoint\",\"urlTemplate\":\"https:\\\/\\\/akunq.net\\\/tr\\\/?s={search_term_string}\"},\"query-input\":{\"@type\":\"PropertyValueSpecification\",\"valueRequired\":true,\"valueName\":\"search_term_string\"}}],\"inLanguage\":\"en-US\"},{\"@type\":\"Person\",\"@id\":\"https:\\\/\\\/akunq.net\\\/tr\\\/#\\\/schema\\\/person\\\/096f1d38a12cce57fb855b485ed24c9e\",\"name\":\"admin\",\"url\":\"https:\\\/\\\/akunq.net\\\/tr\\\/?author=7\"}]}<\/script>\n<!-- \/ Yoast SEO plugin. -->","yoast_head_json":{"title":"Kars'ta Defineciler Kale'nin Alt\u0131n\u0131 Kazd\u0131 - Bati Ermenistan Ve Bati Ermenileri Sorunlari Ara\u015ftirmalar Merkezi","robots":{"index":"index","follow":"follow","max-snippet":"max-snippet:-1","max-image-preview":"max-image-preview:large","max-video-preview":"max-video-preview:-1"},"canonical":"https:\/\/akunq.net\/tr\/?p=17962","og_locale":"en_US","og_type":"article","og_title":"Kars'ta Defineciler Kale'nin Alt\u0131n\u0131 Kazd\u0131 - Bati Ermenistan Ve Bati Ermenileri Sorunlari Ara\u015ftirmalar Merkezi","og_description":"Kars&#8217;ta define arayan kimli\u011fi belirsiz ki\u015fi veya ki\u015filer, tarihi kalenin arkas\u0131nda bulunan kayal\u0131klar\u0131n alt\u0131n\u0131 kazd\u0131. Kars Kalesi\u2019nin arkas\u0131nda bulunan Kafkas \u00dcniversitesi Eski \u0130ktisat Fak\u00fcltesi giri\u015fi kimli\u011fi belirsiz ki\u015fi veya ki\u015filerce kaz\u0131ld\u0131. Kar\u015f\u0131s\u0131nda askeriye bulunan ve KA\u00dc eski \u0130ktisat Fak\u00fcltesi g\u00fcvenlik g\u00f6revlilerine ra\u011fmen kaz\u0131 yap\u0131lmas\u0131 ise dikkat \u00e7ekiyor. Kars\u2019ta bir \u00e7ok b\u00f6lgede tarihi bina ve \u00e7evrelerinde [&hellip;]","og_url":"https:\/\/akunq.net\/tr\/?p=17962","og_site_name":"Bati Ermenistan Ve Bati Ermenileri Sorunlari Ara\u015ftirmalar Merkezi","article_published_time":"2012-09-04T07:39:28+00:00","article_modified_time":"2012-09-04T08:59:56+00:00","og_image":[{"url":"http:\/\/akunq.net\/tr\/wp-content\/uploads\/2012\/09\/Kars.jpg","type":"","width":"","height":""}],"author":"admin","twitter_card":"summary_large_image","twitter_misc":{"Written by":"admin","Est. reading time":"1 minute"},"schema":{"@context":"https:\/\/schema.org","@graph":[{"@type":"Article","@id":"https:\/\/akunq.net\/tr\/?p=17962#article","isPartOf":{"@id":"https:\/\/akunq.net\/tr\/?p=17962"},"author":{"name":"admin","@id":"https:\/\/akunq.net\/tr\/#\/schema\/person\/096f1d38a12cce57fb855b485ed24c9e"},"headline":"Kars&#8217;ta Defineciler Kale&#8217;nin Alt\u0131n\u0131 Kazd\u0131","datePublished":"2012-09-04T07:39:28+00:00","dateModified":"2012-09-04T08:59:56+00:00","mainEntityOfPage":{"@id":"https:\/\/akunq.net\/tr\/?p=17962"},"wordCount":167,"commentCount":0,"image":{"@id":"https:\/\/akunq.net\/tr\/?p=17962#primaryimage"},"thumbnailUrl":"http:\/\/akunq.net\/tr\/wp-content\/uploads\/2012\/09\/Kars.jpg","articleSection":["G\u00fcn\u00fcm\u00fczde Bat\u0131 Ermenistan","Haberler"],"inLanguage":"en-US","potentialAction":[{"@type":"CommentAction","name":"Comment","target":["https:\/\/akunq.net\/tr\/?p=17962#respond"]}]},{"@type":"WebPage","@id":"https:\/\/akunq.net\/tr\/?p=17962","url":"https:\/\/akunq.net\/tr\/?p=17962","name":"Kars'ta Defineciler Kale'nin Alt\u0131n\u0131 Kazd\u0131 - Bati Ermenistan Ve Bati Ermenileri Sorunlari Ara\u015ftirmalar Merkezi","isPartOf":{"@id":"https:\/\/akunq.net\/tr\/#website"},"primaryImageOfPage":{"@id":"https:\/\/akunq.net\/tr\/?p=17962#primaryimage"},"image":{"@id":"https:\/\/akunq.net\/tr\/?p=17962#primaryimage"},"thumbnailUrl":"http:\/\/akunq.net\/tr\/wp-content\/uploads\/2012\/09\/Kars.jpg","datePublished":"2012-09-04T07:39:28+00:00","dateModified":"2012-09-04T08:59:56+00:00","author":{"@id":"https:\/\/akunq.net\/tr\/#\/schema\/person\/096f1d38a12cce57fb855b485ed24c9e"},"breadcrumb":{"@id":"https:\/\/akunq.net\/tr\/?p=17962#breadcrumb"},"inLanguage":"en-US","potentialAction":[{"@type":"ReadAction","target":["https:\/\/akunq.net\/tr\/?p=17962"]}]},{"@type":"ImageObject","inLanguage":"en-US","@id":"https:\/\/akunq.net\/tr\/?p=17962#primaryimage","url":"https:\/\/akunq.net\/tr\/wp-content\/uploads\/sites\/6\/2012\/09\/Kars.jpg","contentUrl":"https:\/\/akunq.net\/tr\/wp-content\/uploads\/sites\/6\/2012\/09\/Kars.jpg","width":"259","height":"194"},{"@type":"BreadcrumbList","@id":"https:\/\/akunq.net\/tr\/?p=17962#breadcrumb","itemListElement":[{"@type":"ListItem","position":1,"name":"Home","item":"https:\/\/akunq.net\/tr"},{"@type":"ListItem","position":2,"name":"Kars&#8217;ta Defineciler Kale&#8217;nin Alt\u0131n\u0131 Kazd\u0131"}]},{"@type":"WebSite","@id":"https:\/\/akunq.net\/tr\/#website","url":"https:\/\/akunq.net\/tr\/","name":"Bati Ermenistan Ve Bati Ermenileri Sorunlari Ara\u015ftirmalar Merkezi","description":"","potentialAction":[{"@type":"SearchAction","target":{"@type":"EntryPoint","urlTemplate":"https:\/\/akunq.net\/tr\/?s={search_term_string}"},"query-input":{"@type":"PropertyValueSpecification","valueRequired":true,"valueName":"search_term_string"}}],"inLanguage":"en-US"},{"@type":"Person","@id":"https:\/\/akunq.net\/tr\/#\/schema\/person\/096f1d38a12cce57fb855b485ed24c9e","name":"admin","url":"https:\/\/akunq.net\/tr\/?author=7"}]}},"_links":{"self":[{"href":"https:\/\/akunq.net\/tr\/index.php?rest_route=\/wp\/v2\/posts\/17962","targetHints":{"allow":["GET"]}}],"collection":[{"href":"https:\/\/akunq.net\/tr\/index.php?rest_route=\/wp\/v2\/posts"}],"about":[{"href":"https:\/\/akunq.net\/tr\/index.php?rest_route=\/wp\/v2\/types\/post"}],"author":[{"embeddable":true,"href":"https:\/\/akunq.net\/tr\/index.php?rest_route=\/wp\/v2\/users\/7"}],"replies":[{"embeddable":true,"href":"https:\/\/akunq.net\/tr\/index.php?rest_route=%2Fwp%2Fv2%2Fcomments&post=17962"}],"version-history":[{"count":4,"href":"https:\/\/akunq.net\/tr\/index.php?rest_route=\/wp\/v2\/posts\/17962\/revisions"}],"predecessor-version":[{"id":17977,"href":"https:\/\/akunq.net\/tr\/index.php?rest_route=\/wp\/v2\/posts\/17962\/revisions\/17977"}],"wp:attachment":[{"href":"https:\/\/akunq.net\/tr\/index.php?rest_route=%2Fwp%2Fv2%2Fmedia&parent=17962"}],"wp:term":[{"taxonomy":"category","embeddable":true,"href":"https:\/\/akunq.net\/tr\/index.php?rest_route=%2Fwp%2Fv2%2Fcategories&post=17962"},{"taxonomy":"post_tag","embeddable":true,"href":"https:\/\/akunq.net\/tr\/index.php?rest_route=%2Fwp%2Fv2%2Ftags&post=17962"}],"curies":[{"name":"wp","href":"https:\/\/api.w.org\/{rel}","templated":true}]}}