{"id":17953,"date":"2012-09-04T02:36:53","date_gmt":"2012-09-04T07:36:53","guid":{"rendered":"http:\/\/akunq.net\/tr\/?p=17953"},"modified":"2012-09-04T02:36:53","modified_gmt":"2012-09-04T07:36:53","slug":"tarihi-kilisenin-kurtarilmasi-icin-tapu-sahibi-araniyor","status":"publish","type":"post","link":"https:\/\/akunq.net\/tr\/?p=17953","title":{"rendered":"Tarihi Kilisenin Kurtar\u0131lmas\u0131 \u0130\u00e7in, Tapu Sahibi Aran\u0131yor"},"content":{"rendered":"<p style=\"text-align: justify;\"><strong><em><a href=\"http:\/\/akunq.net\/tr\/?attachment_id=17954\" rel=\"attachment wp-att-17954\"><img loading=\"lazy\" decoding=\"async\" class=\"alignright size-medium wp-image-17954\" title=\"\u054e\u0561\u0580\u0561\u0563\u0561\u057e\u0561\u0576\u0584\" src=\"http:\/\/akunq.net\/tr\/wp-content\/uploads\/2012\/09\/\u054e\u0561\u0580\u0561\u0563\u0561\u057e\u0561\u0576\u0584-300x206.jpg\" alt=\"\" width=\"300\" height=\"206\" srcset=\"https:\/\/akunq.net\/tr\/wp-content\/uploads\/sites\/6\/2012\/09\/\u054e\u0561\u0580\u0561\u0563\u0561\u057e\u0561\u0576\u0584-300x206.jpg 300w, https:\/\/akunq.net\/tr\/wp-content\/uploads\/sites\/6\/2012\/09\/\u054e\u0561\u0580\u0561\u0563\u0561\u057e\u0561\u0576\u0584.jpg 307w\" sizes=\"auto, (max-width: 300px) 100vw, 300px\" \/><\/a>Van&#8217;\u0131n Yukar\u0131 Bakra\u00e7l\u0131 K\u00f6y\u00fc&#8217;ndeki tarihi Yedi Kilise&#8217;nin restorasyonu tapuya tak\u0131ld\u0131.\u00a08&#8217;nci y\u00fczy\u0131lda in\u015fa edilen yakla\u015f\u0131k bin 200 y\u0131ll\u0131k kilisenin arazisi \u00f6zel m\u00fclkiyete ait \u00e7\u0131k\u0131nca, buraya m\u00fcdahale edilemiyor\u2026 Ermeniler i\u00e7in \u00f6nemli bir mekan olan ve 7 ayr\u0131 kiliseden olu\u015fan Yedi Kilise&#8217;nin arazisinin tapusu H\u00fcsamettin Altayl\u0131 adl\u0131 vatanda\u015f\u0131n \u00fczerine \u00e7\u0131k\u0131nca, ge\u00e7en y\u0131l restorasyon ihalesi yap\u0131lamad\u0131.<\/em><\/strong><\/p>\n<p style=\"text-align: justify;\">Ge\u00e7en y\u0131lki depremde b\u00fcy\u00fck hasar g\u00f6ren tarihi kilisenin hali \u015fimdi i\u00e7ler ac\u0131s\u0131. K\u00fclt\u00fcr ve Turizm M\u00fcd\u00fcrl\u00fc\u011f\u00fc, Van Tapu Kadastro M\u00fcd\u00fcrl\u00fc\u011f\u00fc&#8217;nde tapunun arazinin varisleriyle ilgili ara\u015ft\u0131rma yaparken, K\u00fclt\u00fcr ve Tabiat Varl\u0131klar\u0131n\u0131 Koruma Kurulu ile Van M\u00fczesi&#8217;nden de kilisenin kurtar\u0131labilmesi i\u00e7in yap\u0131labilecek \u00e7al\u0131\u015fmalar\u0131n belirlemesini istedi. G\u00fc\u00e7l\u00fckle ayakta durabilen kilisenin restorasyonu i\u00e7in \u015fimdi kilisenin bulundu\u011fu arazi sahibi aran\u0131yor.<\/p>\n<p style=\"text-align: justify;\">Ermeniler i\u00e7in \u00f6nemli bir mekan olan ve 7 ayr\u0131 kiliseden olu\u015fan Yedi Kilise&#8217;nin arazisinin tapusu H\u00fcsamettin Altayl\u0131 adl\u0131 vatanda\u015f\u0131n \u00fczerine \u00e7\u0131k\u0131nca, ge\u00e7en y\u0131l restorasyon ihalesi yap\u0131lamad\u0131. Bak\u0131ms\u0131zl\u0131ktan harabeye d\u00f6nen tarihi kilisenin \u00f6n k\u0131sm\u0131 ge\u00e7en y\u0131l 23 Ekim&#8217;de meydana gelen 7.2 b\u00fcy\u00fckl\u00fc\u011f\u00fcndeki depremde y\u0131k\u0131ld\u0131. Uzun s\u00fcre g\u00fcvenlik a\u00e7\u0131s\u0131ndan kapal\u0131 tutulan kilise, yo\u011fun talep \u00fczerine kontroll\u00fc olarak turistlerin ziyaretine a\u00e7\u0131ld\u0131.<\/p>\n<p style=\"text-align: justify;\"><strong>TAPU \u0130\u00c7\u0130N MUHATTAP ARANIYOR<\/strong><\/p>\n<p style=\"text-align: justify;\">G\u00fcn ge\u00e7tik\u00e7e y\u0131k\u0131lma tehlikesiyle kar\u015f\u0131 kar\u015f\u0131ya kalan yakla\u015f\u0131k bin 200 y\u0131ll\u0131k kilisenin tapusunun varisi ya da varisleri aran\u0131yor. Bu konuyla ilgili K\u00fclt\u00fcr ve Turizm M\u00fcd\u00fcrl\u00fc\u011f\u00fc varislerin belirlenmesi i\u00e7in Van Tapu ve Kadastro M\u00fcd\u00fcrl\u00fc\u011f\u00fc&#8217;nde ara\u015ft\u0131rma yaparken, K\u00fclt\u00fcr ve Tabiat Varl\u0131klar\u0131n\u0131 Koruma Kurulu ile Van M\u00fczesi&#8217;nden de yap\u0131labileceklerle ilgili g\u00f6r\u00fc\u015f al\u0131nd\u0131. H\u00fcsamettin Altayl\u0131&#8217;n\u0131n \u00f6l\u00fcm\u00fcyle kilisenin kurtar\u0131lmas\u0131 i\u00e7in varislerinin bulmas\u0131 i\u00e7in b\u00fcy\u00fck \u00e7aba g\u00f6sterilirken, T\u00fcrkiye Seyahat Acentalar\u0131 Birli\u011fi (T\u00fcrsab) B\u00f6lgesel Y\u00fcr\u00fctme Kurulu Ba\u015fkan\u0131 Abdullah Tun\u00e7demir, bir an \u00f6nce gere\u011finin yap\u0131lmas\u0131n\u0131 istedi. Yedi Kilise&#8217;nin Ermeniler i\u00e7in \u00f6nemli bir inan\u00e7 merkezi oldu\u011funa dikkat \u00e7eken Tun\u00e7demir, valilik ve sivil toplum kurulu\u015flar\u0131n\u0131n zaman kaybetmeden harakete ge\u00e7mesini istedi. Tun\u00e7demir \u015funlar\u0131 s\u00f6yledi:<\/p>\n<p style=\"text-align: justify;\">&#8220;Turlar\u0131m\u0131z aras\u0131nda Yedi Kilise de bulunuyor. Akdamar <em>(Akhtamar-\u2018Akunq\u2019 web sayfas\u0131 y\u00f6neticileri)<\/em> Kilisesi&#8217;nin ard\u0131ndan Yedi Kilise \u00e7ok \u00f6nemli bir mekan. Ermeniler bu y\u0131l 9 Eyl\u00fcl 2012&#8217;de Akdamar Kilisesi&#8217;nde geleneksel ayinlerini yapacak. Ermenilerin b\u00fcy\u00fck bir k\u0131sm\u0131 Akdamar&#8217;dan sonra Yedi Kilise&#8217;yi ziyaret edecektir. Ancak adeta harabeye d\u00f6nen kilisenin bu hali \u00e7ok i\u00e7 a\u00e7\u0131c\u0131 de\u011fil. Tapu sahiplerinin bizimle muhattap olmalar\u0131n\u0131 ve gerekenin bir an \u00f6nce yap\u0131lmas\u0131n\u0131 bekliyoruz.&#8221;<\/p>\n<p style=\"text-align: justify;\"><strong>K\u0130L\u0130SE BEK\u00c7\u0130S\u0130: G\u00dc\u00c7L\u00dcKLE AYAKTA DURUYOR<\/strong><\/p>\n<p style=\"text-align: justify;\">Van&#8217;da ge\u00e7en y\u0131l 23 Ekim&#8217;de meydana gelen 7.2 b\u00fcy\u00fckl\u00fc\u011f\u00fcndeki depremde kilisenin giri\u015f k\u0131sm\u0131n\u0131n y\u0131k\u0131ld\u0131\u011f\u0131n\u0131 belirten bek\u00e7i Mehmet \u00c7oban, Ermenilerin kiliseye b\u00fcy\u00fck ilgisinin oldu\u011funu s\u00f6yledi. Mehmet \u00c7oban \u015f\u00f6yle dedi:<\/p>\n<p style=\"text-align: justify;\">&#8220;Kilisenin giri\u015findeki iki ta\u015f\u0131y\u0131c\u0131 s\u00fctun y\u0131k\u0131ld\u0131. Bir s\u00fcre kiliseyi g\u00fcvenlik a\u00e7\u0131s\u0131ndan a\u00e7mad\u0131m. Kendi imkanlar\u0131mla baz\u0131 b\u00f6lgeleri korumaya \u00e7al\u0131\u015ft\u0131m. Ancak kilise giderek y\u0131k\u0131lmaya y\u00fcz tuttu ve g\u00fc\u00e7l\u00fckle ayakta durabiliyor. Ermeniler gelip \u0131srarla kilisenin i\u00e7ini g\u00f6rmek istiyorlar. Ben de k\u0131sa s\u00fcreli\u011fine a\u00e7\u0131p yeniden kapat\u0131yorum. Kilisenin durumuyla ilgili gerekli bilgileri yetkililere ula\u015ft\u0131rd\u0131m.&#8221;<\/p>\n<p style=\"text-align: justify;\"><a href=\"http:\/\/www.haberler.com\/tarihi-kilisenin-kurtarilmasi-icin-tapu-sahibi-3909478-haberi\/\"><strong><em>http:\/\/www.haberler.com\/tarihi-kilisenin-kurtarilmasi-icin-tapu-sahibi-3909478-haberi\/<\/em><\/strong><\/a><strong><em><\/em><\/strong><\/p>\n<p>&nbsp;<\/p>\n<p>&nbsp;<\/p>\n","protected":false},"excerpt":{"rendered":"<p>Van&#8217;\u0131n Yukar\u0131 Bakra\u00e7l\u0131 K\u00f6y\u00fc&#8217;ndeki tarihi Yedi Kilise&#8217;nin restorasyonu tapuya tak\u0131ld\u0131.\u00a08&#8217;nci y\u00fczy\u0131lda in\u015fa edilen yakla\u015f\u0131k bin 200 y\u0131ll\u0131k kilisenin arazisi \u00f6zel m\u00fclkiyete ait \u00e7\u0131k\u0131nca, buraya m\u00fcdahale edilemiyor\u2026 Ermeniler i\u00e7in \u00f6nemli bir mekan olan ve 7 ayr\u0131 kiliseden olu\u015fan Yedi Kilise&#8217;nin arazisinin tapusu H\u00fcsamettin Altayl\u0131 adl\u0131 vatanda\u015f\u0131n \u00fczerine \u00e7\u0131k\u0131nca, ge\u00e7en y\u0131l restorasyon ihalesi yap\u0131lamad\u0131. Ge\u00e7en y\u0131lki depremde [&hellip;]<\/p>\n","protected":false},"author":7,"featured_media":0,"comment_status":"open","ping_status":"open","sticky":false,"template":"","format":"standard","meta":{"footnotes":""},"categories":[22,1],"tags":[],"class_list":["post-17953","post","type-post","status-publish","format-standard","hentry","category-gunumuzde-bati-ermenistan","category-haberler"],"yoast_head":"<!-- This site is optimized with the Yoast SEO plugin v27.4 - https:\/\/yoast.com\/product\/yoast-seo-wordpress\/ -->\n<title>Tarihi Kilisenin Kurtar\u0131lmas\u0131 \u0130\u00e7in, Tapu Sahibi Aran\u0131yor - Bati Ermenistan Ve Bati Ermenileri Sorunlari Ara\u015ftirmalar Merkezi<\/title>\n<meta name=\"robots\" content=\"index, follow, max-snippet:-1, max-image-preview:large, max-video-preview:-1\" \/>\n<link rel=\"canonical\" href=\"https:\/\/akunq.net\/tr\/?p=17953\" \/>\n<meta property=\"og:locale\" content=\"en_US\" \/>\n<meta property=\"og:type\" content=\"article\" \/>\n<meta property=\"og:title\" content=\"Tarihi Kilisenin Kurtar\u0131lmas\u0131 \u0130\u00e7in, Tapu Sahibi Aran\u0131yor - Bati Ermenistan Ve Bati Ermenileri Sorunlari Ara\u015ftirmalar Merkezi\" \/>\n<meta property=\"og:description\" content=\"Van&#8217;\u0131n Yukar\u0131 Bakra\u00e7l\u0131 K\u00f6y\u00fc&#8217;ndeki tarihi Yedi Kilise&#8217;nin restorasyonu tapuya tak\u0131ld\u0131.\u00a08&#8217;nci y\u00fczy\u0131lda in\u015fa edilen yakla\u015f\u0131k bin 200 y\u0131ll\u0131k kilisenin arazisi \u00f6zel m\u00fclkiyete ait \u00e7\u0131k\u0131nca, buraya m\u00fcdahale edilemiyor\u2026 Ermeniler i\u00e7in \u00f6nemli bir mekan olan ve 7 ayr\u0131 kiliseden olu\u015fan Yedi Kilise&#8217;nin arazisinin tapusu H\u00fcsamettin Altayl\u0131 adl\u0131 vatanda\u015f\u0131n \u00fczerine \u00e7\u0131k\u0131nca, ge\u00e7en y\u0131l restorasyon ihalesi yap\u0131lamad\u0131. Ge\u00e7en y\u0131lki depremde [&hellip;]\" \/>\n<meta property=\"og:url\" content=\"https:\/\/akunq.net\/tr\/?p=17953\" \/>\n<meta property=\"og:site_name\" content=\"Bati Ermenistan Ve Bati Ermenileri Sorunlari Ara\u015ftirmalar Merkezi\" \/>\n<meta property=\"article:published_time\" content=\"2012-09-04T07:36:53+00:00\" \/>\n<meta name=\"author\" content=\"admin\" \/>\n<meta name=\"twitter:card\" content=\"summary_large_image\" \/>\n<meta name=\"twitter:label1\" content=\"Written by\" \/>\n\t<meta name=\"twitter:data1\" content=\"admin\" \/>\n\t<meta name=\"twitter:label2\" content=\"Est. reading time\" \/>\n\t<meta name=\"twitter:data2\" content=\"3 minutes\" \/>\n<script type=\"application\/ld+json\" class=\"yoast-schema-graph\">{\"@context\":\"https:\\\/\\\/schema.org\",\"@graph\":[{\"@type\":\"Article\",\"@id\":\"https:\\\/\\\/akunq.net\\\/tr\\\/?p=17953#article\",\"isPartOf\":{\"@id\":\"https:\\\/\\\/akunq.net\\\/tr\\\/?p=17953\"},\"author\":{\"name\":\"admin\",\"@id\":\"https:\\\/\\\/akunq.net\\\/tr\\\/#\\\/schema\\\/person\\\/096f1d38a12cce57fb855b485ed24c9e\"},\"headline\":\"Tarihi Kilisenin Kurtar\u0131lmas\u0131 \u0130\u00e7in, Tapu Sahibi Aran\u0131yor\",\"datePublished\":\"2012-09-04T07:36:53+00:00\",\"mainEntityOfPage\":{\"@id\":\"https:\\\/\\\/akunq.net\\\/tr\\\/?p=17953\"},\"wordCount\":633,\"commentCount\":0,\"articleSection\":[\"G\u00fcn\u00fcm\u00fczde Bat\u0131 Ermenistan\",\"Haberler\"],\"inLanguage\":\"en-US\",\"potentialAction\":[{\"@type\":\"CommentAction\",\"name\":\"Comment\",\"target\":[\"https:\\\/\\\/akunq.net\\\/tr\\\/?p=17953#respond\"]}]},{\"@type\":\"WebPage\",\"@id\":\"https:\\\/\\\/akunq.net\\\/tr\\\/?p=17953\",\"url\":\"https:\\\/\\\/akunq.net\\\/tr\\\/?p=17953\",\"name\":\"Tarihi Kilisenin Kurtar\u0131lmas\u0131 \u0130\u00e7in, Tapu Sahibi Aran\u0131yor - Bati Ermenistan Ve Bati Ermenileri Sorunlari Ara\u015ftirmalar Merkezi\",\"isPartOf\":{\"@id\":\"https:\\\/\\\/akunq.net\\\/tr\\\/#website\"},\"datePublished\":\"2012-09-04T07:36:53+00:00\",\"author\":{\"@id\":\"https:\\\/\\\/akunq.net\\\/tr\\\/#\\\/schema\\\/person\\\/096f1d38a12cce57fb855b485ed24c9e\"},\"breadcrumb\":{\"@id\":\"https:\\\/\\\/akunq.net\\\/tr\\\/?p=17953#breadcrumb\"},\"inLanguage\":\"en-US\",\"potentialAction\":[{\"@type\":\"ReadAction\",\"target\":[\"https:\\\/\\\/akunq.net\\\/tr\\\/?p=17953\"]}]},{\"@type\":\"BreadcrumbList\",\"@id\":\"https:\\\/\\\/akunq.net\\\/tr\\\/?p=17953#breadcrumb\",\"itemListElement\":[{\"@type\":\"ListItem\",\"position\":1,\"name\":\"Home\",\"item\":\"https:\\\/\\\/akunq.net\\\/tr\"},{\"@type\":\"ListItem\",\"position\":2,\"name\":\"Tarihi Kilisenin Kurtar\u0131lmas\u0131 \u0130\u00e7in, Tapu Sahibi Aran\u0131yor\"}]},{\"@type\":\"WebSite\",\"@id\":\"https:\\\/\\\/akunq.net\\\/tr\\\/#website\",\"url\":\"https:\\\/\\\/akunq.net\\\/tr\\\/\",\"name\":\"Bati Ermenistan Ve Bati Ermenileri Sorunlari Ara\u015ftirmalar Merkezi\",\"description\":\"\",\"potentialAction\":[{\"@type\":\"SearchAction\",\"target\":{\"@type\":\"EntryPoint\",\"urlTemplate\":\"https:\\\/\\\/akunq.net\\\/tr\\\/?s={search_term_string}\"},\"query-input\":{\"@type\":\"PropertyValueSpecification\",\"valueRequired\":true,\"valueName\":\"search_term_string\"}}],\"inLanguage\":\"en-US\"},{\"@type\":\"Person\",\"@id\":\"https:\\\/\\\/akunq.net\\\/tr\\\/#\\\/schema\\\/person\\\/096f1d38a12cce57fb855b485ed24c9e\",\"name\":\"admin\",\"url\":\"https:\\\/\\\/akunq.net\\\/tr\\\/?author=7\"}]}<\/script>\n<!-- \/ Yoast SEO plugin. -->","yoast_head_json":{"title":"Tarihi Kilisenin Kurtar\u0131lmas\u0131 \u0130\u00e7in, Tapu Sahibi Aran\u0131yor - Bati Ermenistan Ve Bati Ermenileri Sorunlari Ara\u015ftirmalar Merkezi","robots":{"index":"index","follow":"follow","max-snippet":"max-snippet:-1","max-image-preview":"max-image-preview:large","max-video-preview":"max-video-preview:-1"},"canonical":"https:\/\/akunq.net\/tr\/?p=17953","og_locale":"en_US","og_type":"article","og_title":"Tarihi Kilisenin Kurtar\u0131lmas\u0131 \u0130\u00e7in, Tapu Sahibi Aran\u0131yor - Bati Ermenistan Ve Bati Ermenileri Sorunlari Ara\u015ftirmalar Merkezi","og_description":"Van&#8217;\u0131n Yukar\u0131 Bakra\u00e7l\u0131 K\u00f6y\u00fc&#8217;ndeki tarihi Yedi Kilise&#8217;nin restorasyonu tapuya tak\u0131ld\u0131.\u00a08&#8217;nci y\u00fczy\u0131lda in\u015fa edilen yakla\u015f\u0131k bin 200 y\u0131ll\u0131k kilisenin arazisi \u00f6zel m\u00fclkiyete ait \u00e7\u0131k\u0131nca, buraya m\u00fcdahale edilemiyor\u2026 Ermeniler i\u00e7in \u00f6nemli bir mekan olan ve 7 ayr\u0131 kiliseden olu\u015fan Yedi Kilise&#8217;nin arazisinin tapusu H\u00fcsamettin Altayl\u0131 adl\u0131 vatanda\u015f\u0131n \u00fczerine \u00e7\u0131k\u0131nca, ge\u00e7en y\u0131l restorasyon ihalesi yap\u0131lamad\u0131. Ge\u00e7en y\u0131lki depremde [&hellip;]","og_url":"https:\/\/akunq.net\/tr\/?p=17953","og_site_name":"Bati Ermenistan Ve Bati Ermenileri Sorunlari Ara\u015ftirmalar Merkezi","article_published_time":"2012-09-04T07:36:53+00:00","author":"admin","twitter_card":"summary_large_image","twitter_misc":{"Written by":"admin","Est. reading time":"3 minutes"},"schema":{"@context":"https:\/\/schema.org","@graph":[{"@type":"Article","@id":"https:\/\/akunq.net\/tr\/?p=17953#article","isPartOf":{"@id":"https:\/\/akunq.net\/tr\/?p=17953"},"author":{"name":"admin","@id":"https:\/\/akunq.net\/tr\/#\/schema\/person\/096f1d38a12cce57fb855b485ed24c9e"},"headline":"Tarihi Kilisenin Kurtar\u0131lmas\u0131 \u0130\u00e7in, Tapu Sahibi Aran\u0131yor","datePublished":"2012-09-04T07:36:53+00:00","mainEntityOfPage":{"@id":"https:\/\/akunq.net\/tr\/?p=17953"},"wordCount":633,"commentCount":0,"articleSection":["G\u00fcn\u00fcm\u00fczde Bat\u0131 Ermenistan","Haberler"],"inLanguage":"en-US","potentialAction":[{"@type":"CommentAction","name":"Comment","target":["https:\/\/akunq.net\/tr\/?p=17953#respond"]}]},{"@type":"WebPage","@id":"https:\/\/akunq.net\/tr\/?p=17953","url":"https:\/\/akunq.net\/tr\/?p=17953","name":"Tarihi Kilisenin Kurtar\u0131lmas\u0131 \u0130\u00e7in, Tapu Sahibi Aran\u0131yor - Bati Ermenistan Ve Bati Ermenileri Sorunlari Ara\u015ftirmalar Merkezi","isPartOf":{"@id":"https:\/\/akunq.net\/tr\/#website"},"datePublished":"2012-09-04T07:36:53+00:00","author":{"@id":"https:\/\/akunq.net\/tr\/#\/schema\/person\/096f1d38a12cce57fb855b485ed24c9e"},"breadcrumb":{"@id":"https:\/\/akunq.net\/tr\/?p=17953#breadcrumb"},"inLanguage":"en-US","potentialAction":[{"@type":"ReadAction","target":["https:\/\/akunq.net\/tr\/?p=17953"]}]},{"@type":"BreadcrumbList","@id":"https:\/\/akunq.net\/tr\/?p=17953#breadcrumb","itemListElement":[{"@type":"ListItem","position":1,"name":"Home","item":"https:\/\/akunq.net\/tr"},{"@type":"ListItem","position":2,"name":"Tarihi Kilisenin Kurtar\u0131lmas\u0131 \u0130\u00e7in, Tapu Sahibi Aran\u0131yor"}]},{"@type":"WebSite","@id":"https:\/\/akunq.net\/tr\/#website","url":"https:\/\/akunq.net\/tr\/","name":"Bati Ermenistan Ve Bati Ermenileri Sorunlari Ara\u015ftirmalar Merkezi","description":"","potentialAction":[{"@type":"SearchAction","target":{"@type":"EntryPoint","urlTemplate":"https:\/\/akunq.net\/tr\/?s={search_term_string}"},"query-input":{"@type":"PropertyValueSpecification","valueRequired":true,"valueName":"search_term_string"}}],"inLanguage":"en-US"},{"@type":"Person","@id":"https:\/\/akunq.net\/tr\/#\/schema\/person\/096f1d38a12cce57fb855b485ed24c9e","name":"admin","url":"https:\/\/akunq.net\/tr\/?author=7"}]}},"_links":{"self":[{"href":"https:\/\/akunq.net\/tr\/index.php?rest_route=\/wp\/v2\/posts\/17953","targetHints":{"allow":["GET"]}}],"collection":[{"href":"https:\/\/akunq.net\/tr\/index.php?rest_route=\/wp\/v2\/posts"}],"about":[{"href":"https:\/\/akunq.net\/tr\/index.php?rest_route=\/wp\/v2\/types\/post"}],"author":[{"embeddable":true,"href":"https:\/\/akunq.net\/tr\/index.php?rest_route=\/wp\/v2\/users\/7"}],"replies":[{"embeddable":true,"href":"https:\/\/akunq.net\/tr\/index.php?rest_route=%2Fwp%2Fv2%2Fcomments&post=17953"}],"version-history":[{"count":2,"href":"https:\/\/akunq.net\/tr\/index.php?rest_route=\/wp\/v2\/posts\/17953\/revisions"}],"predecessor-version":[{"id":17956,"href":"https:\/\/akunq.net\/tr\/index.php?rest_route=\/wp\/v2\/posts\/17953\/revisions\/17956"}],"wp:attachment":[{"href":"https:\/\/akunq.net\/tr\/index.php?rest_route=%2Fwp%2Fv2%2Fmedia&parent=17953"}],"wp:term":[{"taxonomy":"category","embeddable":true,"href":"https:\/\/akunq.net\/tr\/index.php?rest_route=%2Fwp%2Fv2%2Fcategories&post=17953"},{"taxonomy":"post_tag","embeddable":true,"href":"https:\/\/akunq.net\/tr\/index.php?rest_route=%2Fwp%2Fv2%2Ftags&post=17953"}],"curies":[{"name":"wp","href":"https:\/\/api.w.org\/{rel}","templated":true}]}}