{"id":17931,"date":"2012-09-03T01:03:29","date_gmt":"2012-09-03T06:03:29","guid":{"rendered":"http:\/\/akunq.net\/tr\/?p=17931"},"modified":"2012-09-03T01:03:29","modified_gmt":"2012-09-03T06:03:29","slug":"yikilmaya-yuz-tutan-dersimdeki-iki-ermeni-kilisesi-koruma-altina-alacak","status":"publish","type":"post","link":"https:\/\/akunq.net\/tr\/?p=17931","title":{"rendered":"Y\u0131k\u0131lmaya y\u00fcz tutan Dersim\u2019deki iki Ermeni kilisesi koruma alt\u0131na alacak"},"content":{"rendered":"<p style=\"text-align: justify;\"><strong><em><a href=\"http:\/\/akunq.net\/tr\/?attachment_id=17932\" rel=\"attachment wp-att-17932\"><img loading=\"lazy\" decoding=\"async\" class=\"alignright size-medium wp-image-17932\" title=\"Ergan Kilisesi\" src=\"http:\/\/akunq.net\/tr\/wp-content\/uploads\/2012\/09\/Ergan-Kilisesi-300x201.jpg\" alt=\"\" width=\"300\" height=\"201\" srcset=\"https:\/\/akunq.net\/tr\/wp-content\/uploads\/sites\/6\/2012\/09\/Ergan-Kilisesi-300x201.jpg 300w, https:\/\/akunq.net\/tr\/wp-content\/uploads\/sites\/6\/2012\/09\/Ergan-Kilisesi-600x402.jpg 600w, https:\/\/akunq.net\/tr\/wp-content\/uploads\/sites\/6\/2012\/09\/Ergan-Kilisesi.jpg 800w\" sizes=\"auto, (max-width: 300px) 100vw, 300px\" \/><\/a>Dersim Ermenileri Sosyal Yard\u0131mla\u015fma Derne\u011fi Ba\u015fkan\u0131 Miran P\u0131rgi\u00e7 G\u00fcltekin &#8216;Akunq&#8217;a konu\u015ftu\u011funda Dersim\u2019deki tamamen y\u0131k\u0131lmaya y\u00fcz tutan iki Ermeni kilisesinin koruma alt\u0131na al\u0131naca\u011f\u0131n\u0131 s\u00f6yledi.\u00a0 <\/em><\/strong><\/p>\n<p style=\"text-align: justify;\">G\u00fcltekin \u2018\u2018Derne\u011fimizin \u0130stanbul \u00e7al\u0131\u015fmalar\u0131 i\u00e7erisinde zamandan beri \u00f6n\u00fcm\u00fczde k\u00f6ydu\u011fumuz bir proje \u00e7er\u00e7evisinde HAYCAR Ermeni derne\u011fimizle birlikte Anadolu K\u00fclt\u00fcr\u2019\u00fcn de katk\u0131s\u0131yla A\u011fustos\u2019un otuzunda ya da otuz birinde alt\u0131 ki\u015fiyle Dersim\u2019e gidip Hozat\u2019\u0131n Ergan k\u00f6y\u00fcndeki, bir de Mazgirt\u2019teki Ermeni kiliseleri daha k\u00f6t\u00fcye gitmemesi i\u00e7in bir konsept alt\u0131na alarak korumaya \u00e7al\u0131\u015faca\u011f\u0131z. Projemiz korumayla kalm\u0131yacak tabii. Koruma alt\u0131na alma sebebi ilerleyen s\u00fcre\u00e7te onarabilmek, ama \u015fimdi bunu yapmaya g\u00fcc\u00fcm\u00fcz yetmez. Zaten maddi destek olursa, yar\u0131n da yapabilece\u011fiz. Destekleyecek kurumlar \u00e7\u0131karsa, Ermenistan\u2019daki mimarlarla, belki de \u0130talya\u2019dan gelen mimarlarla daha \u00f6nemli \u00e7al\u0131\u015fmalarla Ergan kilisesinin yerinde tekrar bir kilise yap\u0131lmas\u0131n\u0131 istiyoruz. Zaten \u00e7ok g\u00f6rkemli bir kilise oldu\u011funu herkes biliyor. Bunu bilmeyen kalmad\u0131\u2019\u2019 dedi.<\/p>\n<p style=\"text-align: justify;\">Dersim Ermenileri Sosyal Yard\u0131mla\u015fma Derne\u011fi, Mazgirt il\u00e7esinde Hrant Dink an\u0131s\u0131na bir k\u00fctuphane a\u00e7may\u0131 da planl\u0131yor. Dersim\u2019den d\u00f6nd\u00fckten sonra proje olarak Anadolu K\u00fclt\u00fcr\u2019e sunacak. \u00a0Anadolu K\u00fclt\u00fcr de finanse i\u015fine girecek. E\u011fer finanse i\u015fi erken halledilebilirse, proje erken ger\u00e7ekle\u015ftirilir.\u00a0\u00a0\u00a0\u00a0\u00a0\u00a0<\/p>\n<p style=\"text-align: justify;\"><strong><em>Anahit Karta\u015fyan<\/em><\/strong><\/p>\n<p style=\"text-align: justify;\"><strong><em>Akunq.net<\/em><\/strong><\/p>\n<p style=\"text-align: justify;\">\u00a0<\/p>\n","protected":false},"excerpt":{"rendered":"<p>Dersim Ermenileri Sosyal Yard\u0131mla\u015fma Derne\u011fi Ba\u015fkan\u0131 Miran P\u0131rgi\u00e7 G\u00fcltekin &#8216;Akunq&#8217;a konu\u015ftu\u011funda Dersim\u2019deki tamamen y\u0131k\u0131lmaya y\u00fcz tutan iki Ermeni kilisesinin koruma alt\u0131na al\u0131naca\u011f\u0131n\u0131 s\u00f6yledi.\u00a0 G\u00fcltekin \u2018\u2018Derne\u011fimizin \u0130stanbul \u00e7al\u0131\u015fmalar\u0131 i\u00e7erisinde zamandan beri \u00f6n\u00fcm\u00fczde k\u00f6ydu\u011fumuz bir proje \u00e7er\u00e7evisinde HAYCAR Ermeni derne\u011fimizle birlikte Anadolu K\u00fclt\u00fcr\u2019\u00fcn de katk\u0131s\u0131yla A\u011fustos\u2019un otuzunda ya da otuz birinde alt\u0131 ki\u015fiyle Dersim\u2019e gidip Hozat\u2019\u0131n Ergan [&hellip;]<\/p>\n","protected":false},"author":7,"featured_media":0,"comment_status":"open","ping_status":"open","sticky":false,"template":"","format":"standard","meta":{"footnotes":""},"categories":[22,1],"tags":[],"class_list":["post-17931","post","type-post","status-publish","format-standard","hentry","category-gunumuzde-bati-ermenistan","category-haberler"],"yoast_head":"<!-- This site is optimized with the Yoast SEO plugin v27.4 - https:\/\/yoast.com\/product\/yoast-seo-wordpress\/ -->\n<title>Y\u0131k\u0131lmaya y\u00fcz tutan Dersim\u2019deki iki Ermeni kilisesi koruma alt\u0131na alacak - Bati Ermenistan Ve Bati Ermenileri Sorunlari Ara\u015ftirmalar Merkezi<\/title>\n<meta name=\"robots\" content=\"index, follow, max-snippet:-1, max-image-preview:large, max-video-preview:-1\" \/>\n<link rel=\"canonical\" href=\"https:\/\/akunq.net\/tr\/?p=17931\" \/>\n<meta property=\"og:locale\" content=\"en_US\" \/>\n<meta property=\"og:type\" content=\"article\" \/>\n<meta property=\"og:title\" content=\"Y\u0131k\u0131lmaya y\u00fcz tutan Dersim\u2019deki iki Ermeni kilisesi koruma alt\u0131na alacak - Bati Ermenistan Ve Bati Ermenileri Sorunlari Ara\u015ftirmalar Merkezi\" \/>\n<meta property=\"og:description\" content=\"Dersim Ermenileri Sosyal Yard\u0131mla\u015fma Derne\u011fi Ba\u015fkan\u0131 Miran P\u0131rgi\u00e7 G\u00fcltekin &#8216;Akunq&#8217;a konu\u015ftu\u011funda Dersim\u2019deki tamamen y\u0131k\u0131lmaya y\u00fcz tutan iki Ermeni kilisesinin koruma alt\u0131na al\u0131naca\u011f\u0131n\u0131 s\u00f6yledi.\u00a0 G\u00fcltekin \u2018\u2018Derne\u011fimizin \u0130stanbul \u00e7al\u0131\u015fmalar\u0131 i\u00e7erisinde zamandan beri \u00f6n\u00fcm\u00fczde k\u00f6ydu\u011fumuz bir proje \u00e7er\u00e7evisinde HAYCAR Ermeni derne\u011fimizle birlikte Anadolu K\u00fclt\u00fcr\u2019\u00fcn de katk\u0131s\u0131yla A\u011fustos\u2019un otuzunda ya da otuz birinde alt\u0131 ki\u015fiyle Dersim\u2019e gidip Hozat\u2019\u0131n Ergan [&hellip;]\" \/>\n<meta property=\"og:url\" content=\"https:\/\/akunq.net\/tr\/?p=17931\" \/>\n<meta property=\"og:site_name\" content=\"Bati Ermenistan Ve Bati Ermenileri Sorunlari Ara\u015ftirmalar Merkezi\" \/>\n<meta property=\"article:published_time\" content=\"2012-09-03T06:03:29+00:00\" \/>\n<meta property=\"og:image\" content=\"http:\/\/akunq.net\/tr\/wp-content\/uploads\/2012\/09\/Ergan-Kilisesi-300x201.jpg\" \/>\n<meta name=\"author\" content=\"admin\" \/>\n<meta name=\"twitter:card\" content=\"summary_large_image\" \/>\n<meta name=\"twitter:label1\" content=\"Written by\" \/>\n\t<meta name=\"twitter:data1\" content=\"admin\" \/>\n\t<meta name=\"twitter:label2\" content=\"Est. reading time\" \/>\n\t<meta name=\"twitter:data2\" content=\"1 minute\" \/>\n<script type=\"application\/ld+json\" class=\"yoast-schema-graph\">{\"@context\":\"https:\\\/\\\/schema.org\",\"@graph\":[{\"@type\":\"Article\",\"@id\":\"https:\\\/\\\/akunq.net\\\/tr\\\/?p=17931#article\",\"isPartOf\":{\"@id\":\"https:\\\/\\\/akunq.net\\\/tr\\\/?p=17931\"},\"author\":{\"name\":\"admin\",\"@id\":\"https:\\\/\\\/akunq.net\\\/tr\\\/#\\\/schema\\\/person\\\/096f1d38a12cce57fb855b485ed24c9e\"},\"headline\":\"Y\u0131k\u0131lmaya y\u00fcz tutan Dersim\u2019deki iki Ermeni kilisesi koruma alt\u0131na alacak\",\"datePublished\":\"2012-09-03T06:03:29+00:00\",\"mainEntityOfPage\":{\"@id\":\"https:\\\/\\\/akunq.net\\\/tr\\\/?p=17931\"},\"wordCount\":268,\"commentCount\":0,\"image\":{\"@id\":\"https:\\\/\\\/akunq.net\\\/tr\\\/?p=17931#primaryimage\"},\"thumbnailUrl\":\"http:\\\/\\\/akunq.net\\\/tr\\\/wp-content\\\/uploads\\\/2012\\\/09\\\/Ergan-Kilisesi-300x201.jpg\",\"articleSection\":[\"G\u00fcn\u00fcm\u00fczde Bat\u0131 Ermenistan\",\"Haberler\"],\"inLanguage\":\"en-US\",\"potentialAction\":[{\"@type\":\"CommentAction\",\"name\":\"Comment\",\"target\":[\"https:\\\/\\\/akunq.net\\\/tr\\\/?p=17931#respond\"]}]},{\"@type\":\"WebPage\",\"@id\":\"https:\\\/\\\/akunq.net\\\/tr\\\/?p=17931\",\"url\":\"https:\\\/\\\/akunq.net\\\/tr\\\/?p=17931\",\"name\":\"Y\u0131k\u0131lmaya y\u00fcz tutan Dersim\u2019deki iki Ermeni kilisesi koruma alt\u0131na alacak - Bati Ermenistan Ve Bati Ermenileri Sorunlari Ara\u015ftirmalar Merkezi\",\"isPartOf\":{\"@id\":\"https:\\\/\\\/akunq.net\\\/tr\\\/#website\"},\"primaryImageOfPage\":{\"@id\":\"https:\\\/\\\/akunq.net\\\/tr\\\/?p=17931#primaryimage\"},\"image\":{\"@id\":\"https:\\\/\\\/akunq.net\\\/tr\\\/?p=17931#primaryimage\"},\"thumbnailUrl\":\"http:\\\/\\\/akunq.net\\\/tr\\\/wp-content\\\/uploads\\\/2012\\\/09\\\/Ergan-Kilisesi-300x201.jpg\",\"datePublished\":\"2012-09-03T06:03:29+00:00\",\"author\":{\"@id\":\"https:\\\/\\\/akunq.net\\\/tr\\\/#\\\/schema\\\/person\\\/096f1d38a12cce57fb855b485ed24c9e\"},\"breadcrumb\":{\"@id\":\"https:\\\/\\\/akunq.net\\\/tr\\\/?p=17931#breadcrumb\"},\"inLanguage\":\"en-US\",\"potentialAction\":[{\"@type\":\"ReadAction\",\"target\":[\"https:\\\/\\\/akunq.net\\\/tr\\\/?p=17931\"]}]},{\"@type\":\"ImageObject\",\"inLanguage\":\"en-US\",\"@id\":\"https:\\\/\\\/akunq.net\\\/tr\\\/?p=17931#primaryimage\",\"url\":\"https:\\\/\\\/akunq.net\\\/tr\\\/wp-content\\\/uploads\\\/sites\\\/6\\\/2012\\\/09\\\/Ergan-Kilisesi.jpg\",\"contentUrl\":\"https:\\\/\\\/akunq.net\\\/tr\\\/wp-content\\\/uploads\\\/sites\\\/6\\\/2012\\\/09\\\/Ergan-Kilisesi.jpg\",\"width\":\"800\",\"height\":\"536\"},{\"@type\":\"BreadcrumbList\",\"@id\":\"https:\\\/\\\/akunq.net\\\/tr\\\/?p=17931#breadcrumb\",\"itemListElement\":[{\"@type\":\"ListItem\",\"position\":1,\"name\":\"Home\",\"item\":\"https:\\\/\\\/akunq.net\\\/tr\"},{\"@type\":\"ListItem\",\"position\":2,\"name\":\"Y\u0131k\u0131lmaya y\u00fcz tutan Dersim\u2019deki iki Ermeni kilisesi koruma alt\u0131na alacak\"}]},{\"@type\":\"WebSite\",\"@id\":\"https:\\\/\\\/akunq.net\\\/tr\\\/#website\",\"url\":\"https:\\\/\\\/akunq.net\\\/tr\\\/\",\"name\":\"Bati Ermenistan Ve Bati Ermenileri Sorunlari Ara\u015ftirmalar Merkezi\",\"description\":\"\",\"potentialAction\":[{\"@type\":\"SearchAction\",\"target\":{\"@type\":\"EntryPoint\",\"urlTemplate\":\"https:\\\/\\\/akunq.net\\\/tr\\\/?s={search_term_string}\"},\"query-input\":{\"@type\":\"PropertyValueSpecification\",\"valueRequired\":true,\"valueName\":\"search_term_string\"}}],\"inLanguage\":\"en-US\"},{\"@type\":\"Person\",\"@id\":\"https:\\\/\\\/akunq.net\\\/tr\\\/#\\\/schema\\\/person\\\/096f1d38a12cce57fb855b485ed24c9e\",\"name\":\"admin\",\"url\":\"https:\\\/\\\/akunq.net\\\/tr\\\/?author=7\"}]}<\/script>\n<!-- \/ Yoast SEO plugin. -->","yoast_head_json":{"title":"Y\u0131k\u0131lmaya y\u00fcz tutan Dersim\u2019deki iki Ermeni kilisesi koruma alt\u0131na alacak - Bati Ermenistan Ve Bati Ermenileri Sorunlari Ara\u015ftirmalar Merkezi","robots":{"index":"index","follow":"follow","max-snippet":"max-snippet:-1","max-image-preview":"max-image-preview:large","max-video-preview":"max-video-preview:-1"},"canonical":"https:\/\/akunq.net\/tr\/?p=17931","og_locale":"en_US","og_type":"article","og_title":"Y\u0131k\u0131lmaya y\u00fcz tutan Dersim\u2019deki iki Ermeni kilisesi koruma alt\u0131na alacak - Bati Ermenistan Ve Bati Ermenileri Sorunlari Ara\u015ftirmalar Merkezi","og_description":"Dersim Ermenileri Sosyal Yard\u0131mla\u015fma Derne\u011fi Ba\u015fkan\u0131 Miran P\u0131rgi\u00e7 G\u00fcltekin &#8216;Akunq&#8217;a konu\u015ftu\u011funda Dersim\u2019deki tamamen y\u0131k\u0131lmaya y\u00fcz tutan iki Ermeni kilisesinin koruma alt\u0131na al\u0131naca\u011f\u0131n\u0131 s\u00f6yledi.\u00a0 G\u00fcltekin \u2018\u2018Derne\u011fimizin \u0130stanbul \u00e7al\u0131\u015fmalar\u0131 i\u00e7erisinde zamandan beri \u00f6n\u00fcm\u00fczde k\u00f6ydu\u011fumuz bir proje \u00e7er\u00e7evisinde HAYCAR Ermeni derne\u011fimizle birlikte Anadolu K\u00fclt\u00fcr\u2019\u00fcn de katk\u0131s\u0131yla A\u011fustos\u2019un otuzunda ya da otuz birinde alt\u0131 ki\u015fiyle Dersim\u2019e gidip Hozat\u2019\u0131n Ergan [&hellip;]","og_url":"https:\/\/akunq.net\/tr\/?p=17931","og_site_name":"Bati Ermenistan Ve Bati Ermenileri Sorunlari Ara\u015ftirmalar Merkezi","article_published_time":"2012-09-03T06:03:29+00:00","og_image":[{"url":"http:\/\/akunq.net\/tr\/wp-content\/uploads\/2012\/09\/Ergan-Kilisesi-300x201.jpg","type":"","width":"","height":""}],"author":"admin","twitter_card":"summary_large_image","twitter_misc":{"Written by":"admin","Est. reading time":"1 minute"},"schema":{"@context":"https:\/\/schema.org","@graph":[{"@type":"Article","@id":"https:\/\/akunq.net\/tr\/?p=17931#article","isPartOf":{"@id":"https:\/\/akunq.net\/tr\/?p=17931"},"author":{"name":"admin","@id":"https:\/\/akunq.net\/tr\/#\/schema\/person\/096f1d38a12cce57fb855b485ed24c9e"},"headline":"Y\u0131k\u0131lmaya y\u00fcz tutan Dersim\u2019deki iki Ermeni kilisesi koruma alt\u0131na alacak","datePublished":"2012-09-03T06:03:29+00:00","mainEntityOfPage":{"@id":"https:\/\/akunq.net\/tr\/?p=17931"},"wordCount":268,"commentCount":0,"image":{"@id":"https:\/\/akunq.net\/tr\/?p=17931#primaryimage"},"thumbnailUrl":"http:\/\/akunq.net\/tr\/wp-content\/uploads\/2012\/09\/Ergan-Kilisesi-300x201.jpg","articleSection":["G\u00fcn\u00fcm\u00fczde Bat\u0131 Ermenistan","Haberler"],"inLanguage":"en-US","potentialAction":[{"@type":"CommentAction","name":"Comment","target":["https:\/\/akunq.net\/tr\/?p=17931#respond"]}]},{"@type":"WebPage","@id":"https:\/\/akunq.net\/tr\/?p=17931","url":"https:\/\/akunq.net\/tr\/?p=17931","name":"Y\u0131k\u0131lmaya y\u00fcz tutan Dersim\u2019deki iki Ermeni kilisesi koruma alt\u0131na alacak - Bati Ermenistan Ve Bati Ermenileri Sorunlari Ara\u015ftirmalar Merkezi","isPartOf":{"@id":"https:\/\/akunq.net\/tr\/#website"},"primaryImageOfPage":{"@id":"https:\/\/akunq.net\/tr\/?p=17931#primaryimage"},"image":{"@id":"https:\/\/akunq.net\/tr\/?p=17931#primaryimage"},"thumbnailUrl":"http:\/\/akunq.net\/tr\/wp-content\/uploads\/2012\/09\/Ergan-Kilisesi-300x201.jpg","datePublished":"2012-09-03T06:03:29+00:00","author":{"@id":"https:\/\/akunq.net\/tr\/#\/schema\/person\/096f1d38a12cce57fb855b485ed24c9e"},"breadcrumb":{"@id":"https:\/\/akunq.net\/tr\/?p=17931#breadcrumb"},"inLanguage":"en-US","potentialAction":[{"@type":"ReadAction","target":["https:\/\/akunq.net\/tr\/?p=17931"]}]},{"@type":"ImageObject","inLanguage":"en-US","@id":"https:\/\/akunq.net\/tr\/?p=17931#primaryimage","url":"https:\/\/akunq.net\/tr\/wp-content\/uploads\/sites\/6\/2012\/09\/Ergan-Kilisesi.jpg","contentUrl":"https:\/\/akunq.net\/tr\/wp-content\/uploads\/sites\/6\/2012\/09\/Ergan-Kilisesi.jpg","width":"800","height":"536"},{"@type":"BreadcrumbList","@id":"https:\/\/akunq.net\/tr\/?p=17931#breadcrumb","itemListElement":[{"@type":"ListItem","position":1,"name":"Home","item":"https:\/\/akunq.net\/tr"},{"@type":"ListItem","position":2,"name":"Y\u0131k\u0131lmaya y\u00fcz tutan Dersim\u2019deki iki Ermeni kilisesi koruma alt\u0131na alacak"}]},{"@type":"WebSite","@id":"https:\/\/akunq.net\/tr\/#website","url":"https:\/\/akunq.net\/tr\/","name":"Bati Ermenistan Ve Bati Ermenileri Sorunlari Ara\u015ftirmalar Merkezi","description":"","potentialAction":[{"@type":"SearchAction","target":{"@type":"EntryPoint","urlTemplate":"https:\/\/akunq.net\/tr\/?s={search_term_string}"},"query-input":{"@type":"PropertyValueSpecification","valueRequired":true,"valueName":"search_term_string"}}],"inLanguage":"en-US"},{"@type":"Person","@id":"https:\/\/akunq.net\/tr\/#\/schema\/person\/096f1d38a12cce57fb855b485ed24c9e","name":"admin","url":"https:\/\/akunq.net\/tr\/?author=7"}]}},"_links":{"self":[{"href":"https:\/\/akunq.net\/tr\/index.php?rest_route=\/wp\/v2\/posts\/17931","targetHints":{"allow":["GET"]}}],"collection":[{"href":"https:\/\/akunq.net\/tr\/index.php?rest_route=\/wp\/v2\/posts"}],"about":[{"href":"https:\/\/akunq.net\/tr\/index.php?rest_route=\/wp\/v2\/types\/post"}],"author":[{"embeddable":true,"href":"https:\/\/akunq.net\/tr\/index.php?rest_route=\/wp\/v2\/users\/7"}],"replies":[{"embeddable":true,"href":"https:\/\/akunq.net\/tr\/index.php?rest_route=%2Fwp%2Fv2%2Fcomments&post=17931"}],"version-history":[{"count":2,"href":"https:\/\/akunq.net\/tr\/index.php?rest_route=\/wp\/v2\/posts\/17931\/revisions"}],"predecessor-version":[{"id":17934,"href":"https:\/\/akunq.net\/tr\/index.php?rest_route=\/wp\/v2\/posts\/17931\/revisions\/17934"}],"wp:attachment":[{"href":"https:\/\/akunq.net\/tr\/index.php?rest_route=%2Fwp%2Fv2%2Fmedia&parent=17931"}],"wp:term":[{"taxonomy":"category","embeddable":true,"href":"https:\/\/akunq.net\/tr\/index.php?rest_route=%2Fwp%2Fv2%2Fcategories&post=17931"},{"taxonomy":"post_tag","embeddable":true,"href":"https:\/\/akunq.net\/tr\/index.php?rest_route=%2Fwp%2Fv2%2Ftags&post=17931"}],"curies":[{"name":"wp","href":"https:\/\/api.w.org\/{rel}","templated":true}]}}