{"id":17866,"date":"2012-08-30T03:03:50","date_gmt":"2012-08-30T08:03:50","guid":{"rendered":"http:\/\/akunq.net\/tr\/?p=17866"},"modified":"2012-08-30T03:04:07","modified_gmt":"2012-08-30T08:04:07","slug":"carpanak-kilisesi-yenileniyor","status":"publish","type":"post","link":"https:\/\/akunq.net\/tr\/?p=17866","title":{"rendered":"\u00c7arpanak Kilisesi Yenileniyor"},"content":{"rendered":"<p style=\"text-align: justify;\"><strong><em><a href=\"http:\/\/akunq.net\/tr\/?attachment_id=17868\" rel=\"attachment wp-att-17868\"><img loading=\"lazy\" decoding=\"async\" class=\"size-full wp-image-17868 alignleft\" title=\"\u00c7arpanak Kilisesi\" src=\"http:\/\/akunq.net\/tr\/wp-content\/uploads\/2012\/08\/\u00c7arpanak-Kilisesi.jpg\" alt=\"\" width=\"250\" height=\"190\" \/><\/a>Van G\u00f6l\u00fc&#8217;ndeki \u00c7arpanak Adas\u0131&#8217;nda bulunan Ktouts Manast\u0131r Kompleksi, Van Valili\u011fi taraf\u0131ndan restore edilecek\u2026 <\/em><\/strong><em><\/em><\/p>\n<p style=\"text-align: justify;\"><a title=\"van g\u00f6l\u00fc\" href=\"http:\/\/www.emlakhaberleri.com\/s\/van%20g\u00f6l\u00fc\">Van G\u00f6l\u00fc<\/a>&#8216;nde bulunan d\u00f6rt adadan biri olan <a title=\"\u00e7arpanak adas\u0131'\" href=\"http:\/\/www.emlakhaberleri.com\/s\/\u00e7arpanak%20adas\u0131'\">\u00c7arpanak Adas\u0131&#8217;<\/a>ndaki tarihi kilisede yap\u0131lacak kaz\u0131 ve <a title=\"restorasyon\" href=\"http:\/\/www.emlakhaberleri.com\/s\/restorasyon\">restorasyon<\/a> i\u00e7in \u00e7al\u0131\u015fma ba\u015flat\u0131ld\u0131.<\/p>\n<p style=\"text-align: justify;\">Van G\u00f6l\u00fc&#8217;n\u00fcn kuzeydo\u011fusunda, sahilden 10 dakika s\u00fcren tekne yolculu\u011fu ile ula\u015f\u0131lan \u00c7arpanak Adas\u0131&#8217;nda St. Jean&#8217;a atfedilerek yapt\u0131r\u0131lan Ktouts manast\u0131r kompleksi, Van Valili\u011fi taraf\u0131ndan y\u00fcr\u00fct\u00fclen proje ile yeniden aya\u011fa kald\u0131r\u0131l\u0131yor.<\/p>\n<p style=\"text-align: justify;\">Y\u00fcz\u00fcnc\u00fc Y\u0131l \u00dcniversitesi Mimarl\u0131k-M\u00fchendislik Fak\u00fcltesi \u00d6\u011fretim \u00dcyesi Yrd. Do\u00e7. Dr. \u015eehabettin \u00d6zt\u00fcrk, gazetecilere yapt\u0131\u011f\u0131 a\u00e7\u0131klamada, adadaki manast\u0131r\u0131n tarihi kaynaklara g\u00f6re 15. y\u00fczy\u0131lda in\u015fa edildi\u011fini, 1720 y\u0131l\u0131nda b\u00f6lgede ya\u015fanan depremde ise yap\u0131n\u0131n b\u00fcy\u00fck bir b\u00f6l\u00fcm\u00fcn\u00fcn y\u0131k\u0131ld\u0131\u011f\u0131n\u0131 an\u0131msatt\u0131.<\/p>\n<p style=\"text-align: justify;\">\u00d6zt\u00fcrk, <a title=\"deprem\" href=\"http:\/\/www.emlakhaberleri.com\/s\/deprem\">deprem<\/a>den sonra yap\u0131n\u0131n yeniden onar\u0131mdan ge\u00e7irildi\u011fini belirterek, manast\u0131r ve kilisenin 1915 y\u0131l\u0131na kadar ibadete a\u00e7\u0131k oldu\u011funu s\u00f6yledi.<\/p>\n<p style=\"text-align: justify;\">Yap\u0131n\u0131n yaln\u0131zca kilise ve manast\u0131rdan ibaret olmad\u0131\u011f\u0131n\u0131, \u00e7e\u015fitli eklentileri de bulundu\u011funu vurgulayan \u00d6zt\u00fcrk, \u00f6\u011frencilerin kalabilece\u011fi mekanlar olarak de\u011ferlendirilen b\u00f6l\u00fcmlerin \u015fu an itibar\u0131yla toprak alt\u0131nda oldu\u011funu ifade etti.<\/p>\n<p style=\"text-align: justify;\">\u00d6zt\u00fcrk, valilik taraf\u0131ndan 2010 y\u0131l\u0131nda haz\u0131rlanan proje kapsam\u0131nda manast\u0131rda \u00e7e\u015fitli \u00e7al\u0131\u015fmalar yap\u0131ld\u0131\u011f\u0131na de\u011finerek, kayal\u0131k zemine kurulu yap\u0131n\u0131n, ge\u00e7en y\u0131l meydana gelen depremleri k\u00fc\u00e7\u00fck hasarlarla atlatt\u0131\u011f\u0131n\u0131 kaydetti.<\/p>\n<p style=\"text-align: justify;\">Kilise ve manast\u0131r\u0131n eski ihti\u015fam\u0131na kavu\u015fmas\u0131 i\u00e7in kapsaml\u0131 bir kaz\u0131 restorasyon \u00e7al\u0131\u015fmas\u0131 yap\u0131lmas\u0131 gerekti\u011fine dikkati \u00e7eken \u00d6zt\u00fcrk, &#8220;Toprak alt\u0131nda olan eklentilerin g\u00fcn \u0131\u015f\u0131\u011f\u0131na \u00e7\u0131kar\u0131lmas\u0131 amac\u0131yla bilimsel bir kaz\u0131ya ihtiya\u00e7 duyulmaktad\u0131r. Bununla ilgili \u00e7al\u0131\u015fmalar devam ediyor&#8221; dedi.<\/p>\n<p style=\"text-align: justify;\">\u00a0<strong><em>Kaynak: AA<\/em><\/strong><\/p>\n<p style=\"text-align: justify;\"><strong><em>http:\/\/www.emlakhaberleri.com\/kent-haberleri-haberleri\/carpanak-kilisesi-yenileniyor_89482.html<\/em><\/strong><\/p>\n","protected":false},"excerpt":{"rendered":"<p>Van G\u00f6l\u00fc&#8217;ndeki \u00c7arpanak Adas\u0131&#8217;nda bulunan Ktouts Manast\u0131r Kompleksi, Van Valili\u011fi taraf\u0131ndan restore edilecek\u2026 Van G\u00f6l\u00fc&#8216;nde bulunan d\u00f6rt adadan biri olan \u00c7arpanak Adas\u0131&#8217;ndaki tarihi kilisede yap\u0131lacak kaz\u0131 ve restorasyon i\u00e7in \u00e7al\u0131\u015fma ba\u015flat\u0131ld\u0131. Van G\u00f6l\u00fc&#8217;n\u00fcn kuzeydo\u011fusunda, sahilden 10 dakika s\u00fcren tekne yolculu\u011fu ile ula\u015f\u0131lan \u00c7arpanak Adas\u0131&#8217;nda St. Jean&#8217;a atfedilerek yapt\u0131r\u0131lan Ktouts manast\u0131r kompleksi, Van Valili\u011fi taraf\u0131ndan y\u00fcr\u00fct\u00fclen [&hellip;]<\/p>\n","protected":false},"author":7,"featured_media":0,"comment_status":"open","ping_status":"open","sticky":false,"template":"","format":"standard","meta":{"footnotes":""},"categories":[22,1],"tags":[],"class_list":["post-17866","post","type-post","status-publish","format-standard","hentry","category-gunumuzde-bati-ermenistan","category-haberler"],"yoast_head":"<!-- This site is optimized with the Yoast SEO plugin v27.4 - https:\/\/yoast.com\/product\/yoast-seo-wordpress\/ -->\n<title>\u00c7arpanak Kilisesi Yenileniyor - Bati Ermenistan Ve Bati Ermenileri Sorunlari Ara\u015ftirmalar Merkezi<\/title>\n<meta name=\"robots\" content=\"index, follow, max-snippet:-1, max-image-preview:large, max-video-preview:-1\" \/>\n<link rel=\"canonical\" href=\"https:\/\/akunq.net\/tr\/?p=17866\" \/>\n<meta property=\"og:locale\" content=\"en_US\" \/>\n<meta property=\"og:type\" content=\"article\" \/>\n<meta property=\"og:title\" content=\"\u00c7arpanak Kilisesi Yenileniyor - Bati Ermenistan Ve Bati Ermenileri Sorunlari Ara\u015ftirmalar Merkezi\" \/>\n<meta property=\"og:description\" content=\"Van G\u00f6l\u00fc&#8217;ndeki \u00c7arpanak Adas\u0131&#8217;nda bulunan Ktouts Manast\u0131r Kompleksi, Van Valili\u011fi taraf\u0131ndan restore edilecek\u2026 Van G\u00f6l\u00fc&#8216;nde bulunan d\u00f6rt adadan biri olan \u00c7arpanak Adas\u0131&#8217;ndaki tarihi kilisede yap\u0131lacak kaz\u0131 ve restorasyon i\u00e7in \u00e7al\u0131\u015fma ba\u015flat\u0131ld\u0131. Van G\u00f6l\u00fc&#8217;n\u00fcn kuzeydo\u011fusunda, sahilden 10 dakika s\u00fcren tekne yolculu\u011fu ile ula\u015f\u0131lan \u00c7arpanak Adas\u0131&#8217;nda St. Jean&#8217;a atfedilerek yapt\u0131r\u0131lan Ktouts manast\u0131r kompleksi, Van Valili\u011fi taraf\u0131ndan y\u00fcr\u00fct\u00fclen [&hellip;]\" \/>\n<meta property=\"og:url\" content=\"https:\/\/akunq.net\/tr\/?p=17866\" \/>\n<meta property=\"og:site_name\" content=\"Bati Ermenistan Ve Bati Ermenileri Sorunlari Ara\u015ftirmalar Merkezi\" \/>\n<meta property=\"article:published_time\" content=\"2012-08-30T08:03:50+00:00\" \/>\n<meta property=\"article:modified_time\" content=\"2012-08-30T08:04:07+00:00\" \/>\n<meta name=\"author\" content=\"admin\" \/>\n<meta name=\"twitter:card\" content=\"summary_large_image\" \/>\n<meta name=\"twitter:label1\" content=\"Written by\" \/>\n\t<meta name=\"twitter:data1\" content=\"admin\" \/>\n\t<meta name=\"twitter:label2\" content=\"Est. reading time\" \/>\n\t<meta name=\"twitter:data2\" content=\"2 minutes\" \/>\n<script type=\"application\/ld+json\" class=\"yoast-schema-graph\">{\"@context\":\"https:\\\/\\\/schema.org\",\"@graph\":[{\"@type\":\"Article\",\"@id\":\"https:\\\/\\\/akunq.net\\\/tr\\\/?p=17866#article\",\"isPartOf\":{\"@id\":\"https:\\\/\\\/akunq.net\\\/tr\\\/?p=17866\"},\"author\":{\"name\":\"admin\",\"@id\":\"https:\\\/\\\/akunq.net\\\/tr\\\/#\\\/schema\\\/person\\\/096f1d38a12cce57fb855b485ed24c9e\"},\"headline\":\"\u00c7arpanak Kilisesi Yenileniyor\",\"datePublished\":\"2012-08-30T08:03:50+00:00\",\"dateModified\":\"2012-08-30T08:04:07+00:00\",\"mainEntityOfPage\":{\"@id\":\"https:\\\/\\\/akunq.net\\\/tr\\\/?p=17866\"},\"wordCount\":339,\"commentCount\":0,\"articleSection\":[\"G\u00fcn\u00fcm\u00fczde Bat\u0131 Ermenistan\",\"Haberler\"],\"inLanguage\":\"en-US\",\"potentialAction\":[{\"@type\":\"CommentAction\",\"name\":\"Comment\",\"target\":[\"https:\\\/\\\/akunq.net\\\/tr\\\/?p=17866#respond\"]}]},{\"@type\":\"WebPage\",\"@id\":\"https:\\\/\\\/akunq.net\\\/tr\\\/?p=17866\",\"url\":\"https:\\\/\\\/akunq.net\\\/tr\\\/?p=17866\",\"name\":\"\u00c7arpanak Kilisesi Yenileniyor - Bati Ermenistan Ve Bati Ermenileri Sorunlari Ara\u015ftirmalar Merkezi\",\"isPartOf\":{\"@id\":\"https:\\\/\\\/akunq.net\\\/tr\\\/#website\"},\"datePublished\":\"2012-08-30T08:03:50+00:00\",\"dateModified\":\"2012-08-30T08:04:07+00:00\",\"author\":{\"@id\":\"https:\\\/\\\/akunq.net\\\/tr\\\/#\\\/schema\\\/person\\\/096f1d38a12cce57fb855b485ed24c9e\"},\"breadcrumb\":{\"@id\":\"https:\\\/\\\/akunq.net\\\/tr\\\/?p=17866#breadcrumb\"},\"inLanguage\":\"en-US\",\"potentialAction\":[{\"@type\":\"ReadAction\",\"target\":[\"https:\\\/\\\/akunq.net\\\/tr\\\/?p=17866\"]}]},{\"@type\":\"BreadcrumbList\",\"@id\":\"https:\\\/\\\/akunq.net\\\/tr\\\/?p=17866#breadcrumb\",\"itemListElement\":[{\"@type\":\"ListItem\",\"position\":1,\"name\":\"Home\",\"item\":\"https:\\\/\\\/akunq.net\\\/tr\"},{\"@type\":\"ListItem\",\"position\":2,\"name\":\"\u00c7arpanak Kilisesi Yenileniyor\"}]},{\"@type\":\"WebSite\",\"@id\":\"https:\\\/\\\/akunq.net\\\/tr\\\/#website\",\"url\":\"https:\\\/\\\/akunq.net\\\/tr\\\/\",\"name\":\"Bati Ermenistan Ve Bati Ermenileri Sorunlari Ara\u015ftirmalar Merkezi\",\"description\":\"\",\"potentialAction\":[{\"@type\":\"SearchAction\",\"target\":{\"@type\":\"EntryPoint\",\"urlTemplate\":\"https:\\\/\\\/akunq.net\\\/tr\\\/?s={search_term_string}\"},\"query-input\":{\"@type\":\"PropertyValueSpecification\",\"valueRequired\":true,\"valueName\":\"search_term_string\"}}],\"inLanguage\":\"en-US\"},{\"@type\":\"Person\",\"@id\":\"https:\\\/\\\/akunq.net\\\/tr\\\/#\\\/schema\\\/person\\\/096f1d38a12cce57fb855b485ed24c9e\",\"name\":\"admin\",\"url\":\"https:\\\/\\\/akunq.net\\\/tr\\\/?author=7\"}]}<\/script>\n<!-- \/ Yoast SEO plugin. -->","yoast_head_json":{"title":"\u00c7arpanak Kilisesi Yenileniyor - Bati Ermenistan Ve Bati Ermenileri Sorunlari Ara\u015ftirmalar Merkezi","robots":{"index":"index","follow":"follow","max-snippet":"max-snippet:-1","max-image-preview":"max-image-preview:large","max-video-preview":"max-video-preview:-1"},"canonical":"https:\/\/akunq.net\/tr\/?p=17866","og_locale":"en_US","og_type":"article","og_title":"\u00c7arpanak Kilisesi Yenileniyor - Bati Ermenistan Ve Bati Ermenileri Sorunlari Ara\u015ftirmalar Merkezi","og_description":"Van G\u00f6l\u00fc&#8217;ndeki \u00c7arpanak Adas\u0131&#8217;nda bulunan Ktouts Manast\u0131r Kompleksi, Van Valili\u011fi taraf\u0131ndan restore edilecek\u2026 Van G\u00f6l\u00fc&#8216;nde bulunan d\u00f6rt adadan biri olan \u00c7arpanak Adas\u0131&#8217;ndaki tarihi kilisede yap\u0131lacak kaz\u0131 ve restorasyon i\u00e7in \u00e7al\u0131\u015fma ba\u015flat\u0131ld\u0131. Van G\u00f6l\u00fc&#8217;n\u00fcn kuzeydo\u011fusunda, sahilden 10 dakika s\u00fcren tekne yolculu\u011fu ile ula\u015f\u0131lan \u00c7arpanak Adas\u0131&#8217;nda St. Jean&#8217;a atfedilerek yapt\u0131r\u0131lan Ktouts manast\u0131r kompleksi, Van Valili\u011fi taraf\u0131ndan y\u00fcr\u00fct\u00fclen [&hellip;]","og_url":"https:\/\/akunq.net\/tr\/?p=17866","og_site_name":"Bati Ermenistan Ve Bati Ermenileri Sorunlari Ara\u015ftirmalar Merkezi","article_published_time":"2012-08-30T08:03:50+00:00","article_modified_time":"2012-08-30T08:04:07+00:00","author":"admin","twitter_card":"summary_large_image","twitter_misc":{"Written by":"admin","Est. reading time":"2 minutes"},"schema":{"@context":"https:\/\/schema.org","@graph":[{"@type":"Article","@id":"https:\/\/akunq.net\/tr\/?p=17866#article","isPartOf":{"@id":"https:\/\/akunq.net\/tr\/?p=17866"},"author":{"name":"admin","@id":"https:\/\/akunq.net\/tr\/#\/schema\/person\/096f1d38a12cce57fb855b485ed24c9e"},"headline":"\u00c7arpanak Kilisesi Yenileniyor","datePublished":"2012-08-30T08:03:50+00:00","dateModified":"2012-08-30T08:04:07+00:00","mainEntityOfPage":{"@id":"https:\/\/akunq.net\/tr\/?p=17866"},"wordCount":339,"commentCount":0,"articleSection":["G\u00fcn\u00fcm\u00fczde Bat\u0131 Ermenistan","Haberler"],"inLanguage":"en-US","potentialAction":[{"@type":"CommentAction","name":"Comment","target":["https:\/\/akunq.net\/tr\/?p=17866#respond"]}]},{"@type":"WebPage","@id":"https:\/\/akunq.net\/tr\/?p=17866","url":"https:\/\/akunq.net\/tr\/?p=17866","name":"\u00c7arpanak Kilisesi Yenileniyor - Bati Ermenistan Ve Bati Ermenileri Sorunlari Ara\u015ftirmalar Merkezi","isPartOf":{"@id":"https:\/\/akunq.net\/tr\/#website"},"datePublished":"2012-08-30T08:03:50+00:00","dateModified":"2012-08-30T08:04:07+00:00","author":{"@id":"https:\/\/akunq.net\/tr\/#\/schema\/person\/096f1d38a12cce57fb855b485ed24c9e"},"breadcrumb":{"@id":"https:\/\/akunq.net\/tr\/?p=17866#breadcrumb"},"inLanguage":"en-US","potentialAction":[{"@type":"ReadAction","target":["https:\/\/akunq.net\/tr\/?p=17866"]}]},{"@type":"BreadcrumbList","@id":"https:\/\/akunq.net\/tr\/?p=17866#breadcrumb","itemListElement":[{"@type":"ListItem","position":1,"name":"Home","item":"https:\/\/akunq.net\/tr"},{"@type":"ListItem","position":2,"name":"\u00c7arpanak Kilisesi Yenileniyor"}]},{"@type":"WebSite","@id":"https:\/\/akunq.net\/tr\/#website","url":"https:\/\/akunq.net\/tr\/","name":"Bati Ermenistan Ve Bati Ermenileri Sorunlari Ara\u015ftirmalar Merkezi","description":"","potentialAction":[{"@type":"SearchAction","target":{"@type":"EntryPoint","urlTemplate":"https:\/\/akunq.net\/tr\/?s={search_term_string}"},"query-input":{"@type":"PropertyValueSpecification","valueRequired":true,"valueName":"search_term_string"}}],"inLanguage":"en-US"},{"@type":"Person","@id":"https:\/\/akunq.net\/tr\/#\/schema\/person\/096f1d38a12cce57fb855b485ed24c9e","name":"admin","url":"https:\/\/akunq.net\/tr\/?author=7"}]}},"_links":{"self":[{"href":"https:\/\/akunq.net\/tr\/index.php?rest_route=\/wp\/v2\/posts\/17866","targetHints":{"allow":["GET"]}}],"collection":[{"href":"https:\/\/akunq.net\/tr\/index.php?rest_route=\/wp\/v2\/posts"}],"about":[{"href":"https:\/\/akunq.net\/tr\/index.php?rest_route=\/wp\/v2\/types\/post"}],"author":[{"embeddable":true,"href":"https:\/\/akunq.net\/tr\/index.php?rest_route=\/wp\/v2\/users\/7"}],"replies":[{"embeddable":true,"href":"https:\/\/akunq.net\/tr\/index.php?rest_route=%2Fwp%2Fv2%2Fcomments&post=17866"}],"version-history":[{"count":4,"href":"https:\/\/akunq.net\/tr\/index.php?rest_route=\/wp\/v2\/posts\/17866\/revisions"}],"predecessor-version":[{"id":17872,"href":"https:\/\/akunq.net\/tr\/index.php?rest_route=\/wp\/v2\/posts\/17866\/revisions\/17872"}],"wp:attachment":[{"href":"https:\/\/akunq.net\/tr\/index.php?rest_route=%2Fwp%2Fv2%2Fmedia&parent=17866"}],"wp:term":[{"taxonomy":"category","embeddable":true,"href":"https:\/\/akunq.net\/tr\/index.php?rest_route=%2Fwp%2Fv2%2Fcategories&post=17866"},{"taxonomy":"post_tag","embeddable":true,"href":"https:\/\/akunq.net\/tr\/index.php?rest_route=%2Fwp%2Fv2%2Ftags&post=17866"}],"curies":[{"name":"wp","href":"https:\/\/api.w.org\/{rel}","templated":true}]}}